{"id":65455,"date":"2025-12-16T15:48:42","date_gmt":"2025-12-16T14:48:42","guid":{"rendered":"https:\/\/www.greenpeace.org\/sweden\/?p=65455"},"modified":"2025-12-16T15:48:49","modified_gmt":"2025-12-16T14:48:49","slug":"utslappen-okar-historiskt-mycket-med-tidoregeringen","status":"publish","type":"post","link":"https:\/\/www.greenpeace.org\/sweden\/pressmeddelanden\/klimat\/utslappen-okar-historiskt-mycket-med-tidoregeringen\/","title":{"rendered":"Utsl\u00e4ppen \u00f6kar historiskt mycket med Tid\u00f6regeringen"},"content":{"rendered":"\n<p>Idag presenterade Naturv\u00e5rdsverket <a href=\"https:\/\/www.naturvardsverket.se\/om-oss\/aktuellt\/nyheter-och-pressmeddelanden\/2025\/december\/svart-att-na-klimatmalen-men-en-ljusning-for-upptaget-av-vaxthusgaser-i-skog-och-mark\/\">de slutliga siffrorna<\/a> f\u00f6r Sveriges inhemska fossila utsl\u00e4pp 2024, det som brukar kallas territoriella utsl\u00e4pp. Det \u00e4r den siffran som ofta h\u00e4nvisas till i klimatdebatten och inkluderar alla fossila utsl\u00e4pp inom Sveriges gr\u00e4nser. Naturv\u00e5rdsverket skriver att det \u00e4r den st\u00f6rsta \u00f6kningen sedan 2010.<\/p>\n\n<figure class=\"wp-block-image size-large\"><img loading=\"lazy\" decoding=\"async\" width=\"1024\" height=\"683\" src=\"https:\/\/www.greenpeace.org\/static\/planet4-sweden-stateless\/2022\/11\/3e1bcec5-budgetpromenaden20-1024x683.jpg\" title=\"Representanter fr\u00e5n regeringen, d\u00e4ribland finansminister Elisabeth Svantesson (M), g\u00e5r den klassiska budgetpromenaden utanf\u00f6r riksdagen i Stockholm. I bakgrunden syns Greenpeace skyltar som lyder &quot;RIP klimatm\u00e5len&quot; och &quot;\u00d6kade utsl\u00e4pp&quot;.\" alt=\"Representanter fr\u00e5n regeringen, d\u00e4ribland finansminister Elisabeth Svantesson (M), g\u00e5r den klassiska budgetpromenaden utanf\u00f6r riksdagen i Stockholm. I bakgrunden syns Greenpeace skyltar som lyder &quot;RIP klimatm\u00e5len&quot; och &quot;\u00d6kade utsl\u00e4pp&quot;.\" class=\"wp-image-52935\" srcset=\"https:\/\/www.greenpeace.org\/static\/planet4-sweden-stateless\/2022\/11\/3e1bcec5-budgetpromenaden20-1024x683.jpg 1024w, https:\/\/www.greenpeace.org\/static\/planet4-sweden-stateless\/2022\/11\/3e1bcec5-budgetpromenaden20-300x200.jpg 300w, https:\/\/www.greenpeace.org\/static\/planet4-sweden-stateless\/2022\/11\/3e1bcec5-budgetpromenaden20-768x512.jpg 768w, https:\/\/www.greenpeace.org\/static\/planet4-sweden-stateless\/2022\/11\/3e1bcec5-budgetpromenaden20-1536x1024.jpg 1536w, https:\/\/www.greenpeace.org\/static\/planet4-sweden-stateless\/2022\/11\/3e1bcec5-budgetpromenaden20-2048x1366.jpg 2048w, https:\/\/www.greenpeace.org\/static\/planet4-sweden-stateless\/2022\/11\/3e1bcec5-budgetpromenaden20-510x340.jpg 510w\" sizes=\"auto, (max-width: 1024px) 100vw, 1024px\" \/><figcaption class=\"wp-element-caption\">221108 &#8211; Aktivister fr\u00e5n Greenpeace och milj\u00f6r\u00f6relsen protesterar vid budgetpromenaden i Stockholm<\/figcaption><\/figure>\n\n<p>J\u00e4mf\u00f6rt med f\u00f6rra \u00e5ret s\u00e5 \u00f6kade utsl\u00e4ppen med 3,3 miljoner ton (ca 7 procent). Det \u00e4r den st\u00f6rsta \u00f6kningen sedan vi b\u00f6rjade m\u00e4ta 1990 (undantaget 2010 d\u00e5 v\u00e4rlden \u00e5terh\u00e4mtade sig efter finanskrisen). En stor del av \u00f6kningen beror enligt Naturv\u00e5rdsverket p\u00e5 \u00f6kade utsl\u00e4pp fr\u00e5n trafiken. Det beror i sin tur p\u00e5 att Tid\u00f6regeringen gjort drivmedel billigare genom att s\u00e4nka skatten och minska reduktionsplikten.<\/p>\n\n<p>\u2013 Tid\u00f6regeringen v\u00e4ljer bort klimatet f\u00f6r kortsiktig politik som man p\u00e5st\u00e5r ska gynna m\u00e4nniskor p\u00e5 landsbygden, men i sj\u00e4lva verket gynnar subventioner av fossila br\u00e4nslen fr\u00e4mst fossilindustrin, s\u00e4ger <strong>Frida Bengtsson, sverigechef p\u00e5 Greenpeace.<\/strong><\/p>\n\n<p>Tid\u00f6regeringens bensinskatts\u00e4nkning har kritiserats f\u00f6r att det leder till \u00f6kade utsl\u00e4pp och minskar Sveriges chans att <a href=\"https:\/\/www.ivl.se\/press\/nyheter\/2024-10-01-remissvar-sankt-skatt-pa-bensin-och-diesel-okar-klimatutslappen.html\">n\u00e5 klimatm\u00e5len<\/a> men ocks\u00e5 f\u00f6r att det \u00e4r <a href=\"https:\/\/www.svd.se\/a\/vgwVj5\/ki-ratar-sankt-bensinskatt-brist-pa-analys\">ett trubbigt verktyg<\/a> f\u00f6r att r\u00e5da bot p\u00e5 \u00f6kade transportkostnader.<\/p>\n\n<p>\u2013 Att s\u00e4nka skatten p\u00e5 fossila drivmedel samtidigt som vi har m\u00e5l om att minska utsl\u00e4ppen \u00e4r inte bara en oerh\u00f6rt m\u00e4rklig signal, det \u00e4r ett klimatsvek. Vill regeringen p\u00e5 riktigt underl\u00e4tta f\u00f6r de som har det tuffast s\u00e5 b\u00f6r satsningar riktas direkt till dem. Nu f\u00e5r en v\u00e4lbest\u00e4lld stadsbo med samh\u00e4llsservice runt knuten, utan behov av st\u00f6d, samma subvention som n\u00e5gon p\u00e5 landsbygden som har l\u00e5nga resor utan kollektivtrafik. Det \u00e4r allts\u00e5 b\u00e5de klimatskadligt och trubbigt, <strong>s\u00e4ger Frida Bengtsson.<\/strong><\/p>\n","protected":false},"excerpt":{"rendered":"<p>Idag presenterade Naturv\u00e5rdsverket de slutliga siffrorna f\u00f6r Sveriges inhemska fossila utsl\u00e4pp 2024, det som brukar kallas territoriella utsl\u00e4pp. Det \u00e4r den siffran som ofta h\u00e4nvisas till i klimatdebatten och inkluderar&hellip;<\/p>\n","protected":false},"author":38,"featured_media":52935,"comment_status":"closed","ping_status":"closed","sticky":false,"template":"","format":"standard","meta":{"ep_exclude_from_search":false,"p4_og_title":"","p4_og_description":"","p4_og_image":"","p4_og_image_id":"","p4_seo_canonical_url":"","p4_campaign_name":"","p4_local_project":"","p4_basket_name":"","p4_department":"","footnotes":""},"categories":[2],"tags":[53,23,24],"p4-page-type":[14],"class_list":["post-65455","post","type-post","status-publish","format-standard","has-post-thumbnail","hentry","category-klimat","tag-svenskpolitik","tag-globaluppvarmning","tag-fossilenergi","p4-page-type-pressmeddelanden"],"_links":{"self":[{"href":"https:\/\/www.greenpeace.org\/sweden\/wp-json\/wp\/v2\/posts\/65455","targetHints":{"allow":["GET"]}}],"collection":[{"href":"https:\/\/www.greenpeace.org\/sweden\/wp-json\/wp\/v2\/posts"}],"about":[{"href":"https:\/\/www.greenpeace.org\/sweden\/wp-json\/wp\/v2\/types\/post"}],"author":[{"embeddable":true,"href":"https:\/\/www.greenpeace.org\/sweden\/wp-json\/wp\/v2\/users\/38"}],"replies":[{"embeddable":true,"href":"https:\/\/www.greenpeace.org\/sweden\/wp-json\/wp\/v2\/comments?post=65455"}],"version-history":[{"count":1,"href":"https:\/\/www.greenpeace.org\/sweden\/wp-json\/wp\/v2\/posts\/65455\/revisions"}],"predecessor-version":[{"id":65456,"href":"https:\/\/www.greenpeace.org\/sweden\/wp-json\/wp\/v2\/posts\/65455\/revisions\/65456"}],"wp:featuredmedia":[{"embeddable":true,"href":"https:\/\/www.greenpeace.org\/sweden\/wp-json\/wp\/v2\/media\/52935"}],"wp:attachment":[{"href":"https:\/\/www.greenpeace.org\/sweden\/wp-json\/wp\/v2\/media?parent=65455"}],"wp:term":[{"taxonomy":"category","embeddable":true,"href":"https:\/\/www.greenpeace.org\/sweden\/wp-json\/wp\/v2\/categories?post=65455"},{"taxonomy":"post_tag","embeddable":true,"href":"https:\/\/www.greenpeace.org\/sweden\/wp-json\/wp\/v2\/tags?post=65455"},{"taxonomy":"p4-page-type","embeddable":true,"href":"https:\/\/www.greenpeace.org\/sweden\/wp-json\/wp\/v2\/p4-page-type?post=65455"}],"curies":[{"name":"wp","href":"https:\/\/api.w.org\/{rel}","templated":true}]}}