{"id":66555,"date":"2026-04-30T07:00:00","date_gmt":"2026-04-30T06:00:00","guid":{"rendered":"https:\/\/www.greenpeace.org\/sweden\/?p=66555"},"modified":"2026-04-24T13:33:43","modified_gmt":"2026-04-24T12:33:43","slug":"yttrande-om-nya-reaktorer-vid-ringhals-karnkraftverk","status":"publish","type":"post","link":"https:\/\/www.greenpeace.org\/sweden\/artiklar\/energi\/yttrande-om-nya-reaktorer-vid-ringhals-karnkraftverk\/","title":{"rendered":"Yttrande om nya reaktorer vid Ringhals k\u00e4rnkraftverk"},"content":{"rendered":"\n<p>Greenpeace och <a href=\"https:\/\/www.wiseinternational.org\/\" target=\"_blank\" rel=\"noreferrer noopener\">WISE<\/a> har skrivit ett yttrande till Naturv\u00e5rdsverket, inom ramen f\u00f6r <a href=\"https:\/\/www.naturvardsverket.se\/vagledning-och-stod\/miljobalken\/miljobedomning-gransoverskridande-verksamhet\/\" target=\"_blank\" rel=\"noreferrer noopener\">Esbo-konventionen<\/a>, med anledning av Vattenfalls planer p\u00e5 att bygga modul\u00e4ra reaktorer (SMR) vid Ringhals. H\u00e4r f\u00f6ljer en sammanfattning av n\u00e5gra av punkterna i yttrandet.<\/p>\n\n<ul class=\"wp-block-list\">\n<li><strong>Bristf\u00e4llig motivering:<\/strong> Vattenfalls samr\u00e5dsunderlag motiverar inte tillr\u00e4ckligt sj\u00e4lva behovet av projektet som s\u00e5dant. En milj\u00f6konsekvensbeskrivning (MKB) m\u00e5ste enligt lag visa att projektet \u00e4r n\u00f6dv\u00e4ndigt och att det inte finns b\u00e4ttre alternativ med mindre p\u00e5verkan p\u00e5 h\u00e4lsa och milj\u00f6.<\/li>\n\n\n\n<li><strong>Alternativ saknas:<\/strong> Det saknas ett gediget &#8221;nollalternativ&#8221;, det vill s\u00e4ga en analys av hur Sverige kan n\u00e5 sina klimatm\u00e5l 2040 genom 100 % f\u00f6rnybar energi, energieffektivisering och lagring ist\u00e4llet f\u00f6r genom ny k\u00e4rnkraft.<\/li>\n\n\n\n<li><strong>Naturv\u00e4rden:<\/strong> Projektet planeras i ett omr\u00e5de med h\u00f6ga naturv\u00e4rden, vilket kan kr\u00e4va att delar av naturreservatet Biskopshagen upph\u00e4vs. Ribban f\u00f6r att r\u00e4ttf\u00e4rdiga en s\u00e5dan f\u00f6rst\u00f6relse \u00e4r extremt h\u00f6g enligt EU:s f\u00e5geldirektiv samt art- och habitatdirektivet, s\u00e4rskilt n\u00e4r det finns alternativ.<\/li>\n\n\n\n<li><strong>S\u00e4kerhet och teknik:<\/strong> SMR \u00e4r en obepr\u00f6vad teknik med os\u00e4ker tidsplan och ekonomi. Ut\u00f6ver detta finns risker i samband med geopolitisk instabilitet, s\u00e5som terrorism eller krigshandlingar, vilket inte har adresserats tillr\u00e4ckligt av Vattenfall.<\/li>\n\n\n\n<li><strong>Livscykelperspektiv:<\/strong> I milj\u00f6konsekvensbeskrivningen m\u00e5ste hela br\u00e4nslekedjan inkluderas \u2013 fr\u00e5n uranbrytning till slutf\u00f6rvaring av radioaktivt avfall \u2013 samt den framtida avvecklingen av anl\u00e4ggningarna.<\/li>\n<\/ul>\n\n<p><strong><a href=\"https:\/\/www.greenpeace.org\/static\/planet4-sweden-stateless\/2026\/04\/20260423-Submission-Greenpeace-Nordic-WISE-Greenpeace-NL-Sweden-Ringhals-SMR-EIA-scoping-procedure.pdf\" target=\"_blank\" rel=\"noreferrer noopener\">L\u00e4s yttrandet h\u00e4r<\/a>.<\/strong><\/p>\n\n<p><em>Greenpeace, samt \u00f6ver 4000 privatpersoner, l\u00e4mnade i mars 2026 in s\u00e4rskilda yttranden till L\u00e4nsstyrelsen i Halland, med anledning av Vattenfalls planer p\u00e5 att \u00f6del\u00e4gga delar av Biskopshagens naturreservat vid Ringhals. <strong><a href=\"https:\/\/www.greenpeace.org\/sweden\/pressmeddelanden\/energi\/4-617-personer-sager-nej-till-vattenfalls-reaktorplaner\/\">L\u00e4s mer och ta del av dessa yttranden h\u00e4r<\/a>.<\/strong><\/em><\/p>\n","protected":false},"excerpt":{"rendered":"<p>Greenpeace och WISE har yttrande g\u00e4llande planerna f\u00f6r sm\u00e5 modul\u00e4ra reaktorer (SMR) vid Ringhals:<\/p>\n","protected":false},"author":28,"featured_media":738,"comment_status":"closed","ping_status":"closed","sticky":false,"template":"","format":"standard","meta":{"ep_exclude_from_search":false,"p4_og_title":"","p4_og_description":"","p4_og_image":"","p4_og_image_id":"","p4_seo_canonical_url":"","p4_campaign_name":"","p4_local_project":"","p4_basket_name":"","p4_department":"","footnotes":""},"categories":[45],"tags":[25,26],"p4-page-type":[16],"class_list":["post-66555","post","type-post","status-publish","format-standard","has-post-thumbnail","hentry","category-energi","tag-hallbarenergi","tag-atomkraft","p4-page-type-artiklar"],"_links":{"self":[{"href":"https:\/\/www.greenpeace.org\/sweden\/wp-json\/wp\/v2\/posts\/66555","targetHints":{"allow":["GET"]}}],"collection":[{"href":"https:\/\/www.greenpeace.org\/sweden\/wp-json\/wp\/v2\/posts"}],"about":[{"href":"https:\/\/www.greenpeace.org\/sweden\/wp-json\/wp\/v2\/types\/post"}],"author":[{"embeddable":true,"href":"https:\/\/www.greenpeace.org\/sweden\/wp-json\/wp\/v2\/users\/28"}],"replies":[{"embeddable":true,"href":"https:\/\/www.greenpeace.org\/sweden\/wp-json\/wp\/v2\/comments?post=66555"}],"version-history":[{"count":3,"href":"https:\/\/www.greenpeace.org\/sweden\/wp-json\/wp\/v2\/posts\/66555\/revisions"}],"predecessor-version":[{"id":66559,"href":"https:\/\/www.greenpeace.org\/sweden\/wp-json\/wp\/v2\/posts\/66555\/revisions\/66559"}],"wp:featuredmedia":[{"embeddable":true,"href":"https:\/\/www.greenpeace.org\/sweden\/wp-json\/wp\/v2\/media\/738"}],"wp:attachment":[{"href":"https:\/\/www.greenpeace.org\/sweden\/wp-json\/wp\/v2\/media?parent=66555"}],"wp:term":[{"taxonomy":"category","embeddable":true,"href":"https:\/\/www.greenpeace.org\/sweden\/wp-json\/wp\/v2\/categories?post=66555"},{"taxonomy":"post_tag","embeddable":true,"href":"https:\/\/www.greenpeace.org\/sweden\/wp-json\/wp\/v2\/tags?post=66555"},{"taxonomy":"p4-page-type","embeddable":true,"href":"https:\/\/www.greenpeace.org\/sweden\/wp-json\/wp\/v2\/p4-page-type?post=66555"}],"curies":[{"name":"wp","href":"https:\/\/api.w.org\/{rel}","templated":true}]}}