{"id":6763,"date":"2020-04-20T15:09:15","date_gmt":"2020-04-20T14:09:15","guid":{"rendered":"https:\/\/www.greenpeace.org\/sweden\/?p=6763"},"modified":"2024-08-26T14:34:56","modified_gmt":"2024-08-26T13:34:56","slug":"klimatrattsfall-gar-hela-vagen-till-hogsta-domstol","status":"publish","type":"post","link":"https:\/\/www.greenpeace.org\/sweden\/pressmeddelanden\/klimat\/klimatrattsfall-gar-hela-vagen-till-hogsta-domstol\/","title":{"rendered":"Klimatr\u00e4ttsfall g\u00e5r hela v\u00e4gen till H\u00f6gsta domstol"},"content":{"rendered":"\n<p>Oslo, 20 april 2020 &#8211; <strong>Den norska h\u00f6gsta domstolen kommer att pr\u00f6va ett \u00f6verklagande fr\u00e5n Greenpeace och Natur och Ungdom, g\u00e4llande om det gick emot norsk grundlag n\u00e4r norska staten \u00f6ppnade upp Arktis f\u00f6r oljeborrning. Milj\u00f6organisationer ser det som ett erk\u00e4nnande av vikten av detta \u00e4rende f\u00f6r Norge och resten av v\u00e4rlden.<\/strong><\/p>\n\n<p>\u2013 Vi ser fram emot en grundlig unders\u00f6kning av om regeringen br\u00f6t mot grundlagen n\u00e4r de valde att bevilja nya oljelicenser i Arktis trots att de visste att v\u00e4rlden befann sig mitt i en klimatkris. Vi anser att den norska staten m\u00e5ste h\u00e5llas ansvarig och att oljelicenserna omedelbart m\u00e5ste bed\u00f6mas ogiltiga. En seger kommer att vara historisk och f\u00e5 verkliga konsekvenser f\u00f6r klimatet, s\u00e4ger <strong>Frode Pleym<\/strong>, chef f\u00f6r Greenpeace Norge.<\/p>\n\n<p>2016 st\u00e4mde Natur och Ungdom och Greenpeace den norska staten f\u00f6r \u00f6ppnandet av ny oljeborrning i Barentshav. St\u00e4mningen syftar till att skydda r\u00e4ttigheterna till en h\u00e4lsosam milj\u00f6 genom att stoppa denna expansion av ny oljeprospektering och oljeproduktion i Arktis. Mer \u00e4n en <a href=\"https:\/\/www.peoplevsoil.org\/en\/peoplevsoilstatements?_ga=2.215562455.119732379.1587389547-1074583411.1523267646\">halv miljon m\u00e4nniskor<\/a> har undertecknat en namninsamling mot oljeborrning i detta s\u00e5rbara omr\u00e5de. St\u00e4mningen bygger p\u00e5 den norska grundlagen som s\u00e4ger att staten ska s\u00e4kra kommande generationers r\u00e4ttigheter till en s\u00e4ker och h\u00e4lsosam milj\u00f6.<\/p>\n\n<p>\u00c4ven om staten frik\u00e4ndes av Borgarting hovr\u00e4tt i januari 2020, inneh\u00f6ll domen flera viktiga segrar f\u00f6r milj\u00f6ornaisationerna. Den uppgav att milj\u00f6paragrafen \u00e4r en r\u00e4ttighetsbest\u00e4mmelse som ger oss alla r\u00e4tten till en s\u00e4ker och h\u00e4lsosam milj\u00f6. Domstolen beslutade ocks\u00e5 att omfattningen av Norges ansvar inkluderar milj\u00f6skador som orsakas av anv\u00e4ndning av exporterad norsk olja i andra l\u00e4nder.<\/p>\n\n<p>En del av \u00e4rendet g\u00e4ller ocks\u00e5 hurvida oljeborrning i Arktis \u00e4r l\u00f6nsam f\u00f6r samh\u00e4llet vilket Stortinget antog n\u00e4r de godk\u00e4nde oljetillst\u00e5ndet 2016. Det fanns allvarliga ber\u00e4kningsfel i den ekonomiska analysen av framtida inkomster. Hovr\u00e4tten drog slutsatsen att detta inte p\u00e5verkade Stortingets beslut, men H\u00f6gsta domstolen kommer nu att \u00f6verv\u00e4ga detta vid sin behandling av \u00e4rendet.<\/p>\n\n<p>&#8211; Klimatr\u00e4ttsfallet&nbsp; i H\u00f6gsta domstolen kommer att vara en stor spark i baken f\u00f6r alla norska politiker. De har inte ens lyckats g\u00f6ra vad v\u00e5ra r\u00e4ttigheter kr\u00e4ver av dem; Att bevara naturen och ett s\u00e4kert klimat. Vi m\u00e5ste \u00f6vertyga H\u00f6gsta domstolen om att gr\u00e4nsen passerades n\u00e4r regeringen beviljade nya oljelicenser i v\u00e4rdefulla marina omr\u00e5den i Arktis, s\u00e4ger <strong>Therese Hugstmyr Woie<\/strong>, ledare f\u00f6r <strong>Natur och Ungdom.<\/strong><\/p>\n\n<p><strong>Greta Thunberg ger st\u00f6d till det norska klimatr\u00e4ttsfallet<\/strong><\/p>\n\n<p>Den svenska klimataktivisten Greta Thunberg har st\u00f6ttat arbetet med den norska st\u00e4mningen med en donation p\u00e5 250 000 norska kronor genom Greta Thunberg Foundation. Thunberg tilldelades Fritt Ord-priset, som \u00e5rligen ges i Norge till personer eller organisationer som har avancerat yttrandefrihet och meddelade att hon skulle donera sin del av prisbeloppet till r\u00e4ttsfallet.<\/p>\n\n<p>&#8211; Att \u00f6ppna upp f\u00f6r mer oljeborrning i en klimatkris \u00e4r helt verklighetsfr\u00e5nv\u00e4nt. Olja \u00e4r olja oavsett var den br\u00e4nns och av vem. Hur kan ett rikt land som Norge t\u00e4nka s\u00e5 kortsiktigt? Olja hotar v\u00e5ra och kommande generationers r\u00e4tt till ett s\u00e4kert klimat, d\u00e4rf\u00f6r st\u00f6djer jag kampen som de norska organisationerna driver mot den norska staten, s\u00e4ger <strong>Greta Thunberg<\/strong>.<\/p>\n\n<p><\/p>\n\n<p>\u2013 St\u00f6det fr\u00e5n Greta Thunberg-stiftelsen \u00e4r en stor \u00e4ra, och vi kommer att se till att donationen kommer att anv\u00e4ndas till st\u00f6d f\u00f6r det kommande h\u00f6gsta domstolsfallet mot oljeborrning i Arktis. Donationen kommer att anv\u00e4ndas f\u00f6r att t\u00e4cka juridiska kostnader och informationskampanjer och material f\u00f6r att g\u00f6ra fler m\u00e4nniskor medvetna om vad \u00e4rendet handlar om och vad som st\u00e5r p\u00e5 spel , sa <strong>Frode Pleym<\/strong>.<\/p>\n\n<p>Foto\/video <a href=\"https:\/\/www.flickr.com\/photos\/naturogungdom\/albums\/72157711635310476\/with\/49020329128\/\">h\u00e4r<\/a> <\/p>\n\n<p>Kontakt<br>Greenpeace Norge: Aud Hegli Nord\u00f8, <a href=\"mailto:aud.nordo@greenpeace.org\">aud.nordo@greenpeace.org<\/a>, +47 41470649<br>Natur och Ungdom, Norway: Andreas Rand\u00f8y, <a href=\"mailto:andreasr@nu.no\">andreasr@nu.no<\/a>, +47 41208543<\/p>\n","protected":false},"excerpt":{"rendered":"<p>Oslo, 20 april 2020 &#8211; Den norska h\u00f6gsta domstolen kommer att pr\u00f6va ett \u00f6verklagande fr\u00e5n Greenpeace och Natur och Ungdom, g\u00e4llande om det gick emot norsk grundlag n\u00e4r norska staten&hellip;<\/p>\n","protected":false},"author":41,"featured_media":5642,"comment_status":"closed","ping_status":"open","sticky":false,"template":"","format":"standard","meta":{"ep_exclude_from_search":false,"p4_og_title":"","p4_og_description":"","p4_og_image":"","p4_og_image_id":"","p4_seo_canonical_url":"","p4_campaign_name":"not set","p4_local_project":"","p4_basket_name":"not set","p4_department":"","footnotes":""},"categories":[45,2],"tags":[31,24,49,23],"p4-page-type":[14],"class_list":["post-6763","post","type-post","status-publish","format-standard","has-post-thumbnail","hentry","category-energi","category-klimat","tag-aktivism","tag-fossilenergi","tag-olja","tag-globaluppvarmning","p4-page-type-pressmeddelanden"],"_links":{"self":[{"href":"https:\/\/www.greenpeace.org\/sweden\/wp-json\/wp\/v2\/posts\/6763","targetHints":{"allow":["GET"]}}],"collection":[{"href":"https:\/\/www.greenpeace.org\/sweden\/wp-json\/wp\/v2\/posts"}],"about":[{"href":"https:\/\/www.greenpeace.org\/sweden\/wp-json\/wp\/v2\/types\/post"}],"author":[{"embeddable":true,"href":"https:\/\/www.greenpeace.org\/sweden\/wp-json\/wp\/v2\/users\/41"}],"replies":[{"embeddable":true,"href":"https:\/\/www.greenpeace.org\/sweden\/wp-json\/wp\/v2\/comments?post=6763"}],"version-history":[{"count":5,"href":"https:\/\/www.greenpeace.org\/sweden\/wp-json\/wp\/v2\/posts\/6763\/revisions"}],"predecessor-version":[{"id":6768,"href":"https:\/\/www.greenpeace.org\/sweden\/wp-json\/wp\/v2\/posts\/6763\/revisions\/6768"}],"wp:featuredmedia":[{"embeddable":true,"href":"https:\/\/www.greenpeace.org\/sweden\/wp-json\/wp\/v2\/media\/5642"}],"wp:attachment":[{"href":"https:\/\/www.greenpeace.org\/sweden\/wp-json\/wp\/v2\/media?parent=6763"}],"wp:term":[{"taxonomy":"category","embeddable":true,"href":"https:\/\/www.greenpeace.org\/sweden\/wp-json\/wp\/v2\/categories?post=6763"},{"taxonomy":"post_tag","embeddable":true,"href":"https:\/\/www.greenpeace.org\/sweden\/wp-json\/wp\/v2\/tags?post=6763"},{"taxonomy":"p4-page-type","embeddable":true,"href":"https:\/\/www.greenpeace.org\/sweden\/wp-json\/wp\/v2\/p4-page-type?post=6763"}],"curies":[{"name":"wp","href":"https:\/\/api.w.org\/{rel}","templated":true}]}}