{"id":6780,"date":"2020-04-22T08:33:46","date_gmt":"2020-04-22T07:33:46","guid":{"rendered":"https:\/\/www.greenpeace.org\/sweden\/?p=6780"},"modified":"2023-02-17T10:43:09","modified_gmt":"2023-02-17T09:43:09","slug":"klimatforandringarna-hotar-korallrevens-overlevnad","status":"publish","type":"post","link":"https:\/\/www.greenpeace.org\/sweden\/pressmeddelanden\/klimat\/klimatforandringarna-hotar-korallrevens-overlevnad\/","title":{"rendered":"Klimatf\u00f6r\u00e4ndringarna hotar korallrevens \u00f6verlevnad"},"content":{"rendered":"\n<figure class=\"wp-block-image size-large is-resized  caption-style-blue-overlay caption-alignment-center\"><img loading=\"lazy\" decoding=\"async\" src=\"https:\/\/www.greenpeace.org\/static\/planet4-sweden-stateless\/2020\/04\/9139ea56-gp1stq8c_web_size.jpg\" alt=\"\" class=\"wp-image-6783\" width=\"778\" height=\"518\" srcset=\"https:\/\/www.greenpeace.org\/static\/planet4-sweden-stateless\/2020\/04\/9139ea56-gp1stq8c_web_size.jpg 800w, https:\/\/www.greenpeace.org\/static\/planet4-sweden-stateless\/2020\/04\/9139ea56-gp1stq8c_web_size-300x200.jpg 300w, https:\/\/www.greenpeace.org\/static\/planet4-sweden-stateless\/2020\/04\/9139ea56-gp1stq8c_web_size-768x512.jpg 768w, https:\/\/www.greenpeace.org\/static\/planet4-sweden-stateless\/2020\/04\/9139ea56-gp1stq8c_web_size-510x340.jpg 510w\" sizes=\"auto, (max-width: 778px) 100vw, 778px\" \/><figcaption class=\"wp-element-caption\">Magnetic Island, Australien, 9 mars 2020. Foto fr\u00e5n av massiv korallblekning av cirka tv\u00e5 meter Porites-korall i Stora Barri\u00e4rrevet. Vattentemperaturen var vid fototillf\u00e4llet 32 grader. Stora Barri\u00e4rrevet har drabbats av allvarlig, massiv korallblekning f\u00f6r tredje g\u00e5ngen p\u00e5 fem \u00e5r. Foto: Victor Huertas @ Greenpeace<\/figcaption><\/figure>\n\n<p>Idag \u00e4r det Jordens dag &#8211; en dag som instiftades f\u00f6r 50 \u00e5r sedan f\u00f6r att vi skall uppm\u00e4rksamma de stora milj\u00f6problem som finns i v\u00e4rlden. D\u00e4rf\u00f6r vill vi uppm\u00e4rksamma den bl\u00e5 planeten och livet under havsytan. <strong>Tidigare denna m\u00e5naden rapporterades det att det ikoniska Stora Barri\u00e4rrevet i Australien har drabbats av massiv korallblekning f\u00f6r tredje g\u00e5ngen p\u00e5 fem \u00e5r. <\/strong>Den senaste korallblekningen har f\u00f6rst\u00f6rt 60% av det Stora Barri\u00e4rrevets \u00e5terst\u00e5ende koraller och framtiden \u00e4r nu os\u00e4ker f\u00f6r ekosystemet som r\u00e4knas till ett av v\u00e4rldens sju naturliga underverk. Professor Terry Hughes som arbetar f\u00f6r ARC, Centre of Excellence in Coral Reef Studies, s\u00e4ger att forskarna som unders\u00f6kt Stora Barri\u00e4rrevet f\u00f6rv\u00e5nades av f\u00f6rst\u00f6relsens magnitud.<\/p>\n\n<p><br>Klimatkrisen som eldas p\u00e5 av den fossila industrin hotar v\u00e5ra havs \u00f6verlevnad. N\u00e4r haven v\u00e4rms upp, f\u00f6rlorar korallerna de livgivande algerna som lever i dess v\u00e4vnader och korallen blir sp\u00f6klikt vit. <strong>Upprepade, utbredda korallblekningar som dessa \u00e4r ett varningstecken p\u00e5 att klimatet f\u00f6r\u00e4ndras snabbt och att vi \u00e4r p\u00e5 v\u00e4g mot en \u201ctipping point\u201d som vi inte har r\u00e5d att ignorera.<\/strong><\/p>\n\n<figure class=\"wp-block-image size-large  caption-style-blue-overlay caption-alignment-center\"><img loading=\"lazy\" decoding=\"async\" width=\"800\" height=\"533\" src=\"https:\/\/www.greenpeace.org\/static\/planet4-sweden-stateless\/2020\/04\/1a1c5c31-gp1stq8d_web_size.jpg\" alt=\"\" class=\"wp-image-6784\" srcset=\"https:\/\/www.greenpeace.org\/static\/planet4-sweden-stateless\/2020\/04\/1a1c5c31-gp1stq8d_web_size.jpg 800w, https:\/\/www.greenpeace.org\/static\/planet4-sweden-stateless\/2020\/04\/1a1c5c31-gp1stq8d_web_size-300x200.jpg 300w, https:\/\/www.greenpeace.org\/static\/planet4-sweden-stateless\/2020\/04\/1a1c5c31-gp1stq8d_web_size-768x512.jpg 768w, https:\/\/www.greenpeace.org\/static\/planet4-sweden-stateless\/2020\/04\/1a1c5c31-gp1stq8d_web_size-510x340.jpg 510w\" sizes=\"auto, (max-width: 800px) 100vw, 800px\" \/><\/figure>\n\n<p>Kate Smolski fr\u00e5n Greenpeace Australia Pacific kommenterar: \u201cKolindustrin eldar p\u00e5 klimatf\u00f6r\u00e4ndringarna i Australien. Greenpeace uppmanar premi\u00e4rminister Scott Morrison att ta klimatf\u00f6r\u00e4ndringarna p\u00e5 st\u00f6rsta allvar, sluta g\u00e5 i s\u00e4ng med den fossila industrin och skydda Stora Barri\u00e4rrevet genom att akut reducera Australiens v\u00e4xthusutsl\u00e4pp som har stigit de senaste fyra \u00e5ren.\u201d<\/p>\n\n<p>V\u00e5r planet best\u00e5r till st\u00f6rsta delen av hav. V\u00e5r h\u00e4lsa \u00e4r beroende av havens h\u00e4lsa. Och som en av v\u00e5ra viktigaste allierade i klimatkrisen, kan vi inte l\u00e5ta ett av havets st\u00f6rsta omr\u00e5de f\u00f6r biologisk m\u00e5ngfald &#8211; det Stora barri\u00e4rrevet &#8211; f\u00f6rsvinna framf\u00f6r v\u00e5ra \u00f6gon p\u00e5 grund av v\u00e5rt beroende av fossil energi: olja, gas och kol. Vi m\u00e5ste l\u00e4mna den fossila industrin nu. <strong>Det finns helt enkelt ingen tid att f\u00f6rlora.<\/strong><\/p>\n\n<p>S\u00e5 l\u00e5t oss g\u00f6ra den h\u00e4r massiva korallblekningen till en katalysator f\u00f6r f\u00f6r\u00e4ndring &#8211; en v\u00e4ndpunkt i kampen f\u00f6r klimatet. Klimatkrisen \u00e4r det st\u00f6rsta hotet f\u00f6r korallrev \u00f6ver hela v\u00e4rlden. I decennier har m\u00e4nsklig aktivitet &#8211; speciellt utvinning och f\u00f6rbr\u00e4nning av kol, r\u00e5olja och naturgas &#8211; resulterat i dramatiska temperaturh\u00f6jningar i haven. Detta \u00e4r n\u00e5got som forskare varnat f\u00f6r i flera \u00e5r.<\/p>\n\n<p><strong>Greenpeace arbetar f\u00f6r att den fossila eran ska avslutas och ers\u00e4ttas av f\u00f6rnybar energi som s\u00e4tter m\u00e4nniskor och milj\u00f6 f\u00f6re fossilf\u00f6retagens vinster. <\/strong>Och \u00e4ven i denna pandemi har vi inte r\u00e5d att f\u00f6rlora momentum. Vi har tidigare skrivit om att <a href=\"https:\/\/www.greenpeace.org\/sweden\/debattartiklar\/6022\/coronakrisen-ger-en-fingervisning-om-hur-varlden-bor-reagera-pa-klimatkrisen\/\">Coronakrisen kr\u00e4ver ett globalt samordnat och konsekvent agerande. <\/a>Och p\u00e5 samma s\u00e4tt kr\u00e4ver krisen f\u00f6r v\u00e5rt klimat och krisen f\u00f6r den biologiska m\u00e5ngfalden i v\u00e5ra hav och skogar ett snabbt och samordnat agerande fr\u00e5n regeringar v\u00e4rlden \u00f6ver. Idag, p\u00e5 Jordens dag, m\u00e5ste vi t\u00e4nka p\u00e5 livet b\u00e5de \u00f6ver och under havsytan. <strong>F\u00f6r visst vill vi att \u00e4ven kommande generationer ska f\u00e5 leva i en v\u00e4rld med levande korallrev?<\/strong><\/p>\n\t\t\t<section\n\t\t\tclass=\"boxout post-30 \"\n\t\t\t\n\t\t>\n\t\t\t<a\n\t\t\t\tdata-ga-category=\"Take Action Boxout\"\n\t\t\t\tdata-ga-action=\"Image\"\n\t\t\t\tdata-ga-label=\"n\/a\"\n\t\t\t\tclass=\"cover-card-overlay\"\n\t\t\t\thref=\"https:\/\/www.greenpeace.org\/sweden\/agera\/stod-oss\/\" \n\t\t\t><\/a>\n\t\t\t\t\t\t\t<img\n\t\t\t\t\t\tsrc=\"https:\/\/www.greenpeace.org\/static\/planet4-sweden-stateless\/2025\/05\/87a738a4-gp034ks_medium-res-1200px-1024x685.jpg\"\n\t\t\t\t\t\tsrcset=\"https:\/\/www.greenpeace.org\/static\/planet4-sweden-stateless\/2025\/05\/87a738a4-gp034ks_medium-res-1200px-300x201.jpg 300w, https:\/\/www.greenpeace.org\/static\/planet4-sweden-stateless\/2025\/05\/87a738a4-gp034ks_medium-res-1200px-1024x685.jpg 1024w, https:\/\/www.greenpeace.org\/static\/planet4-sweden-stateless\/2025\/05\/87a738a4-gp034ks_medium-res-1200px-768x514.jpg 768w, https:\/\/www.greenpeace.org\/static\/planet4-sweden-stateless\/2025\/05\/87a738a4-gp034ks_medium-res-1200px-508x340.jpg 508w, https:\/\/www.greenpeace.org\/static\/planet4-sweden-stateless\/2025\/05\/87a738a4-gp034ks_medium-res-1200px.jpg 1200w\"\n\t\t\t\t\t\tsizes=\"(min-width: 1000px) 358px, (min-width: 780px) 313px, 88px\"\n\t\t\t\t\t\talt=\"\" title=\"\"\n\t\t\t\t\/>\n            \t\t\t<div class=\"boxout-content\">\n\t\t\t\t\t\t\t\t\t<a\n\t\t\t\t\t\tclass=\"boxout-heading medium\"\n\t\t\t\t\t\tdata-ga-category=\"Take Action Boxout\"\n\t\t\t\t\t\tdata-ga-action=\"Title\"\n\t\t\t\t\t\tdata-ga-label=\"n\/a\"\n\t\t\t\t\t\thref=\"https:\/\/www.greenpeace.org\/sweden\/agera\/stod-oss\/\"\n\t\t\t\t\t\t\n\t\t\t\t\t>\n\t\t\t\t\t\tSt\u00f6d Greenpeace arbete\n\t\t\t\t\t<\/a>\n\t\t\t\t\t\t\t\t\t\t\t\t\t<p class=\"boxout-excerpt\">Vill du vara med och skapa en b\u00e4ttre v\u00e4rld f\u00f6r nuvarande och kommande generationer? Bli m\u00e5nadsgivare idag.<\/p>\n\t\t\t\t                                    <a\n                        class=\"btn btn-primary\"\n                        data-ga-category=\"Take Action Boxout\"\n                        data-ga-action=\"Call to Action\"\n                        data-ga-label=\"n\/a\"\n                        href=\"https:\/\/www.greenpeace.org\/sweden\/agera\/stod-oss\/\"\n                        \n                    >\n                        Engagera dig\n                    <\/a>\n                \t\t\t<\/div>\n\t\t\t\t\t<\/section>\n\t","protected":false},"excerpt":{"rendered":"<p>The Reef is experiencing its second major bleaching event in 2 years. In March 2017, Greenpeace Australia Pacific is bearing witness to this tragedy and calling on Governments everywhere to&hellip;<\/p>\n","protected":false},"author":34,"featured_media":6783,"comment_status":"open","ping_status":"open","sticky":false,"template":"","format":"standard","meta":{"ep_exclude_from_search":false,"p4_og_title":"","p4_og_description":"","p4_og_image":"","p4_og_image_id":"","p4_seo_canonical_url":"","p4_campaign_name":"not set","p4_local_project":"not set","p4_basket_name":"not set","p4_department":"","footnotes":""},"categories":[3,2],"tags":[23,40],"p4-page-type":[14],"class_list":["post-6780","post","type-post","status-publish","format-standard","has-post-thumbnail","hentry","category-hav","category-klimat","tag-globaluppvarmning","tag-biodiversitet","p4-page-type-pressmeddelanden"],"_links":{"self":[{"href":"https:\/\/www.greenpeace.org\/sweden\/wp-json\/wp\/v2\/posts\/6780","targetHints":{"allow":["GET"]}}],"collection":[{"href":"https:\/\/www.greenpeace.org\/sweden\/wp-json\/wp\/v2\/posts"}],"about":[{"href":"https:\/\/www.greenpeace.org\/sweden\/wp-json\/wp\/v2\/types\/post"}],"author":[{"embeddable":true,"href":"https:\/\/www.greenpeace.org\/sweden\/wp-json\/wp\/v2\/users\/34"}],"replies":[{"embeddable":true,"href":"https:\/\/www.greenpeace.org\/sweden\/wp-json\/wp\/v2\/comments?post=6780"}],"version-history":[{"count":7,"href":"https:\/\/www.greenpeace.org\/sweden\/wp-json\/wp\/v2\/posts\/6780\/revisions"}],"predecessor-version":[{"id":54453,"href":"https:\/\/www.greenpeace.org\/sweden\/wp-json\/wp\/v2\/posts\/6780\/revisions\/54453"}],"wp:featuredmedia":[{"embeddable":true,"href":"https:\/\/www.greenpeace.org\/sweden\/wp-json\/wp\/v2\/media\/6783"}],"wp:attachment":[{"href":"https:\/\/www.greenpeace.org\/sweden\/wp-json\/wp\/v2\/media?parent=6780"}],"wp:term":[{"taxonomy":"category","embeddable":true,"href":"https:\/\/www.greenpeace.org\/sweden\/wp-json\/wp\/v2\/categories?post=6780"},{"taxonomy":"post_tag","embeddable":true,"href":"https:\/\/www.greenpeace.org\/sweden\/wp-json\/wp\/v2\/tags?post=6780"},{"taxonomy":"p4-page-type","embeddable":true,"href":"https:\/\/www.greenpeace.org\/sweden\/wp-json\/wp\/v2\/p4-page-type?post=6780"}],"curies":[{"name":"wp","href":"https:\/\/api.w.org\/{rel}","templated":true}]}}