{"id":6789,"date":"2020-04-22T10:10:52","date_gmt":"2020-04-22T09:10:52","guid":{"rendered":"https:\/\/www.greenpeace.org\/sweden\/?p=6789"},"modified":"2023-02-24T16:32:07","modified_gmt":"2023-02-24T15:32:07","slug":"earth-day-2020","status":"publish","type":"post","link":"https:\/\/www.greenpeace.org\/sweden\/artiklar\/hav\/earth-day-2020\/","title":{"rendered":"Earth Day 2020"},"content":{"rendered":"\n<p>Under de h\u00e4r os\u00e4kra tiderna d\u00e5 vi \u00e4r m\u00e5nga som \u00e4r isolerade och v\u00e4ntar ut krisen f\u00e5r vi ocks\u00e5 m\u00f6jligheten till att stanna upp och t\u00e4nka, och kanske ocks\u00e5 k\u00e4nna tacksamhet f\u00f6r det vi redan har. Vi bor och \u00e4r f\u00f6dda p\u00e5 en fantastisk planet, som har sitt egna s\u00e4tt att f\u00e4ngsla och f\u00f6rtrolla oss med sin sk\u00f6nhet. Ingen har n\u00e5gonsin f\u00e5tt ta del av allt, och \u00e4ven om man hade f\u00f6rs\u00f6kt under en hel livstid hade det s\u00e4kert varit om\u00f6jligt &#8211; det finns s\u00e5 mycket vackert att se!<\/p>\n\n<p><strong>H\u00e5ller du inte med?<\/strong> Ta en titt sj\u00e4lv! Ta en stund f\u00f6r att p\u00e5 riktigt (och digitalt) uppskatta naturen idag, p\u00e5 jordens dag.<\/p>\n\n<figure class=\"wp-block-image  caption-style-blue-overlay caption-alignment-center\"><img decoding=\"async\" src=\"https:\/\/storage.googleapis.com\/planet4-international-stateless\/2020\/04\/0ab2ca3c-gp0stq2sq_medium_res-1024x683.jpg\" alt=\"Beauty of the Carpathian Forest in Romania. \u00a9 Mitja Kobal \/ Greenpeace\" class=\"wp-image-30123\" title=\"Beauty of the Carpathian Forest in Romania. \u00a9 Mitja Kobal \/ Greenpeace\"\/><figcaption class=\"wp-element-caption\">Moss on tree in Romanian forest. \u00a9 Mitja Kobal \/ Greenpeace<\/figcaption><\/figure>\n\n<figure class=\"wp-block-image  caption-style-blue-overlay caption-alignment-center\"><img decoding=\"async\" src=\"https:\/\/storage.googleapis.com\/planet4-international-stateless\/2020\/04\/468c363e-gp0sto5b1_medium_res-1024x678.jpg\" alt=\"Great Bear Rainforest in Canada. \u00a9 Oliver Salge \/ Greenpeace\" class=\"wp-image-30125\" title=\"Great Bear Rainforest in Canada. \u00a9 Oliver Salge \/ Greenpeace\"\/><figcaption class=\"wp-element-caption\">Great Bear Rainforest in Canada. Aerial view. \u00a9 Oliver Salge \/ Greenpeace<\/figcaption><\/figure>\n\n<figure class=\"wp-block-image  caption-style-blue-overlay caption-alignment-center\"><img decoding=\"async\" src=\"https:\/\/storage.googleapis.com\/planet4-international-stateless\/2020\/04\/92849a26-gp0stunhy_medium_res-1024x660.jpg\" alt=\"Underwater shot of marine life at Raja Ampat, Papua, Indonesia. Mangroves support many species, and are important nursing grounds for many juvenile fish.  \u00a9 Paul Hilton \/ Greenpeace\" class=\"wp-image-30115\" title=\"Underwater shot of marine life at Raja Ampat, Papua, Indonesia. Mangroves support many species, and are important nursing grounds for many juvenile fish.  \u00a9 Paul Hilton \/ Greenpeace\"\/><figcaption class=\"wp-element-caption\">Underwater shot of marine life at Raja Ampat, Papua, Indonesia. Mangroves support many species, and are important nursing grounds for many juvenile fish. \u00a9 Paul Hilton \/ Greenpeace<\/figcaption><\/figure>\n\n<figure class=\"wp-block-image  caption-style-blue-overlay caption-alignment-center\"><img decoding=\"async\" src=\"https:\/\/storage.googleapis.com\/planet4-international-stateless\/2020\/04\/abb5dd94-gp0stq160_medium_res-1024x684.jpg\" alt=\" Tapaj\u00f3s river basin, next to Sawr\u00e9 Muybu indigenous land, is home to the Munduruku people, Par\u00e1 state, Brazil. \u00a9 Rog\u00e9rio Assis \/ Greenpeace\" class=\"wp-image-30122\" title=\" Tapaj\u00f3s river basin, next to Sawr\u00e9 Muybu indigenous land, is home to the Munduruku people, Par\u00e1 state, Brazil. \u00a9 Rog\u00e9rio Assis \/ Greenpeace\"\/><figcaption class=\"wp-element-caption\">Tapaj\u00f3s river basin, next to Sawr\u00e9 Muybu indigenous land, is home to the Munduruku people, Par\u00e1 state, Brazil. \u00a9 Rog\u00e9rio Assis \/ Greenpeace<\/figcaption><\/figure>\n\n<figure class=\"wp-block-image  caption-style-blue-overlay caption-alignment-center\"><img decoding=\"async\" src=\"https:\/\/storage.googleapis.com\/planet4-international-stateless\/2020\/04\/73d26b2a-gp0stsncr_medium_res-1024x683.jpg\" alt=\"The region between the states of Maranh\u00e3o, Tocantins, Piau\u00ed and Bahia, known as MATOPIBA in Brazil., is considered the showcase of Brazilian agribusiness, with a high productions of soy and corn for export.  \u00a9 Marizilda Cruppe \/ Greenpeace\" class=\"wp-image-30121\" title=\"The region between the states of Maranh\u00e3o, Tocantins, Piau\u00ed and Bahia, known as MATOPIBA in Brazil., is considered the showcase of Brazilian agribusiness, with a high productions of soy and corn for export.  \u00a9 Marizilda Cruppe \/ Greenpeace\"\/><figcaption class=\"wp-element-caption\">The region between the states of Maranh\u00e3o, Tocantins, Piau\u00ed and Bahia, known as MATOPIBA in Brazil., is considered the showcase of Brazilian agribusiness, with a high productions of soy and corn for export. \u00a9 Marizilda Cruppe \/ Greenpeace<\/figcaption><\/figure>\n\n<figure class=\"wp-block-image  caption-style-blue-overlay caption-alignment-center\"><img decoding=\"async\" src=\"https:\/\/storage.googleapis.com\/planet4-international-stateless\/2020\/04\/25289743-gp0stpo9p_medium_res-1024x684.jpg\" alt=\"Forest next to the Tapaj\u00f3s river, in Sawr\u00e9 Muybu Indigenous Land, home to the Munduruku people, Par\u00e1 state, Brazil. Brazilian Government plans to build 43 dams in the Tapaj\u00f3s river basin.  \u00a9 Valdemir Cunha \/ Greenpeace\" class=\"wp-image-30124\" title=\"Forest next to the Tapaj\u00f3s river, in Sawr\u00e9 Muybu Indigenous Land, home to the Munduruku people, Par\u00e1 state, Brazil. Brazilian Government plans to build 43 dams in the Tapaj\u00f3s river basin.  \u00a9 Valdemir Cunha \/ Greenpeace\"\/><figcaption class=\"wp-element-caption\">Forest next to the Tapaj\u00f3s river, in Sawr\u00e9 Muybu Indigenous Land, home to the Munduruku people, Par\u00e1 state, Brazil. \u00a9 Valdemir Cunha \/ Greenpeace<\/figcaption><\/figure>\n\n<figure class=\"wp-block-image  caption-style-blue-overlay caption-alignment-center\"><img decoding=\"async\" src=\"https:\/\/storage.googleapis.com\/planet4-international-stateless\/2020\/04\/bcb53a60-gp0stul4l_medium_res-1024x768.jpg\" alt=\" The Greenpeace ship, Arctic Sunrise moves through rolling seas as it crosses the Drake Passage after a 6 week tour of Antarctica. \u00a9 Abbie Trayler-Smith \/ Greenpeace\" class=\"wp-image-30120\" title=\" The Greenpeace ship, Arctic Sunrise moves through rolling seas as it crosses the Drake Passage after a 6 week tour of Antarctica. \u00a9 Abbie Trayler-Smith \/ Greenpeace\"\/><figcaption class=\"wp-element-caption\">The Greenpeace ship, Arctic Sunrise moves through rolling seas as it crosses the Drake Passage after a 6 week tour of Antarctica. \u00a9 Abbie Trayler-Smith \/ Greenpeace<\/figcaption><\/figure>\n\n<figure class=\"wp-block-image  caption-style-blue-overlay caption-alignment-center\"><img decoding=\"async\" src=\"https:\/\/storage.googleapis.com\/planet4-international-stateless\/2020\/04\/03f65240-gp0stul6m_medium_res-1024x683.jpg\" alt=\"The Arctic Sunrise sails past a large iceberg in the Gerlach Strait, Antarctica.  \u00a9 Abbie Trayler-Smith \/ Greenpeace\" class=\"wp-image-30119\" title=\"The Arctic Sunrise sails past a large iceberg in the Gerlach Strait, Antarctica.  \u00a9 Abbie Trayler-Smith \/ Greenpeace\"\/><figcaption class=\"wp-element-caption\">The Arctic Sunrise sails past a large iceberg in the Gerlach Strait, Antarctica. \u00a9 Abbie Trayler-Smith \/ Greenpeace<\/figcaption><\/figure>\n\n<figure class=\"wp-block-image  caption-style-blue-overlay caption-alignment-center\"><img decoding=\"async\" src=\"https:\/\/storage.googleapis.com\/planet4-international-stateless\/2020\/04\/cee7ec8b-gp03qso_medium_res-1024x683.jpg\" alt=\"Aerial shot over Montagnes Blanches with expanse of water. \u00a9 Markus Mauthe \/ Greenpeace\" class=\"wp-image-30114\" title=\"Aerial shot over Montagnes Blanches with expanse of water. \u00a9 Markus Mauthe \/ Greenpeace\"\/><figcaption class=\"wp-element-caption\">Aerial shot over Montagnes Blanches with expanse of water. \u00a9 Markus Mauthe \/ Greenpeace<\/figcaption><\/figure>\n\n<figure class=\"wp-block-image  caption-style-blue-overlay caption-alignment-center\"><img decoding=\"async\" src=\"https:\/\/storage.googleapis.com\/planet4-international-stateless\/2020\/04\/acda40a1-gp04f6l_medium_res-1024x682.jpg\" alt=\"Flamingos at Lake Natron, Rift Valley, Tanzania, Africa. \u00a9 Markus Mauthe \/ Greenpeace\" class=\"wp-image-30113\" title=\"Flamingos at Lake Natron, Rift Valley, Tanzania, Africa. \u00a9 Markus Mauthe \/ Greenpeace\"\/><figcaption class=\"wp-element-caption\">Flamingos at Lake Natron, Rift Valley, Tanzania, Africa. \u00a9 Markus Mauthe \/ Greenpeace<\/figcaption><\/figure>\n\n<figure class=\"wp-block-image  caption-style-blue-overlay caption-alignment-center\"><img decoding=\"async\" src=\"https:\/\/storage.googleapis.com\/planet4-international-stateless\/2020\/04\/21e4e5a4-gp0stunhr_medium_res-1024x650.jpg\" alt=\"Black tip reef sharks swim amongst schools of fish in Raja Ampat, Papua,  \u00a9 Paul Hilton \/ Greenpeace\" class=\"wp-image-30116\" title=\"Black tip reef sharks swim amongst schools of fish in Raja Ampat, Papua,  \u00a9 Paul Hilton \/ Greenpeace\"\/><figcaption class=\"wp-element-caption\">Black tip reef sharks swim amongst schools of fish in Raja Ampat, Papua, \u00a9 Paul Hilton \/ Greenpeace<\/figcaption><\/figure>\n\n<figure class=\"wp-block-image  caption-style-blue-overlay caption-alignment-center\"><img decoding=\"async\" src=\"https:\/\/storage.googleapis.com\/planet4-international-stateless\/2020\/04\/f10a096f-gp0stul46_medium_res-1024x683.jpg\" alt=\"Adelie penguins on icebergs near Paulet Island in the Erebus and Terror Gulf in the entrance to the Weddell Sea in Antarctica. \u00a9 Abbie Trayler-Smith \/ Greenpeace\" class=\"wp-image-30117\" title=\"Adelie penguins on icebergs near Paulet Island in the Erebus and Terror Gulf in the entrance to the Weddell Sea in Antarctica. \u00a9 Abbie Trayler-Smith \/ Greenpeace\"\/><figcaption class=\"wp-element-caption\">Adelie penguins on icebergs near Paulet Island in the Erebus and Terror Gulf in the entrance to the Weddell Sea in Antarctica. \u00a9 Abbie Trayler-Smith \/ Greenpeace<\/figcaption><\/figure>\n\n<figure class=\"wp-block-image  caption-style-blue-overlay caption-alignment-center\"><img decoding=\"async\" src=\"https:\/\/storage.googleapis.com\/planet4-international-stateless\/2020\/04\/42e937e9-gp0strvj1_medium_res-1024x683.jpg\" alt=\"Aerial view of primary forest near the river Digul in southern Papua. \u00a9 Ulet Ifansasti \/ Greenpeace\" class=\"wp-image-30112\" title=\"Aerial view of primary forest near the river Digul in southern Papua. \u00a9 Ulet Ifansasti \/ Greenpeace\"\/><figcaption class=\"wp-element-caption\">Aerial view of primary forest near the river Digul in southern Papua. \u00a9 Ulet Ifansasti \/ Greenpeace<\/figcaption><\/figure>\n<div class=\"EmptyMessage\">Block content is empty. Check the block&#8217;s settings or remove it.<\/div>","protected":false},"excerpt":{"rendered":"<p>Under de h\u00e4r tiderna d\u00e5 m\u00e5nga sitter isolerade f\u00e5r vi m\u00f6jlighet till att stanna upp och t\u00e4nka och kanske ocks\u00e5 k\u00e4nna en viss tacksamhet f\u00f6r det vi redan har. Vi&hellip;<\/p>\n","protected":false},"author":61,"featured_media":6790,"comment_status":"open","ping_status":"open","sticky":false,"template":"","format":"standard","meta":{"ep_exclude_from_search":false,"p4_og_title":"","p4_og_description":"","p4_og_image":"","p4_og_image_id":"","p4_seo_canonical_url":"","p4_campaign_name":"not set","p4_local_project":"","p4_basket_name":"not set","p4_department":"","footnotes":""},"categories":[3,22],"tags":[40,61],"p4-page-type":[16],"class_list":["post-6789","post","type-post","status-publish","format-standard","has-post-thumbnail","hentry","category-hav","category-skog","tag-biodiversitet","tag-djur","p4-page-type-artiklar"],"_links":{"self":[{"href":"https:\/\/www.greenpeace.org\/sweden\/wp-json\/wp\/v2\/posts\/6789","targetHints":{"allow":["GET"]}}],"collection":[{"href":"https:\/\/www.greenpeace.org\/sweden\/wp-json\/wp\/v2\/posts"}],"about":[{"href":"https:\/\/www.greenpeace.org\/sweden\/wp-json\/wp\/v2\/types\/post"}],"author":[{"embeddable":true,"href":"https:\/\/www.greenpeace.org\/sweden\/wp-json\/wp\/v2\/users\/61"}],"replies":[{"embeddable":true,"href":"https:\/\/www.greenpeace.org\/sweden\/wp-json\/wp\/v2\/comments?post=6789"}],"version-history":[{"count":8,"href":"https:\/\/www.greenpeace.org\/sweden\/wp-json\/wp\/v2\/posts\/6789\/revisions"}],"predecessor-version":[{"id":55605,"href":"https:\/\/www.greenpeace.org\/sweden\/wp-json\/wp\/v2\/posts\/6789\/revisions\/55605"}],"wp:featuredmedia":[{"embeddable":true,"href":"https:\/\/www.greenpeace.org\/sweden\/wp-json\/wp\/v2\/media\/6790"}],"wp:attachment":[{"href":"https:\/\/www.greenpeace.org\/sweden\/wp-json\/wp\/v2\/media?parent=6789"}],"wp:term":[{"taxonomy":"category","embeddable":true,"href":"https:\/\/www.greenpeace.org\/sweden\/wp-json\/wp\/v2\/categories?post=6789"},{"taxonomy":"post_tag","embeddable":true,"href":"https:\/\/www.greenpeace.org\/sweden\/wp-json\/wp\/v2\/tags?post=6789"},{"taxonomy":"p4-page-type","embeddable":true,"href":"https:\/\/www.greenpeace.org\/sweden\/wp-json\/wp\/v2\/p4-page-type?post=6789"}],"curies":[{"name":"wp","href":"https:\/\/api.w.org\/{rel}","templated":true}]}}