{"id":68016,"date":"2026-08-31T16:22:00","date_gmt":"2026-08-31T15:22:00","guid":{"rendered":"https:\/\/www.greenpeace.org\/sweden\/?p=68016"},"modified":"2026-08-31T16:23:02","modified_gmt":"2026-08-31T15:23:02","slug":"thomas-stenstrom-skanker-overskottet-fran-tradgarden-konserterna-har-man-en-rost-ska-man-anvanda-den","status":"publish","type":"post","link":"https:\/\/www.greenpeace.org\/sweden\/artiklar\/greenpeace\/thomas-stenstrom-skanker-overskottet-fran-tradgarden-konserterna-har-man-en-rost-ska-man-anvanda-den\/","title":{"rendered":"Thomas Stenstr\u00f6m sk\u00e4nker \u00f6verskottet fr\u00e5n Tr\u00e4dg\u00e5rden-konserterna: \u201dHar man en r\u00f6st ska man anv\u00e4nda den\u201d"},"content":{"rendered":"\n<p class=\"wp-block-paragraph\"><a href=\"https:\/\/secure.tickster.com\/sv\/a9gn8xbp5jd7a62\/selectevent\">Fyra kv\u00e4llar i rad den h\u00e4r veckan intar Thomas Stenstr\u00f6m scenen p\u00e5 Tr\u00e4dg\u00e5rden i Stockholm.<\/a> Men konsertserien handlar om mer \u00e4n bara musik. I<a href=\"https:\/\/www.instagram.com\/p\/Dci6FV2iusd\/\"> ett personligt meddelande<\/a> <a href=\"https:\/\/www.instagram.com\/p\/Dci6FV2iusd\/\">p\u00e5 Instagram <\/a>l\u00e5ter artisten h\u00e4lsa att hela \u00f6verskottet fr\u00e5n spelningarna sk\u00e4nks till tre organisationer som k\u00e4mpar f\u00f6r ett b\u00e4ttre Sverige: <a href=\"https:\/\/majblomman.se\/?gad_source=1&amp;gad_campaignid=23709155926&amp;gbraid=0AAAABDNHChxETo04b4ZTRWS52SogBBNiv&amp;gclid=CjwKCAjwwL_UBhAjEiwAEhuT5CbK6cb4Wi0amIoCNb6RzNdVl0XsJ6hRT1s0KuJHZZGVtYgcFHCJjBoC4g0QAvD_BwE\">Majblomman,<\/a> <a href=\"https:\/\/crd.org\/\">Civil Rights Defenders<\/a> och <a href=\"https:\/\/stod.greenpeace.org\/tshirt\/~se-min-donation?_gl=1*1ox90tq*_gcl_aw*R0NMLjE3ODcwNDQ2MDQuQ2p3S0NBandoWkRVQmhCR0Vpd0FiaTVianNPS2dQYXc3Y3Z3cVM5bE9rNUVtOHdGTjE5UkloUTltQnRZZGprSjNNU1FuTG9WdnB5dVRob0NsRnNRQXZEX0J3RQ..*_gcl_au*MTAyMjkxNzg2My4xNzg3MjE5MDA4\">Greenpeace<\/a>.<\/p>\n\n<figure class=\"wp-block-image size-large\"><img loading=\"lazy\" decoding=\"async\" width=\"1024\" height=\"1024\" title=\"Thomas-frame-w-name\" src=\"https:\/\/www.greenpeace.org\/static\/planet4-sweden-stateless\/2026\/06\/8b11d2d7-thomas-frame-w-name-1024x1024.jpg\" alt=\"\" class=\"wp-image-67637\" srcset=\"https:\/\/www.greenpeace.org\/static\/planet4-sweden-stateless\/2026\/06\/8b11d2d7-thomas-frame-w-name-1024x1024.jpg 1024w, https:\/\/www.greenpeace.org\/static\/planet4-sweden-stateless\/2026\/06\/8b11d2d7-thomas-frame-w-name-300x300.jpg 300w, https:\/\/www.greenpeace.org\/static\/planet4-sweden-stateless\/2026\/06\/8b11d2d7-thomas-frame-w-name-150x150.jpg 150w, https:\/\/www.greenpeace.org\/static\/planet4-sweden-stateless\/2026\/06\/8b11d2d7-thomas-frame-w-name-768x768.jpg 768w, https:\/\/www.greenpeace.org\/static\/planet4-sweden-stateless\/2026\/06\/8b11d2d7-thomas-frame-w-name-340x340.jpg 340w, https:\/\/www.greenpeace.org\/static\/planet4-sweden-stateless\/2026\/06\/8b11d2d7-thomas-frame-w-name.jpg 1200w\" sizes=\"auto, (max-width: 1024px) 100vw, 1024px\" \/><\/figure>\n\n<p class=\"wp-block-paragraph\">\u2013 Det \u00e4r en \u00e4ra att f\u00e5 \u00e5ka runt, spela och ha en mick i handen, men det kr\u00e4ver ocks\u00e5 att man tar ansvaret som f\u00f6ljer med. Oavsett om ens scen \u00e4r Tr\u00e4dg\u00e5rden eller fikabordet p\u00e5 jobbet. Har man en r\u00f6st ska man anv\u00e4nda den, s\u00e4ger Thomas Stenstr\u00f6m.<\/p>\n\n<h3 class=\"wp-block-heading\"><strong>Bygger vidare p\u00e5 <\/strong><a href=\"https:\/\/www.greenpeace.org\/sweden\/artiklar\/greenpeace\/idag-kl-12-00-stort-artistupprop-och-folkfest-i-visby-hamn-ett-gemensamt-forsvar-for-demokratin-och-klimatet\/\"><strong>folkfesten i Almedalen<\/strong><\/a><\/h3>\n\n<p class=\"wp-block-paragraph\">Konserterna p\u00e5 Tr\u00e4dg\u00e5rden blir en direkt forts\u00e4ttning p\u00e5 den k\u00e4nsla och det engagemang som byggdes upp under sommaren.<\/p>\n\n<p class=\"wp-block-paragraph\">\u2013 Om det var n\u00e5got jag l\u00e4rde mig av v\u00e5r folkfest i Almedalen s\u00e5 var det att vi \u00e4r m\u00e5nga som l\u00e4ngtar efter att f\u00e5 st\u00e4nga av internet och g\u00f6ra saker ihop. P\u00e5 riktigt. St\u00e5 upp f\u00f6r <a href=\"https:\/\/www.greenpeace.org\/sweden\/agera\/sverige2026\/\">n\u00e5got och skapa en gemensam plats f\u00f6r en levande demokrati och b\u00e4ttre klimatpolitik<\/a>, f\u00f6rklarar han.<\/p>\n\n<figure class=\"wp-block-image size-large\"><img loading=\"lazy\" decoding=\"async\" width=\"1024\" height=\"683\" title=\"\u00a9 Albin Haglund\" src=\"https:\/\/www.greenpeace.org\/static\/planet4-sweden-stateless\/2026\/06\/63f68781-\u00a9-albin-haglund-1024x683.png\" alt=\"\" class=\"wp-image-67742\" srcset=\"https:\/\/www.greenpeace.org\/static\/planet4-sweden-stateless\/2026\/06\/63f68781-\u00a9-albin-haglund-1024x683.png 1024w, https:\/\/www.greenpeace.org\/static\/planet4-sweden-stateless\/2026\/06\/63f68781-\u00a9-albin-haglund-300x200.png 300w, https:\/\/www.greenpeace.org\/static\/planet4-sweden-stateless\/2026\/06\/63f68781-\u00a9-albin-haglund-768x512.png 768w, https:\/\/www.greenpeace.org\/static\/planet4-sweden-stateless\/2026\/06\/63f68781-\u00a9-albin-haglund-510x340.png 510w, https:\/\/www.greenpeace.org\/static\/planet4-sweden-stateless\/2026\/06\/63f68781-\u00a9-albin-haglund.png 1536w\" sizes=\"auto, (max-width: 1024px) 100vw, 1024px\" \/><\/figure>\n\n<p class=\"wp-block-paragraph\">Det \u00e4r just den platsen han nu vill \u00e5terskapa i Stockholm tillsammans med bandet, g\u00e4sterna, bes\u00f6karna, Tr\u00e4dg\u00e5rden och organisationerna.<\/p>\n\n<blockquote class=\"wp-block-quote is-layout-flow wp-block-quote-is-layout-flow\">\n<p class=\"wp-block-paragraph\">\u2013<em> Vad \u00e4r d\u00e5 viktigare \u00e4n att dela platsen? S\u00e5 kanske de d\u00e4r konserterna kan betyda n\u00e5got mer, vilket jag tror vi alla beh\u00f6ver, speciellt en vecka innan valet.<\/em><\/p>\n<\/blockquote>\n\n<h3 class=\"wp-block-heading\"><strong>Fr\u00e5n barnfattigdom till civilkurage<\/strong><\/h3>\n\n<p class=\"wp-block-paragraph\">&nbsp;Valet av mottagare speglar b\u00e5de hj\u00e4rta och skarp kritik mot samh\u00e4llsklimatet. Majblomman st\u00f6ttas f\u00f6r sitt arbete f\u00f6r barn som beh\u00f6ver st\u00f6d i vardagen, medan Civil Rights Defenders lyfts fram f\u00f6r sitt orubbliga f\u00f6rsvar av demokrati och m\u00e4nskliga r\u00e4ttigheter. Greenpeace uppm\u00e4rksammas f\u00f6r sitt mod i klimatkampen:<\/p>\n\n<blockquote class=\"wp-block-quote is-layout-flow wp-block-quote-is-layout-flow\">\n<p class=\"wp-block-paragraph\">\u2013 <em>De gillar att h\u00e4nga lite l\u00f6st, peta och reta folk och f\u00f6reteelser p\u00e5 ett genomt\u00e4nkt s\u00e4tt \u2013 utan att fega ur. Det k\u00e4nner jag igen mig i och tycker \u00e4r viktigt (och kul).<\/em><\/p>\n<\/blockquote>\n\n<h3 class=\"wp-block-heading\"><strong>R\u00e4dsla inf\u00f6r valet och en uppmaning<\/strong><\/h3>\n\n<p class=\"wp-block-paragraph\">Med bara en vecka kvar till valet d\u00f6ljer Stenstr\u00f6m inte sin oro f\u00f6r vart samh\u00e4llet \u00e4r p\u00e5 v\u00e4g, men understryker att l\u00f6sningen ligger i handling.<\/p>\n\n<blockquote class=\"wp-block-quote is-layout-flow wp-block-quote-is-layout-flow\">\n<p class=\"wp-block-paragraph\"><em>\u2013 <em>Det som h\u00e4nder inf\u00f6r det h\u00e4r valet och hur det kan bli efter skr\u00e4mmer mig, och vi kan inte bara titta p\u00e5<\/em>.<\/em><\/p>\n<\/blockquote>\n\n<p class=\"wp-block-paragraph\">F\u00f6r dem som inte kan vara p\u00e5 plats i Stockholm skickar han med en klar uppmaning att st\u00f6tta organisationerna hemifr\u00e5n och framf\u00f6r allt att ta sig till valurnorna:<\/p>\n\n<blockquote class=\"wp-block-quote is-layout-flow wp-block-quote-is-layout-flow\">\n<p class=\"wp-block-paragraph\">\u2013 <strong><em>Jag hoppas ocks\u00e5 att ni kommer ih\u00e5g att r\u00f6sta s\u00e5 att det inte bara blir bra f\u00f6r en sj\u00e4lv, utan r\u00f6sta f\u00f6r att allas vardag kan bli s\u00e5 bra som m\u00f6jligt.<\/em><\/strong><\/p>\n<\/blockquote>\n\n<p class=\"wp-block-paragraph\">Biljetter till Thomas Stenstr\u00f6ms konserter p\u00e5 Tr\u00e4dg\u00e5rden i Stockholm 31 augusti-3 september 2026 <a href=\"https:\/\/secure.tickster.com\/sv\/a9gn8xbp5jd7a62\/selectevent\" target=\"_blank\" rel=\"noreferrer noopener\">finns h\u00e4r<\/a>. <\/p>\n","protected":false},"excerpt":{"rendered":"<p>Thomas Stenstr\u00f6m bygger vidare p\u00e5 folkfesten Vi \u00e4r Sverige fr\u00e5n Almedalen, med fyra spelningar p\u00e5 Tr\u00e4dg\u00e5rden i Stockholm d\u00e4r allt \u00f6verskott sk\u00e4nks till tre organisationer som k\u00e4mpar f\u00f6r ett b\u00e4ttre Sverige.<\/p>\n","protected":false},"author":126,"featured_media":67747,"comment_status":"closed","ping_status":"closed","sticky":false,"template":"","format":"standard","meta":{"_acf_changed":false,"ep_exclude_from_search":false,"p4_og_title":"","p4_og_description":"","p4_og_image":"","p4_og_image_id":"","p4_seo_canonical_url":"","p4_campaign_name":"","p4_local_project":"","p4_basket_name":"","p4_department":"","footnotes":""},"categories":[1],"tags":[31,53],"p4-page-type":[16],"class_list":["post-68016","post","type-post","status-publish","format-standard","has-post-thumbnail","hentry","category-greenpeace","tag-aktivism","tag-svenskpolitik","p4-page-type-artiklar"],"acf":[],"_links":{"self":[{"href":"https:\/\/www.greenpeace.org\/sweden\/wp-json\/wp\/v2\/posts\/68016","targetHints":{"allow":["GET"]}}],"collection":[{"href":"https:\/\/www.greenpeace.org\/sweden\/wp-json\/wp\/v2\/posts"}],"about":[{"href":"https:\/\/www.greenpeace.org\/sweden\/wp-json\/wp\/v2\/types\/post"}],"author":[{"embeddable":true,"href":"https:\/\/www.greenpeace.org\/sweden\/wp-json\/wp\/v2\/users\/126"}],"replies":[{"embeddable":true,"href":"https:\/\/www.greenpeace.org\/sweden\/wp-json\/wp\/v2\/comments?post=68016"}],"version-history":[{"count":3,"href":"https:\/\/www.greenpeace.org\/sweden\/wp-json\/wp\/v2\/posts\/68016\/revisions"}],"predecessor-version":[{"id":68019,"href":"https:\/\/www.greenpeace.org\/sweden\/wp-json\/wp\/v2\/posts\/68016\/revisions\/68019"}],"wp:featuredmedia":[{"embeddable":true,"href":"https:\/\/www.greenpeace.org\/sweden\/wp-json\/wp\/v2\/media\/67747"}],"wp:attachment":[{"href":"https:\/\/www.greenpeace.org\/sweden\/wp-json\/wp\/v2\/media?parent=68016"}],"wp:term":[{"taxonomy":"category","embeddable":true,"href":"https:\/\/www.greenpeace.org\/sweden\/wp-json\/wp\/v2\/categories?post=68016"},{"taxonomy":"post_tag","embeddable":true,"href":"https:\/\/www.greenpeace.org\/sweden\/wp-json\/wp\/v2\/tags?post=68016"},{"taxonomy":"p4-page-type","embeddable":true,"href":"https:\/\/www.greenpeace.org\/sweden\/wp-json\/wp\/v2\/p4-page-type?post=68016"}],"curies":[{"name":"wp","href":"https:\/\/api.w.org\/{rel}","templated":true}]}}