{"id":6828,"date":"2020-04-29T14:27:46","date_gmt":"2020-04-29T13:27:46","guid":{"rendered":"https:\/\/www.greenpeace.org\/sweden\/?p=6828"},"modified":"2024-08-21T14:36:49","modified_gmt":"2024-08-21T13:36:49","slug":"vi-behover-internationellt-klimatsamarbete-aven-under-covid-19","status":"publish","type":"post","link":"https:\/\/www.greenpeace.org\/sweden\/pressmeddelanden\/klimat\/vi-behover-internationellt-klimatsamarbete-aven-under-covid-19\/","title":{"rendered":"Vi beh\u00f6ver internationellt klimatsamarbete &#8211; \u00e4ven under Covid-19"},"content":{"rendered":"\n<h2 class=\"wp-block-heading\">Vi har chansen att komma ur en kris b\u00e4ttre rustad \u00e4n n\u00e4r vi gick in i den<\/h2>\n\n<p>Just nu l\u00f6per det nationella och internationella klimat- och milj\u00f6arbete en oerh\u00f6rd risk att nedprioriteras. Samtidigt \u00e4r det helt avg\u00f6rande att v\u00e4xla upp arbetet f\u00f6r att hantera klimatkrisen samt hotet mot den biologiska m\u00e5ngfalden. Politiska m\u00f6ten skjuts upp &#8211; men klimathotet f\u00f6rsvinner inte trots att vi kortsiktigt har dragit ner p\u00e5 flygresor och att m\u00e5nga industrier tempor\u00e4rt st\u00e4ngt ner. D\u00e4remot har vi en m\u00f6jlighet &#8211; en m\u00f6jlighet att komma ur krisen b\u00e4ttre rustade \u00e4n n\u00e4r vi gick in i den &#8211; men d\u00e5 beh\u00f6ver vi b\u00f6rja agera!<\/p>\n\n<p>Det \u00e4r av stor vikt att EU:s klimat\u00e5tagande under Parisavtalet ligger i linje med forskarnas rekommendationer f\u00f6r att kunna n\u00e5 1,5-gradersm\u00e5let. Det inneb\u00e4r minst 65 procents utsl\u00e4ppsminskningar j\u00e4mf\u00f6rt med 1990 \u00e5rs niv\u00e5er till 2030.<\/p>\n\n<p><strong>Det finns hopp och tecken p\u00e5 framsteg! <\/strong>Jytte Gutelands, EU-parlamentets chefsf\u00f6rhandlare f\u00f6reslog nyligen just det h\u00e4r m\u00e5let f\u00f6r EU-parlamentet. Nu \u00e4r det viktigt att svenska regeringen ocks\u00e5 v\u00e4ljer att st\u00e4lla sig bakom m\u00e5let.<\/p>\n\n<p><strong>Varf\u00f6r m\u00e5ste svenska regeringen st\u00e4lla sig bakom m\u00e5let?<\/strong> Jo, Sverige har en viktigt roll att spela i EU. Vi m\u00e5ste helt enkelt ta p\u00e5 oss ledartr\u00f6jan i arbetet med Europas gr\u00f6na giv och kommande klimatlag, d\u00e5 bollen s\u00e4tts i rullning finns det chans att det h\u00e4nder saker \u00e4ven p\u00e5 EU-niv\u00e5.<\/p>\n\n<p><strong>Vad \u00e4r det f\u00f6r internationellt klimatsamarbete som kr\u00e4vs inom EU? <\/strong>\u00a0\u00a0<\/p>\n\n<ul class=\"wp-block-list\"><li><strong>Ett ambiti\u00f6st 2030-m\u00e5l <\/strong>som \u00e4r i linje med forskarnas rekommendationer f\u00f6r Parisavtalets 1,5-gradersm\u00e5l. Regeringen m\u00e5ste nu allts\u00e5 st\u00f6dja Jytte Gutelands linje och f\u00f6rankra m\u00e5let senast juni 2020.\u00a0\u00a0<\/li><\/ul>\n\n<ul class=\"wp-block-list\"><li><strong>En \u00f6versynsmekanism<\/strong> med fem\u00e5riga intervaller, det m\u00e5ste finnas system p\u00e5 plats som s\u00e4krar att vi f\u00f6ljer v\u00e5ra m\u00e5l och g\u00e5r \u00e5t r\u00e4tt h\u00e5ll.<\/li><\/ul>\n\n<ul class=\"wp-block-list\"><li><strong>Ett vetenskapligt r\u00e5d<\/strong> som granskar och f\u00f6ljer upp \u00e5tg\u00e4rderna. Det som g\u00f6rs ska vara i linje med vetenskapen, ist\u00e4llet f\u00f6r i linje med kortsiktiga vinster.&nbsp;<\/li><\/ul>\n\n<ul class=\"wp-block-list\"><li><strong>Att vi slopar nuvarande lagar och f\u00f6rordningar som inte \u00e4r linje med klimatm\u00e5len<\/strong>, till exempel fossila subventioner. EU-l\u00e4nderna har kommit \u00f6verens om att fasa ut fossila subventioner till 2025, men inga lagar finns \u00e4nnu p\u00e5 plats som s\u00e4kerst\u00e4ller detta, det kan d\u00e4remot klimatlagen.\u00a0<\/li><\/ul>\n\n<p><strong>Dela med dig av dina tankar kring den internationella klimatpolitiken i v\u00e5rt kommentarsf\u00e4lt nedan.<\/strong><\/p>\n<div class=\"EmptyMessage\">Block content is empty. Check the block&#8217;s settings or remove it.<\/div>","protected":false},"excerpt":{"rendered":"<p>Vi har chansen att komma ur en kris b\u00e4ttre rustad \u00e4n vi gick in i den Just nu l\u00f6per det nationella och det internationellt klimat- och milj\u00f6arbete en oerh\u00f6rd risk<\/p>\n","protected":false},"author":38,"featured_media":6829,"comment_status":"closed","ping_status":"open","sticky":false,"template":"","format":"standard","meta":{"ep_exclude_from_search":false,"p4_og_title":"","p4_og_description":"","p4_og_image":"","p4_og_image_id":"","p4_seo_canonical_url":"","p4_campaign_name":"not set","p4_local_project":"not set","p4_basket_name":"not set","p4_department":"","footnotes":""},"categories":[2],"tags":[25,55,53,23],"p4-page-type":[14],"class_list":["post-6828","post","type-post","status-publish","format-standard","has-post-thumbnail","hentry","category-klimat","tag-hallbarenergi","tag-systemomstallning","tag-svenskpolitik","tag-globaluppvarmning","p4-page-type-pressmeddelanden"],"_links":{"self":[{"href":"https:\/\/www.greenpeace.org\/sweden\/wp-json\/wp\/v2\/posts\/6828","targetHints":{"allow":["GET"]}}],"collection":[{"href":"https:\/\/www.greenpeace.org\/sweden\/wp-json\/wp\/v2\/posts"}],"about":[{"href":"https:\/\/www.greenpeace.org\/sweden\/wp-json\/wp\/v2\/types\/post"}],"author":[{"embeddable":true,"href":"https:\/\/www.greenpeace.org\/sweden\/wp-json\/wp\/v2\/users\/38"}],"replies":[{"embeddable":true,"href":"https:\/\/www.greenpeace.org\/sweden\/wp-json\/wp\/v2\/comments?post=6828"}],"version-history":[{"count":6,"href":"https:\/\/www.greenpeace.org\/sweden\/wp-json\/wp\/v2\/posts\/6828\/revisions"}],"predecessor-version":[{"id":49796,"href":"https:\/\/www.greenpeace.org\/sweden\/wp-json\/wp\/v2\/posts\/6828\/revisions\/49796"}],"wp:featuredmedia":[{"embeddable":true,"href":"https:\/\/www.greenpeace.org\/sweden\/wp-json\/wp\/v2\/media\/6829"}],"wp:attachment":[{"href":"https:\/\/www.greenpeace.org\/sweden\/wp-json\/wp\/v2\/media?parent=6828"}],"wp:term":[{"taxonomy":"category","embeddable":true,"href":"https:\/\/www.greenpeace.org\/sweden\/wp-json\/wp\/v2\/categories?post=6828"},{"taxonomy":"post_tag","embeddable":true,"href":"https:\/\/www.greenpeace.org\/sweden\/wp-json\/wp\/v2\/tags?post=6828"},{"taxonomy":"p4-page-type","embeddable":true,"href":"https:\/\/www.greenpeace.org\/sweden\/wp-json\/wp\/v2\/p4-page-type?post=6828"}],"curies":[{"name":"wp","href":"https:\/\/api.w.org\/{rel}","templated":true}]}}