{"id":688,"date":"2015-04-27T17:50:00","date_gmt":"2015-04-27T17:50:00","guid":{"rendered":"https:\/\/www.greenpeace.org\/sweden\/bakgrund\/688\/fornybar-energi-for-alla-aven-pa-den-indiska-landsbygden\/"},"modified":"2023-10-27T10:20:53","modified_gmt":"2023-10-27T09:20:53","slug":"fornybar-energi-for-alla-aven-pa-den-indiska-landsbygden","status":"publish","type":"post","link":"https:\/\/www.greenpeace.org\/sweden\/artiklar\/energi\/fornybar-energi-for-alla-aven-pa-den-indiska-landsbygden\/","title":{"rendered":"F\u00f6rnybar energi f\u00f6r alla \u2013 \u00e4ven p\u00e5 den indiska landsbygden"},"content":{"rendered":"<p><strong>Dagens och framtidens generationer st\u00e5r inf\u00f6r den st\u00f6rsta utmaning som m\u00e4nskligheten n\u00e5gonsin m\u00f6tt. Klimatf\u00f6r\u00e4ndringarna, en realitet. Samtidigt finns det en f\u00f6rest\u00e4llning om mots\u00e4ttningar mellan att f\u00f6rhindra klimatf\u00f6r\u00e4ndringarna och att \u00f6ka v\u00e4lst\u00e5ndet i v\u00e4rlden. Det \u00e4r dags att avliva myten. Det \u00e4r dags att inse att l\u00f6sningen p\u00e5 fattigdomen och klimatf\u00f6r\u00e4ndringarna ligger i energifr\u00e5gan, i f\u00f6rnyelsebar, fossilfri energi.<\/strong><\/p>\n<p><img decoding=\"async\" src=\"https:\/\/www.greenpeace.org\/static\/planet4-sweden-stateless\/2019\/01\/086a0173-086a0173-112474_185219.jpg\" alt=\"\" \/><\/p>\n<p><a href=\"http:\/\/www.bloomberg.com\/news\/articles\/2015-04-14\/fossil-fuels-just-lost-the-race-against-renewables\">F\u00f6rnybar energi \u00e4r p\u00e5 v\u00e4g att vinna kampen mot fossil energi p\u00e5 global niv\u00e5<\/a>. Ren energi st\u00e5r idag f\u00f6r den st\u00f6rsta delen av den kapacitet som installeras, \u00e4ven i j\u00e4mf\u00f6relse med kol, olja och gas tillsammans. Solenergin v\u00e4xer till och med snabbare \u00e4n Greenpeaces prognoser, och f\u00f6rnybar energiproduktion \u00e4r nu det billigaste s\u00e4ttet att framst\u00e4lla energi i allt fler l\u00e4nder i v\u00e4rlden.<\/p>\n<p>Den lilla indiska byn Dharnai, i den fattiga provinsen Bihar, \u00e4r ett talande exempel f\u00f6r hur f\u00f6rnybar energi \u00e4r n\u00e5got f\u00f6r alla. Energin kommer fr\u00e5n solpaneler, installerade i juli f\u00f6rra \u00e5ret, med st\u00f6d fr\u00e5n Greenpeace Indien. H\u00e4r r\u00e5der extrem fattigdom, liksom h\u00f6g analfabetism och djupa klyftor mellan olika kaster. Men under de senaste tio m\u00e5naderna har livet f\u00f6r m\u00e4nniskorna h\u00e4r f\u00f6r\u00e4ndrats, allt sedan <a href=\"http:\/\/www.ndtv.com\/india-news\/prime-minister-narendra-modi-pushes-for-affordable-renewable-energy-for-all-739783\">solenergin<\/a> kom till byn.<\/p>\n<p>Dharnai \u00e4r den f\u00f6rsta byn i Indien d\u00e4r all energi \u00e4r f\u00f6rnybar. Ett system p\u00e5 100 kW ger energi till 450 hem, 2400 inv\u00e5nare, 50 kommersiella verksamheter, tv\u00e5 skolor, ett tr\u00e4ningscenter och en sjukv\u00e5rdsbyggnad. Energin kan dessutom lagras f\u00f6r att s\u00e4kerst\u00e4lla tillg\u00e5ng till el dygnet runt.<\/p>\n<p>Den solkraftsproducerade belysningen inneb\u00e4r att barnen nu kan vara ute och leka efter skolan och g\u00f6ra l\u00e4xorna efter att det har blivit m\u00f6rkt. Kvinnor k\u00e4nner sig s\u00e4krare ute i byn om kv\u00e4llarna och tillvaron i hemmen \u00e4r numera upplyst. Solkraftsdrivna vattenpumpar har gett nytt hopp till m\u00e5nga lantbrukare genom b\u00e4ttre tillg\u00e5ng till f\u00e4rskvatten. Och med hj\u00e4lp av solenergin har m\u00e5nga bybor kunnat ladda sina mobiltelefoner regelbundet, vilket har \u00f6ppnat upp det lilla samh\u00e4llet f\u00f6r internet och v\u00e4rlden.<\/p>\n<p>Detta \u00e4r bara b\u00f6rjan. De f\u00f6rb\u00e4ttringar i livskvalitet som har skett i Dharnai har blivit ett allt st\u00f6rre samtals\u00e4mne i n\u00e4rliggande byar, som nu \u00e4r ivriga att l\u00e4ra sig av och kopiera Dharnai-modellen.<\/p>\n<p>I Indien finns det 80\u00a0000 andra byar och samh\u00e4llen som ocks\u00e5 beh\u00f6ver solenergin\u00e4t. Just d\u00e4rf\u00f6r \u00e4r det s\u00e5 viktigt at Greenpeace kan forts\u00e4tta att arbeta f\u00f6r f\u00f6rb\u00e4ttrade livsvillkor f\u00f6r Indiens inv\u00e5nare och forts\u00e4tter vara ett st\u00f6d i utvecklingen f\u00f6r av mer f\u00f6rnyelsebar och s\u00e4ker elektricitet i landet.<\/p>\n<p>Dharnai visar vad verklig utveckling handlar om \u2013 utveckling som inte skadar v\u00e5r jord. Det \u00e4r den h\u00e4r typen av <a href=\"https:\/\/www.greenpeace.org\/archive-india\/en\/news\/Feature-Stories\/stands-for-people-powered-sustainable-development\/\">h\u00e5llbar utveckling som Greenpeace Indien arbetar f\u00f6r<\/a>. Och det visar ocks\u00e5 det absurda i de <a href=\"https:\/\/www.greenpeace.org\/archive-india\/en\/Press\/Country-wide-Support-pours-in-From-Civil-Society-Organisations-for-Greenpeace-India\/\">p\u00e5st\u00e5enden som Greenpeace har m\u00f6tt i Indien<\/a> p\u00e5 sistone, att vi skulle g\u00e5 emot Indiens nationella intressen.<\/p>\n<p>Ironiskt nog har <a href=\"https:\/\/www.youtube.com\/watch?v=cRSXlUlgVgM\">Greenpeace arbete f\u00f6r f\u00f6rnybar energi i Indien<\/a> m\u00f6tt h\u00e5rt motst\u00e5nd fr\u00e5n den nya indiska regeringen. Indiens inrikesminister har upph\u00e4vt Greenpeace m\u00f6jligheter att ta emot utl\u00e4ndska bidrag och har ocks\u00e5 fryst v\u00e5ra nationella konton i landet.<\/p>\n<p>Mina indiska kollegor f\u00f6rbereder sig nu f\u00f6r att besvara anklagelserna, i r\u00e4tten om s\u00e5 \u00e4r n\u00f6dv\u00e4ndigt. Samtidigt kan man inte annat \u00e4n undra: P\u00e5 vilket s\u00e4tt strider vi mot Indiens ekonomiska intressen d\u00e5 vi f\u00f6rser en by med elektricitet (som tidigare inte hade n\u00e5gon)? P\u00e5 vilket s\u00e4tt bryter vi mot dessa intressen d\u00e5 vi arbetar f\u00f6r ren luft, f\u00f6r s\u00e4ker mat och f\u00f6r skydd av skogar?<\/p>\n<p>Ber\u00e4ttelsen om Dharnai str\u00e4cker sig l\u00e5ngt bortanf\u00f6r Indiens gr\u00e4nser. Hundratals miljoner m\u00e4nniskor runt om i v\u00e4rlden lever utan elektricitet. F\u00f6r dessa m\u00e4nniskor kan solenergi inneb\u00e4ra en avg\u00f6rande livsf\u00f6rb\u00e4ttring.<\/p>\n<p>Samh\u00e4llen utan elektricitet kan med st\u00f6d av inhemska regeringar ta ett stort v\u00e4lst\u00e5ndskliv genom att bygga sina egna f\u00f6rnyelsebara energisystem. P\u00e5 s\u00e5 s\u00e4tt kan luftf\u00f6roreningar p\u00e5 grund av kolf\u00f6rbr\u00e4nning undvikas.<\/p>\n<p>Om vi alla verkar f\u00f6r en v\u00e4rld med f\u00f6rnyelsebar energiproduktion, d\u00e5 har vi ocks\u00e5 m\u00f6jlighet att hantera klimatf\u00f6r\u00e4ndringarna och f\u00f6rb\u00e4ttra livsvillkoren \u00e4ven f\u00f6r de m\u00e4nniskor som lever i fattiga delar av v\u00e4rlden. Detta \u00e4r den stora l\u00e4rdomen fr\u00e5n Dharnai.<\/p>\n<p><strong>Kumi Naidoo<br \/>\nGeneralsekreterare Greenpeace International<\/strong><\/p>\n","protected":false},"excerpt":{"rendered":"<p>Det \u00e4r dags att inse att l\u00f6sningen p\u00e5 fattigdomen och klimatf\u00f6r\u00e4ndringarna ligger i energifr\u00e5gan.<\/p>\n","protected":false},"author":34,"featured_media":689,"comment_status":"closed","ping_status":"closed","sticky":false,"template":"","format":"standard","meta":{"ep_exclude_from_search":false,"p4_og_title":"","p4_og_description":"","p4_og_image":"","p4_og_image_id":"","p4_seo_canonical_url":"","p4_campaign_name":"","p4_local_project":"","p4_basket_name":"","p4_department":"","footnotes":""},"categories":[45],"tags":[25,24,13],"p4-page-type":[16],"class_list":["post-688","post","type-post","status-publish","format-standard","has-post-thumbnail","hentry","category-energi","tag-hallbarenergi","tag-fossilenergi","tag-omgreenpeace","p4-page-type-artiklar"],"_links":{"self":[{"href":"https:\/\/www.greenpeace.org\/sweden\/wp-json\/wp\/v2\/posts\/688","targetHints":{"allow":["GET"]}}],"collection":[{"href":"https:\/\/www.greenpeace.org\/sweden\/wp-json\/wp\/v2\/posts"}],"about":[{"href":"https:\/\/www.greenpeace.org\/sweden\/wp-json\/wp\/v2\/types\/post"}],"author":[{"embeddable":true,"href":"https:\/\/www.greenpeace.org\/sweden\/wp-json\/wp\/v2\/users\/34"}],"replies":[{"embeddable":true,"href":"https:\/\/www.greenpeace.org\/sweden\/wp-json\/wp\/v2\/comments?post=688"}],"version-history":[{"count":5,"href":"https:\/\/www.greenpeace.org\/sweden\/wp-json\/wp\/v2\/posts\/688\/revisions"}],"predecessor-version":[{"id":58220,"href":"https:\/\/www.greenpeace.org\/sweden\/wp-json\/wp\/v2\/posts\/688\/revisions\/58220"}],"wp:featuredmedia":[{"embeddable":true,"href":"https:\/\/www.greenpeace.org\/sweden\/wp-json\/wp\/v2\/media\/689"}],"wp:attachment":[{"href":"https:\/\/www.greenpeace.org\/sweden\/wp-json\/wp\/v2\/media?parent=688"}],"wp:term":[{"taxonomy":"category","embeddable":true,"href":"https:\/\/www.greenpeace.org\/sweden\/wp-json\/wp\/v2\/categories?post=688"},{"taxonomy":"post_tag","embeddable":true,"href":"https:\/\/www.greenpeace.org\/sweden\/wp-json\/wp\/v2\/tags?post=688"},{"taxonomy":"p4-page-type","embeddable":true,"href":"https:\/\/www.greenpeace.org\/sweden\/wp-json\/wp\/v2\/p4-page-type?post=688"}],"curies":[{"name":"wp","href":"https:\/\/api.w.org\/{rel}","templated":true}]}}