{"id":755,"date":"2018-07-10T00:00:00","date_gmt":"2018-07-10T00:00:00","guid":{"rendered":"https:\/\/www.greenpeace.org\/sweden\/bakgrund\/755\/ett-steg-narmare-ett-storskaligt-havsreservat-i-antarktis\/"},"modified":"2021-12-01T13:40:37","modified_gmt":"2021-12-01T12:40:37","slug":"ett-steg-narmare-ett-storskaligt-havsreservat-i-antarktis","status":"publish","type":"post","link":"https:\/\/www.greenpeace.org\/sweden\/pressmeddelanden\/hav\/ett-steg-narmare-ett-storskaligt-havsreservat-i-antarktis\/","title":{"rendered":"Ett steg n\u00e4rmare ett storskaligt havsreservat  i Antarktis"},"content":{"rendered":"<h2>\u2013 med hj\u00e4lp fr\u00e5n ov\u00e4ntat h\u00e5ll<\/h2>\n<p>Sen i januari i \u00e5r har Greenpeace k\u00e4mpat mot det skadliga krillfisket kring Antarktis hav. Med hj\u00e4lp av 1.7 miljoner m\u00e4nniskor, samt det nyligen tillkomna st\u00f6det av en majoritet av krillfiskef\u00f6retag, har nu st\u00f6det f\u00f6r att skydda Antarktis \u00f6kat lavinartat.<\/p>\n<p>Det h\u00e4r fantastiska meddelandet inneb\u00e4r att n\u00e4stan alla f\u00f6retag som \u00e4r aktiva i Antarktis kommer att sluta fiska inom stora omr\u00e5den runt om den antarktiska halv\u00f6n. Detta inkluderar \u00e4ven buffertzoner runt kritiska h\u00e4ckningsomr\u00e5den f\u00f6r att skydda \u00f6ns unika djurliv.<\/p>\n<p>\u2013 En sn\u00f6bollseffekt har skapats kring skyddet av Antarktis hav och djurliv. Privatpersoner \u00f6ver hela v\u00e4rlden har f\u00e5tt s\u00e4llskap av forskare, regeringar, artister och nu till och med fr\u00e5n fiskef\u00f6retagen i Antarktis. Det \u00e4r ett modigt och progressivt steg som tagits fr\u00e5n de h\u00e4r f\u00f6retagen. Sj\u00e4lvklart hoppas vi att resten av krillindustrin kommer ikapp inom kort, s\u00e4ger Frida Bengtsson, Global projektledare f\u00f6r kampanjen Protect the Antarctic.<\/p>\n<p>Att just krillf\u00f6retag st\u00f6djer kampanjen \u00e4r extra viktigt, d\u00e5 krill \u00e4r basf\u00f6dan f\u00f6r bland annat valar och pingviner, vilket g\u00f6r krillen avg\u00f6rande f\u00f6r det antarktiska ekosystemet. Krillf\u00f6retagen har ocks\u00e5 \u00e5tagit sig att st\u00f6dja forskningen samt de politiska processerna f\u00f6r skapandet av ett n\u00e4tverka av storskaliga havsreservat i Antarktis. Det inkluderar \u00e4ven de omr\u00e5den som f\u00f6retagen idag sj\u00e4lva \u00e4r aktiva i. Alla f\u00f6retag \u00e4r medlemmar i Association of Responsible Krill harvesting companies (ARK) och motsvarar 85 procent av det antarktiska krillfisket.<\/p>\n<p>Vi p\u00e5 Greenpeace ser detta som ett steg n\u00e4rmare ett ut\u00f6kat skydd f\u00f6r Antarktis. Tack vare Greenpeace supporters har vi kunnat s\u00e4tta press p\u00e5 f\u00f6retagen vilket nu har lett till en stor vinst f\u00f6r v\u00e5r bl\u00e5 planet!<\/p>\n<p><strong>Kontakt:<\/strong><br \/>\nRosanna Endre,<br \/>\nAnsvarig f\u00f6r havsfr\u00e5gor, Greenpeace Sverige<br \/>\n070 285 36 78, <a href=\"mailto:rosanna.endre@greenpeace.org\" target=\"_blank\" rel=\"noopener noreferrer\">rosanna.endre@greenpeace.org<\/a><script type=\"text\/javascript\"><\/p>\n<p><strong>Fanny J\u00f6nsson<\/strong><br \/>\nKommunikationsansvarig<br \/>\n+46 (0)70 283 30 36<\/p>\n<p>Foto &amp; video fr\u00e5n Greenpeace expedition i Antarktis tidigare i \u00e5r: <a href=\"https:\/\/media.greenpeace.org\/collection\/27MZIFJW55KKQ\">https:\/\/media.greenpeace.org\/collection\/27MZIFJW55KKQ<\/a><\/p>\n<p>Foto &amp; video fr\u00e5n Greenpeace Antarctic 360\u00b0 event med Javier Bardem:<br \/>\n<a href=\"https:\/\/media.greenpeace.org\/collection\/27MZIFJW5MXE2\">https:\/\/media.greenpeace.org\/collection\/27MZIFJW5MXE2<\/a><\/p>\n<p>F\u00f6r mer information om Greenpeace Antarctic 360\u00b0 event, g\u00e5 till:<br \/>\n<a href=\"https:\/\/www.greenpeace.org.uk\/antarctic360\/\">https:\/\/www.greenpeace.org.uk\/antarctic360\/<\/a><\/p>\n<p>Mer information om Greenpeace kampanj Protect the Antarctic hittar du h\u00e4r:<\/p>\n<p><a href=\"https:\/\/www.greenpeace.org\/sweden\/se\/hav\/antarktiskt-havreservat\/\">https:\/\/www.greenpeace.org\/sweden\/se\/hav\/antarktiskt-havreservat\/<\/a><span data-mce-type=\"bookmark\" style=\"display: inline-block; width: 0px; overflow: hidden; line-height: 0;\" class=\"mce_SELRES_start\"><\/span><\/p>\n<p><\/script><\/p>\n\t\t\t<section\n\t\t\tclass=\"boxout post-645 \"\n\t\t\t\n\t\t>\n\t\t\t<a\n\t\t\t\tdata-ga-category=\"Take Action Boxout\"\n\t\t\t\tdata-ga-action=\"Image\"\n\t\t\t\tdata-ga-label=\"n\/a\"\n\t\t\t\tclass=\"cover-card-overlay\"\n\t\t\t\thref=\"https:\/\/www.greenpeace.org\/sweden\/agera\/skyddahaven\/\" \n\t\t\t><\/a>\n\t\t\t\t\t\t\t<img\n\t\t\t\t\t\tsrc=\"https:\/\/www.greenpeace.org\/static\/planet4-sweden-stateless\/2025\/02\/38acdb55-900x300_split-ud-trawling.jpg\"\n\t\t\t\t\t\tsrcset=\"https:\/\/www.greenpeace.org\/static\/planet4-sweden-stateless\/2025\/02\/38acdb55-900x300_split-ud-trawling-300x100.jpg 300w, https:\/\/www.greenpeace.org\/static\/planet4-sweden-stateless\/2025\/02\/38acdb55-900x300_split-ud-trawling-768x256.jpg 768w, https:\/\/www.greenpeace.org\/static\/planet4-sweden-stateless\/2025\/02\/38acdb55-900x300_split-ud-trawling-510x170.jpg 510w, https:\/\/www.greenpeace.org\/static\/planet4-sweden-stateless\/2025\/02\/38acdb55-900x300_split-ud-trawling.jpg 900w\"\n\t\t\t\t\t\tsizes=\"(min-width: 1000px) 358px, (min-width: 780px) 313px, 88px\"\n\t\t\t\t\t\talt=\"\" title=\"\"\n\t\t\t\t\/>\n            \t\t\t<div class=\"boxout-content\">\n\t\t\t\t\t\t\t\t\t<a\n\t\t\t\t\t\tclass=\"boxout-heading medium\"\n\t\t\t\t\t\tdata-ga-category=\"Take Action Boxout\"\n\t\t\t\t\t\tdata-ga-action=\"Title\"\n\t\t\t\t\t\tdata-ga-label=\"n\/a\"\n\t\t\t\t\t\thref=\"https:\/\/www.greenpeace.org\/sweden\/agera\/skyddahaven\/\"\n\t\t\t\t\t\t\n\t\t\t\t\t>\n\t\t\t\t\t\tSkydda haven &#8211; ratificera avtalet, Maria!\n\t\t\t\t\t<\/a>\n\t\t\t\t\t\t\t\t\t\t\t\t\t<p class=\"boxout-excerpt\">Skriv under och kr\u00e4v med oss att v\u00e5r utrikesminister Maria Malmer Stenergard ser till att Sverige fullf\u00f6ljer sitt l\u00f6fte och godk\u00e4nner avtalet. Skydda haven, Maria! <\/p>\n\t\t\t\t                                    <a\n                        class=\"btn btn-primary\"\n                        data-ga-category=\"Take Action Boxout\"\n                        data-ga-action=\"Call to Action\"\n                        data-ga-label=\"n\/a\"\n                        href=\"https:\/\/www.greenpeace.org\/sweden\/agera\/skyddahaven\/\"\n                        \n                    >\n                        Engagera dig\n                    <\/a>\n                \t\t\t<\/div>\n\t\t\t\t\t<\/section>\n\t","protected":false},"excerpt":{"rendered":"<div>\n\tSen i januari i \u00e5r har Greenpeace k\u00e4mpat mot det skadliga krillfisket kring Antarktis hav. Med hj\u00e4lp av 1.7 miljoner m\u00e4nniskor, samt det nyligen tillkomna st\u00f6det av en majoritet av krillfiskef\u00f6retag, har nu st\u00f6det f\u00f6r att skydda Antarktis \u00f6kat lavinartat.<\/p>\n<\/div>\n","protected":false},"author":34,"featured_media":453,"comment_status":"closed","ping_status":"closed","sticky":false,"template":"","format":"standard","meta":{"ep_exclude_from_search":false,"p4_og_title":"","p4_og_description":"","p4_og_image":"","p4_og_image_id":"","p4_seo_canonical_url":"","p4_campaign_name":"","p4_local_project":"","p4_basket_name":"","p4_department":"","footnotes":""},"categories":[3],"tags":[30,28],"p4-page-type":[14],"class_list":["post-755","post","type-post","status-publish","format-standard","has-post-thumbnail","hentry","category-hav","tag-marinaskyddadeomraden","tag-overfiske","p4-page-type-pressmeddelanden"],"_links":{"self":[{"href":"https:\/\/www.greenpeace.org\/sweden\/wp-json\/wp\/v2\/posts\/755","targetHints":{"allow":["GET"]}}],"collection":[{"href":"https:\/\/www.greenpeace.org\/sweden\/wp-json\/wp\/v2\/posts"}],"about":[{"href":"https:\/\/www.greenpeace.org\/sweden\/wp-json\/wp\/v2\/types\/post"}],"author":[{"embeddable":true,"href":"https:\/\/www.greenpeace.org\/sweden\/wp-json\/wp\/v2\/users\/34"}],"replies":[{"embeddable":true,"href":"https:\/\/www.greenpeace.org\/sweden\/wp-json\/wp\/v2\/comments?post=755"}],"version-history":[{"count":5,"href":"https:\/\/www.greenpeace.org\/sweden\/wp-json\/wp\/v2\/posts\/755\/revisions"}],"predecessor-version":[{"id":49879,"href":"https:\/\/www.greenpeace.org\/sweden\/wp-json\/wp\/v2\/posts\/755\/revisions\/49879"}],"wp:featuredmedia":[{"embeddable":true,"href":"https:\/\/www.greenpeace.org\/sweden\/wp-json\/wp\/v2\/media\/453"}],"wp:attachment":[{"href":"https:\/\/www.greenpeace.org\/sweden\/wp-json\/wp\/v2\/media?parent=755"}],"wp:term":[{"taxonomy":"category","embeddable":true,"href":"https:\/\/www.greenpeace.org\/sweden\/wp-json\/wp\/v2\/categories?post=755"},{"taxonomy":"post_tag","embeddable":true,"href":"https:\/\/www.greenpeace.org\/sweden\/wp-json\/wp\/v2\/tags?post=755"},{"taxonomy":"p4-page-type","embeddable":true,"href":"https:\/\/www.greenpeace.org\/sweden\/wp-json\/wp\/v2\/p4-page-type?post=755"}],"curies":[{"name":"wp","href":"https:\/\/api.w.org\/{rel}","templated":true}]}}