{"id":757,"date":"2015-05-20T14:58:00","date_gmt":"2015-05-20T14:58:00","guid":{"rendered":"https:\/\/www.greenpeace.org\/sweden\/bakgrund\/757\/svaga-eu-normer-pa-utslapp-fran-kolkraftverk-kan-orsaka-71-000-onodiga-dodsfall-ny-rapport\/"},"modified":"2023-10-17T13:56:28","modified_gmt":"2023-10-17T12:56:28","slug":"svaga-eu-normer-pa-utslapp-fran-kolkraftverk-kan-orsaka-71-000-onodiga-dodsfall-ny-rapport","status":"publish","type":"post","link":"https:\/\/www.greenpeace.org\/sweden\/artiklar\/energi\/svaga-eu-normer-pa-utslapp-fran-kolkraftverk-kan-orsaka-71-000-onodiga-dodsfall-ny-rapport\/","title":{"rendered":"Svaga EU-normer p\u00e5 utsl\u00e4pp fr\u00e5n kolkraftverk kan orsaka 71 000 on\u00f6diga d\u00f6dsfall &#8211; ny rapport"},"content":{"rendered":"<div class=\"post-content\">\n<div>\n<p><strong>I EU p\u00e5g\u00e5r just nu processen med att ta fram nya standarder f\u00f6r utsl\u00e4pp fr\u00e5n kolkraftverk. Det utkast p\u00e5 nya riktlinjer som ligger nu skulle f\u00e5 enorma negativa effekter p\u00e5 h\u00e4lsan hos medborgarna i Europa. \u00a0<\/strong><\/p>\n<p>En <a href=\"https:\/\/www.greenpeace.org\/static\/planet4-sweden-stateless\/2019\/01\/3b16cbed-3b16cbed-health_and_economic_implications_of_alternative_emission_limits.pdf\">ny rapport <\/a>som Greenpeace sl\u00e4pper tillsammans med Europeiska milj\u00f6byr\u00e5n idag visar att j\u00e4mf\u00f6relse mellan de f\u00f6reslagna niv\u00e5erna och den b\u00e4sta tillg\u00e4ngliga tekniken skulle inneb\u00e4ra 71\u00a0000 d\u00f6dsfall som kunde ha undvikts. Dessutom orsakas stora m\u00e4ngder sjukdomsfall. Barn skulle drabbas extra mycket om dessa svaga riktlinjer inf\u00f6rs.<\/p>\n<p>De nya standarderna skulle g\u00e4lla fr\u00e5n 2020 till 2029 och s\u00e4tta gr\u00e4nsv\u00e4rden f\u00f6r skadliga luftf\u00f6roreningar inkluderat svaveldioxid, kv\u00e4veoxider, kvicksilver och partiklar. Alla dessa f\u00f6roreningar har signifikanta dokumenterade effekter p\u00e5 h\u00e4lsa och milj\u00f6.<\/p>\n<p><a title=\"Klicka f\u00f6r st\u00f6rre bild\" href=\"https:\/\/www.greenpeace.org\/static\/planet4-sweden-stateless\/2019\/01\/e850600e-e850600e-113120_186682.jpg\" target=\"_blank\" rel=\"noopener noreferrer\"><img loading=\"lazy\" decoding=\"async\" class=\"alignnone\" src=\"https:\/\/www.greenpeace.org\/static\/planet4-sweden-stateless\/2019\/01\/7f65fdf3-7f65fdf3-113117_186676.jpg\" alt=\"\" width=\"600\" height=\"427\" \/><\/a><\/p>\n<p>Ist\u00e4llet f\u00f6r att satsa p\u00e5 standarder som bygger p\u00e5 b\u00e4sta tillg\u00e4ngliga teknik \u00e4r <strong><a href=\"https:\/\/www.greenpeace.org\/archive-eu-unit\/en\/Publications\/2015\/Smoke-and-Mirrors-How-Europes-biggest-polluters-became-their-own-regulators\/\">EU p\u00e5 v\u00e4g a<\/a>tt anta riktlinjer som \u00e4r mycket svagare \u00e4n de riktlinjer som idag g\u00e4ller i Kina, Japan och USA<\/strong>.<\/p>\n<p>Om EU menar allvar med att ta klimatansvar och inte riskera sina medborgares h\u00e4lsa m\u00e5ste riktlinjerna sk\u00e4rpas kraftigt.<\/p>\n<p>Processen kring riktlinjerna visar tydligt att Sverige inte kan v\u00e4nta p\u00e5 internationella riktlinjer utan ta ansvar \u00f6ver sitt statliga bolag Vattenfall. Regeringen har en unik chans att l\u00e4mna kolet i marken.<\/p>\n<\/div>\n<\/div>\n","protected":false},"excerpt":{"rendered":"<p>I EU p\u00e5g\u00e5r just nu processen med att ta fram nya standarder f\u00f6r utsl\u00e4pp fr\u00e5n kolkraftverk. Det utkast p\u00e5 nya riktlinjer som ligger nu skulle f\u00e5 enorma negativa effekter p\u00e5 h\u00e4lsan hos medborgarna i Europa.<\/p>\n","protected":false},"author":29,"featured_media":758,"comment_status":"closed","ping_status":"closed","sticky":false,"template":"","format":"standard","meta":{"ep_exclude_from_search":false,"p4_og_title":"","p4_og_description":"","p4_og_image":"","p4_og_image_id":"","p4_seo_canonical_url":"","p4_campaign_name":"","p4_local_project":"","p4_basket_name":"","p4_department":"","footnotes":""},"categories":[45],"tags":[24],"p4-page-type":[16],"class_list":["post-757","post","type-post","status-publish","format-standard","has-post-thumbnail","hentry","category-energi","tag-fossilenergi","p4-page-type-artiklar"],"_links":{"self":[{"href":"https:\/\/www.greenpeace.org\/sweden\/wp-json\/wp\/v2\/posts\/757","targetHints":{"allow":["GET"]}}],"collection":[{"href":"https:\/\/www.greenpeace.org\/sweden\/wp-json\/wp\/v2\/posts"}],"about":[{"href":"https:\/\/www.greenpeace.org\/sweden\/wp-json\/wp\/v2\/types\/post"}],"author":[{"embeddable":true,"href":"https:\/\/www.greenpeace.org\/sweden\/wp-json\/wp\/v2\/users\/29"}],"replies":[{"embeddable":true,"href":"https:\/\/www.greenpeace.org\/sweden\/wp-json\/wp\/v2\/comments?post=757"}],"version-history":[{"count":6,"href":"https:\/\/www.greenpeace.org\/sweden\/wp-json\/wp\/v2\/posts\/757\/revisions"}],"predecessor-version":[{"id":57969,"href":"https:\/\/www.greenpeace.org\/sweden\/wp-json\/wp\/v2\/posts\/757\/revisions\/57969"}],"wp:featuredmedia":[{"embeddable":true,"href":"https:\/\/www.greenpeace.org\/sweden\/wp-json\/wp\/v2\/media\/758"}],"wp:attachment":[{"href":"https:\/\/www.greenpeace.org\/sweden\/wp-json\/wp\/v2\/media?parent=757"}],"wp:term":[{"taxonomy":"category","embeddable":true,"href":"https:\/\/www.greenpeace.org\/sweden\/wp-json\/wp\/v2\/categories?post=757"},{"taxonomy":"post_tag","embeddable":true,"href":"https:\/\/www.greenpeace.org\/sweden\/wp-json\/wp\/v2\/tags?post=757"},{"taxonomy":"p4-page-type","embeddable":true,"href":"https:\/\/www.greenpeace.org\/sweden\/wp-json\/wp\/v2\/p4-page-type?post=757"}],"curies":[{"name":"wp","href":"https:\/\/api.w.org\/{rel}","templated":true}]}}