{"id":778,"date":"2018-01-15T00:00:00","date_gmt":"2018-01-15T00:00:00","guid":{"rendered":"https:\/\/www.greenpeace.org\/sweden\/bakgrund\/778\/svenskledd-antarktisexpedition-till-outforskat-hav\/"},"modified":"2023-02-23T11:45:20","modified_gmt":"2023-02-23T10:45:20","slug":"svenskledd-antarktisexpedition-till-outforskat-hav","status":"publish","type":"post","link":"https:\/\/www.greenpeace.org\/sweden\/artiklar\/hav\/svenskledd-antarktisexpedition-till-outforskat-hav\/","title":{"rendered":"Svenskledd Antarktisexpedition till outforskat hav"},"content":{"rendered":"<p><strong>P\u00e5 andra sidan v\u00e5r bl\u00e5 planet finns ett myllrande hav d\u00e4r valar, s\u00e4lar och pingviner lever: Antarktiska oceanen. V\u00e5rt fartyg genomf\u00f6r nu en tre m\u00e5nader l\u00e5ng resa till tidigare outforskade Weddelhavet i Antarktis. Med ombord finns den v\u00e4rldsk\u00e4nda polarforskaren Susanne Lockhart och ledaren f\u00f6r den globala kampanjen svenska Frida Bengtsson.<\/strong><\/p>\n<p><img loading=\"lazy\" decoding=\"async\" title=\"Forskaren Susanne Lockhart och expeditionsledaren Frida Bengtsson i planeringsm\u00f6te ombord p\u00e5 Arctic Sunrise.\" src=\"https:\/\/www.greenpeace.org\/static\/planet4-sweden-stateless\/2019\/01\/b4caea29-b4caea29-gp0strfov_medium_res_with_credit_line.jpg\" alt=\"Forskaren Susanne Lockhart och expeditionsledaren Frida Bengtsson i planeringsm\u00f6te ombord p\u00e5 Arctic Sunrise.\" width=\"600\" height=\"400\"><br \/>\n<em>Forskaren Susanne Lockhart och expeditionsledaren Frida Bengtsson i planeringsm\u00f6te ombord p\u00e5 Arctic Sunrise.<\/em><\/p>\n<h2>Nya arter?<\/h2>\n<p>Vi kommer att dyka med ub\u00e5tar och ta undervattensbilder fr\u00e5n det oerh\u00f6rt k\u00e4nsliga marina ekosystemet i Weddellhavet som aldrig tidigare blivit unders\u00f6kt. H\u00e4r finns den h\u00f6gsta m\u00e5ngfalden av pingvinarter i Antarktis och \u00e4ven den st\u00f6rsta populationerna av krill.<\/p>\n<p>Det finns en chans att teamet ombord p\u00e5 v\u00e5rt fartyg kommer att kunna uppt\u00e4cka tidigare ok\u00e4nda arter och all dokumentation kommer att l\u00e4mnas in till den <a href=\"https:\/\/www.google.se\/url?sa=t&amp;rct=j&amp;q=&amp;esrc=s&amp;source=web&amp;cd=8&amp;cad=rja&amp;uact=8&amp;ved=0ahUKEwib8-2oidrYAhXB8RQKHSeIAVEQFgg-MAc&amp;url=https%3A%2F%2Fen.wikipedia.org%2Fwiki%2FConvention_for_the_Conservation_of_Antarctic_Marine_Living_Resources&amp;usg=AOvVaw15Hdw7vaUHtgWGxX5RizFe\">Antarktiska havskommissionen<\/a> f\u00f6r att understryka vikten av att skydda detta omr\u00e5de.<\/p>\n<p><strong>Detta viktiga hav och alla dess fascinerande inv\u00e5nare hotas av ett varmare klimat och en expanderande fiskeindustri <\/strong>som nu har riktat in sig p\u00e5 en art som praktiskt taget alla andra djur \u00e4r beroende av \u2013 krill. Krillen \u00e4r de sm\u00e5 kr\u00e4ftliknande djur som pingviner, valar, s\u00e4lar och andra djur \u00e4r helt beroende av f\u00f6r sin \u00f6verlevnad. <strong><br \/>\n<\/strong><br \/>\nDen svenska regeringen \u00e4r med i den <a href=\"https:\/\/www.google.se\/url?sa=t&amp;rct=j&amp;q=&amp;esrc=s&amp;source=web&amp;cd=8&amp;cad=rja&amp;uact=8&amp;ved=0ahUKEwib8-2oidrYAhXB8RQKHSeIAVEQFgg-MAc&amp;url=https%3A%2F%2Fen.wikipedia.org%2Fwiki%2FConvention_for_the_Conservation_of_Antarctic_Marine_Living_Resources&amp;usg=AOvVaw15Hdw7vaUHtgWGxX5RizFe\">Antarktiska havskommissionen<\/a> som i \u00e5r kan ta st\u00e4llning till att skapa ett enormt antarktiskt havsreservat.<\/p>\n<p><img decoding=\"async\" src=\"https:\/\/www.greenpeace.org\/static\/planet4-sweden-stateless\/2019\/01\/f9fca70a-f9fca70a-gp0strfpl_medium_res_with_credit_line.jpg\" alt=\"En Commersons delfin (Cephalorhynchus commersonii) g\u00f6r v\u00e5rt fartyg s\u00e4llskap. P\u00e5 grund av sin teckning brukar den ocks\u00e5 kallas f\u00f6r skunkdelfin!\" width=\"600\"><\/p>\n<p><em>En Commersons delfin (Cephalorhynchus commersonii) g\u00f6r v\u00e5rt fartyg s\u00e4llskap p\u00e5 v\u00e4g fr\u00e5n Sydamerika. P\u00e5 grund av sin teckning kallas den ibland skunkdelfin!<\/em><\/p>\n<h3>Den biologiska m\u00e5ngfalden kan j\u00e4mf\u00f6ras med tropiska korallrev<\/h3>\n<p>De omr\u00e5den i den Antarktiska Oceanen som har den rikaste biologiska m\u00e5ngfalden kan j\u00e4mf\u00f6ras med tropiska korallrev. Weddellhavet \u00e4r hem \u00e5t 9000 olika arter och havsbotten myllrar av olika livsformer s\u00e5som glassvampar, mjukkoraller och andra bottenlevande arter som skapar fantastiska skogsliknande strukturer.<\/p>\n<p>Det finns \u00f6ver 78 000 kejsarpingvinpar kring Weddellhavet vilket \u00e4r en tredjedel av den globala populationen av kejsarpingviner. Tv\u00e5 populationer av ad\u00e9liepingviner, omkring 35 000 par, lever l\u00e4ngst ut p\u00e5 den Antarktiska halv\u00f6n.<\/p>\n<p>Weddelhavet \u00e4r ocks\u00e5 hem \u00e5t tolv olika sorters valar och sex olika s\u00e4lar: bl\u00e5val, sillval, antarktisk vikval, kn\u00f6lval, kaskelot, sp\u00e4ckhuggare och timglasdelfin samt krabb\u00e4tars\u00e4l, weddels\u00e4l, rosss\u00e4l, sj\u00f6leopard, antarktisk p\u00e4lss\u00e4l och sydlig sj\u00f6elefant.<\/p>\n<p><a href=\"https:\/\/www.greenpeace.org\/sweden\/se\/hav\/antarktiskt-havreservat\/\"><img loading=\"lazy\" decoding=\"async\" title=\"Skydda Antarktis\" src=\"https:\/\/www.greenpeace.org\/static\/planet4-sweden-stateless\/2019\/01\/5850f931-5850f931-fbcover_sweden.png\" alt=\"Skydda Antarktis\" width=\"600\" height=\"227\"><\/a><\/p>\n<h3>Vi kan skriva historia!<\/h3>\n<p><strong>Just i \u00e5r har vi chansen att skapa v\u00e4rldens st\u00f6rsta skyddade omr\u00e5de \u2013 ett enormt antarktiskt havsreservat. <\/strong>Vad \u00e4nnu b\u00e4ttre \u00e4r att den svenska regeringen \u00e4r med i en antarktisk havskommission som har mandat att skydda havet.<\/p>\n<p>F\u00f6rra \u00e5ret lyckades vi skapa ett reservat i Rosshavet \u2013 en stor seger f\u00f6r Antarktis. Forskningen \u00e4r tydlig: vi beh\u00f6ver skydda minst 30% av v\u00e5ra hav f\u00f6r att de ska vara livskraftiga \u00e4ven i framtiden, och Antarktis \u00e4r den perfekta platsen att b\u00f6rja!<\/p>\n<p>Omr\u00e5det vi vill skydda \u00e4r Weddellhavet. Den Antarktiska havskommissionen CCAMLR (Convention for the Conservation of Antarctic Marine Living Resources) ska ta st\u00e4llning till om det h\u00e4r omr\u00e5det ska bli v\u00e4rldens st\u00f6rsta skyddade omr\u00e5de i h\u00f6st, motsvarande fyra g\u00e5nger Sveriges storlek.<\/p>\n<h3>Regeringar v\u00e4rlden \u00f6ver har ansvaret f\u00f6r den Antarktiska oceanen<\/h3>\n<p>Idag finns det v\u00e4ldigt f\u00e5 mekanismer f\u00f6r att skydda internationellt vatten. Den Antarktiska havskommissionen har idag de b\u00e4sta m\u00f6jligheterna f\u00f6r att skydda stora havsomr\u00e5den i S\u00f6dra ishavet.<\/p>\n<p>Kommissionen best\u00e5r av 24 medlemsl\u00e4nder samt EU. Den etablerades 1982 som en del av Antarktisf\u00f6rdraget. Sverige \u00e4r medlem i kommissionen, dels genom EU men ocks\u00e5 som egen medlem, och har d\u00e4rf\u00f6r ett stort ansvar att se till att den Antarktiska oceanen, och i det h\u00e4r specifika fallet Weddelhavet, f\u00e5r s\u00e5 starkt och omfattande skydd som m\u00f6jligt s\u00e5 att Weddellhavet f\u00f6rblir or\u00f6rt.<\/p>\n\t\t\t<section\n\t\t\tclass=\"boxout post-645 \"\n\t\t\t\n\t\t>\n\t\t\t<a\n\t\t\t\tdata-ga-category=\"Take Action Boxout\"\n\t\t\t\tdata-ga-action=\"Image\"\n\t\t\t\tdata-ga-label=\"n\/a\"\n\t\t\t\tclass=\"cover-card-overlay\"\n\t\t\t\thref=\"https:\/\/www.greenpeace.org\/sweden\/agera\/skyddahaven\/\" \n\t\t\t><\/a>\n\t\t\t\t\t\t\t<img\n\t\t\t\t\t\tsrc=\"https:\/\/www.greenpeace.org\/static\/planet4-sweden-stateless\/2025\/02\/38acdb55-900x300_split-ud-trawling.jpg\"\n\t\t\t\t\t\tsrcset=\"https:\/\/www.greenpeace.org\/static\/planet4-sweden-stateless\/2025\/02\/38acdb55-900x300_split-ud-trawling-300x100.jpg 300w, https:\/\/www.greenpeace.org\/static\/planet4-sweden-stateless\/2025\/02\/38acdb55-900x300_split-ud-trawling-768x256.jpg 768w, https:\/\/www.greenpeace.org\/static\/planet4-sweden-stateless\/2025\/02\/38acdb55-900x300_split-ud-trawling-510x170.jpg 510w, https:\/\/www.greenpeace.org\/static\/planet4-sweden-stateless\/2025\/02\/38acdb55-900x300_split-ud-trawling.jpg 900w\"\n\t\t\t\t\t\tsizes=\"(min-width: 1000px) 358px, (min-width: 780px) 313px, 88px\"\n\t\t\t\t\t\talt=\"\" title=\"\"\n\t\t\t\t\/>\n            \t\t\t<div class=\"boxout-content\">\n\t\t\t\t\t\t\t\t\t<a\n\t\t\t\t\t\tclass=\"boxout-heading medium\"\n\t\t\t\t\t\tdata-ga-category=\"Take Action Boxout\"\n\t\t\t\t\t\tdata-ga-action=\"Title\"\n\t\t\t\t\t\tdata-ga-label=\"n\/a\"\n\t\t\t\t\t\thref=\"https:\/\/www.greenpeace.org\/sweden\/agera\/skyddahaven\/\"\n\t\t\t\t\t\t\n\t\t\t\t\t>\n\t\t\t\t\t\tSkydda haven &#8211; ratificera avtalet, Maria!\n\t\t\t\t\t<\/a>\n\t\t\t\t\t\t\t\t\t\t\t\t\t<p class=\"boxout-excerpt\">Skriv under och kr\u00e4v med oss att v\u00e5r utrikesminister Maria Malmer Stenergard ser till att Sverige fullf\u00f6ljer sitt l\u00f6fte och godk\u00e4nner avtalet. Skydda haven, Maria! <\/p>\n\t\t\t\t                                    <a\n                        class=\"btn btn-primary\"\n                        data-ga-category=\"Take Action Boxout\"\n                        data-ga-action=\"Call to Action\"\n                        data-ga-label=\"n\/a\"\n                        href=\"https:\/\/www.greenpeace.org\/sweden\/agera\/skyddahaven\/\"\n                        \n                    >\n                        Engagera dig\n                    <\/a>\n                \t\t\t<\/div>\n\t\t\t\t\t<\/section>\n\t","protected":false},"excerpt":{"rendered":"<p>P\u00e5 andra sidan v\u00e5r bl\u00e5 planet finns ett myllrande hav d\u00e4r valar, s\u00e4lar och pingviner lever: Antarktiska oceanen. V\u00e5rt fartyg genomf\u00f6r nu en tre m\u00e5nader l\u00e5ng resa till tidigare outforskade&hellip;<\/p>\n","protected":false},"author":34,"featured_media":782,"comment_status":"closed","ping_status":"closed","sticky":false,"template":"","format":"standard","meta":{"ep_exclude_from_search":false,"p4_og_title":"","p4_og_description":"","p4_og_image":"","p4_og_image_id":"","p4_seo_canonical_url":"","p4_campaign_name":"","p4_local_project":"","p4_basket_name":"","p4_department":"","footnotes":""},"categories":[3],"tags":[30,40],"p4-page-type":[16],"class_list":["post-778","post","type-post","status-publish","format-standard","has-post-thumbnail","hentry","category-hav","tag-marinaskyddadeomraden","tag-biodiversitet","p4-page-type-artiklar"],"_links":{"self":[{"href":"https:\/\/www.greenpeace.org\/sweden\/wp-json\/wp\/v2\/posts\/778","targetHints":{"allow":["GET"]}}],"collection":[{"href":"https:\/\/www.greenpeace.org\/sweden\/wp-json\/wp\/v2\/posts"}],"about":[{"href":"https:\/\/www.greenpeace.org\/sweden\/wp-json\/wp\/v2\/types\/post"}],"author":[{"embeddable":true,"href":"https:\/\/www.greenpeace.org\/sweden\/wp-json\/wp\/v2\/users\/34"}],"replies":[{"embeddable":true,"href":"https:\/\/www.greenpeace.org\/sweden\/wp-json\/wp\/v2\/comments?post=778"}],"version-history":[{"count":6,"href":"https:\/\/www.greenpeace.org\/sweden\/wp-json\/wp\/v2\/posts\/778\/revisions"}],"predecessor-version":[{"id":55262,"href":"https:\/\/www.greenpeace.org\/sweden\/wp-json\/wp\/v2\/posts\/778\/revisions\/55262"}],"wp:featuredmedia":[{"embeddable":true,"href":"https:\/\/www.greenpeace.org\/sweden\/wp-json\/wp\/v2\/media\/782"}],"wp:attachment":[{"href":"https:\/\/www.greenpeace.org\/sweden\/wp-json\/wp\/v2\/media?parent=778"}],"wp:term":[{"taxonomy":"category","embeddable":true,"href":"https:\/\/www.greenpeace.org\/sweden\/wp-json\/wp\/v2\/categories?post=778"},{"taxonomy":"post_tag","embeddable":true,"href":"https:\/\/www.greenpeace.org\/sweden\/wp-json\/wp\/v2\/tags?post=778"},{"taxonomy":"p4-page-type","embeddable":true,"href":"https:\/\/www.greenpeace.org\/sweden\/wp-json\/wp\/v2\/p4-page-type?post=778"}],"curies":[{"name":"wp","href":"https:\/\/api.w.org\/{rel}","templated":true}]}}