{"id":839,"date":"2015-10-05T10:00:00","date_gmt":"2015-10-05T10:00:00","guid":{"rendered":"https:\/\/www.greenpeace.org\/sweden\/bakgrund\/839\/vara-karnkraftsaktioner-har-lyckats\/"},"modified":"2023-02-20T14:54:28","modified_gmt":"2023-02-20T13:54:28","slug":"vara-karnkraftsaktioner-har-lyckats","status":"publish","type":"post","link":"https:\/\/www.greenpeace.org\/sweden\/artiklar\/energi\/vara-karnkraftsaktioner-har-lyckats\/","title":{"rendered":"V\u00e5ra k\u00e4rnkraftsaktioner har lyckats"},"content":{"rendered":"<p><strong><img decoding=\"async\" src=\"https:\/\/www.greenpeace.org\/static\/planet4-sweden-stateless\/2019\/01\/0cd46292-0cd46292-118018_198380.jpg\" alt=\"Greenpeace activist with a banner on the reactor Oskarshamn 2\"><\/strong><\/p>\n<p><strong>Idag inleds r\u00e4tteg\u00e5ngen i Kalmar mot 19 aktivister fr\u00e5n Greenpeace som h\u00e4ngde en banderoll p\u00e5 Oskarshamns k\u00e4rnkraftverk i mars 2014 med budskapen om att det \u00e4r dags att pensionera de gamla reaktorerna.<\/strong><\/p>\n<p>Aktionen f\u00f6rra \u00e5ret f\u00f6ljer p\u00e5 en l\u00e5ng och framg\u00e5ngsrik tradition av kamp f\u00f6r milj\u00f6n. Greenpeace startades f\u00f6r \u00f6ver fyrtio \u00e5r sedan d\u00e5 en grupp fredsaktivister i protest mot USA:s provspr\u00e4ngningar av k\u00e4rnvapen seglade en gammal tr\u00e5lare mot testplatsen. S\u00e5 f\u00f6ddes Greenpeace, v\u00e4rldens st\u00f6rsta oberoende milj\u00f6organisation.<\/p>\n<p>Greenpeace \u00e4r en oberoende organisation som agerar f\u00f6r att f\u00f6r\u00e4ndra attityder och beteenden, skydda och bevara milj\u00f6n och verka f\u00f6r fred.<\/p>\n<p>Greenpeace g\u00f6r detta genom att unders\u00f6ka, exponera och konfrontera \u00f6vergrepp mot milj\u00f6n och f\u00f6rm\u00e5 dem som har politisk och ekonomisk makt att \u00e5stadkomma en f\u00f6r\u00e4ndring.<\/p>\n<p>K\u00e4rnan i Greenpeace verksamhet \u00e4r fredlig aktion. Alla aktivister \u00e4r tr\u00e4nade i principerna f\u00f6r ickev\u00e5ld och de anv\u00e4nder aldrig v\u00e5ld ens n\u00e4r de sj\u00e4lva uts\u00e4tts f\u00f6r det. Erfarenheten visar att civil olydnad och ickev\u00e5ldsaktioner kan skapa politisk f\u00f6r\u00e4ndring.&nbsp; Det \u00e4r n\u00e5got som alla demokratiska samh\u00e4llen beh\u00f6ver f\u00f6r att forts\u00e4tta utvecklas.<\/p>\n<p>Greenpeace aktivister tar alltid ansvar f\u00f6r sina handlingar och \u00e4r beredda att acceptera r\u00e4ttsliga p\u00e5f\u00f6ljder. R\u00e4tteg\u00e5ngen \u00e4r en m\u00f6jlighet f\u00f6r v\u00e5ra aktivister att igen \u00f6ppna upp f\u00f6r dialog med motpart och allm\u00e4nhet.<\/p>\n<p>Greenpeace aktion vid Oskarshamns k\u00e4rnkraftverk i mars 2014 var en del i en st\u00f6rre kampanj f\u00f6r att uppm\u00e4rksamma de \u00f6kade risker som en allt \u00e4ldre k\u00e4rnkraftspark i Europa inneb\u00e4r f\u00f6r m\u00e4nniska och milj\u00f6.<\/p>\n<p>Samtidigt som den svenska aktionen genomf\u00f6rdes utf\u00f6rdes <a href=\"https:\/\/www.youtube.com\/watch?v=qKbw-0FEv-0&amp;feature=youtu.be\" target=\"_blank\" rel=\"noopener noreferrer\">ytterligare ett antal aktioner runt om i Europa<\/a>. I totalt sex l\u00e4nder medverkade 240 aktivister. Samtidigt sl\u00e4pptes ocks\u00e5 en omfattande rapport \u2013 <em>Litetime extension of nuclear powerplants: entering a new era of risk<\/em> \u2013 som grundligt g\u00e5r igenom de \u00f6kade risker som en allt \u00e4ldre k\u00e4rnkraftspark i Europa inneb\u00e4r. \u00d6ver en tredjedel av reaktorerna i Europa (exklusive Ryssland) \u00e4r 30 \u00e5r eller \u00e4ldre.<\/p>\n<p>I Sverige levererade Greenpeace aktivister ett pensionsbesked till Oskarshamns kraftgrupp, OKG, \u2013 det \u00e4r tid f\u00f6r pension.<\/p>\n<p><strong>Sverige har n\u00e5gra av Europas \u00e4ldsta och mest slitna reaktorer. Med stigande \u00e5lder minskar s\u00e4kerhetsmarginalerna och riskerna \u00f6kar dramatiskt, vilket g\u00f6r att de h\u00e4r reaktorerna m\u00e5ste tas ur drift s\u00e5 snart som m\u00f6jligt. Reaktorerna 1 och 2 i Oskarshamn \u00e4r \u00f6ver 40 \u00e5r och har d\u00e4rmed passerat sin tekniska livsl\u00e4ngd och uts\u00e4tter m\u00e4nniskor f\u00f6r oacceptabla risker. <\/strong><\/p>\n<p>I samband med aktionen publicerade vi rapporten <a href=\"https:\/\/www.greenpeace.org\/static\/planet4-sweden-stateless\/2019\/01\/17d3ac94-17d3ac94-tidforpension.pdf\" target=\"_blank\" rel=\"noopener noreferrer\"><em>Tid f\u00f6r pension \u2013 gammal k\u00e4rnkraft, nya risker<\/em><\/a> som beskriver n\u00e5gra av de allvarliga problem som den gamla riskabla svenska k\u00e4rnkraften medf\u00f6r.<\/p>\n<p>I Sverige har Greenpeace under flera \u00e5r pekat p\u00e5 s\u00e4kerhetsbristerna f\u00f6r k\u00e4rnkraftverken. 2012 genomf\u00f6rdes en uppm\u00e4rksammad aktion d\u00e4r ett 70-tal aktivister enkelt tog sig in p\u00e5 b\u00e5de Ringhals och Forsmark k\u00e4rnkraftverk d\u00e4r flera av dem \u00f6vernattade i \u00f6ver ett dygn. Vi kallade aktionen f\u00f6r ett \u201dstresstest\u201d av s\u00e4kerheten vid reaktorerna. Samtidigt sl\u00e4ppte vi rapporten <em>Riskabla reaktorer<\/em> som g\u00e5r igenom de allvarligaste s\u00e4kerhetsriskerna med svensk k\u00e4rnkraft.<\/p>\n<p><strong>K\u00e4rnkraft \u00e4r inte en framtidsl\u00f6sning. Regeringen har slagit fast att <a href=\"http:\/\/www.mp.se\/just-nu\/framtiden-ar-fornybar\" target=\"_blank\" rel=\"noopener noreferrer\">k\u00e4rnkraften ska fasas ut och att 100 % f\u00f6rnybar energi \u00e4r m\u00e5let<\/a>. Detta har Greenpeace drivit l\u00e4nge och vi har ocks\u00e5 visat att Sverige kan genomf\u00f6ra energiomst\u00e4llningen senast till 2030.<\/strong><\/p>\n<p>Regeringen har ocks\u00e5 slagit fast att s\u00e4kerhetskraven f\u00f6r k\u00e4rnkraften ska sk\u00e4rpas och att den ska b\u00e4ra en h\u00f6gre andel av sina samh\u00e4llsekonomiska kostnader. I december f\u00f6rra \u00e5ret beslutade Str\u00e5ls\u00e4kerhetsmyndigheten att samtliga svenska k\u00e4rnreaktorer ska installera s\u00e5 kallad oberoende h\u00e4rdkylning senast 2020 (till en kostnad av ca 1 miljard per reaktor).<\/p>\n<p>Som en direkt f\u00f6ljd av dessa h\u00e4ndelser har Vattenfall och Eon i \u00e5r beslutat att st\u00e4nga de \u00e4ldsta reaktorerna senast 2020. Just dessa reaktorer, Ringhals 1 och 2 samt Oskarshamn 1 och 2, \u00e4r de reaktorer som Greenpeace genom denna aktion och kampanj velat uppm\u00e4rksamma med m\u00e5let att de ska fasas snarast m\u00f6jligt.<\/p>\n<p>V\u00e5ra aktioner, rapporter och v\u00e5rt allm\u00e4nna opinionsbildande arbete har varit framg\u00e5ngsrikt. Vi \u00e4r otroligt stolta \u00f6ver att ha bidragit till att den svenska energipolitiska kartan ritats om och att Sverige p\u00e5 kort tid tagit avg\u00f6rande kliv bort fr\u00e5n k\u00e4rnkrafts\u00e5ldern mot en f\u00f6rnybar framtid.<\/p>\n","protected":false},"excerpt":{"rendered":"<p>Idag inleds r\u00e4tteg\u00e5ngen i Kalmar mot 19 aktivister fr\u00e5n Greenpeace som h\u00e4ngde en banderoll p\u00e5 Oskarshamns k\u00e4rnkraftverk i mars 2014 med budskapen om att det \u00e4r dags att pensionera de&hellip;<\/p>\n","protected":false},"author":28,"featured_media":841,"comment_status":"closed","ping_status":"closed","sticky":false,"template":"","format":"standard","meta":{"ep_exclude_from_search":false,"p4_og_title":"","p4_og_description":"","p4_og_image":"","p4_og_image_id":"","p4_seo_canonical_url":"","p4_campaign_name":"","p4_local_project":"","p4_basket_name":"","p4_department":"","footnotes":""},"categories":[45],"tags":[26,31],"p4-page-type":[16],"class_list":["post-839","post","type-post","status-publish","format-standard","has-post-thumbnail","hentry","category-energi","tag-atomkraft","tag-aktivism","p4-page-type-artiklar"],"_links":{"self":[{"href":"https:\/\/www.greenpeace.org\/sweden\/wp-json\/wp\/v2\/posts\/839","targetHints":{"allow":["GET"]}}],"collection":[{"href":"https:\/\/www.greenpeace.org\/sweden\/wp-json\/wp\/v2\/posts"}],"about":[{"href":"https:\/\/www.greenpeace.org\/sweden\/wp-json\/wp\/v2\/types\/post"}],"author":[{"embeddable":true,"href":"https:\/\/www.greenpeace.org\/sweden\/wp-json\/wp\/v2\/users\/28"}],"replies":[{"embeddable":true,"href":"https:\/\/www.greenpeace.org\/sweden\/wp-json\/wp\/v2\/comments?post=839"}],"version-history":[{"count":7,"href":"https:\/\/www.greenpeace.org\/sweden\/wp-json\/wp\/v2\/posts\/839\/revisions"}],"predecessor-version":[{"id":54730,"href":"https:\/\/www.greenpeace.org\/sweden\/wp-json\/wp\/v2\/posts\/839\/revisions\/54730"}],"wp:featuredmedia":[{"embeddable":true,"href":"https:\/\/www.greenpeace.org\/sweden\/wp-json\/wp\/v2\/media\/841"}],"wp:attachment":[{"href":"https:\/\/www.greenpeace.org\/sweden\/wp-json\/wp\/v2\/media?parent=839"}],"wp:term":[{"taxonomy":"category","embeddable":true,"href":"https:\/\/www.greenpeace.org\/sweden\/wp-json\/wp\/v2\/categories?post=839"},{"taxonomy":"post_tag","embeddable":true,"href":"https:\/\/www.greenpeace.org\/sweden\/wp-json\/wp\/v2\/tags?post=839"},{"taxonomy":"p4-page-type","embeddable":true,"href":"https:\/\/www.greenpeace.org\/sweden\/wp-json\/wp\/v2\/p4-page-type?post=839"}],"curies":[{"name":"wp","href":"https:\/\/api.w.org\/{rel}","templated":true}]}}