{"id":913,"date":"2015-03-05T16:34:00","date_gmt":"2015-03-05T16:34:00","guid":{"rendered":"https:\/\/www.greenpeace.org\/sweden\/bakgrund\/913\/gammal-karnkraft-nya-risker\/"},"modified":"2023-02-20T15:25:50","modified_gmt":"2023-02-20T14:25:50","slug":"gammal-karnkraft-nya-risker","status":"publish","type":"post","link":"https:\/\/www.greenpeace.org\/sweden\/artiklar\/energi\/gammal-karnkraft-nya-risker\/","title":{"rendered":"Gammal k\u00e4rnkraft, nya risker"},"content":{"rendered":"<div class=\"post-content\">\n<div>\n<p><strong>Den 5 mars 2014, f\u00f6r ett \u00e5r sedan, genomf\u00f6rde aktivister fr\u00e5n Greenpeace en aktion vid Oskarshamns k\u00e4rnkraftverk. De h\u00e4ngde upp en tio meter bred banderoll p\u00e5 reaktorn Oskarshamn 2 med ett tydligt budskap: Det \u00e4r tid f\u00f6r pension f\u00f6r svensk k\u00e4rnkraft.<\/strong><\/p>\n<p><img decoding=\"async\" src=\"https:\/\/www.greenpeace.org\/static\/planet4-sweden-stateless\/2019\/01\/824b7c58-824b7c58-97340_155358.jpg\" alt=\"Tid f\u00f6r pension av k\u00e4rnkraften\"><\/p>\n<p><a href=\"https:\/\/www.greenpeace.org\/static\/planet4-sweden-stateless\/2019\/01\/6737871d-6737871d-tidforpension.pdf\" target=\"_blank\" rel=\"noopener noreferrer\"><strong>Sverige har n\u00e5gra av<\/strong> Europas \u00e4ldsta reaktorer<\/a> och fyra av dessa; Ringhals 1 och 2 samt Oskarshamn 1 och 2 \u00e4r \u00f6ver 40 \u00e5r gamla. Det betyder att de passerat den tekniska livsl\u00e4ngd som de byggdes f\u00f6r. Oskarshamn 2 \u00e4r den tionde \u00e4ldsta reaktorn i Europa (exklusive Ryssland) och den tredje \u00e4ldsta i Sverige.<\/p>\n<p><strong>Trots uppgraderingar<\/strong> och reparationer f\u00f6rs\u00e4mras det allm\u00e4nna tillst\u00e5ndet hos dessa k\u00e4rnkraftverk och <a href=\"https:\/\/www.greenpeace.org\/static\/planet4-sweden-stateless\/2019\/01\/6737871d-6737871d-outofage.pdf\" target=\"_blank\" rel=\"noopener noreferrer\">sannolikheten f\u00f6r en olycka \u00f6kar<\/a>. I takt med att reaktorerna i Sverige och \u00f6vriga Europa blir allt \u00e4ldre tr\u00e4der vi in i en ny era av risker. Ingen reaktor i v\u00e4rlden har drivits l\u00e4ngre \u00e4n 50 \u00e5r. De fulla konsekvenserna av en allt \u00e4ldre k\u00e4rnkraftspark kan d\u00e4rmed sammanfattas i tv\u00e5 ord: ingen vet.<\/p>\n<p><strong>Vad vi d\u00e4remot vet<\/strong> \u00e4r att det finns allvarliga s\u00e4kerhetsbrister hos Oskarshamns k\u00e4rnkraftverk, n\u00e5got som den ansvariga myndigheten, Str\u00e5ls\u00e4kerhetsmyndigheten (SSM), har p\u00e5pekat ett flertal g\u00e5nger. Men trots alla uppdagade brister v\u00e4ljer SSM att godk\u00e4nna s\u00e4kerhetsredovisningen f\u00f6r Oskarshamn 2 och \u00f6ppnar d\u00e4rmed upp f\u00f6r reaktorns \u00e5terstart.<\/p>\n<p><strong>N\u00e4r ansvariga beslutsfattare<\/strong> inte tar sitt ansvar utan blundar f\u00f6r riskerna \u00e4r det inte bara v\u00e5r r\u00e4tt \u2013 det \u00e4r v\u00e5r skyldighet \u2013 att protestera f\u00f6r att skydda m\u00e4nniskor och milj\u00f6.<\/p>\n<p><strong>Polisen genomf\u00f6r nu<\/strong> en f\u00f6runders\u00f6kning efter aktionen f\u00f6rra \u00e5ret. Samtidigt har reaktorn blivit ett \u00e5r \u00e4ldre, fler brister uppdagats och risken f\u00f6r en olycka \u00f6kar f\u00f6r var dag som g\u00e5r.<\/p>\n<p><strong>Ist\u00e4llet f\u00f6r att jaga<\/strong> aktivister som belyser allvarliga s\u00e4kerhetsproblem borde polis och \u00e5klagare rikta uppm\u00e4rksamheten mot de som ignorerar eller bryter mot v\u00e4sentliga s\u00e4kerhetskrav f\u00f6r svensk k\u00e4rnkraft.<\/p>\n<\/div>\n<\/div>\n","protected":false},"excerpt":{"rendered":"<p>Den 5 mars 2014, f\u00f6r ett \u00e5r sedan, genomf\u00f6rde aktivister fr\u00e5n Greenpeace en aktion vid Oskarshamns k\u00e4rnkraftverk. De h\u00e4ngde upp en tio meter bred banderoll p\u00e5 reaktorn Oskarshamn 2 med ett tydligt budskap: Det \u00e4r tid f\u00f6r pension f\u00f6r svensk k\u00e4rnkraft.<\/p>\n","protected":false},"author":28,"featured_media":914,"comment_status":"closed","ping_status":"closed","sticky":false,"template":"","format":"standard","meta":{"ep_exclude_from_search":false,"p4_og_title":"","p4_og_description":"","p4_og_image":"","p4_og_image_id":"","p4_seo_canonical_url":"","p4_campaign_name":"","p4_local_project":"","p4_basket_name":"","p4_department":"","footnotes":""},"categories":[45],"tags":[26,31],"p4-page-type":[16],"class_list":["post-913","post","type-post","status-publish","format-standard","has-post-thumbnail","hentry","category-energi","tag-atomkraft","tag-aktivism","p4-page-type-artiklar"],"_links":{"self":[{"href":"https:\/\/www.greenpeace.org\/sweden\/wp-json\/wp\/v2\/posts\/913","targetHints":{"allow":["GET"]}}],"collection":[{"href":"https:\/\/www.greenpeace.org\/sweden\/wp-json\/wp\/v2\/posts"}],"about":[{"href":"https:\/\/www.greenpeace.org\/sweden\/wp-json\/wp\/v2\/types\/post"}],"author":[{"embeddable":true,"href":"https:\/\/www.greenpeace.org\/sweden\/wp-json\/wp\/v2\/users\/28"}],"replies":[{"embeddable":true,"href":"https:\/\/www.greenpeace.org\/sweden\/wp-json\/wp\/v2\/comments?post=913"}],"version-history":[{"count":5,"href":"https:\/\/www.greenpeace.org\/sweden\/wp-json\/wp\/v2\/posts\/913\/revisions"}],"predecessor-version":[{"id":54807,"href":"https:\/\/www.greenpeace.org\/sweden\/wp-json\/wp\/v2\/posts\/913\/revisions\/54807"}],"wp:featuredmedia":[{"embeddable":true,"href":"https:\/\/www.greenpeace.org\/sweden\/wp-json\/wp\/v2\/media\/914"}],"wp:attachment":[{"href":"https:\/\/www.greenpeace.org\/sweden\/wp-json\/wp\/v2\/media?parent=913"}],"wp:term":[{"taxonomy":"category","embeddable":true,"href":"https:\/\/www.greenpeace.org\/sweden\/wp-json\/wp\/v2\/categories?post=913"},{"taxonomy":"post_tag","embeddable":true,"href":"https:\/\/www.greenpeace.org\/sweden\/wp-json\/wp\/v2\/tags?post=913"},{"taxonomy":"p4-page-type","embeddable":true,"href":"https:\/\/www.greenpeace.org\/sweden\/wp-json\/wp\/v2\/p4-page-type?post=913"}],"curies":[{"name":"wp","href":"https:\/\/api.w.org\/{rel}","templated":true}]}}