{"id":23,"count":327,"description":"Klimatfr\u00e5gan \u00e4r en av v\u00e5r tids \u00f6desfr\u00e5gor. De utsl\u00e4pp som vi sl\u00e4pper ut idag stannar i atmosf\u00e4ren under v\u00e4ldigt l\u00e5ng tid. Det inneb\u00e4r att de beslut vi fattar idag p\u00e5verkar inte bara v\u00e5r egen, utan \u00e4ven kommande generationers levnadsf\u00f6rh\u00e5llanden.\r\n \r\nM\u00e4nniskan har redan bidragit till att jordens medeltemperatur har stigit med en grad. F\u00f6r att inte orsaka f\u00f6r\u00f6dande effekter f\u00f6r m\u00e4nskligheten och ekosystemen m\u00e5ste vi hejda den globala uppv\u00e4rmningen till under 1,5 grad. \r\n\r\nDet vet vi hur vi kan g\u00f6ra.","link":"https:\/\/www.greenpeace.org\/sweden\/tag\/globaluppvarmning\/","name":"globaluppv\u00e4rmning","slug":"globaluppvarmning","taxonomy":"post_tag","meta":[],"_links":{"self":[{"href":"https:\/\/www.greenpeace.org\/sweden\/wp-json\/wp\/v2\/tags\/23","targetHints":{"allow":["GET"]}}],"collection":[{"href":"https:\/\/www.greenpeace.org\/sweden\/wp-json\/wp\/v2\/tags"}],"about":[{"href":"https:\/\/www.greenpeace.org\/sweden\/wp-json\/wp\/v2\/taxonomies\/post_tag"}],"wp:post_type":[{"href":"https:\/\/www.greenpeace.org\/sweden\/wp-json\/wp\/v2\/posts?tags=23"},{"href":"https:\/\/www.greenpeace.org\/sweden\/wp-json\/wp\/v2\/pages?tags=23"},{"href":"https:\/\/www.greenpeace.org\/sweden\/wp-json\/wp\/v2\/p4_action?tags=23"}],"curies":[{"name":"wp","href":"https:\/\/api.w.org\/{rel}","templated":true}]}}