{"id":28,"name":"Rolf Lindahl","url":"","description":"Rolf \u00e4r kampanjledare och jobbar med klimat-, energi och finansrelaterade fr\u00e5gor.\r\n\r\n\r\n\r\n\u00c4ldre blogginl\u00e4gg av Rolf kan du l\u00e4sa h\u00e4r: https:\/\/wayback.archive-it.org\/9650\/20200402073622\/http:\/\/p3-raw.greenpeace.org\/sweden\/se\/nyheter\/blogg\/Rolf-Lindahl\/?page=1","link":"https:\/\/www.greenpeace.org\/sweden\/author\/rlindahl\/","slug":"rlindahl","avatar_urls":{"24":"https:\/\/secure.gravatar.com\/avatar\/0b56eebc94d632e5a9441ce3e8feaaafc009eb648ab576913bb4f71c10d7e0f2?s=24&d=mm&r=g","48":"https:\/\/secure.gravatar.com\/avatar\/0b56eebc94d632e5a9441ce3e8feaaafc009eb648ab576913bb4f71c10d7e0f2?s=48&d=mm&r=g","96":"https:\/\/secure.gravatar.com\/avatar\/0b56eebc94d632e5a9441ce3e8feaaafc009eb648ab576913bb4f71c10d7e0f2?s=96&d=mm&r=g"},"meta":[],"_links":{"self":[{"href":"https:\/\/www.greenpeace.org\/sweden\/wp-json\/wp\/v2\/users\/28","targetHints":{"allow":["GET"]}}],"collection":[{"href":"https:\/\/www.greenpeace.org\/sweden\/wp-json\/wp\/v2\/users"}]}}