{"id":10063,"date":"2026-04-28T09:30:29","date_gmt":"2026-04-28T06:30:29","guid":{"rendered":"https:\/\/www.greenpeace.org\/turkey\/?p=10063"},"modified":"2026-04-28T09:30:31","modified_gmt":"2026-04-28T06:30:31","slug":"greenpeace-turkiye-arctic-sunrise-ile-kuresel-sumud-filosunda","status":"publish","type":"post","link":"https:\/\/www.greenpeace.org\/turkey\/basin-bultenleri\/greenpeace-turkiye-arctic-sunrise-ile-kuresel-sumud-filosunda\/","title":{"rendered":"Greenpeace T\u00fcrkiye, Arctic Sunrise ile K\u00fcresel Sumud Filosu\u2019nda"},"content":{"rendered":"\n<figure class=\"wp-block-image size-large\"><img loading=\"lazy\" decoding=\"async\" width=\"1024\" height=\"682\" src=\"https:\/\/www.greenpeace.org\/static\/planet4-turkey-stateless\/2026\/04\/22401866-gp0su8p22_pressmedia-2500px-1024x682.jpg\" alt=\"\" class=\"wp-image-10065\" srcset=\"https:\/\/www.greenpeace.org\/static\/planet4-turkey-stateless\/2026\/04\/22401866-gp0su8p22_pressmedia-2500px-1024x682.jpg 1024w, https:\/\/www.greenpeace.org\/static\/planet4-turkey-stateless\/2026\/04\/22401866-gp0su8p22_pressmedia-2500px-300x200.jpg 300w, https:\/\/www.greenpeace.org\/static\/planet4-turkey-stateless\/2026\/04\/22401866-gp0su8p22_pressmedia-2500px-768x511.jpg 768w, https:\/\/www.greenpeace.org\/static\/planet4-turkey-stateless\/2026\/04\/22401866-gp0su8p22_pressmedia-2500px-1536x1023.jpg 1536w, https:\/\/www.greenpeace.org\/static\/planet4-turkey-stateless\/2026\/04\/22401866-gp0su8p22_pressmedia-2500px-2048x1364.jpg 2048w, https:\/\/www.greenpeace.org\/static\/planet4-turkey-stateless\/2026\/04\/22401866-gp0su8p22_pressmedia-2500px-510x340.jpg 510w\" sizes=\"auto, (max-width: 1024px) 100vw, 1024px\" \/><figcaption><div class=\"credit icon-left\"> \u00a9 Max Cavallari \/ Greenpeace<\/div><\/figcaption><\/figure>\n\n<p><strong>28 Nisan 2026, \u0130stanbul &#8211; <\/strong>Greenpeace T\u00fcrkiye, K\u00fcresel Sumud Filosuna kat\u0131lan Arctic Sunrise gemisinde yerini ald\u0131. Greenpeace T\u00fcrkiye\u2019den Bar\u0131\u015f Ece\u00e7elik, Greenpeace\u2019in gemisi Arctic Sunrise ile \u0130talya\u2019da bulu\u015ftu. Greenpeace, Filo\u2019daki gemilerin Gazze k\u0131y\u0131lar\u0131na kalan son 200 deniz milini tamamlamadan \u00f6nce Akdeniz&#8217;i g\u00fcvenli bir \u015fekilde ge\u00e7ebilmeleri i\u00e7in teknik ve operasyonel denizcilik deste\u011fi sa\u011flamakla g\u00f6revli.<\/p>\n\n<p>12 Nisan\u2019da \u0130spanya\u2019n\u0131n Barselona kentinden yola \u00e7\u0131kan K\u00fcresel Sumud Filosu, \u0130srail&#8217;in Gazze&#8217;ye y\u00f6nelik devam eden yard\u0131m ablukas\u0131na do\u011frudan kar\u015f\u0131 \u00e7\u0131kmay\u0131 ama\u00e7layan 50\u2019den fazla gemi ve binden fazla kat\u0131l\u0131mc\u0131dan olu\u015fuyor.&nbsp;<\/p>\n\n<figure class=\"wp-block-image size-large\"><img loading=\"lazy\" decoding=\"async\" width=\"1024\" height=\"768\" src=\"https:\/\/www.greenpeace.org\/static\/planet4-turkey-stateless\/2026\/04\/8b664ebf-img_2168-1024x768.jpeg\" alt=\"\" class=\"wp-image-10064\" srcset=\"https:\/\/www.greenpeace.org\/static\/planet4-turkey-stateless\/2026\/04\/8b664ebf-img_2168-1024x768.jpeg 1024w, https:\/\/www.greenpeace.org\/static\/planet4-turkey-stateless\/2026\/04\/8b664ebf-img_2168-300x225.jpeg 300w, https:\/\/www.greenpeace.org\/static\/planet4-turkey-stateless\/2026\/04\/8b664ebf-img_2168-768x576.jpeg 768w, https:\/\/www.greenpeace.org\/static\/planet4-turkey-stateless\/2026\/04\/8b664ebf-img_2168-1536x1152.jpeg 1536w, https:\/\/www.greenpeace.org\/static\/planet4-turkey-stateless\/2026\/04\/8b664ebf-img_2168-2048x1536.jpeg 2048w, https:\/\/www.greenpeace.org\/static\/planet4-turkey-stateless\/2026\/04\/8b664ebf-img_2168-1821x1366.jpeg 1821w, https:\/\/www.greenpeace.org\/static\/planet4-turkey-stateless\/2026\/04\/8b664ebf-img_2168-453x340.jpeg 453w\" sizes=\"auto, (max-width: 1024px) 100vw, 1024px\" \/><\/figure>\n\n<p>Greenpeace T\u00fcrkiye\u2019den Bar\u0131\u015f Ece\u00e7elik, Arctic Sunrise ekibine 26 Nisan\u2019da \u0130talya\u2019dan dahil oldu. K\u00fcresel Sumud Filosu\u2019nda yer almaktan memnuniyet duydu\u011funu belirten Ece\u00e7elik \u015f\u00f6yle konu\u015ftu:<\/p>\n\n<p>\u201cK\u00fcresel Sumud Filosu, \u0130srail\u2019in Gazze\u2019ye uygulad\u0131\u011f\u0131 yasad\u0131\u015f\u0131 ablukay\u0131 k\u0131rmak ve insani yard\u0131m malzemeleri ile ekipleri ula\u015ft\u0131rarak Filistin halk\u0131yla birlikte sa\u011fl\u0131k sistemlerini ve temel altyap\u0131y\u0131 yeniden in\u015fa etmeyi ama\u00e7l\u0131yor. Biz de Greenpeace olarak operasyonel ve teknik denizcilik deste\u011fi sa\u011flamak \u00fczere K\u00fcresel Sumud Filosu\u2019nday\u0131z. Gemilerimiz onlarca y\u0131ld\u0131r d\u00fcnyan\u0131n her yerinde adalet i\u00e7in m\u00fccadele etti. Bug\u00fcn de bu konudaki deneyimimizi K\u00fcresel Sumud Filosu\u2019ndaki gemilerin Akdeniz\u2019i g\u00fcvenli bir \u015fekilde ge\u00e7ebilmeleri i\u00e7in payla\u015fmay\u0131 ama\u00e7l\u0131yoruz. Greenpeace\u2019in di\u011fer ofisleriyle birlikte Arctic Sunrise\u2019da yer almam\u0131z\u0131n d\u00fcnyan\u0131n ve sivil toplumun dikkatini Filistin\u2019e y\u00f6neltmesinde etkili olmas\u0131n\u0131 umuyoruz.\u201d<\/p>\n\n<ul class=\"wp-block-list\">\n<li>Bar\u0131\u015f Ece\u00e7elik\u2019in Arctic Sunrise\u2019dan iletti\u011fi video mesaja bu <a href=\"https:\/\/drive.google.com\/file\/d\/1slnCg-j8oYb2qKNmsA8Ozmd5yfn3h8zg\/view?usp=drive_link\">adresten<\/a> ula\u015fabilirsiniz.<\/li>\n\n\n\n<li>Arctic Sunrise\u2019dan payla\u015f\u0131lan foto\u011fraflar ve videolar i\u00e7in: <a href=\"https:\/\/media.greenpeace.org\/Detail\/27MZIFJH66UUY\">https:\/\/media.greenpeace.org\/Detail\/27MZIFJH66UUY<\/a>\u00a0<\/li>\n\n\n\n<li>Arctic Sunrise\u2019\u0131n rotas\u0131n\u0131 <a href=\"https:\/\/www.greenpeace.org\/international\/about\/ships\/\">https:\/\/www.greenpeace.org\/international\/about\/ships\/<\/a> adresinden takip edebilirsiniz.<\/li>\n<\/ul>\n\n<p>Detayl\u0131 bilgi i\u00e7in;<\/p>\n\n<p>Beyza Kural, Greenpeace T\u00fcrkiye \u0130leti\u015fim Sorumlusu<a href=\"mailto:bkural@greenpeace.org\">bkural@greenpeace.org<\/a><\/p>\n","protected":false},"excerpt":{"rendered":"<p>28 Nisan 2026, \u0130stanbul &#8211; Greenpeace T\u00fcrkiye, K\u00fcresel Sumud Filosuna kat\u0131lan Arctic Sunrise gemisinde yerini ald\u0131. Greenpeace T\u00fcrkiye\u2019den Bar\u0131\u015f Ece\u00e7elik, Greenpeace\u2019in gemisi Arctic Sunrise ile \u0130talya\u2019da bulu\u015ftu. Greenpeace, Filo\u2019daki gemilerin&hellip;<\/p>\n","protected":false},"author":41,"featured_media":10065,"comment_status":"closed","ping_status":"open","sticky":false,"template":"","format":"standard","meta":{"ep_exclude_from_search":false,"p4_og_title":"","p4_og_description":"","p4_og_image":"","p4_og_image_id":"","p4_seo_canonical_url":"","p4_campaign_name":"","p4_local_project":"","p4_basket_name":"","p4_department":"","footnotes":""},"categories":[5,59],"tags":[],"p4-page-type":[14],"class_list":["post-10063","post","type-post","status-publish","format-standard","has-post-thumbnail","hentry","category-sorunlar-ve-cozumler","category-iklim-adaleti","p4-page-type-basin-bultenleri"],"_links":{"self":[{"href":"https:\/\/www.greenpeace.org\/turkey\/wp-json\/wp\/v2\/posts\/10063","targetHints":{"allow":["GET"]}}],"collection":[{"href":"https:\/\/www.greenpeace.org\/turkey\/wp-json\/wp\/v2\/posts"}],"about":[{"href":"https:\/\/www.greenpeace.org\/turkey\/wp-json\/wp\/v2\/types\/post"}],"author":[{"embeddable":true,"href":"https:\/\/www.greenpeace.org\/turkey\/wp-json\/wp\/v2\/users\/41"}],"replies":[{"embeddable":true,"href":"https:\/\/www.greenpeace.org\/turkey\/wp-json\/wp\/v2\/comments?post=10063"}],"version-history":[{"count":1,"href":"https:\/\/www.greenpeace.org\/turkey\/wp-json\/wp\/v2\/posts\/10063\/revisions"}],"predecessor-version":[{"id":10066,"href":"https:\/\/www.greenpeace.org\/turkey\/wp-json\/wp\/v2\/posts\/10063\/revisions\/10066"}],"wp:featuredmedia":[{"embeddable":true,"href":"https:\/\/www.greenpeace.org\/turkey\/wp-json\/wp\/v2\/media\/10065"}],"wp:attachment":[{"href":"https:\/\/www.greenpeace.org\/turkey\/wp-json\/wp\/v2\/media?parent=10063"}],"wp:term":[{"taxonomy":"category","embeddable":true,"href":"https:\/\/www.greenpeace.org\/turkey\/wp-json\/wp\/v2\/categories?post=10063"},{"taxonomy":"post_tag","embeddable":true,"href":"https:\/\/www.greenpeace.org\/turkey\/wp-json\/wp\/v2\/tags?post=10063"},{"taxonomy":"p4-page-type","embeddable":true,"href":"https:\/\/www.greenpeace.org\/turkey\/wp-json\/wp\/v2\/p4-page-type?post=10063"}],"curies":[{"name":"wp","href":"https:\/\/api.w.org\/{rel}","templated":true}]}}