{"id":10067,"date":"2026-04-28T09:37:04","date_gmt":"2026-04-28T06:37:04","guid":{"rendered":"https:\/\/www.greenpeace.org\/turkey\/?p=10067"},"modified":"2026-04-28T09:37:06","modified_gmt":"2026-04-28T06:37:06","slug":"greenpeace-turkiye-arctic-sunrise-ile-kuresel-sumud-filosunda-2","status":"publish","type":"post","link":"https:\/\/www.greenpeace.org\/turkey\/blog\/greenpeace-turkiye-arctic-sunrise-ile-kuresel-sumud-filosunda-2\/","title":{"rendered":"Greenpeace T\u00fcrkiye, Arctic Sunrise ile K\u00fcresel Sumud Filosu\u2019nda"},"content":{"rendered":"\n<figure class=\"wp-block-image size-large\"><img loading=\"lazy\" decoding=\"async\" width=\"1024\" height=\"682\" src=\"https:\/\/www.greenpeace.org\/static\/planet4-turkey-stateless\/2026\/04\/22401866-gp0su8p22_pressmedia-2500px-1024x682.jpg\" alt=\"\" class=\"wp-image-10065\" srcset=\"https:\/\/www.greenpeace.org\/static\/planet4-turkey-stateless\/2026\/04\/22401866-gp0su8p22_pressmedia-2500px-1024x682.jpg 1024w, https:\/\/www.greenpeace.org\/static\/planet4-turkey-stateless\/2026\/04\/22401866-gp0su8p22_pressmedia-2500px-300x200.jpg 300w, https:\/\/www.greenpeace.org\/static\/planet4-turkey-stateless\/2026\/04\/22401866-gp0su8p22_pressmedia-2500px-768x511.jpg 768w, https:\/\/www.greenpeace.org\/static\/planet4-turkey-stateless\/2026\/04\/22401866-gp0su8p22_pressmedia-2500px-1536x1023.jpg 1536w, https:\/\/www.greenpeace.org\/static\/planet4-turkey-stateless\/2026\/04\/22401866-gp0su8p22_pressmedia-2500px-2048x1364.jpg 2048w, https:\/\/www.greenpeace.org\/static\/planet4-turkey-stateless\/2026\/04\/22401866-gp0su8p22_pressmedia-2500px-510x340.jpg 510w\" sizes=\"auto, (max-width: 1024px) 100vw, 1024px\" \/><figcaption><div class=\"credit icon-left\"> \u00a9 Max Cavallari \/ Greenpeace<\/div><\/figcaption><\/figure>\n\n<p>Greenpeace T\u00fcrkiye, K\u00fcresel Sumud Filosuna kat\u0131lan Arctic Sunrise gemisinde yerini ald\u0131. Greenpeace T\u00fcrkiye\u2019den Bar\u0131\u015f Ece\u00e7elik, Greenpeace\u2019in gemisi Arctic Sunrise ile \u0130talya\u2019da bulu\u015ftu. Greenpeace, Filo\u2019daki gemilerin Gazze k\u0131y\u0131lar\u0131na kalan son 200 deniz milini tamamlamadan \u00f6nce Akdeniz&#8217;i g\u00fcvenli bir \u015fekilde ge\u00e7ebilmeleri i\u00e7in teknik ve operasyonel denizcilik deste\u011fi sa\u011flamakla g\u00f6revli.<\/p>\n\n<p>12 Nisan\u2019da \u0130spanya\u2019n\u0131n Barselona kentinden yola \u00e7\u0131kan K\u00fcresel Sumud Filosu, \u0130srail&#8217;in Gazze&#8217;ye y\u00f6nelik devam eden yard\u0131m ablukas\u0131na do\u011frudan kar\u015f\u0131 \u00e7\u0131kmay\u0131 ama\u00e7layan 50\u2019den fazla gemi ve binden fazla kat\u0131l\u0131mc\u0131dan olu\u015fuyor.&nbsp;<\/p>\n\n<figure class=\"wp-block-image size-large\"><img loading=\"lazy\" decoding=\"async\" width=\"1024\" height=\"768\" src=\"https:\/\/www.greenpeace.org\/static\/planet4-turkey-stateless\/2026\/04\/8b664ebf-img_2168-1024x768.jpeg\" alt=\"\" class=\"wp-image-10064\" srcset=\"https:\/\/www.greenpeace.org\/static\/planet4-turkey-stateless\/2026\/04\/8b664ebf-img_2168-1024x768.jpeg 1024w, https:\/\/www.greenpeace.org\/static\/planet4-turkey-stateless\/2026\/04\/8b664ebf-img_2168-300x225.jpeg 300w, https:\/\/www.greenpeace.org\/static\/planet4-turkey-stateless\/2026\/04\/8b664ebf-img_2168-768x576.jpeg 768w, https:\/\/www.greenpeace.org\/static\/planet4-turkey-stateless\/2026\/04\/8b664ebf-img_2168-1536x1152.jpeg 1536w, https:\/\/www.greenpeace.org\/static\/planet4-turkey-stateless\/2026\/04\/8b664ebf-img_2168-2048x1536.jpeg 2048w, https:\/\/www.greenpeace.org\/static\/planet4-turkey-stateless\/2026\/04\/8b664ebf-img_2168-1821x1366.jpeg 1821w, https:\/\/www.greenpeace.org\/static\/planet4-turkey-stateless\/2026\/04\/8b664ebf-img_2168-453x340.jpeg 453w\" sizes=\"auto, (max-width: 1024px) 100vw, 1024px\" \/><\/figure>\n\n<blockquote class=\"wp-block-quote is-layout-flow wp-block-quote-is-layout-flow\">\n<p>K\u00fcresel Sumud Filosu, \u0130srail\u2019in Gazze\u2019ye uygulad\u0131\u011f\u0131 yasad\u0131\u015f\u0131 ablukay\u0131 k\u0131rmak ve insani yard\u0131m malzemeleri ile ekipleri ula\u015ft\u0131rarak Filistin halk\u0131yla birlikte sa\u011fl\u0131k sistemlerini ve temel altyap\u0131y\u0131 yeniden in\u015fa etmeyi ama\u00e7l\u0131yor. Biz de Greenpeace olarak operasyonel ve teknik denizcilik deste\u011fi sa\u011flamak \u00fczere K\u00fcresel Sumud Filosu\u2019nday\u0131z. Gemilerimiz onlarca y\u0131ld\u0131r d\u00fcnyan\u0131n her yerinde adalet i\u00e7in m\u00fccadele etti. Bug\u00fcn de bu konudaki deneyimimizi K\u00fcresel Sumud Filosu\u2019ndaki gemilerin Akdeniz\u2019i g\u00fcvenli bir \u015fekilde ge\u00e7ebilmeleri i\u00e7in payla\u015fmay\u0131 ama\u00e7l\u0131yoruz. Greenpeace\u2019in di\u011fer ofisleriyle birlikte Arctic Sunrise\u2019da yer almam\u0131z\u0131n d\u00fcnyan\u0131n ve sivil toplumun dikkatini Filistin\u2019e y\u00f6neltmesinde etkili olmas\u0131n\u0131 umuyoruz.<\/p>\n<\/blockquote>\n\n<p><em>Bar\u0131\u015f Ece\u00e7elik<\/em><\/p>\n\n<div class=\"wp-block-group has-beige-100-background-color has-background is-layout-constrained wp-container-core-group-is-layout-afb388fb wp-block-group-is-layout-constrained\" style=\"padding-top:var(--wp--preset--spacing--60);padding-right:var(--wp--preset--spacing--60);padding-bottom:var(--wp--preset--spacing--60);padding-left:var(--wp--preset--spacing--60)\">\n<div class=\"wp-block-group is-vertical is-layout-flex wp-container-core-group-is-layout-8cf370e7 wp-block-group-is-layout-flex\">\n<h2 class=\"wp-block-heading has-green-500-color has-text-color has-link-color wp-elements-92387b9e5072d8f85bc5c80bde231fa3\">Greenpeace destek\u00e7isi ol!<\/h2>\n\n\n\n<p><strong>Greenpeace&#8217;in ba\u011f\u0131ms\u0131z ve cesur kampanyalar y\u00fcr\u00fctmesini sa\u011flayan tek g\u00fc\u00e7 sensin. Ba\u011f\u0131\u015f\u0131nla sesimizi daha g\u00fc\u00e7l\u00fc k\u0131l, d\u00fcnyan\u0131n gelece\u011fine birlikte y\u00f6n verelim!<br><br>Senin deste\u011finle daha g\u00fc\u00e7l\u00fc, daha etkili ve daha cesuruz. \u015eimdi bize kat\u0131l!<\/strong><\/p>\n\n\n\n<p><\/p>\n<\/div>\n\n\n\n<!-- Script'i dahil et -->\n<script src=\"https:\/\/bagis.greenpeace-destek.org\/embed\/donation-form\/widget.js\"><\/script>\n\n<!-- Widget container'\u0131n\u0131 ekle -->\n<div class=\"donation-widget\" \n     data-title=\"Greenpeace Ba\u011f\u0131\u015f Formu\">\n    <div class=\"loading-indicator\">Ba\u011f\u0131\u015f Formu Y\u00fckleniyor&#8230;<\/div>\n<\/div>\n<\/div>\n","protected":false},"excerpt":{"rendered":"<p>28 Nisan 2026, \u0130stanbul &#8211; Greenpeace T\u00fcrkiye, K\u00fcresel Sumud Filosuna kat\u0131lan Arctic Sunrise gemisinde yerini ald\u0131. Greenpeace T\u00fcrkiye\u2019den Bar\u0131\u015f Ece\u00e7elik, Greenpeace\u2019in gemisi Arctic Sunrise ile \u0130talya\u2019da bulu\u015ftu. Greenpeace, Filo\u2019daki gemilerin&hellip;<\/p>\n","protected":false},"author":41,"featured_media":10065,"comment_status":"closed","ping_status":"open","sticky":false,"template":"","format":"standard","meta":{"ep_exclude_from_search":false,"p4_og_title":"","p4_og_description":"","p4_og_image":"","p4_og_image_id":"","p4_seo_canonical_url":"","p4_campaign_name":"","p4_local_project":"","p4_basket_name":"","p4_department":"","footnotes":""},"categories":[5,59],"tags":[],"p4-page-type":[29],"class_list":["post-10067","post","type-post","status-publish","format-standard","has-post-thumbnail","hentry","category-sorunlar-ve-cozumler","category-iklim-adaleti","p4-page-type-blog"],"_links":{"self":[{"href":"https:\/\/www.greenpeace.org\/turkey\/wp-json\/wp\/v2\/posts\/10067","targetHints":{"allow":["GET"]}}],"collection":[{"href":"https:\/\/www.greenpeace.org\/turkey\/wp-json\/wp\/v2\/posts"}],"about":[{"href":"https:\/\/www.greenpeace.org\/turkey\/wp-json\/wp\/v2\/types\/post"}],"author":[{"embeddable":true,"href":"https:\/\/www.greenpeace.org\/turkey\/wp-json\/wp\/v2\/users\/41"}],"replies":[{"embeddable":true,"href":"https:\/\/www.greenpeace.org\/turkey\/wp-json\/wp\/v2\/comments?post=10067"}],"version-history":[{"count":1,"href":"https:\/\/www.greenpeace.org\/turkey\/wp-json\/wp\/v2\/posts\/10067\/revisions"}],"predecessor-version":[{"id":10068,"href":"https:\/\/www.greenpeace.org\/turkey\/wp-json\/wp\/v2\/posts\/10067\/revisions\/10068"}],"wp:featuredmedia":[{"embeddable":true,"href":"https:\/\/www.greenpeace.org\/turkey\/wp-json\/wp\/v2\/media\/10065"}],"wp:attachment":[{"href":"https:\/\/www.greenpeace.org\/turkey\/wp-json\/wp\/v2\/media?parent=10067"}],"wp:term":[{"taxonomy":"category","embeddable":true,"href":"https:\/\/www.greenpeace.org\/turkey\/wp-json\/wp\/v2\/categories?post=10067"},{"taxonomy":"post_tag","embeddable":true,"href":"https:\/\/www.greenpeace.org\/turkey\/wp-json\/wp\/v2\/tags?post=10067"},{"taxonomy":"p4-page-type","embeddable":true,"href":"https:\/\/www.greenpeace.org\/turkey\/wp-json\/wp\/v2\/p4-page-type?post=10067"}],"curies":[{"name":"wp","href":"https:\/\/api.w.org\/{rel}","templated":true}]}}