{"id":10069,"date":"2026-04-29T09:33:59","date_gmt":"2026-04-29T06:33:59","guid":{"rendered":"https:\/\/www.greenpeace.org\/turkey\/?p=10069"},"modified":"2026-04-29T09:34:01","modified_gmt":"2026-04-29T06:34:01","slug":"baris-arctic-sunrisedan-bildiriyor-1-260429","status":"publish","type":"post","link":"https:\/\/www.greenpeace.org\/turkey\/blog\/baris-arctic-sunrisedan-bildiriyor-1-260429\/","title":{"rendered":"Bar\u0131\u015f, Arctic Sunrise&#8217;dan bildiriyor #1: Sicilya&#8217;dan yola \u00e7\u0131kt\u0131k"},"content":{"rendered":"\n<p>U\u00e7a\u011f\u0131m \u00e7ok erken saatte oldu\u011fu i\u00e7in geceyi havaliman\u0131nda ge\u00e7irmeye karar vermi\u015ftim. Sabah, kapal\u0131 bir havada Katanya\u2019ya indim. Gemiye en son binen ki\u015filerden biri oldu\u011fum i\u00e7in yan\u0131mda ekibe ula\u015ft\u0131r\u0131lacak bir s\u00fcr\u00fc sipari\u015f vard\u0131. Yakla\u015f\u0131k bir saatlik yolculu\u011fun ard\u0131ndan Arctic Sunrise&#8217;\u0131n, Open Arms ve Humanity gemileriyle birlikte demirledi\u011fi limana vard\u0131m. Barselona&#8217;dan yola \u00e7\u0131kan filonun bir k\u0131sm\u0131 Sirak\u00fcza&#8217;ya, bir k\u0131sm\u0131 Augusta liman\u0131na demir atm\u0131\u015ft\u0131.<\/p>\n\n<p>Arctic Sunrise&#8217;\u0131 g\u00f6r\u00fcr g\u00f6rmez heyecanland\u0131m. Onu en son g\u00f6r\u00fc\u015f\u00fcm\u00fcn \u00fczerinden iki, belki \u00fc\u00e7 y\u0131l ge\u00e7mi\u015fti.<\/p>\n\n<figure class=\"wp-block-image size-large\"><img loading=\"lazy\" decoding=\"async\" width=\"768\" height=\"1024\" src=\"https:\/\/www.greenpeace.org\/static\/planet4-turkey-stateless\/2026\/04\/f182ac1f-whatsapp-image-2026-04-25-at-15.56.15-768x1024.jpeg\" alt=\"\" class=\"wp-image-10070\" srcset=\"https:\/\/www.greenpeace.org\/static\/planet4-turkey-stateless\/2026\/04\/f182ac1f-whatsapp-image-2026-04-25-at-15.56.15-768x1024.jpeg 768w, https:\/\/www.greenpeace.org\/static\/planet4-turkey-stateless\/2026\/04\/f182ac1f-whatsapp-image-2026-04-25-at-15.56.15-225x300.jpeg 225w, https:\/\/www.greenpeace.org\/static\/planet4-turkey-stateless\/2026\/04\/f182ac1f-whatsapp-image-2026-04-25-at-15.56.15-1152x1536.jpeg 1152w, https:\/\/www.greenpeace.org\/static\/planet4-turkey-stateless\/2026\/04\/f182ac1f-whatsapp-image-2026-04-25-at-15.56.15-1025x1366.jpeg 1025w, https:\/\/www.greenpeace.org\/static\/planet4-turkey-stateless\/2026\/04\/f182ac1f-whatsapp-image-2026-04-25-at-15.56.15-255x340.jpeg 255w, https:\/\/www.greenpeace.org\/static\/planet4-turkey-stateless\/2026\/04\/f182ac1f-whatsapp-image-2026-04-25-at-15.56.15.jpeg 1200w\" sizes=\"auto, (max-width: 768px) 100vw, 768px\" \/><figcaption class=\"wp-element-caption\">Arctic Sunrise Sirak\u00fcza\u2019da<\/figcaption><\/figure>\n\n<p>Arctic Sunrise, 1995&#8217;te Kuzey Denizi&#8217;ndeki a\u00e7\u0131k deniz petrol platformlar\u0131n\u0131n yol a\u00e7t\u0131\u011f\u0131 deniz kirlili\u011fini belgelemek \u00fczere \u00e7\u0131kt\u0131\u011f\u0131 ilk seferden bu yana Greenpeace filosunun bir par\u00e7as\u0131.&nbsp;<\/p>\n\n<p>Daha \u00f6nce Greenpeace&#8217;in di\u011fer gemisi Rainbow Warrior&#8217;\u0131n bir\u00e7ok T\u00fcrkiye turuna kat\u0131lm\u0131\u015ft\u0131m. K\u00f6m\u00fcrl\u00fc termik santrallerin yaratt\u0131\u011f\u0131 y\u0131k\u0131ma kar\u015f\u0131, yenilenebilir enerjinin \u00f6n\u00fcn\u00fcn a\u00e7\u0131lmas\u0131 i\u00e7in gemi turlar\u0131 yapm\u0131\u015ft\u0131k. Ama Arctic Sunrise&#8217;la ilk kez yolculu\u011fa \u00e7\u0131k\u0131yor olmak ayr\u0131 bir heyecan.<\/p>\n\n<figure class=\"wp-block-image size-large\"><img loading=\"lazy\" decoding=\"async\" width=\"1024\" height=\"683\" src=\"https:\/\/www.greenpeace.org\/static\/planet4-turkey-stateless\/2026\/04\/45ae62a5-gp0stq48n_pressmedia-2500px-1024x683.jpg\" alt=\"\" class=\"wp-image-10071\" srcset=\"https:\/\/www.greenpeace.org\/static\/planet4-turkey-stateless\/2026\/04\/45ae62a5-gp0stq48n_pressmedia-2500px-1024x683.jpg 1024w, https:\/\/www.greenpeace.org\/static\/planet4-turkey-stateless\/2026\/04\/45ae62a5-gp0stq48n_pressmedia-2500px-300x200.jpg 300w, https:\/\/www.greenpeace.org\/static\/planet4-turkey-stateless\/2026\/04\/45ae62a5-gp0stq48n_pressmedia-2500px-768x512.jpg 768w, https:\/\/www.greenpeace.org\/static\/planet4-turkey-stateless\/2026\/04\/45ae62a5-gp0stq48n_pressmedia-2500px-1536x1024.jpg 1536w, https:\/\/www.greenpeace.org\/static\/planet4-turkey-stateless\/2026\/04\/45ae62a5-gp0stq48n_pressmedia-2500px-2048x1366.jpg 2048w, https:\/\/www.greenpeace.org\/static\/planet4-turkey-stateless\/2026\/04\/45ae62a5-gp0stq48n_pressmedia-2500px-510x340.jpg 510w\" sizes=\"auto, (max-width: 1024px) 100vw, 1024px\" \/><figcaption class=\"wp-element-caption\">Rainbow Warrior g\u00fcne\u015f enerjisi kampanyas\u0131 i\u00e7in T\u00fcrkiye\u2019de &#8211; 2016<div class=\"credit icon-left\"> \u00a9 Caner \u00d6zkan \/ Greenpeace<\/div><\/figcaption><\/figure>\n\n<p>\u015eans\u0131ma, gemiye vard\u0131\u011f\u0131mda \u00f6\u011fle yeme\u011fine denk gelmi\u015ftim. Gemi yemeklerinin s\u0131k\u0131 bir hayran\u0131 olarak ilk i\u015f tayfayla birlikte sofraya oturdum, sonra kalaca\u011f\u0131m kamaraya ge\u00e7ip yerle\u015ftim.<\/p>\n\n<p>Bu s\u00fcre\u00e7teki en b\u00fcy\u00fck \u015fans\u0131m, geminin telsiz operat\u00f6r\u00fcn\u00fcn eski dostum Yakup olmas\u0131 oldu. Yakup&#8217;la 2012&#8217;den beri tan\u0131\u015f\u0131yoruz; uzun s\u00fcre ayn\u0131 ekipte \u00e7al\u0131\u015f\u0131p bir\u00e7ok ba\u015far\u0131l\u0131 i\u015fe imza att\u0131k. 2017 y\u0131l\u0131ndan bu yana Greenpeace gemilerinde telsiz operat\u00f6r\u00fc olarak g\u00f6rev yap\u0131yor. Bu yolculu\u011fu birlikte yapaca\u011f\u0131z.<\/p>\n\n<figure class=\"wp-block-image size-large\"><img loading=\"lazy\" decoding=\"async\" width=\"1024\" height=\"768\" src=\"https:\/\/www.greenpeace.org\/static\/planet4-turkey-stateless\/2026\/04\/037075ef-dji_20260425_144751_918-1024x768.jpg\" alt=\"\" class=\"wp-image-10072\" srcset=\"https:\/\/www.greenpeace.org\/static\/planet4-turkey-stateless\/2026\/04\/037075ef-dji_20260425_144751_918-1024x768.jpg 1024w, https:\/\/www.greenpeace.org\/static\/planet4-turkey-stateless\/2026\/04\/037075ef-dji_20260425_144751_918-300x225.jpg 300w, https:\/\/www.greenpeace.org\/static\/planet4-turkey-stateless\/2026\/04\/037075ef-dji_20260425_144751_918-768x576.jpg 768w, https:\/\/www.greenpeace.org\/static\/planet4-turkey-stateless\/2026\/04\/037075ef-dji_20260425_144751_918-1536x1152.jpg 1536w, https:\/\/www.greenpeace.org\/static\/planet4-turkey-stateless\/2026\/04\/037075ef-dji_20260425_144751_918-2048x1536.jpg 2048w, https:\/\/www.greenpeace.org\/static\/planet4-turkey-stateless\/2026\/04\/037075ef-dji_20260425_144751_918-1821x1366.jpg 1821w, https:\/\/www.greenpeace.org\/static\/planet4-turkey-stateless\/2026\/04\/037075ef-dji_20260425_144751_918-453x340.jpg 453w\" sizes=\"auto, (max-width: 1024px) 100vw, 1024px\" \/><figcaption class=\"wp-element-caption\">Yakup\u2019la birlikte<\/figcaption><\/figure>\n\n<p>Arctic Sunrise, Sicilya&#8217;n\u0131n Sirak\u00fcza liman\u0131ndan yola \u00e7\u0131kt\u0131. K\u00fcresel Sumud Filosu&#8217;na kat\u0131lan 70&#8217;in \u00fczerinde deniz arac\u0131yla birlikte yolumuza devam ediyoruz.<\/p>\n\n<p>K\u00fcresel Sumud Filosu; \u0130srail&#8217;in Gazze&#8217;ye uygulad\u0131\u011f\u0131 yasad\u0131\u015f\u0131 ablukay\u0131 sona erdirmek, i\u015fgali m\u00fcmk\u00fcn k\u0131lan su\u00e7 ortakl\u0131\u011f\u0131yla y\u00fczle\u015fmek ve Filistin halk\u0131n\u0131n yan\u0131nda durmak i\u00e7in karada, denizde ve s\u0131n\u0131rlar\u0131n \u00f6tesinde koordineli, \u015fiddet i\u00e7ermeyen eylemler y\u00fcr\u00fcten uluslararas\u0131 bir hareket.<\/p>\n\n<figure class=\"wp-block-image size-large\"><img loading=\"lazy\" decoding=\"async\" width=\"1024\" height=\"683\" src=\"https:\/\/www.greenpeace.org\/static\/planet4-turkey-stateless\/2026\/04\/149dfa91-gp0su8q35_pressmedia-2500px-1024x683.jpg\" alt=\"\" class=\"wp-image-10073\" srcset=\"https:\/\/www.greenpeace.org\/static\/planet4-turkey-stateless\/2026\/04\/149dfa91-gp0su8q35_pressmedia-2500px-1024x683.jpg 1024w, https:\/\/www.greenpeace.org\/static\/planet4-turkey-stateless\/2026\/04\/149dfa91-gp0su8q35_pressmedia-2500px-300x200.jpg 300w, https:\/\/www.greenpeace.org\/static\/planet4-turkey-stateless\/2026\/04\/149dfa91-gp0su8q35_pressmedia-2500px-768x512.jpg 768w, https:\/\/www.greenpeace.org\/static\/planet4-turkey-stateless\/2026\/04\/149dfa91-gp0su8q35_pressmedia-2500px-1536x1024.jpg 1536w, https:\/\/www.greenpeace.org\/static\/planet4-turkey-stateless\/2026\/04\/149dfa91-gp0su8q35_pressmedia-2500px-2048x1366.jpg 2048w, https:\/\/www.greenpeace.org\/static\/planet4-turkey-stateless\/2026\/04\/149dfa91-gp0su8q35_pressmedia-2500px-510x340.jpg 510w\" sizes=\"auto, (max-width: 1024px) 100vw, 1024px\" \/><figcaption class=\"wp-element-caption\">Arctic Sunrise m\u00fcrettebat\u0131, filodaki teknelerden birinin motorunun onar\u0131lmas\u0131na yard\u0131mc\u0131 oluyor.<div class=\"credit icon-left\"> \u00a9 Max Cavallari \/ Greenpeace<\/div><\/figcaption><\/figure>\n\n<p>Bizim g\u00f6revimiz net: Filonun Akdeniz&#8217;i g\u00fcvenli \u015fekilde ge\u00e7mesini sa\u011flamak. Bunun i\u00e7in var\u0131\u015fa 200 mil kalana dek gereken lojistik ve denizcilik deste\u011fini biz veriyoruz. Ekibimiz \u015fimdiden bir\u00e7ok gemiye m\u00fchendislik deste\u011fi sa\u011flad\u0131, yollar\u0131na devam etmelerini m\u00fcmk\u00fcn k\u0131ld\u0131.<\/p>\n\n<p>Greenpeace&#8217;in hikayesi de zaten denizde ba\u015flam\u0131\u015ft\u0131. 1971&#8217;de bir grup aktivist, n\u00fckleer denemeleri protesto etmek i\u00e7in kiral\u0131k bir tekneyle Kanada&#8217;dan Amchitka Adas\u0131&#8217;na yola \u00e7\u0131kt\u0131. O g\u00fcnden bu yana Greenpeace denizlerde kampanya y\u00fcr\u00fctmeye devam ediyor; bug\u00fcn Akdeniz&#8217;de, Filistin i\u00e7in.<\/p>\n\n<p>Buradan seni blog yaz\u0131lar\u0131 ve sosyal medya payla\u015f\u0131mlar\u0131 arac\u0131l\u0131\u011f\u0131yla bilgilendirmeye devam edece\u011fim. Sen de bu yolculu\u011fu payla\u015f\u0131p Greenpeace&#8217;e destek vererek bize katk\u0131 sa\u011flayabilirsin. Takipte kal.<\/p>\n\n<div class=\"wp-block-group has-beige-100-background-color has-background is-layout-constrained wp-container-core-group-is-layout-afb388fb wp-block-group-is-layout-constrained\" style=\"padding-top:var(--wp--preset--spacing--60);padding-right:var(--wp--preset--spacing--60);padding-bottom:var(--wp--preset--spacing--60);padding-left:var(--wp--preset--spacing--60)\">\n<div class=\"wp-block-group is-vertical is-layout-flex wp-container-core-group-is-layout-8cf370e7 wp-block-group-is-layout-flex\">\n<h2 class=\"wp-block-heading has-green-500-color has-text-color has-link-color wp-elements-92387b9e5072d8f85bc5c80bde231fa3\">Greenpeace destek\u00e7isi ol!<\/h2>\n\n\n\n<p><strong>Greenpeace&#8217;in ba\u011f\u0131ms\u0131z ve cesur kampanyalar y\u00fcr\u00fctmesini sa\u011flayan tek g\u00fc\u00e7 sensin. Ba\u011f\u0131\u015f\u0131nla sesimizi daha g\u00fc\u00e7l\u00fc k\u0131l, d\u00fcnyan\u0131n gelece\u011fine birlikte y\u00f6n verelim!<br><br>Senin deste\u011finle daha g\u00fc\u00e7l\u00fc, daha etkili ve daha cesuruz. \u015eimdi bize kat\u0131l!<\/strong><\/p>\n\n\n\n<p><\/p>\n<\/div>\n\n\n\n<!-- Script'i dahil et -->\n<script src=\"https:\/\/bagis.greenpeace-destek.org\/embed\/donation-form\/widget.js\"><\/script>\n\n<!-- Widget container'\u0131n\u0131 ekle -->\n<div class=\"donation-widget\" \n     data-title=\"Greenpeace Ba\u011f\u0131\u015f Formu\">\n    <div class=\"loading-indicator\">Ba\u011f\u0131\u015f Formu Y\u00fckleniyor&#8230;<\/div>\n<\/div>\n<\/div>\n","protected":false},"excerpt":{"rendered":"<p>U\u00e7a\u011f\u0131m \u00e7ok erken saatte oldu\u011fu i\u00e7in geceyi havaliman\u0131nda ge\u00e7irmeye karar vermi\u015ftim. Sabah, kapal\u0131 bir havada Katanya\u2019ya indim. Gemiye en son binen ki\u015filerden biri oldu\u011fum i\u00e7in yan\u0131mda ekibe ula\u015ft\u0131r\u0131lacak bir s\u00fcr\u00fc&hellip;<\/p>\n","protected":false},"author":41,"featured_media":10074,"comment_status":"closed","ping_status":"open","sticky":false,"template":"","format":"standard","meta":{"ep_exclude_from_search":false,"p4_og_title":"","p4_og_description":"","p4_og_image":"","p4_og_image_id":"","p4_seo_canonical_url":"","p4_campaign_name":"","p4_local_project":"","p4_basket_name":"","p4_department":"","footnotes":""},"categories":[5,59],"tags":[],"p4-page-type":[29],"class_list":["post-10069","post","type-post","status-publish","format-standard","has-post-thumbnail","hentry","category-sorunlar-ve-cozumler","category-iklim-adaleti","p4-page-type-blog"],"_links":{"self":[{"href":"https:\/\/www.greenpeace.org\/turkey\/wp-json\/wp\/v2\/posts\/10069","targetHints":{"allow":["GET"]}}],"collection":[{"href":"https:\/\/www.greenpeace.org\/turkey\/wp-json\/wp\/v2\/posts"}],"about":[{"href":"https:\/\/www.greenpeace.org\/turkey\/wp-json\/wp\/v2\/types\/post"}],"author":[{"embeddable":true,"href":"https:\/\/www.greenpeace.org\/turkey\/wp-json\/wp\/v2\/users\/41"}],"replies":[{"embeddable":true,"href":"https:\/\/www.greenpeace.org\/turkey\/wp-json\/wp\/v2\/comments?post=10069"}],"version-history":[{"count":1,"href":"https:\/\/www.greenpeace.org\/turkey\/wp-json\/wp\/v2\/posts\/10069\/revisions"}],"predecessor-version":[{"id":10075,"href":"https:\/\/www.greenpeace.org\/turkey\/wp-json\/wp\/v2\/posts\/10069\/revisions\/10075"}],"wp:featuredmedia":[{"embeddable":true,"href":"https:\/\/www.greenpeace.org\/turkey\/wp-json\/wp\/v2\/media\/10074"}],"wp:attachment":[{"href":"https:\/\/www.greenpeace.org\/turkey\/wp-json\/wp\/v2\/media?parent=10069"}],"wp:term":[{"taxonomy":"category","embeddable":true,"href":"https:\/\/www.greenpeace.org\/turkey\/wp-json\/wp\/v2\/categories?post=10069"},{"taxonomy":"post_tag","embeddable":true,"href":"https:\/\/www.greenpeace.org\/turkey\/wp-json\/wp\/v2\/tags?post=10069"},{"taxonomy":"p4-page-type","embeddable":true,"href":"https:\/\/www.greenpeace.org\/turkey\/wp-json\/wp\/v2\/p4-page-type?post=10069"}],"curies":[{"name":"wp","href":"https:\/\/api.w.org\/{rel}","templated":true}]}}