{"id":10076,"date":"2026-04-29T13:20:14","date_gmt":"2026-04-29T10:20:14","guid":{"rendered":"https:\/\/www.greenpeace.org\/turkey\/?p=10076"},"modified":"2026-04-29T13:20:16","modified_gmt":"2026-04-29T10:20:16","slug":"santa-marta-konferansinda-gundem-kuresel-enerji-krizi-260429","status":"publish","type":"post","link":"https:\/\/www.greenpeace.org\/turkey\/basin-bultenleri\/santa-marta-konferansinda-gundem-kuresel-enerji-krizi-260429\/","title":{"rendered":"Fosil yak\u0131tlar\u0131n kullan\u0131m\u0131na son vermeyi ama\u00e7layan Santa Marta konferans\u0131nda g\u00fcndem k\u00fcresel enerji krizi"},"content":{"rendered":"\n<figure class=\"wp-block-image size-large\"><img loading=\"lazy\" decoding=\"async\" width=\"1024\" height=\"576\" src=\"https:\/\/www.greenpeace.org\/static\/planet4-turkey-stateless\/2026\/04\/223b056d-gp0su8rhj_medium-res-with-credit-line-1200px-1024x576.jpg\" alt=\"\" class=\"wp-image-10077\" srcset=\"https:\/\/www.greenpeace.org\/static\/planet4-turkey-stateless\/2026\/04\/223b056d-gp0su8rhj_medium-res-with-credit-line-1200px-1024x576.jpg 1024w, https:\/\/www.greenpeace.org\/static\/planet4-turkey-stateless\/2026\/04\/223b056d-gp0su8rhj_medium-res-with-credit-line-1200px-300x169.jpg 300w, https:\/\/www.greenpeace.org\/static\/planet4-turkey-stateless\/2026\/04\/223b056d-gp0su8rhj_medium-res-with-credit-line-1200px-768x432.jpg 768w, https:\/\/www.greenpeace.org\/static\/planet4-turkey-stateless\/2026\/04\/223b056d-gp0su8rhj_medium-res-with-credit-line-1200px-510x287.jpg 510w, https:\/\/www.greenpeace.org\/static\/planet4-turkey-stateless\/2026\/04\/223b056d-gp0su8rhj_medium-res-with-credit-line-1200px.jpg 1200w\" sizes=\"auto, (max-width: 1024px) 100vw, 1024px\" \/><\/figure>\n\n<p><strong>Santa Marta, Kolombiya<\/strong> \u2013 Greenpeace, Santa Marta konferans\u0131na kat\u0131lan h\u00fck\u00fcmetlere, \u0130ran\u2019a kar\u015f\u0131 s\u00fcren sava\u015f\u0131n yaratt\u0131\u011f\u0131 mevcut enerji arz\u0131 krizini f\u0131rsat bilerek, insanlar\u0131 koruyan ve uzun vadeli iklim ve enerji istikrar\u0131 sa\u011flayan yenilenebilir enerjiye adil bir ge\u00e7i\u015fi h\u0131zland\u0131rmalar\u0131 \u00e7a\u011fr\u0131s\u0131nda bulundu.&nbsp;<\/p>\n\n<p>Konferans s\u00fcrerken, Greenpeace Kolombiya aktivistleri Santa Marta&#8217;daki Malecon de Bastidas plaj\u0131nda \u201cYenilenebilir Enerji Bar\u0131\u015f\u0131 G\u00fc\u00e7lendirir\u201d yaz\u0131l\u0131 bir mesaj yazd\u0131 ve kat\u0131l\u0131mc\u0131 \u00fclkelere \u201cFosil Yak\u0131tlara Son Verin\u201d \u00e7a\u011fr\u0131s\u0131nda bulundu. \u201cK\u00f6m\u00fcr\u00fc B\u0131rak Adil D\u00f6n\u00fc\u015f\u00fcm \u015eimdi\u201d yaz\u0131l\u0131 T\u00fcrk\u00e7e mesaj\u0131n\u0131n da a\u00e7\u0131ld\u0131\u011f\u0131 eylemde aktivistler ayr\u0131ca yenilenebilir enerjinin potansiyelini ve g\u00fcvenilirli\u011fini simgelemek i\u00e7in k\u00fc\u00e7\u00fck r\u00fczgar t\u00fcrbinleri sergiledi.<\/p>\n\n<figure class=\"wp-block-image size-large\"><img loading=\"lazy\" decoding=\"async\" width=\"1024\" height=\"768\" src=\"https:\/\/www.greenpeace.org\/static\/planet4-turkey-stateless\/2026\/04\/ff0a9ce3-gp0su8rhs_medium-res-with-credit-line-1200px-1024x768.jpg\" alt=\"\" class=\"wp-image-10078\" srcset=\"https:\/\/www.greenpeace.org\/static\/planet4-turkey-stateless\/2026\/04\/ff0a9ce3-gp0su8rhs_medium-res-with-credit-line-1200px-1024x768.jpg 1024w, https:\/\/www.greenpeace.org\/static\/planet4-turkey-stateless\/2026\/04\/ff0a9ce3-gp0su8rhs_medium-res-with-credit-line-1200px-300x225.jpg 300w, https:\/\/www.greenpeace.org\/static\/planet4-turkey-stateless\/2026\/04\/ff0a9ce3-gp0su8rhs_medium-res-with-credit-line-1200px-768x576.jpg 768w, https:\/\/www.greenpeace.org\/static\/planet4-turkey-stateless\/2026\/04\/ff0a9ce3-gp0su8rhs_medium-res-with-credit-line-1200px-453x340.jpg 453w, https:\/\/www.greenpeace.org\/static\/planet4-turkey-stateless\/2026\/04\/ff0a9ce3-gp0su8rhs_medium-res-with-credit-line-1200px.jpg 1200w\" sizes=\"auto, (max-width: 1024px) 100vw, 1024px\" \/><\/figure>\n\n<p>Greenpeace Uluslararas\u0131\u2019n\u0131n K\u0131demli \u0130klim Dan\u0131\u015fman\u0131 Rodrigo Estrada \u015funlar\u0131 s\u00f6yledi: \u201cPetrol, do\u011falgaz ve k\u00f6m\u00fcrden kademeli olarak vazge\u00e7mek, istikrar\u0131 kademeli olarak tesis etmek anlam\u0131na gelir ve Santa Marta, fosil yak\u0131tlardan adil bir ge\u00e7i\u015f s\u00fcrecini h\u0131zland\u0131rabilir. Enerji arz\u0131ndaki tehlikeli krizin aksine, konferans ufukta bir umut \u0131\u015f\u0131\u011f\u0131 oldu\u011funu ve s\u00fcrd\u00fcr\u00fclebilir bir gelecek i\u00e7in enerji \u00e7\u00f6z\u00fcmlerinin \u00e7at\u0131\u015fma yerine i\u015fbirli\u011fi yoluyla elde edilebilece\u011fini g\u00f6steriyor. \u015eimdi, Santa Marta koalisyonunun kararl\u0131 devletlerinin s\u00f6zlerini eyleme d\u00f6kme zaman\u0131.\u201d<\/p>\n\n<p>Santa Marta\u2019da d\u00fczenlenen \u201cFosil Yak\u0131tlardan Uzakla\u015fma\u201d konulu Birinci Uluslararas\u0131 Konferans ile e\u015f zamanl\u0131 olarak, Greenpeace International, adil bir ge\u00e7i\u015fin temel unsurlar\u0131n\u0131 ve bunu ger\u00e7e\u011fe d\u00f6n\u00fc\u015ft\u00fcrmek i\u00e7in ulusal h\u00fck\u00fcmetlerin atmas\u0131 gereken acil ve \u00f6ncelikli ad\u0131mlar\u0131, ayr\u0131ca k\u00fcresel i\u015fbirli\u011fi i\u00e7inde&nbsp; y\u00fcr\u00fcnmesi gereken yolu \u00f6zetleyen bir politika raporu haz\u0131rlad\u0131. Greenpeace ayr\u0131ca Santa Marta\u2019da iklim ve enerji politikas\u0131 uzmanlar\u0131ndan olu\u015fan bir heyetle yer al\u0131yor.<\/p>\n\n<p>Greenpeace Kolombiya Kampanya Koordinat\u00f6r\u00fc Laura Caicedo \u015funlar\u0131 s\u00f6yledi: \u201cKolombiya, g\u00fcne\u015f ve r\u00fczg\u00e2r enerjisine dayal\u0131 bir enerji d\u00f6n\u00fc\u015f\u00fcm\u00fcne \u00f6nc\u00fcl\u00fck etmek i\u00e7in gereken her \u015feye sahip. Bu potansiyel, halk\u0131n kat\u0131l\u0131m\u0131 ve somut toplumsal faydalar i\u00e7eren daha adil bir modele do\u011fru ilerlemek i\u00e7in ger\u00e7ek bir f\u0131rsat. Ancak bunun ger\u00e7ekle\u015fmesi i\u00e7in, ulusal bir yol haritas\u0131n\u0131n hayata ge\u00e7irilebilmesi amac\u0131yla k\u00fcresel finansman kaynaklar\u0131n\u0131n a\u00e7\u0131\u011fa \u00e7\u0131kar\u0131lmas\u0131 gerekiyor. K\u00fcresel kriz ve istikrars\u0131zl\u0131k ba\u011flam\u0131nda, enerji \u00e7e\u015fitlili\u011fimizi art\u0131rmak sadece iklim a\u00e7\u0131s\u0131ndan bir gereklilik de\u011fil, ayn\u0131 zamanda \u00fclkenin ekonomik dayan\u0131kl\u0131l\u0131\u011f\u0131n\u0131 g\u00fc\u00e7lendirmek ve fosil yak\u0131tlara olan ba\u011f\u0131ml\u0131l\u0131\u011f\u0131 azaltmak i\u00e7in de kilit \u00f6neme sahip.\u201d<\/p>\n\n<p>Greenpeace Avustralya Pasifik Pasifik B\u00f6lge Sorumlusu Shiva Gounden \u015funlar\u0131 s\u00f6yledi: \u201cYasad\u0131\u015f\u0131 sava\u015flar ve siyasi g\u00fc\u00e7 oyunlar\u0131 d\u00fcnyan\u0131n enerji arz\u0131n\u0131 k\u0131s\u0131tlarken, Pasifik topluluklar\u0131 yine kendilerinin yaratmad\u0131\u011f\u0131 bir krizin y\u00fck\u00fcn\u00fc omuzlar\u0131nda ta\u015f\u0131yor. Santa Marta\u2019da tarihi bir d\u00f6n\u00fcm noktas\u0131nda bir araya geliyoruz \u2013 b\u00fcy\u00fck bir karga\u015fan\u0131n ya\u015fand\u0131\u011f\u0131, ancak ayn\u0131 zamanda temiz, yerli yenilenebilir enerji kaynaklar\u0131na ge\u00e7i\u015f yaparak fosil yak\u0131tlar\u0131n boyunduru\u011fundan kurtulma f\u0131rsat\u0131n\u0131n da bulundu\u011fu bir an. Bu art\u0131k sadece iklim a\u00e7\u0131s\u0131ndan bir zorunluluk de\u011fil, k\u00fcresel bar\u0131\u015fa ve enerji g\u00fcvenli\u011fine giden yol ve d\u00fcnya \u00e7ap\u0131ndaki topluluklar\u0131n g\u00fcvenli gelece\u011fidir.\u201d<\/p>\n\n<p>Greenpeace Brezilya \u0130klim Politikas\u0131 Uzman\u0131 Anna C\u00e1rcamo \u015funlar\u0131 s\u00f6yledi: \u201cFosil yak\u0131tlardan uzakla\u015fma acil bir ihtiya\u00e7 ve adil bir \u015fekilde ger\u00e7ekle\u015fmeli. Adil olmas\u0131 i\u00e7in, bu ge\u00e7i\u015fleri m\u00fcmk\u00fcn k\u0131lan ve insan haklar\u0131n\u0131, i\u015f g\u00fcvenli\u011fini, dayan\u0131kl\u0131l\u0131\u011f\u0131, e\u015fit enerji eri\u015fimini ve etkili kat\u0131l\u0131m\u0131 garanti alt\u0131na alacak \u00f6nlemleri uygulamak \u00fczere geli\u015fmi\u015f \u00fclkelerden geli\u015fmekte olan \u00fclkelere nitelikli finansman sa\u011flanmal\u0131d\u0131r. COP30 Ba\u015fkanl\u0131\u011f\u0131 ve Santa Marta Konferans\u0131 taraf\u0131ndan y\u00f6netilen fosil yak\u0131tlardan uzakla\u015fma yol haritas\u0131, s\u00f6m\u00fcrgeci ekstraktivist modelleri yeniden \u00fcretmek yerine, insanlar\u0131 ve do\u011fay\u0131 koruyan ve K\u00fcresel G\u00fcney\u2019deki yerel topluluklara ve b\u00f6lgelere fayda sa\u011flayan yeni bir sisteme ge\u00e7i\u015fi te\u015fvik etme f\u0131rsatlar\u0131 sunuyor.\u201d<\/p>\n","protected":false},"excerpt":{"rendered":"<p>Santa Marta, Kolombiya \u2013 Greenpeace, Santa Marta konferans\u0131na kat\u0131lan h\u00fck\u00fcmetlere, \u0130ran\u2019a kar\u015f\u0131 s\u00fcren sava\u015f\u0131n yaratt\u0131\u011f\u0131 mevcut enerji arz\u0131 krizini f\u0131rsat bilerek, insanlar\u0131 koruyan ve uzun vadeli iklim ve enerji istikrar\u0131&hellip;<\/p>\n","protected":false},"author":41,"featured_media":10078,"comment_status":"closed","ping_status":"open","sticky":false,"template":"","format":"standard","meta":{"ep_exclude_from_search":false,"p4_og_title":"","p4_og_description":"","p4_og_image":"","p4_og_image_id":"","p4_seo_canonical_url":"","p4_campaign_name":"","p4_local_project":"","p4_basket_name":"","p4_department":"","footnotes":""},"categories":[5,2,59,24],"tags":[6],"p4-page-type":[14],"class_list":["post-10076","post","type-post","status-publish","format-standard","has-post-thumbnail","hentry","category-sorunlar-ve-cozumler","category-enerji","category-iklim-adaleti","category-iklim-krizi","tag-iklim-adaleti","p4-page-type-basin-bultenleri"],"_links":{"self":[{"href":"https:\/\/www.greenpeace.org\/turkey\/wp-json\/wp\/v2\/posts\/10076","targetHints":{"allow":["GET"]}}],"collection":[{"href":"https:\/\/www.greenpeace.org\/turkey\/wp-json\/wp\/v2\/posts"}],"about":[{"href":"https:\/\/www.greenpeace.org\/turkey\/wp-json\/wp\/v2\/types\/post"}],"author":[{"embeddable":true,"href":"https:\/\/www.greenpeace.org\/turkey\/wp-json\/wp\/v2\/users\/41"}],"replies":[{"embeddable":true,"href":"https:\/\/www.greenpeace.org\/turkey\/wp-json\/wp\/v2\/comments?post=10076"}],"version-history":[{"count":1,"href":"https:\/\/www.greenpeace.org\/turkey\/wp-json\/wp\/v2\/posts\/10076\/revisions"}],"predecessor-version":[{"id":10079,"href":"https:\/\/www.greenpeace.org\/turkey\/wp-json\/wp\/v2\/posts\/10076\/revisions\/10079"}],"wp:featuredmedia":[{"embeddable":true,"href":"https:\/\/www.greenpeace.org\/turkey\/wp-json\/wp\/v2\/media\/10078"}],"wp:attachment":[{"href":"https:\/\/www.greenpeace.org\/turkey\/wp-json\/wp\/v2\/media?parent=10076"}],"wp:term":[{"taxonomy":"category","embeddable":true,"href":"https:\/\/www.greenpeace.org\/turkey\/wp-json\/wp\/v2\/categories?post=10076"},{"taxonomy":"post_tag","embeddable":true,"href":"https:\/\/www.greenpeace.org\/turkey\/wp-json\/wp\/v2\/tags?post=10076"},{"taxonomy":"p4-page-type","embeddable":true,"href":"https:\/\/www.greenpeace.org\/turkey\/wp-json\/wp\/v2\/p4-page-type?post=10076"}],"curies":[{"name":"wp","href":"https:\/\/api.w.org\/{rel}","templated":true}]}}