{"id":10084,"date":"2026-04-30T16:41:28","date_gmt":"2026-04-30T13:41:28","guid":{"rendered":"https:\/\/www.greenpeace.org\/turkey\/?p=10084"},"modified":"2026-04-30T16:41:31","modified_gmt":"2026-04-30T13:41:31","slug":"elbistandan-yukselen-ortak-ses-komurden-acil-ve-adil-gecis-istiyoruz","status":"publish","type":"post","link":"https:\/\/www.greenpeace.org\/turkey\/blog\/elbistandan-yukselen-ortak-ses-komurden-acil-ve-adil-gecis-istiyoruz\/","title":{"rendered":"Elbistan\u2019dan y\u00fckselen ortak ses: K\u00f6m\u00fcrden acil ve adil ge\u00e7i\u015f istiyoruz!"},"content":{"rendered":"\n<p>T\u00fcrkiye\u2019nin farkl\u0131 k\u00f6m\u00fcr b\u00f6lgelerinde m\u00fccadele veren sivil toplum temsilcileri ve yerel akt\u00f6rler 25 Nisan\u2019da Kahramanmara\u015f\u2019\u0131n Elbistan il\u00e7esinde bir araya geldi. Greenpeace T\u00fcrkiye olarak heyecanla kat\u0131ld\u0131\u011f\u0131m\u0131z bu \u00f6nemli bulu\u015fma, t\u00fcm d\u00fcnyan\u0131n dikkatinin \u00e7evrildi\u011fi Kolombiya&#8217;n\u0131n Santa Marta kentinde ger\u00e7ekle\u015fen Fosil Yak\u0131tlardan Adil \u00c7\u0131k\u0131\u015f Birinci Uluslararas\u0131 Konferans\u0131 ile e\u015f zamanl\u0131 olarak ger\u00e7ekle\u015fen k\u00fcresel eylem haftas\u0131 kapsam\u0131nda hayata ge\u00e7irildi.<\/p>\n\n<p>Santa Marta Konferans\u0131; h\u00fck\u00fcmet temsilcilerini, uzmanlar\u0131, yerli halklar\u0131, topluluklar\u0131, gen\u00e7leri, akademiyi ve uluslararas\u0131 kurulu\u015flar\u0131 bir araya getiriyor. Konferans\u0131n amac\u0131; kararl\u0131 \u00fclkeler, yerel y\u00f6netimler ve ilgili payda\u015flardan olu\u015fan bir koalisyonun fosil yak\u0131tlardan kademeli \u00e7\u0131k\u0131\u015f\u0131 hayata ge\u00e7irerek s\u00fcrd\u00fcr\u00fclebilir toplumlar ve ekonomiler i\u00e7in yol haritalar\u0131 olu\u015fturmas\u0131n\u0131 ve bu s\u00fcreci h\u0131zland\u0131rmas\u0131n\u0131 sa\u011flamak.<\/p>\n\n<h2 class=\"wp-block-heading\"><strong>T\u00fcrkiye&#8217;nin d\u00f6rt bir yan\u0131ndan dayan\u0131\u015fma<\/strong><\/h2>\n\n<p>Elbistan\u2019da bir araya gelerek bu \u00f6nemli bulu\u015fmaya T\u00fcrkiye&#8217;den g\u00fc\u00e7l\u00fc bir ses verdik ve T\u00fcrkiye\u2019nin ev sahipli\u011fini yapaca\u011f\u0131 COP31 \u00f6ncesinde k\u00f6m\u00fcrden \u00e7\u0131k\u0131\u015f ve adil d\u00f6n\u00fc\u015f\u00fcm \u00e7a\u011fr\u0131s\u0131n\u0131 yineledik.&nbsp;<\/p>\n\n<p>Bulu\u015fmam\u0131z sadece Elbistan ve Af\u015fin ile s\u0131n\u0131rl\u0131 kalmad\u0131; Mu\u011fla, Bursa, Bart\u0131n\u2019dan gelen yerel m\u00fccadele temsilcileri ve sivil toplum kurulu\u015flar\u0131 hem m\u00fccadelelerin son durumlar\u0131 hakk\u0131nda bilgi payla\u015ft\u0131 hem de COP31\u2019e giden yolda m\u00fccadelelerimiz i\u00e7in olas\u0131 f\u0131rsatlar ve at\u0131labilecek ad\u0131mlar de\u011ferlendirildi.&nbsp;<\/p>\n\n<p>Toplant\u0131da konu\u015fan Greenpeace T\u00fcrkiye \u0130klim ve Enerji Kampanyalar\u0131 Sorumlusu Emel T\u00fcrkay Alpay T\u00fcrkiye\u2019nin uluslararas\u0131 sorumlulu\u011funa dikkat \u00e7ekti:&nbsp; \u201cCOP31\u2019e ev sahipli\u011fine haz\u0131rlanan T\u00fcrkiye, k\u00f6m\u00fcr yat\u0131r\u0131mlar\u0131na son vererek ve k\u00f6m\u00fcr te\u015fviklerini durdurarak fosil yak\u0131tlardan adil ve kimseyi geride b\u0131rakmayan bir \u00e7\u0131k\u0131\u015f s\u00fcrecine girece\u011finin g\u00fc\u00e7l\u00fc mesaj\u0131n\u0131 vermeli.\u201d<\/p>\n\n<p>Bart\u0131n Platformu\u2019ndan Adnan Soylu kentlerine yap\u0131lmas\u0131 planlanan k\u00f6m\u00fcrl\u00fc termik santrale kar\u015f\u0131 m\u00fccadelelerini anlat\u0131rken \u201cProjeye 2005 y\u0131l\u0131nda ba\u015flad\u0131lar ama b\u00fcy\u00fck bir \u00f6zveri ve dayan\u0131\u015fma ile bug\u00fcne kadar kazma vurdurmad\u0131k. Toplumsal muhalefeti hukuksal muhalefete \u00e7evirdik. 27 davam\u0131z var. 22-23 tanesini kazand\u0131k. M\u00fccadelemiz devam ediyor\u201d dedi.<\/p>\n\n<p>Bursa Su Kolektifi\u2019nden Caner G\u00f6kbayrak termik santraller s\u00f6z konusu oldu\u011funda su varl\u0131klar\u0131n\u0131n kullan\u0131m\u0131n\u0131n da bir sorun oldu\u011funu s\u00f6yledi. Santrallerin ve madencili\u011fin yaratt\u0131\u011f\u0131 kirlilik ve sa\u011fl\u0131k sorunlar\u0131n\u0131n yan\u0131nda su kullan\u0131m\u0131n\u0131n ve kurakl\u0131\u011f\u0131n bu noktada m\u00fccadelede i\u015flenmesi gereken konulardan biri oldu\u011funu dile getirdi.&nbsp;<\/p>\n\n<p>Mu\u011fla \u00c7evre Platformu&#8217;ndan (MU\u00c7EP) Kaz\u0131m Y\u0131lmaz, b\u00f6lgede bulunan termik santraller, k\u00f6m\u00fcr madenlerinin geni\u015fletilmesi ve acele kamula\u015ft\u0131rmalara kar\u015f\u0131 sahada ve hukuki m\u00fccadelenin s\u00fcrd\u00fc\u011f\u00fcn\u00fc belirtti. Y\u0131lmaz, bu m\u00fccadelede hukuksuz \u015fekilde devam eden s\u00fcre\u00e7lere kar\u015f\u0131 m\u00fccadele eden Esra I\u015f\u0131k\u2019\u0131n&nbsp; haks\u0131z tutuklulu\u011funa de\u011findi. COP31\u2019e giden yolda \u00e7al\u0131\u015fmalar\u0131 devam eden Halklar\u0131n \u0130klim Zirvesi hakk\u0131nda bilgi verdi.&nbsp;<\/p>\n\n<p>Elbistan Do\u011fay\u0131 ve Ya\u015fam\u0131 Koruma Platformu\u2019ndan Fatih \u00d6zcan, Af\u015fin-Elbistan Termik Santrali\u2019ne kurulmas\u0131 planan C ve D \u00fcnitelerinin daha \u00f6nce iptal ettirildi\u011fini anlatt\u0131. Ek \u00fcniteler i\u00e7in m\u00fccadelenin s\u00fcrd\u00fc\u011f\u00fcn\u00fc belirtti.<\/p>\n\n<h2 class=\"wp-block-heading\"><strong>Adil ve temiz bir d\u00f6n\u00fc\u015f\u00fcme ihtiyac\u0131m\u0131z var<\/strong><\/h2>\n\n<p>Toplant\u0131 sonras\u0131nda b\u00f6lgedeki iki termik santralin de yak\u0131n kom\u015fusu olan \u00c7o\u011fulhan\u2019da, Af\u015fin-Elbistan A Termik Santrali \u00f6n\u00fcnde bir bas\u0131n a\u00e7\u0131klamas\u0131 ger\u00e7ekle\u015ftirildi. \u201cG\u00fcle g\u00fcle\u201d tabelas\u0131 arkam\u0131zda dururken \u201cK\u00f6m\u00fcrden adil ge\u00e7i\u015f \u015fimdi!\u201d pankart\u0131yla bir araya geldik.<\/p>\n\n<p>\u00c7o\u011fulhan kasabas\u0131 40 y\u0131l\u0131 a\u015fk\u0131n s\u00fcredir b\u00f6lgede bulunan termik santrallerin g\u00f6lgesinde neredeyse bir hayalet kasabaya d\u00f6n\u00fc\u015fm\u00fc\u015f durumda. Af\u015fin-Elbistan A Termik Santrali\u2019ne ise iki yeni \u00fcnite yap\u0131lmas\u0131 projesi var ve projenin \u00c7ED raporu onayland\u0131.&nbsp;<\/p>\n\n<p>Bulu\u015fmaya ev sahipli\u011fi yapan Af\u015fin Elbistan Hayat\u0131 ve Do\u011fay\u0131 Koruma Platformu\u2019ndan Mehmet Dalkanat&#8217;\u0131n s\u00f6zleri, b\u00f6lgedeki tahribat\u0131n ula\u015ft\u0131\u011f\u0131 boyutu g\u00f6zler \u00f6n\u00fcne serdi: \u201cBiz Af\u015fin\u2013Elbistan\u2019da y\u0131llard\u0131r k\u00f6m\u00fcr\u00fcn bedelini \u00f6dedik, \u00e7ok \u015fey kaybettik. Art\u0131k yeter diyoruz. Bu y\u00fczden sadece burada de\u011fil, T\u00fcrkiye\u2019nin hi\u00e7bir yerinde yeni bir k\u00f6m\u00fcrl\u00fc termik santral istemiyoruz. Bu projeler ya\u015fam\u0131 de\u011fil, y\u0131k\u0131m\u0131 b\u00fcy\u00fct\u00fcyor.\u201d<\/p>\n\n<p>Elbistan Belediye Ba\u015fkan Yard\u0131mc\u0131s\u0131 G\u00fclabi Eren de yerel y\u00f6netimin kararl\u0131 tutumunu \u015fu s\u00f6zlerle ifade etti: \u201cBiz enerjiye kar\u015f\u0131 de\u011filiz. Ancak kirli ve gelece\u011fimizi tehdit eden enerjiye kar\u015f\u0131y\u0131z. K\u00f6m\u00fcrl\u00fc santrallerin yaratt\u0131\u011f\u0131 hava kirlili\u011fi ve sa\u011fl\u0131k riskleri bilimsel olarak ortada. B\u00f6lgemizin g\u00fcne\u015f ve r\u00fczg\u00e2r gibi temiz enerji kaynaklar\u0131 a\u00e7\u0131s\u0131ndan g\u00fc\u00e7l\u00fc bir potansiyeli var. Bu nedenle halk\u0131m\u0131z\u0131n sa\u011fl\u0131\u011f\u0131n\u0131 tehdit eden bu projeyi kabul etmiyoruz.\u201d<\/p>\n\n<p>Af\u015fin\u2013Elbistan A Termik Santrali\u2019ne yap\u0131lmas\u0131 planlanan iki \u00fcnite i\u00e7in verilen \u00c7ED onay\u0131n\u0131n iptaline kar\u015f\u0131 a\u00e7\u0131lm\u0131\u015f d\u00f6rt dava bulunuyor. Bu davalarda yerinde incelemeler yapan bilirki\u015fi heyetinin verdi\u011fi iki rapor da projede kamu yarar\u0131 bulunmad\u0131\u011f\u0131n\u0131 a\u00e7\u0131k\u00e7a ifade ediyor.<\/p>\n\n<h2 class=\"wp-block-heading\">K\u00f6m\u00fcr bir hak ihlalidir: Acil taleplerimiz<\/h2>\n\n<p>K\u00f6m\u00fcre dair ulusal bir k\u00f6m\u00fcrden adil \u00e7\u0131k\u0131\u015f planlamas\u0131n\u0131n olmamas\u0131 COP31\u2019 ba\u015fkanl\u0131k yapacak T\u00fcrkiye\u2019nin hem iddial\u0131 ba\u015fkanl\u0131k hedefleri hem de iklim hedefleri ile \u00e7eli\u015fiyor. B\u00f6lge halk\u0131n\u0131n, yerel ekonomilerin ve bu sekt\u00f6rlerde \u00e7al\u0131\u015fan i\u015f\u00e7ilerin her g\u00fcn ya\u015fad\u0131\u011f\u0131 zorluklar ortada. Bu nedenle bulu\u015fman\u0131n ortak talepleri \u015fu \u015fekilde s\u0131raland\u0131:&nbsp;<\/p>\n\n<ul class=\"wp-block-list\">\n<li>Ba\u015fta Af\u015fin-Elbistan A Termik Santrali i\u00e7in planlanan ek \u00fcniteler olmak \u00fczere k\u00f6m\u00fcrl\u00fc termik santral projeleri ve maden izinleri iptal edilsin.<\/li>\n\n\n\n<li>K\u00f6m\u00fcrl\u00fc termik santraller acilen hayata ge\u00e7irilecek bir plan dahilinde kademeli olarak kapat\u0131ls\u0131n.<\/li>\n\n\n\n<li>Emek\u00e7iler i\u00e7in adil ge\u00e7i\u015f programlar\u0131 uygulans\u0131n.<\/li>\n\n\n\n<li>K\u00f6m\u00fcr arama ve geni\u015fletme faaliyetleri durdurulsun.<\/li>\n\n\n\n<li>K\u00f6m\u00fcr b\u00f6lgelerinde ekolojik ve sa\u011fl\u0131k zararlar\u0131 onar\u0131ls\u0131n.<\/li>\n\n\n\n<li>Kamu yarar\u0131n\u0131 ve bilimi esas alan enerji politikalar\u0131 hayata ge\u00e7irilsin.<\/li>\n<\/ul>\n\n<h2 class=\"wp-block-heading\"><strong>COP31\u2019de k\u00f6m\u00fcrden adil \u00e7\u0131k\u0131\u015f m\u00fcmk\u00fcn&nbsp;<\/strong><\/h2>\n\n<p>Elbistan\u2019daki bulu\u015fma k\u00f6m\u00fcrl\u00fc termik santrallerin etkilerinin \u00fclkenin d\u00f6rt bir yan\u0131nda nas\u0131l hissedildi\u011fini g\u00f6zler \u00f6n\u00fcne serdi. Ayn\u0131 g\u00fcnlerde Ankara\u2019da maden i\u015f\u00e7ileri haklar\u0131 i\u00e7in direnirken k\u00f6m\u00fcrden adil \u00e7\u0131k\u0131\u015f\u0131n ne kadar acil oldu\u011funu bir kez daha hat\u0131rlad\u0131k.<\/p>\n\n<p>COP31 ba\u015fkanl\u0131\u011f\u0131n\u0131 \u00fcstlenen T\u00fcrkiye\u2019nin bu s\u00fcreci tarihi bir f\u0131rsata \u00e7evirme \u015fans\u0131 var. K\u00f6m\u00fcrden adil \u00e7\u0131k\u0131\u015f i\u00e7in ilk ad\u0131m\u0131 atman\u0131n tam zaman\u0131.<\/p>\n\n<div class=\"wp-block-group has-beige-100-background-color has-background is-layout-constrained wp-container-core-group-is-layout-afb388fb wp-block-group-is-layout-constrained\" style=\"padding-top:var(--wp--preset--spacing--60);padding-right:var(--wp--preset--spacing--60);padding-bottom:var(--wp--preset--spacing--60);padding-left:var(--wp--preset--spacing--60)\">\n<div class=\"wp-block-group is-vertical is-layout-flex wp-container-core-group-is-layout-8cf370e7 wp-block-group-is-layout-flex\">\n<h2 class=\"wp-block-heading has-green-500-color has-text-color has-link-color wp-elements-92387b9e5072d8f85bc5c80bde231fa3\">Greenpeace destek\u00e7isi ol!<\/h2>\n\n\n\n<p><strong>Greenpeace&#8217;in ba\u011f\u0131ms\u0131z ve cesur kampanyalar y\u00fcr\u00fctmesini sa\u011flayan tek g\u00fc\u00e7 sensin. Ba\u011f\u0131\u015f\u0131nla sesimizi daha g\u00fc\u00e7l\u00fc k\u0131l, d\u00fcnyan\u0131n gelece\u011fine birlikte y\u00f6n verelim!<br><br>Senin deste\u011finle daha g\u00fc\u00e7l\u00fc, daha etkili ve daha cesuruz. \u015eimdi bize kat\u0131l!<\/strong><\/p>\n\n\n\n<p><\/p>\n<\/div>\n\n\n\n<!-- Script'i dahil et -->\n<script src=\"https:\/\/bagis.greenpeace-destek.org\/embed\/donation-form\/widget.js\"><\/script>\n\n<!-- Widget container'\u0131n\u0131 ekle -->\n<div class=\"donation-widget\" \n     data-title=\"Greenpeace Ba\u011f\u0131\u015f Formu\">\n    <div class=\"loading-indicator\">Ba\u011f\u0131\u015f Formu Y\u00fckleniyor&#8230;<\/div>\n<\/div>\n<\/div>\n","protected":false},"excerpt":{"rendered":"<p>T\u00fcrkiye\u2019nin farkl\u0131 k\u00f6m\u00fcr b\u00f6lgelerinde m\u00fccadele veren sivil toplum temsilcileri ve yerel akt\u00f6rler 25 Nisan\u2019da Kahramanmara\u015f\u2019\u0131n Elbistan il\u00e7esinde bir araya geldi. Greenpeace T\u00fcrkiye olarak heyecanla kat\u0131ld\u0131\u011f\u0131m\u0131z bu \u00f6nemli bulu\u015fma, t\u00fcm d\u00fcnyan\u0131n&hellip;<\/p>\n","protected":false},"author":41,"featured_media":10085,"comment_status":"closed","ping_status":"open","sticky":false,"template":"","format":"standard","meta":{"ep_exclude_from_search":false,"p4_og_title":"","p4_og_description":"","p4_og_image":"","p4_og_image_id":"","p4_seo_canonical_url":"","p4_campaign_name":"","p4_local_project":"","p4_basket_name":"","p4_department":"","footnotes":""},"categories":[5,2,59],"tags":[27],"p4-page-type":[29],"class_list":["post-10084","post","type-post","status-publish","format-standard","has-post-thumbnail","hentry","category-sorunlar-ve-cozumler","category-enerji","category-iklim-adaleti","tag-komur","p4-page-type-blog"],"_links":{"self":[{"href":"https:\/\/www.greenpeace.org\/turkey\/wp-json\/wp\/v2\/posts\/10084","targetHints":{"allow":["GET"]}}],"collection":[{"href":"https:\/\/www.greenpeace.org\/turkey\/wp-json\/wp\/v2\/posts"}],"about":[{"href":"https:\/\/www.greenpeace.org\/turkey\/wp-json\/wp\/v2\/types\/post"}],"author":[{"embeddable":true,"href":"https:\/\/www.greenpeace.org\/turkey\/wp-json\/wp\/v2\/users\/41"}],"replies":[{"embeddable":true,"href":"https:\/\/www.greenpeace.org\/turkey\/wp-json\/wp\/v2\/comments?post=10084"}],"version-history":[{"count":1,"href":"https:\/\/www.greenpeace.org\/turkey\/wp-json\/wp\/v2\/posts\/10084\/revisions"}],"predecessor-version":[{"id":10086,"href":"https:\/\/www.greenpeace.org\/turkey\/wp-json\/wp\/v2\/posts\/10084\/revisions\/10086"}],"wp:featuredmedia":[{"embeddable":true,"href":"https:\/\/www.greenpeace.org\/turkey\/wp-json\/wp\/v2\/media\/10085"}],"wp:attachment":[{"href":"https:\/\/www.greenpeace.org\/turkey\/wp-json\/wp\/v2\/media?parent=10084"}],"wp:term":[{"taxonomy":"category","embeddable":true,"href":"https:\/\/www.greenpeace.org\/turkey\/wp-json\/wp\/v2\/categories?post=10084"},{"taxonomy":"post_tag","embeddable":true,"href":"https:\/\/www.greenpeace.org\/turkey\/wp-json\/wp\/v2\/tags?post=10084"},{"taxonomy":"p4-page-type","embeddable":true,"href":"https:\/\/www.greenpeace.org\/turkey\/wp-json\/wp\/v2\/p4-page-type?post=10084"}],"curies":[{"name":"wp","href":"https:\/\/api.w.org\/{rel}","templated":true}]}}