{"id":10090,"date":"2026-05-01T11:51:03","date_gmt":"2026-05-01T08:51:03","guid":{"rendered":"https:\/\/www.greenpeace.org\/turkey\/?p=10090"},"modified":"2026-05-01T11:51:08","modified_gmt":"2026-05-01T08:51:08","slug":"baris-arctic-sunrisedan-bildiriyor-2-her-sey-degisti","status":"publish","type":"post","link":"https:\/\/www.greenpeace.org\/turkey\/blog\/baris-arctic-sunrisedan-bildiriyor-2-her-sey-degisti\/","title":{"rendered":"Bar\u0131\u015f, Arctic Sunrise&#8217;dan bildiriyor #2: Her \u015fey de\u011fi\u015fti"},"content":{"rendered":"\n<p>Son birka\u00e7 g\u00fcn boyunca gemide bir rutin olu\u015fmaya ba\u015flam\u0131\u015ft\u0131. Sabah erkenden kalk\u0131yorduk, ekip toplant\u0131s\u0131 yap\u0131yorduk, hangi gemiye ne destek gerekti\u011fini planl\u0131yorduk ve sahaya \u00e7\u0131k\u0131yorduk. Open Arms ile birlikte gece g\u00fcnd\u00fcz \u00e7al\u0131\u015f\u0131yorduk. Motor onar\u0131mlar\u0131, \u015fanz\u0131man bak\u0131mlar\u0131, elektrik sistemleri. Gemiler aras\u0131nda g\u0131da ve doktor transferleri.&nbsp;<\/p>\n\n<p>Bu i\u015fin fiziksel olarak ne kadar zorlu oldu\u011funu anlatmak g\u00fc\u00e7. Ama g\u00fcvertede herkesin y\u00fcz\u00fcnde ayn\u0131 ifade vard\u0131: Burada olman\u0131n do\u011fru oldu\u011funu bilmek.<\/p>\n\n<figure class=\"wp-block-image size-large\"><img loading=\"lazy\" decoding=\"async\" width=\"1024\" height=\"683\" src=\"https:\/\/www.greenpeace.org\/static\/planet4-turkey-stateless\/2026\/05\/6497df4f-image-1024x683.jpeg\" alt=\"\" class=\"wp-image-10091\" srcset=\"https:\/\/www.greenpeace.org\/static\/planet4-turkey-stateless\/2026\/05\/6497df4f-image-1024x683.jpeg 1024w, https:\/\/www.greenpeace.org\/static\/planet4-turkey-stateless\/2026\/05\/6497df4f-image-300x200.jpeg 300w, https:\/\/www.greenpeace.org\/static\/planet4-turkey-stateless\/2026\/05\/6497df4f-image-768x512.jpeg 768w, https:\/\/www.greenpeace.org\/static\/planet4-turkey-stateless\/2026\/05\/6497df4f-image-510x340.jpeg 510w, https:\/\/www.greenpeace.org\/static\/planet4-turkey-stateless\/2026\/05\/6497df4f-image.jpeg 1200w\" sizes=\"auto, (max-width: 1024px) 100vw, 1024px\" \/><figcaption class=\"wp-element-caption\">\u00a9 Max Cavallari \/ Greenpeace<\/figcaption><\/figure>\n\n<p>Sonra d\u00fcn gece geldi.<\/p>\n\n<p>Yerel saatle 21:43&#8217;te uluslararas\u0131 deniz telsiz kanal\u0131ndan bir mesaj geldi. G\u00f6nderici kendisini \u0130srail Donanmas\u0131 olarak tan\u0131ml\u0131yordu. Filonun rotas\u0131n\u0131 de\u011fi\u015ftirmesini talep etti. Yunan adas\u0131 Kythira&#8217;n\u0131n 45 deniz mili bat\u0131s\u0131ndayd\u0131k. Gazze&#8217;ye 600 deniz mili uzaktayd\u0131k. Uluslararas\u0131 sulardayd\u0131k.<\/p>\n\n<figure class=\"wp-block-video\"><video controls src=\"https:\/\/www.greenpeace.org\/static\/planet4-turkey-stateless\/2026\/05\/56e1690c-radio-message-260501.mp4\"><\/video><figcaption class=\"wp-element-caption\">\u00a9 Greenpeace<\/figcaption><\/figure>\n\n<p>Ard\u0131ndan ileti\u015fim kanallar\u0131m\u0131z birbiri ard\u0131na kar\u0131\u015ft\u0131r\u0131lmaya ba\u015fland\u0131. Acil durum SOS frekanslar\u0131, filo koordinasyon kanallar\u0131, navigasyon uydu sistemleri, Iridium hatlar\u0131. A\u00e7\u0131k denizde ileti\u015fimin kesilmesinin ne anlama geldi\u011fini o gece \u00e7ok net anlad\u0131m. Sadece sessizlik de\u011fil, tehlike demek.<\/p>\n\n<p>Sabaha kar\u015f\u0131 k\u00f6t\u00fc haberler gelmeye ba\u015flad\u0131. Birden fazla gemiye \u0130srail kuvvetleri taraf\u0131ndan zorla \u00e7\u0131k\u0131lm\u0131\u015ft\u0131. Yakla\u015f\u0131k 175 bar\u0131\u015f\u00e7\u0131l sivil yasad\u0131\u015f\u0131 olarak g\u00f6zalt\u0131na al\u0131nd\u0131. Gemiler hasarl\u0131 ve terk edilmi\u015f halde a\u00e7\u0131k denizde b\u0131rak\u0131ld\u0131.<\/p>\n\n<p>Bu insanlar\u0131n bir k\u0131sm\u0131n\u0131 tan\u0131yorum. Haftalard\u0131r birlikte yol ald\u0131k. Birbirimizin gemilerine destek verdik, birlikte \u00e7al\u0131\u015ft\u0131k, birlikte yemek yedik. Doktorlar, sa\u011fl\u0131k \u00e7al\u0131\u015fanlar\u0131, sivil g\u00f6n\u00fcll\u00fcler. Ta\u015f\u0131d\u0131klar\u0131 \u015fey insani yard\u0131md\u0131.&nbsp;<\/p>\n\n<figure class=\"wp-block-image size-large\"><img loading=\"lazy\" decoding=\"async\" width=\"1024\" height=\"682\" src=\"https:\/\/www.greenpeace.org\/static\/planet4-turkey-stateless\/2026\/05\/7c676ce1-gp0su8rly-1024x682.jpg\" alt=\"\" class=\"wp-image-10095\" srcset=\"https:\/\/www.greenpeace.org\/static\/planet4-turkey-stateless\/2026\/05\/7c676ce1-gp0su8rly-1024x682.jpg 1024w, https:\/\/www.greenpeace.org\/static\/planet4-turkey-stateless\/2026\/05\/7c676ce1-gp0su8rly-300x200.jpg 300w, https:\/\/www.greenpeace.org\/static\/planet4-turkey-stateless\/2026\/05\/7c676ce1-gp0su8rly-768x512.jpg 768w, https:\/\/www.greenpeace.org\/static\/planet4-turkey-stateless\/2026\/05\/7c676ce1-gp0su8rly-1536x1023.jpg 1536w, https:\/\/www.greenpeace.org\/static\/planet4-turkey-stateless\/2026\/05\/7c676ce1-gp0su8rly-2048x1366.jpg 2048w, https:\/\/www.greenpeace.org\/static\/planet4-turkey-stateless\/2026\/05\/7c676ce1-gp0su8rly-510x340.jpg 510w\" sizes=\"auto, (max-width: 1024px) 100vw, 1024px\" \/><figcaption><div class=\"credit icon-left\"> \u00a9 Greenpeace<\/div><\/figcaption><\/figure>\n\n<p>Eyl\u00fcl 2025&#8217;te de ayn\u0131 \u015fey ya\u015fanm\u0131\u015ft\u0131. O zaman 42 tekne ve 462 kat\u0131l\u0131mc\u0131yla yola \u00e7\u0131kan Sumud Filosu&#8217;na Gazze k\u0131y\u0131lar\u0131ndan 70 deniz mili a\u00e7\u0131kta m\u00fcdahale edilmi\u015fti. Kal\u0131p de\u011fi\u015fmiyor.<\/p>\n\n<p>\u015eu anda Yunan karasular\u0131nday\u0131z. \u00d6nceli\u011fimiz filonun geri kalan\u0131na destek sa\u011flamak. Gemileri Girit&#8217;e g\u00fcvenli bir \u015fekilde ula\u015ft\u0131rmak i\u00e7in \u00e7al\u0131\u015f\u0131yoruz. Yak\u0131t ikmali, teknik onar\u0131m, t\u0131bbi destek. M\u00fcrettebat\u0131m\u0131z durmadan \u00e7al\u0131\u015f\u0131yor.<\/p>\n\n<figure class=\"wp-block-image size-large\"><img loading=\"lazy\" decoding=\"async\" width=\"1024\" height=\"683\" src=\"https:\/\/www.greenpeace.org\/static\/planet4-turkey-stateless\/2026\/05\/3aea9af2-image-1024x683.jpeg\" alt=\"\" class=\"wp-image-10092\" srcset=\"https:\/\/www.greenpeace.org\/static\/planet4-turkey-stateless\/2026\/05\/3aea9af2-image-1024x683.jpeg 1024w, https:\/\/www.greenpeace.org\/static\/planet4-turkey-stateless\/2026\/05\/3aea9af2-image-300x200.jpeg 300w, https:\/\/www.greenpeace.org\/static\/planet4-turkey-stateless\/2026\/05\/3aea9af2-image-768x512.jpeg 768w, https:\/\/www.greenpeace.org\/static\/planet4-turkey-stateless\/2026\/05\/3aea9af2-image-1536x1024.jpeg 1536w, https:\/\/www.greenpeace.org\/static\/planet4-turkey-stateless\/2026\/05\/3aea9af2-image-510x340.jpeg 510w, https:\/\/www.greenpeace.org\/static\/planet4-turkey-stateless\/2026\/05\/3aea9af2-image.jpeg 2048w\" sizes=\"auto, (max-width: 1024px) 100vw, 1024px\" \/><figcaption class=\"wp-element-caption\">\u00a9 Max Cavallari \/ Greenpeace<\/figcaption><\/figure>\n\n<p>Greenpeace olarak ilkelerimiz de\u011fi\u015fmedi. \u015eiddetsizlik, bar\u0131\u015f\u00e7\u0131l direni\u015f ve uluslararas\u0131 hukukun savunulmas\u0131. G\u00f6zalt\u0131na al\u0131nan herkesin derhal serbest b\u0131rak\u0131lmas\u0131n\u0131 talep ediyoruz.<\/p>\n\n<p>Sen de payla\u015f, herkes duysun.<\/p>\n\n<div class=\"wp-block-group has-beige-100-background-color has-background is-layout-constrained wp-container-core-group-is-layout-afb388fb wp-block-group-is-layout-constrained\" style=\"padding-top:var(--wp--preset--spacing--60);padding-right:var(--wp--preset--spacing--60);padding-bottom:var(--wp--preset--spacing--60);padding-left:var(--wp--preset--spacing--60)\">\n<div class=\"wp-block-group is-vertical is-layout-flex wp-container-core-group-is-layout-8cf370e7 wp-block-group-is-layout-flex\">\n<h2 class=\"wp-block-heading has-green-500-color has-text-color has-link-color wp-elements-92387b9e5072d8f85bc5c80bde231fa3\">Greenpeace destek\u00e7isi ol!<\/h2>\n\n\n\n<p><strong>Greenpeace&#8217;in ba\u011f\u0131ms\u0131z ve cesur kampanyalar y\u00fcr\u00fctmesini sa\u011flayan tek g\u00fc\u00e7 sensin. Ba\u011f\u0131\u015f\u0131nla sesimizi daha g\u00fc\u00e7l\u00fc k\u0131l, d\u00fcnyan\u0131n gelece\u011fine birlikte y\u00f6n verelim!<br><br>Senin deste\u011finle daha g\u00fc\u00e7l\u00fc, daha etkili ve daha cesuruz. \u015eimdi bize kat\u0131l!<\/strong><\/p>\n\n\n\n<p><\/p>\n<\/div>\n\n\n\n<!-- Script'i dahil et -->\n<script src=\"https:\/\/bagis.greenpeace-destek.org\/embed\/donation-form\/widget.js\"><\/script>\n\n<!-- Widget container'\u0131n\u0131 ekle -->\n<div class=\"donation-widget\" \n     data-title=\"Greenpeace Ba\u011f\u0131\u015f Formu\">\n    <div class=\"loading-indicator\">Ba\u011f\u0131\u015f Formu Y\u00fckleniyor&#8230;<\/div>\n<\/div>\n<\/div>\n","protected":false},"excerpt":{"rendered":"<p>Son birka\u00e7 g\u00fcn boyunca gemide bir rutin olu\u015fmaya ba\u015flam\u0131\u015ft\u0131. Sabah erkenden kalk\u0131yorduk, ekip toplant\u0131s\u0131 yap\u0131yorduk, hangi gemiye ne destek gerekti\u011fini planl\u0131yorduk ve sahaya \u00e7\u0131k\u0131yorduk. Open Arms ile birlikte gece g\u00fcnd\u00fcz&hellip;<\/p>\n","protected":false},"author":41,"featured_media":10093,"comment_status":"closed","ping_status":"open","sticky":false,"template":"","format":"standard","meta":{"ep_exclude_from_search":false,"p4_og_title":"","p4_og_description":"","p4_og_image":"","p4_og_image_id":"","p4_seo_canonical_url":"","p4_campaign_name":"","p4_local_project":"","p4_basket_name":"","p4_department":"","footnotes":""},"categories":[5,59],"tags":[],"p4-page-type":[29],"class_list":["post-10090","post","type-post","status-publish","format-standard","has-post-thumbnail","hentry","category-sorunlar-ve-cozumler","category-iklim-adaleti","p4-page-type-blog"],"_links":{"self":[{"href":"https:\/\/www.greenpeace.org\/turkey\/wp-json\/wp\/v2\/posts\/10090","targetHints":{"allow":["GET"]}}],"collection":[{"href":"https:\/\/www.greenpeace.org\/turkey\/wp-json\/wp\/v2\/posts"}],"about":[{"href":"https:\/\/www.greenpeace.org\/turkey\/wp-json\/wp\/v2\/types\/post"}],"author":[{"embeddable":true,"href":"https:\/\/www.greenpeace.org\/turkey\/wp-json\/wp\/v2\/users\/41"}],"replies":[{"embeddable":true,"href":"https:\/\/www.greenpeace.org\/turkey\/wp-json\/wp\/v2\/comments?post=10090"}],"version-history":[{"count":1,"href":"https:\/\/www.greenpeace.org\/turkey\/wp-json\/wp\/v2\/posts\/10090\/revisions"}],"predecessor-version":[{"id":10096,"href":"https:\/\/www.greenpeace.org\/turkey\/wp-json\/wp\/v2\/posts\/10090\/revisions\/10096"}],"wp:featuredmedia":[{"embeddable":true,"href":"https:\/\/www.greenpeace.org\/turkey\/wp-json\/wp\/v2\/media\/10093"}],"wp:attachment":[{"href":"https:\/\/www.greenpeace.org\/turkey\/wp-json\/wp\/v2\/media?parent=10090"}],"wp:term":[{"taxonomy":"category","embeddable":true,"href":"https:\/\/www.greenpeace.org\/turkey\/wp-json\/wp\/v2\/categories?post=10090"},{"taxonomy":"post_tag","embeddable":true,"href":"https:\/\/www.greenpeace.org\/turkey\/wp-json\/wp\/v2\/tags?post=10090"},{"taxonomy":"p4-page-type","embeddable":true,"href":"https:\/\/www.greenpeace.org\/turkey\/wp-json\/wp\/v2\/p4-page-type?post=10090"}],"curies":[{"name":"wp","href":"https:\/\/api.w.org\/{rel}","templated":true}]}}