{"id":10813,"date":"2026-09-01T10:47:33","date_gmt":"2026-09-01T07:47:33","guid":{"rendered":"https:\/\/www.greenpeace.org\/turkey\/?p=10813"},"modified":"2026-09-01T10:53:25","modified_gmt":"2026-09-01T07:53:25","slug":"greenpeaceten-marketlere-pestisit-karnesi-icinde-ne-var-260901","status":"publish","type":"post","link":"https:\/\/www.greenpeace.org\/turkey\/blog\/greenpeaceten-marketlere-pestisit-karnesi-icinde-ne-var-260901\/","title":{"rendered":"Greenpeace\u2019ten marketlere pestisit karnesi: \u201c\u0130\u00e7inde Ne Var?\u201d\u00a0"},"content":{"rendered":"\n<p class=\"wp-block-paragraph\">Greenpeace T\u00fcrkiye <a href=\"https:\/\/www.icindenevar.org\/\">\u201c\u0130\u00e7inde Ne Var?\u201d<\/a> kampanyas\u0131yla T\u00fcrkiye&#8217;nin en b\u00fcy\u00fck be\u015f organize perakende zincirinden\u00a0 -A101, B\u0130M, CarrefourSA, Migros ve \u015eOK-\u00a0 taze meyve-sebze tedarik zincirlerinde tam \u015feffafl\u0131k, kokteyl etkisine s\u0131f\u0131r tolerans, daha kat\u0131 kal\u0131nt\u0131 limitleri ve \u00e7ift\u00e7i refah\u0131n\u0131n korunmas\u0131n\u0131 talep ediyor.<\/p>\n\n<div class=\"wp-block-buttons is-layout-flex wp-block-buttons-is-layout-flex\">\n<div class=\"wp-block-button has-custom-width wp-block-button__width-100 is-style-cta\"><a class=\"wp-block-button__link wp-element-button\" href=\"https:\/\/icindenevar.org\/?utm_source=website&amp;utm_medium=blog-button_260901\"><strong>KAMPANYAYA KATIL<\/strong><\/a><\/div>\n<\/div>\n\n<p class=\"wp-block-paragraph\">Kampanya kapsam\u0131nda \u0130stanbul\u2019un d\u00f6rt il\u00e7esindeki be\u015f market zincirinden domates \u00f6rnekleri al\u0131nd\u0131. Sonu\u00e7lara g\u00f6re; 20 \u00fcr\u00fcnden 3\u2019\u00fcnde mevzuata ayk\u0131r\u0131 pestisit kullan\u0131m\u0131, 7\u2019sinde ise 3\u2019ten fazla pestisite rastland\u0131. Mevzuata ayk\u0131r\u0131 pestisit kullan\u0131lan \u00fcr\u00fcnlerden birinde 15 y\u0131l \u00f6nce yasaklanm\u0131\u015f bir etken madde tespit edildi. Di\u011fer iki mevzuat ihlalinin ise iyi tar\u0131m logolu \u00fcr\u00fcnlerde ger\u00e7ekle\u015fmesi dikkat \u00e7ekti.&nbsp;<\/p>\n\n<p class=\"wp-block-paragraph\">Greenpeace analizlerle birlikte bir Market Karnesi geli\u015ftirdi. \u00c7e\u015fitli aral\u0131klarla g\u00fcncellenecek olan karneler market zincirlerinin kamuoyuna a\u00e7\u0131klad\u0131\u011f\u0131 politika taahh\u00fctleri (&#8220;Kurumsal Taahh\u00fctler&#8221;, 75 puan) ve ba\u011f\u0131ms\u0131z laboratuvarda test edilen numunelerin ger\u00e7ek sonu\u00e7lar\u0131ndan (&#8220;Raf Ger\u00e7ekli\u011fi&#8221;, 25 puan) olu\u015fuyor. Bu karne kurgusu haz\u0131rlan\u0131rken son derece s\u0131n\u0131rl\u0131 say\u0131da \u00f6rneklem \u00fczerinden analiz yap\u0131ld\u0131\u011f\u0131 ve dolay\u0131s\u0131yla yanl\u0131\u015f genellemelerin \u00f6n\u00fcne ge\u00e7ilmesi amac\u0131yla pestisit analiz sonu\u00e7lar\u0131na \u00f6zellikle d\u00fc\u015f\u00fck puan ayr\u0131ld\u0131.&nbsp;<\/p>\n\n<p class=\"wp-block-paragraph\">Sonu\u00e7lara g\u00f6re; \u015eOK, k\u0131smi pestisit analizleri ve yasal limite uygun pestisit kullan\u0131m\u0131 alanlar\u0131ndan toplam 30 puan al\u0131rken, Migros yasal limite uygun pestisit kullan\u0131m\u0131 ve pestisitsiz \u00fcr\u00fcn kategorileriyle 20 puan toplad\u0131. A101, B\u0130M ve CarrefourSA ise domates karnesini puans\u0131z tamamlad\u0131. Bu bilgilere g\u00f6re haz\u0131rlanan ilk Market Karnesi&#8217;nde be\u015f zincirden yaln\u0131zca biri (\u015eOK) &#8220;C&#8221; notu alabilirken, di\u011fer d\u00f6rd\u00fc &#8220;D&#8221; band\u0131nda kald\u0131.<\/p>\n\n<figure class=\"wp-block-table is-style-stripes\"><table class=\"has-green-background-color has-background\"><tbody><tr><td><strong>Market<\/strong><\/td><td><strong>Kurumsal Taahh\u00fctler<\/strong><\/td><td><strong>Raf Ger\u00e7ekli\u011fi<\/strong><\/td><td><strong>Toplam<\/strong><\/td><td><strong>Not<\/strong><\/td><td><strong>Not D\u00fc\u015f\u00fcren Ana Etken<\/strong><\/td><\/tr><tr><td>A101<\/td><td>0 \/ 75<\/td><td>0 \/ 25<\/td><td>0 \/ 100<\/td><td>D<\/td><td>Sistemik kilit: Yasakl\u0131 madde (Chlorfenapyr)<\/td><\/tr><tr><td>B\u0130M<\/td><td>0 \/ 75<\/td><td>0 \/ 25<\/td><td>0 \/ 100<\/td><td>D<\/td><td>Sistemik kilit: Ruhsats\u0131z madde (Cyromazine)<\/td><\/tr><tr><td>CarrefourSA<\/td><td>0 \/ 75<\/td><td>0 \/ 25<\/td><td>0 \/ 100<\/td><td>D<\/td><td>Sistemik kilit: Ruhsats\u0131z madde (Pirimiphos-methyl)<\/td><\/tr><tr><td>Migros<\/td><td>0 \/ 75<\/td><td>20 \/ 25<\/td><td>20 \/ 100<\/td><td>D<\/td><td>Bir \u00fcr\u00fcnde hi\u00e7 kal\u0131nt\u0131 \u00e7\u0131kmamas\u0131 notu art\u0131r\u0131rken kokteyl etki ve politika eksikli\u011fi notu d\u00fc\u015f\u00fcrd\u00fc<\/td><\/tr><tr><td>\u015eok<\/td><td>15 \/ 75<\/td><td>15 \/ 25<\/td><td>30 \/ 100<\/td><td>C<\/td><td>K\u0131smi \u015feffafl\u0131k taahh\u00fcd\u00fc + \u0130hlal yok<\/td><\/tr><\/tbody><\/table><\/figure>\n\n<p class=\"wp-block-paragraph\"><strong>Marketlerden talepler: \u015eeffafl\u0131k, kokteyl etkiye s\u0131f\u0131r tolerans, kat\u0131 limitler, \u00e7ift\u00e7i refah\u0131<\/strong><\/p>\n\n<p class=\"wp-block-paragraph\">Greenpeace T\u00fcrkiye, sa\u011fl\u0131kl\u0131 g\u0131daya eri\u015fimin hak oldu\u011funu hat\u0131rlatarak organize perakende pazar\u0131n\u0131 y\u00f6neten be\u015f zincirden, vitrinlik s\u00fcrd\u00fcr\u00fclebilirlik projeleri yerine sistemsel d\u00f6rt ana d\u00f6n\u00fc\u015f\u00fcm talep ediyor:<\/p>\n\n<ul class=\"wp-block-list\">\n<li><strong>Tam \u015eeffafl\u0131k:<\/strong> T\u00fcm ya\u015f meyve-sebze tedarik zincirinde ba\u011f\u0131ms\u0131z laboratuvar denetimlerinin standartla\u015ft\u0131r\u0131lmas\u0131 ve sonu\u00e7lar\u0131n \u015feffaf\u00e7a yay\u0131mlanmas\u0131.<\/li>\n\n\n\n<li><strong>Kokteyl Etkisine (K\u00fcm\u00fclatif Toksisite) S\u0131f\u0131r Tolerans:<\/strong> Bir \u00fcr\u00fcnde, yasal s\u0131n\u0131rlar\u0131n alt\u0131nda dahi olsa, en fazla 3 farkl\u0131 pestisit etken maddesine izin verilmesi.<\/li>\n\n\n\n<li><strong>Maksimum Kal\u0131nt\u0131 Limitlerinin (MRL) \u0130yile\u015ftirilmesi:<\/strong> Perakendecilerin kendi i\u00e7 standartlar\u0131n\u0131 kurgulayarak, devletin belirledi\u011fi limitleri %20 oran\u0131nda daha kat\u0131 bir kabul k\u0131stas\u0131na \u00e7ekmeleri.<\/li>\n\n\n\n<li><strong>\u00c7ift\u00e7i Refah\u0131n\u0131n Korunmas\u0131:<\/strong> Zehirsiz ve ekolojik \u00fcretime ge\u00e7i\u015f i\u00e7in \u00e7ift\u00e7iye te\u015fvik, zirai m\u00fchendis deste\u011fi, prim, adil s\u00f6zle\u015fme sunularak, tarladaki d\u00f6n\u00fc\u015f\u00fcm maliyetinin salt \u00fcreticiye y\u0131k\u0131lmas\u0131n\u0131n \u00f6n\u00fcne ge\u00e7ilmesi.&nbsp;<\/li>\n<\/ul>\n\n<p class=\"wp-block-paragraph\"><strong>\u00d6rneklerin y\u00fczde 15\u2019inde mevzuata ayk\u0131r\u0131l\u0131k tespit edildi<\/strong><\/p>\n\n<p class=\"wp-block-paragraph\">Kampanya kapsam\u0131nda Temmuz ay\u0131nda \u0130stanbul\u2019un Sultanbeyli, Sancaktepe, Ata\u015fehir, Kad\u0131k\u00f6y il\u00e7elerindeki A101, B\u0130M, CarrefourSA, Migros, \u015eOK market zincirlerinden domates \u00f6rnekleri al\u0131nd\u0131. Domates, mevsim itibariyle en az kal\u0131nt\u0131 \u00e7\u0131kma ihtimali olan \u00fcr\u00fcnler aras\u0131ndan yer almas\u0131ndan \u00f6t\u00fcr\u00fc \u00f6zellikle tercih edildi. Uluslararas\u0131 akredite bir laboratuvarda yap\u0131lan analiz sonu\u00e7lar\u0131nda \u015fu bulgular \u00f6ne \u00e7\u0131kt\u0131:<\/p>\n\n<ul class=\"wp-block-list\">\n<li>Be\u015f market zincirinde al\u0131nan 20 adet domatesin 3\u2019\u00fcnde (y\u00fczde 15) mevzuata ayk\u0131r\u0131l\u0131k tespit edildi.\n<ul class=\"wp-block-list\">\n<li>Mevzuata ayk\u0131r\u0131l\u0131k \u00e7\u0131kan 3 \u00fcr\u00fcnden 2\u2019sinde domateste ruhsats\u0131z olan etken madde kullan\u0131ld\u0131. Reyonda sergilenen Hal Kay\u0131t Sistemi bilgilerine g\u00f6re bu \u00fcr\u00fcnler iyi tar\u0131m logoluydu.&nbsp;<\/li>\n\n\n\n<li>Mevzuata ayk\u0131r\u0131 1 \u00fcr\u00fcnde 31.12.2010 itibar\u0131yla tamamen yasaklanm\u0131\u015f bir etken madde (Chlorfenapyr)&nbsp; tespit edildi.<\/li>\n<\/ul>\n<\/li>\n\n\n\n<li>20 \u00fcr\u00fcnden 7\u2019sinde (y\u00fczde 35) 3\u2019ten fazla pestisit tespit edildi.<\/li>\n<\/ul>\n\n<ul class=\"wp-block-list\">\n<li>Analizde, \u00e7ocuk sa\u011fl\u0131\u011f\u0131 a\u00e7\u0131s\u0131ndan risk olu\u015fturan per\/polifloroalkil maddeleri (PFAS) i\u00e7eren pestisitler de incelendi. 20 \u00fcr\u00fcnden 14\u2019\u00fcnde (y\u00fczde 70) en az 1 PFAS\u2019li madde tespit edildi.<\/li>\n\n\n\n<li>20 \u00fcr\u00fcnden sadece 1\u2019inde (y\u00fczde 5) hi\u00e7bir pestisit izine rastlanmad\u0131.<\/li>\n<\/ul>\n\n<p class=\"wp-block-paragraph\"><strong>Neden marketler?&nbsp;<\/strong><\/p>\n\n<p class=\"wp-block-paragraph\">Greenpeace\u2019in pestisit kampanyas\u0131nda market zincirlerine y\u00f6nelmesinin nedeni, en b\u00fcy\u00fck d\u00f6rt organize market zincirinin (B\u0130M, A101, Migros, \u015eOK) g\u0131da perakendesinde (H\u0131zl\u0131 T\u00fcketim Mallar\u0131 perakendecili\u011fi) 2010 y\u0131l\u0131nda y\u00fczde 12,64 olan pazar pay\u0131n\u0131n 2021\u2019de y\u00fczde 60\u2019a yakla\u015fm\u0131\u015f olmas\u0131. Rekabet Kurumu raporlar\u0131na g\u00f6re, son on y\u0131lda pazar\u0131n yo\u011funla\u015fma oran\u0131 yakla\u015f\u0131k be\u015f kat artarken ve d\u00f6rt market zincirinin pazar\u0131n yar\u0131s\u0131ndan fazlas\u0131na h\u00e2kim oldu\u011fu g\u00f6r\u00fcl\u00fcyor. Bunun yan\u0131 s\u0131ra Rekabet Kurumu\u2019nun 2021&#8217;de be\u015f zincire (B\u0130M, A101, Migros, \u015eOK, CarrefourSA) fiyat koordinasyonu \/ kartel su\u00e7lamas\u0131yla toplamda milyarlarca TL idari para cezas\u0131 kesti; \u015firketlerin itiraz\u0131 reddedildi.<\/p>\n\n<p class=\"wp-block-paragraph\">Market zincirlerinin elindeki bu g\u00fcc\u00fcn yan\u0131nda ilgili kanunlar g\u0131da kodeksine ayk\u0131r\u0131 \u00fcr\u00fcn satmama sorumlulu\u011fu da y\u00fckl\u00fcyor. 5996 say\u0131l\u0131 Veteriner Hizmetleri, Bitki Sa\u011fl\u0131\u011f\u0131, G\u0131da ve Yem Kanunu&#8217;na g\u00f6re t\u00fcketiciye limit a\u015f\u0131m\u0131 olan veya yasakl\u0131 madde i\u00e7eren \u00fcr\u00fcn sunan her zincir market, yasal olarak halk sa\u011fl\u0131\u011f\u0131n\u0131 ihlal etmekten do\u011frudan sorumlu tutuluyor.<\/p>\n\n<p class=\"wp-block-paragraph\">Market zincirlerindeki bu g\u00fc\u00e7 ve sorumluluktan hareketle Greenpeace, en b\u00fcy\u00fck organize be\u015f market zincirine sorumluluklar\u0131n\u0131 yerine getirme \u00e7a\u011fr\u0131s\u0131 ba\u015flatt\u0131.<\/p>\n\n<figure class=\"wp-block-table is-style-stripes\"><table class=\"has-green-background-color has-background\"><tbody><tr><td><strong>\u0130l\u00e7e<\/strong><\/td><td><strong>Market<\/strong><\/td><td><strong>Toplam Madde Say\u0131s\u0131<\/strong><\/td><td><strong>Mevzuat \u0130hlali<\/strong><\/td><td><strong>PFAS&#8217;li Madde Say\u0131s\u0131<\/strong><\/td><\/tr><tr><td>Ata\u015fehir<\/td><td>A101<\/td><td>3<\/td><td>1 (Chlorfenapyr &#8211; T\u00fcrkiye\u2019de kullan\u0131m\u0131&nbsp; yasakl\u0131)<\/td><td>1<\/td><\/tr><tr><td>Kad\u0131k\u00f6y<\/td><td>A101<\/td><td>6<\/td><td>0<\/td><td>0<\/td><\/tr><tr><td>Sancaktepe<\/td><td>A101<\/td><td>3<\/td><td>0<\/td><td>1<\/td><\/tr><tr><td>Sultanbeyli<\/td><td>A101<\/td><td>1<\/td><td>0<\/td><td>0<\/td><\/tr><tr><td>Ata\u015fehir<\/td><td>B\u0130M<\/td><td>3<\/td><td>0<\/td><td>1<\/td><\/tr><tr><td>Kad\u0131k\u00f6y<\/td><td>B\u0130M<\/td><td>1<\/td><td>0<\/td><td>1<\/td><\/tr><tr><td>Sancaktepe<\/td><td>B\u0130M<\/td><td>3<\/td><td>0<\/td><td>2<\/td><\/tr><tr><td>Sultanbeyli<\/td><td>B\u0130M<\/td><td>6<\/td><td>1 (Cyromazine &#8211; Domateste ruhsats\u0131z)<\/td><td>1<\/td><\/tr><tr><td>Ata\u015fehir<\/td><td>CarrefourSA<\/td><td>2<\/td><td>0<\/td><td>0<\/td><\/tr><tr><td>Kad\u0131k\u00f6y<\/td><td>CarrefourSA<\/td><td>3<\/td><td>1 (Pirimiphos-methyl &#8211; Domateste ruhsats\u0131z)<\/td><td>1<\/td><\/tr><tr><td>Sancaktepe<\/td><td>CarrefourSA<\/td><td>3<\/td><td>0<\/td><td>2<\/td><\/tr><tr><td>Sultanbeyli*<\/td><td>CarrefourSA<\/td><td>4<\/td><td>0<\/td><td>3<\/td><\/tr><tr><td>Ata\u015fehir<\/td><td>Migros<\/td><td>4<\/td><td>0<\/td><td>2<\/td><\/tr><tr><td>Kad\u0131k\u00f6y<\/td><td>Migros<\/td><td>0<\/td><td>0<\/td><td>0<\/td><\/tr><tr><td>Sancaktepe<\/td><td>Migros<\/td><td>2<\/td><td>0<\/td><td>0<\/td><\/tr><tr><td>Sultanbeyli<\/td><td>Migros<\/td><td>3<\/td><td>0<\/td><td>2<\/td><\/tr><tr><td>Ata\u015fehir<\/td><td>\u015eOK<\/td><td>5<\/td><td>0<\/td><td>1<\/td><\/tr><tr><td>Kad\u0131k\u00f6y<\/td><td>\u015eOK<\/td><td>5<\/td><td>0<\/td><td>2<\/td><\/tr><tr><td>Sancaktepe<\/td><td>\u015eOK<\/td><td>5<\/td><td>0<\/td><td>3<\/td><\/tr><tr><td>Sultanbeyli<\/td><td>\u015eOK<\/td><td>3<\/td><td>0<\/td><td>0<\/td><\/tr><\/tbody><\/table><\/figure>\n\n<p class=\"wp-block-paragraph\"><em>*<\/em><em> CarrefourSA&#8217;n\u0131n Sultanbeyli&#8217;de \u015fubesi bulunmad\u0131\u011f\u0131ndan, bu zincirin d\u00f6rd\u00fcnc\u00fc numunesi Sancaktepe&#8217;den ikinci bir \u015fubeden al\u0131nm\u0131\u015ft\u0131r.<\/em><\/p>\n\n<p class=\"wp-block-paragraph\"><strong>Pazar\u0131 kontrol eden pestisiti de analiz ettirebilir<\/strong><\/p>\n\n<p class=\"wp-block-paragraph\">Analiz sonu\u00e7lar\u0131n\u0131n a\u00e7\u0131klanmas\u0131n\u0131 talep eden Zehir Etme kampanyas\u0131na verilen 50 bini a\u015fk\u0131n imza ve uzun hukuki m\u00fccadele sonucu Tar\u0131m ve Orman Bakanl\u0131\u011f\u0131 2021-2023 y\u0131llar\u0131 aras\u0131nda 55 \u00fcr\u00fcnde yap\u0131lan denetimlerde al\u0131nan 246.946 numuneden 6.369\u2019unda uygunsuzluk tespit edildi\u011fini a\u00e7\u0131klad\u0131. Bakanl\u0131k verileri istenen y\u0131llar\u0131n hepsini kapsamazken hangi \u00fcr\u00fcnlerde, hangi pestisitlerde, ne kadar a\u015f\u0131m oldu\u011fu bilgisi de payla\u015f\u0131mda yer almad\u0131. Bu eksiklere ra\u011fmen bakanl\u0131ktan yan\u0131t alabilmek olumlu bir ad\u0131md\u0131.\u00a0<\/p>\n\n<p class=\"wp-block-paragraph\">Bu yeni a\u015famada ise kampanyam\u0131z\u0131n odak noktas\u0131n\u0131, g\u0131da tedarik zincirindeki \u00fcretim ko\u015fullar\u0131n\u0131 tarladan rafa kadar dikte eden, pazar\u0131n karar vericileri konumundaki organize perakende zincirleri olarak belirledik.<\/p>\n\n<p class=\"wp-block-paragraph\">Kampanyada \u00fcr\u00fcnlerini analiz etti\u011fimiz be\u015f market zincirini, organize perakende pazar\u0131nda en b\u00fcy\u00fck pazar pay\u0131na ula\u015fm\u0131\u015f olmalar\u0131 sebebiyle belirledik. \u0130stanbul\u2019un d\u00f6rt il\u00e7esindeki be\u015f market zincirinden ald\u0131\u011f\u0131m\u0131z domates \u00f6rneklerinin analizi sonucunda mevsimindeki bir sebzede dahi mevzuata ayk\u0131r\u0131, dahas\u0131 kullan\u0131lmas\u0131 15 y\u0131l \u00f6nce tamamen yasaklanm\u0131\u015f pestisitle kar\u015f\u0131la\u015ft\u0131k. \u00d6rneklerin 7\u2019sinde 3\u2019ten fazla pestisit tespit edildi.<\/p>\n\n<p class=\"wp-block-paragraph\">Pestisitsiz g\u0131daya eri\u015fim bir hak. Resmi verilere g\u00f6re daha 2021 y\u0131l\u0131nda pazar\u0131n y\u00fczde 60\u2019\u0131na yak\u0131n\u0131n\u0131 elinde tutan market zincirleri i\u00e7in denetim altyap\u0131s\u0131 kurmak maliyetli ya da imkans\u0131z de\u011fil. Pazar\u0131 kontrol edebilenler pestisiti de analiz ettirebilir, kald\u0131 ki bu a\u015famada pestisitsiz g\u0131da sa\u011flamak sorumluluklar\u0131. Kampanya taleplerimizin kar\u015f\u0131l\u0131k bulmas\u0131 hem \u00fcreticiyi \u00f6zg\u00fcrle\u015ftirecek hem de raflar\u0131n kar\u015f\u0131s\u0131ndaki t\u00fcketicinin \u2018\u0130\u00e7inde ne var?\u2019 diye d\u00fc\u015f\u00fcnmeden al\u0131\u015fveri\u015fini yapabilmesini sa\u011flayacak. Bu nedenle herkesi \u2018\u0130\u00e7inde ne var?\u2019 sorusunu sorarak kampanyam\u0131za kat\u0131lmaya davet ediyoruz. Birlikte olursak sonu\u00e7 alabiliriz.<\/p>\n\n<div class=\"wp-block-buttons is-layout-flex wp-block-buttons-is-layout-flex\">\n<div class=\"wp-block-button has-custom-width wp-block-button__width-100 is-style-cta\"><a class=\"wp-block-button__link wp-element-button\" href=\"https:\/\/icindenevar.org\/?utm_source=website&amp;utm_medium=blog-button_260901\">KAMPANYAYA KATIL<\/a><\/div>\n<\/div>\n\n<p class=\"wp-block-paragraph\"><\/p>\n","protected":false},"excerpt":{"rendered":"<p>\u0130stanbul, 1 Eyl\u00fcl 2026 &#8211;&nbsp; Greenpeace T\u00fcrkiye \u201c\u0130\u00e7inde Ne Var?\u201d kampanyas\u0131yla T\u00fcrkiye&#8217;nin en b\u00fcy\u00fck be\u015f organize perakende zincirinden&nbsp; -A101, B\u0130M, CarrefourSA, Migros ve \u015eOK-&nbsp; taze meyve-sebze tedarik zincirlerinde tam \u015feffafl\u0131k,&hellip;<\/p>\n","protected":false},"author":41,"featured_media":10814,"comment_status":"closed","ping_status":"open","sticky":false,"template":"","format":"standard","meta":{"ep_exclude_from_search":false,"p4_og_title":"","p4_og_description":"","p4_og_image":"","p4_og_image_id":"","p4_seo_canonical_url":"","p4_campaign_name":"","p4_local_project":"","p4_basket_name":"","p4_department":"","footnotes":""},"categories":[5,56],"tags":[58],"p4-page-type":[29],"class_list":["post-10813","post","type-post","status-publish","format-standard","has-post-thumbnail","hentry","category-sorunlar-ve-cozumler","category-gida-ve-tarim","tag-pestisit","p4-page-type-blog"],"_links":{"self":[{"href":"https:\/\/www.greenpeace.org\/turkey\/wp-json\/wp\/v2\/posts\/10813","targetHints":{"allow":["GET"]}}],"collection":[{"href":"https:\/\/www.greenpeace.org\/turkey\/wp-json\/wp\/v2\/posts"}],"about":[{"href":"https:\/\/www.greenpeace.org\/turkey\/wp-json\/wp\/v2\/types\/post"}],"author":[{"embeddable":true,"href":"https:\/\/www.greenpeace.org\/turkey\/wp-json\/wp\/v2\/users\/41"}],"replies":[{"embeddable":true,"href":"https:\/\/www.greenpeace.org\/turkey\/wp-json\/wp\/v2\/comments?post=10813"}],"version-history":[{"count":3,"href":"https:\/\/www.greenpeace.org\/turkey\/wp-json\/wp\/v2\/posts\/10813\/revisions"}],"predecessor-version":[{"id":10819,"href":"https:\/\/www.greenpeace.org\/turkey\/wp-json\/wp\/v2\/posts\/10813\/revisions\/10819"}],"wp:featuredmedia":[{"embeddable":true,"href":"https:\/\/www.greenpeace.org\/turkey\/wp-json\/wp\/v2\/media\/10814"}],"wp:attachment":[{"href":"https:\/\/www.greenpeace.org\/turkey\/wp-json\/wp\/v2\/media?parent=10813"}],"wp:term":[{"taxonomy":"category","embeddable":true,"href":"https:\/\/www.greenpeace.org\/turkey\/wp-json\/wp\/v2\/categories?post=10813"},{"taxonomy":"post_tag","embeddable":true,"href":"https:\/\/www.greenpeace.org\/turkey\/wp-json\/wp\/v2\/tags?post=10813"},{"taxonomy":"p4-page-type","embeddable":true,"href":"https:\/\/www.greenpeace.org\/turkey\/wp-json\/wp\/v2\/p4-page-type?post=10813"}],"curies":[{"name":"wp","href":"https:\/\/api.w.org\/{rel}","templated":true}]}}