{"id":1487,"date":"2019-10-16T14:38:29","date_gmt":"2019-10-16T11:38:29","guid":{"rendered":"https:\/\/www.greenpeace.org\/turkey\/?p=1487"},"modified":"2025-04-28T09:59:55","modified_gmt":"2025-04-28T06:59:55","slug":"greenpeace-akdeniz-daha-guclu-bir-tarim-icin-uretici-pazarlari-talep-ediyor","status":"publish","type":"post","link":"https:\/\/www.greenpeace.org\/turkey\/basin-bultenleri\/greenpeace-akdeniz-daha-guclu-bir-tarim-icin-uretici-pazarlari-talep-ediyor\/","title":{"rendered":"Greenpeace Akdeniz daha g\u00fc\u00e7l\u00fc bir tar\u0131m i\u00e7in \u00fcretici pazarlar\u0131 talep ediyor"},"content":{"rendered":"<p>Bug\u00fcn D\u00fcnya G\u0131da G\u00fcn\u00fc. Greenpeace Akdeniz, T\u00fcrkiye\u2019de her ge\u00e7en g\u00fcn g\u00fc\u00e7 kaybeden tar\u0131m\u0131n yeniden g\u00fc\u00e7lenmesi i\u00e7in&nbsp;<a href=\"http:\/\/tarimikurtar.org\" target=\"_blank\" rel=\"noopener noreferrer\">\u201c\u00c7ift\u00e7iyi Koru Tar\u0131m\u0131 Kurtar\u201d<\/a>&nbsp;projesi ba\u015flatt\u0131.<\/p>\n<p>Hedef, belediyelerin \u00fcr\u00fcn\u00fcn tarladan sofraya uzanan yolculu\u011funda arac\u0131lar\u0131 ortadan kald\u0131racak \u00fcretici pazarlar\u0131 kurmas\u0131n\u0131 sa\u011flamak. Bu sayede hem \u00fcretici eme\u011finin kar\u015f\u0131l\u0131\u011f\u0131n\u0131 alacak hem de t\u00fcketici daha sa\u011fl\u0131kl\u0131 g\u0131daya ula\u015facak. Ayn\u0131 zamanda ekolojik tar\u0131m uygulamalar\u0131 iklim de\u011fi\u015fikli\u011fiyle m\u00fccadeleye katk\u0131 sunacak.<\/p>\n<p>Greenpeace\u2019in&nbsp;<a href=\"\/turkey\/raporlar\/ekolojik-tarim-raporu\/\"><strong>&#8220;Ekolojik Tar\u0131m Raporu&#8221;<\/strong><\/a>na g\u00f6re bozuk bir g\u0131da sistemiyle ya\u015f\u0131yoruz. Hem insanlar\u0131n hem de gezegenin iyili\u011fi i\u00e7in bu sistemin acilen de\u011fi\u015ftirilmesi gerekiyor; bunun \u00e7\u00f6z\u00fcm\u00fc de ekolojik tar\u0131mdan ge\u00e7iyor.<\/p>\n<p>Raporda tan\u0131mland\u0131\u011f\u0131 \u015fekliyle ekolojik tar\u0131m, insanlar\u0131n temel ihtiya\u00e7lar\u0131n\u0131 kar\u015f\u0131lamak i\u00e7in g\u00fcvenli ve sa\u011fl\u0131kl\u0131 g\u0131dan\u0131n yeti\u015ftirildi\u011fi; tar\u0131m ve g\u0131da \u00fczerindeki kontrol\u00fcn uluslar \u00f6tesi i\u015fletmelerin de\u011fil yerel topluluklar\u0131n elinde oldu\u011fu bir sistem. Bu sistemin merkezinde de insanlar ve \u00e7ift\u00e7iler yer al\u0131yor.<\/p>\n<div id=\"attachment_1489\" style=\"width: 1810px\" class=\"wp-caption aligncenter\"><img loading=\"lazy\" decoding=\"async\" aria-describedby=\"caption-attachment-1489\" class=\"wp-image-1489 size-full\" src=\"https:\/\/www.greenpeace.org\/static\/planet4-turkey-stateless\/2019\/10\/6d27f76b-izmir-pagos-uretici-pazari.jpg\" alt=\"\" width=\"1800\" height=\"1200\" srcset=\"https:\/\/www.greenpeace.org\/static\/planet4-turkey-stateless\/2019\/10\/6d27f76b-izmir-pagos-uretici-pazari.jpg 1800w, https:\/\/www.greenpeace.org\/static\/planet4-turkey-stateless\/2019\/10\/6d27f76b-izmir-pagos-uretici-pazari-300x200.jpg 300w, https:\/\/www.greenpeace.org\/static\/planet4-turkey-stateless\/2019\/10\/6d27f76b-izmir-pagos-uretici-pazari-768x512.jpg 768w, https:\/\/www.greenpeace.org\/static\/planet4-turkey-stateless\/2019\/10\/6d27f76b-izmir-pagos-uretici-pazari-1024x683.jpg 1024w, https:\/\/www.greenpeace.org\/static\/planet4-turkey-stateless\/2019\/10\/6d27f76b-izmir-pagos-uretici-pazari-510x340.jpg 510w\" sizes=\"auto, (max-width: 1800px) 100vw, 1800px\" \/><p id=\"caption-attachment-1489\" class=\"wp-caption-text\">\u0130zmir Pagos \u00dcretici Pazar\u0131<\/p><\/div>\n<p>&nbsp;<\/p>\n<h2>G\u0131dalar\u0131n \u00fc\u00e7te biri israf ediliyor<\/h2>\n<p>Rapordan \u00f6ne \u00e7\u0131kan ba\u015fl\u0131klar \u015f\u00f6yle:<\/p>\n<ul>\n<li>Yakla\u015f\u0131k&nbsp;bir milyar&nbsp;insan her gece yata\u011fa a\u00e7 giriyor. \u00d6te yandan&nbsp;bir milyar&nbsp;insan ise a\u015f\u0131r\u0131 kilolu ya da obez.<\/li>\n<li>D\u00fcnyadaki g\u0131dalar\u0131n&nbsp;<strong>y\u00fczde 30\u2019u<\/strong>&nbsp;israf ediliyor.<\/li>\n<li>G\u0131da sistemi, toplam k\u00fcresel emisyonun yakla\u015f\u0131k&nbsp;<strong>y\u00fczde 25\u2019inden<\/strong>&nbsp;sorumlu.<\/li>\n<li>Tar\u0131m, tatl\u0131 su kaynaklar\u0131n\u0131n&nbsp;<strong>y\u00fczde 70\u2019ini<\/strong>&nbsp;kullanarak su k\u0131tl\u0131\u011f\u0131n\u0131n ve su kirlili\u011finin \u00f6nemli kaynaklar\u0131ndan biri haline geldi.<\/li>\n<li>Tar\u0131m zehiri olarak bilinen pestisitler bitkilere uyguland\u0131\u011f\u0131nda sadece k\u00fc\u00e7\u00fck bir y\u00fczdesi hedeflenen ha\u015ferelere ula\u015f\u0131yor. Geri kalan k\u0131sm\u0131 ise \u00e7evreye yani topra\u011fa, suya ve havaya kar\u0131\u015f\u0131yor.<\/li>\n<li>D\u00fcnyadaki akarsular\u0131n&nbsp;<strong>y\u00fczde 43\u2019\u00fcn\u00fcn<\/strong>&nbsp;pestisite maruz kald\u0131\u011f\u0131 tahmin ediliyor.<\/li>\n<li>Ekolojik tar\u0131m konvansiyonel tar\u0131mdan hektar ba\u015f\u0131na&nbsp;<strong>y\u00fczde 30<\/strong>&nbsp;daha fazla g\u0131da \u00fcretebilir.<\/li>\n<\/ul>\n<p>Greenpeace Akdeniz G\u0131da ve Tar\u0131m Proje Sorumlusu&nbsp;<strong>Berkan \u00d6zyer<\/strong>&nbsp;\u015f\u00f6yle konu\u015ftu:<\/p>\n<p>\u201cBug\u00fcn art\u0131k \u00e7\u0131kmaza girmi\u015f tar\u0131mdaki sorunlardan en \u00e7ok etkilenenler ku\u015fkusuz \u00e7ift\u00e7iler. \u00c7ift\u00e7i Kay\u0131t Sistemi\u2019ne kay\u0131tl\u0131 \u00e7ift\u00e7i say\u0131s\u0131 son 15 y\u0131lda, 600 bin azald\u0131. \u00dcreticileri m\u00fcreffeh halde tarlada tutmak, T\u00fcrkiye\u2019nin g\u0131da ve tar\u0131m sorunlar\u0131na \u00e7\u00f6z\u00fcm i\u00e7in olmazsa olmaz bir ad\u0131m. Bunun yolu da \u00fcreticilerin arac\u0131s\u0131z \u015fekilde do\u011frudan t\u00fcketicilerle bulu\u015ftu\u011fu \u00fcretici pazarlar\u0131ndan ge\u00e7iyor. Belediyeleri \u00fcretici pazarlar\u0131 kurmaya, mevcutlar\u0131n say\u0131s\u0131n\u0131 art\u0131rmaya ve her t\u00fcrl\u00fc denetimi yaparak bu pazarlar\u0131 s\u00fcrd\u00fcr\u00fclebilir k\u0131lmaya \u00e7a\u011f\u0131r\u0131yoruz. B\u00f6ylece hem \u00fcretici kazanacak, hem de t\u00fcketici daha sa\u011fl\u0131kl\u0131 g\u0131daya ula\u015facak.\u201d<\/p>\n<p>Detayl\u0131 bilgi i\u00e7in;<\/p>\n<p><strong>Nilay Vardar,<\/strong> Greenpeace Akdeniz \u0130leti\u015fim Sorumlusu, nilay.vardar@greenpeace.org<\/p>\n<p><strong>Berkan \u00d6zyer,<\/strong> Greenpeace Akdeniz Tar\u0131m ve G\u0131da Proje Sorumlusu, berkan.ozyer@greenpeace.org<\/p>\n","protected":false},"excerpt":{"rendered":"<p>Greenpeace\u2019in\u00a0&#8220;Ekolojik Tar\u0131m Raporu&#8221;na g\u00f6re bozuk bir g\u0131da sistemiyle ya\u015f\u0131yoruz. Hem insanlar\u0131n hem de gezegenin iyili\u011fi i\u00e7in bu sistemin acilen de\u011fi\u015ftirilmesi gerekiyor; bunun \u00e7\u00f6z\u00fcm\u00fc de ekolojik tar\u0131mdan ge\u00e7iyor.<\/p>\n","protected":false},"author":26,"featured_media":1489,"comment_status":"closed","ping_status":"open","sticky":false,"template":"","format":"standard","meta":{"ep_exclude_from_search":false,"p4_og_title":"","p4_og_description":"","p4_og_image":"","p4_og_image_id":"","p4_seo_canonical_url":"","p4_campaign_name":"not set","p4_local_project":"not set","p4_basket_name":"not set","p4_department":"","footnotes":""},"categories":[56],"tags":[30],"p4-page-type":[14],"class_list":["post-1487","post","type-post","status-publish","format-standard","has-post-thumbnail","hentry","category-gida-ve-tarim","tag-gidatarim","p4-page-type-basin-bultenleri"],"_links":{"self":[{"href":"https:\/\/www.greenpeace.org\/turkey\/wp-json\/wp\/v2\/posts\/1487","targetHints":{"allow":["GET"]}}],"collection":[{"href":"https:\/\/www.greenpeace.org\/turkey\/wp-json\/wp\/v2\/posts"}],"about":[{"href":"https:\/\/www.greenpeace.org\/turkey\/wp-json\/wp\/v2\/types\/post"}],"author":[{"embeddable":true,"href":"https:\/\/www.greenpeace.org\/turkey\/wp-json\/wp\/v2\/users\/26"}],"replies":[{"embeddable":true,"href":"https:\/\/www.greenpeace.org\/turkey\/wp-json\/wp\/v2\/comments?post=1487"}],"version-history":[{"count":7,"href":"https:\/\/www.greenpeace.org\/turkey\/wp-json\/wp\/v2\/posts\/1487\/revisions"}],"predecessor-version":[{"id":5664,"href":"https:\/\/www.greenpeace.org\/turkey\/wp-json\/wp\/v2\/posts\/1487\/revisions\/5664"}],"wp:featuredmedia":[{"embeddable":true,"href":"https:\/\/www.greenpeace.org\/turkey\/wp-json\/wp\/v2\/media\/1489"}],"wp:attachment":[{"href":"https:\/\/www.greenpeace.org\/turkey\/wp-json\/wp\/v2\/media?parent=1487"}],"wp:term":[{"taxonomy":"category","embeddable":true,"href":"https:\/\/www.greenpeace.org\/turkey\/wp-json\/wp\/v2\/categories?post=1487"},{"taxonomy":"post_tag","embeddable":true,"href":"https:\/\/www.greenpeace.org\/turkey\/wp-json\/wp\/v2\/tags?post=1487"},{"taxonomy":"p4-page-type","embeddable":true,"href":"https:\/\/www.greenpeace.org\/turkey\/wp-json\/wp\/v2\/p4-page-type?post=1487"}],"curies":[{"name":"wp","href":"https:\/\/api.w.org\/{rel}","templated":true}]}}