{"id":1518,"date":"2019-10-28T12:25:51","date_gmt":"2019-10-28T09:25:51","guid":{"rendered":"https:\/\/www.greenpeace.org\/turkey\/?p=1518"},"modified":"2021-12-01T15:32:08","modified_gmt":"2021-12-01T12:32:08","slug":"turkiyedeki-deniz-canlilarinda-mikroplastik-kirliligi","status":"publish","type":"post","link":"https:\/\/www.greenpeace.org\/turkey\/raporlar\/turkiyedeki-deniz-canlilarinda-mikroplastik-kirliligi\/","title":{"rendered":"T\u00fcrkiye\u2019deki Deniz Canl\u0131lar\u0131nda Mikroplastik Kirlili\u011fi"},"content":{"rendered":"<p>T\u00fcrkiye\u2019de incelenen bal\u0131klar\u0131n&nbsp;y\u00fczde 44\u2019\u00fcn\u00fcn&nbsp;midesinde mikroplastik bulundu. Bal\u0131klar\u0131n midesinden \u00e7\u0131kan mikroplastiklerin \u00e7o\u011fu tek kullan\u0131ml\u0131k plastiklerden olu\u015fuyor.<\/p>\n<p><strong>Raporda&nbsp;yer alan bulgular \u015f\u00f6yle:<\/strong><\/p>\n<ul>\n<li>\u0130ncelenen t\u00fcm t\u00fcrler g\u00f6z \u00f6n\u00fcne al\u0131nd\u0131\u011f\u0131nda kefal t\u00fcr\u00fcn\u00fcn&nbsp;y\u00fczde 64,8\u2019inde, barbunun&nbsp;y\u00fczde 63\u2019\u00fcnde, m\u0131rm\u0131r\u0131n&nbsp;y\u00fczde 34,3\u2019\u00fcnde, tekirin&nbsp;y\u00fczde 32,8\u2019inde, istavritin&nbsp;y\u00fczde 26,7\u2019sinde&nbsp;mikroplastik bulundu.<\/li>\n<li>Bu demek oluyor ki genel olarak t\u00fcm bal\u0131klar\u0131n&nbsp;y\u00fczde&nbsp;44,3\u2019\u00fcnde&nbsp;mikroplastik var. Yani yakla\u015f\u0131k olarak her iki bal\u0131ktan biri mikroplastik i\u00e7eriyor.<\/li>\n<li>Bal\u0131k ba\u015f\u0131na d\u00fc\u015fen mikroplastik adetleri ise kefalde&nbsp;2,5, barbunda&nbsp;1,1, m\u0131rm\u0131rda&nbsp;0,6, tekirde ve istavritte&nbsp;0,4. Buna g\u00f6re 5 farkl\u0131 ticari bal\u0131k t\u00fcr\u00fcnde ortalama olarak bal\u0131k ba\u015f\u0131na d\u00fc\u015fen mikroplastik adedi&nbsp;1,08.<\/li>\n<li>B\u00f6lgesel bazda bal\u0131k ba\u015f\u0131na d\u00fc\u015fen mikroplastik&nbsp;Ege Denizi\u2019nde (\u0130zmir)&nbsp;1,7&nbsp;Marmara Denizi\u2019nde (\u0130stanbul)&nbsp;0,85&nbsp;ve Akdeniz\u2019de (Adana)&nbsp;0,74&nbsp;adet.<\/li>\n<li>K\u0131rm\u0131z\u0131 karides \u00f6rneklerinin&nbsp;y\u00fczde 18,8\u2019inde&nbsp;mikroplastik bulundu. Yap\u0131lan incelemede, her 10 karidesten ikisinde&nbsp;0,28&nbsp;adet mikroplastik oldu\u011fu tespit edildi.<\/li>\n<li>5 farkl\u0131 noktadan \u00f6rneklenen midye dolmalar\u0131n&nbsp;y\u00fczde 91,2\u2019sinde&nbsp;mikroplastik bulundu. Ortalama olarak midye ba\u015f\u0131na 0,63 adet mikroplastik tespit edildi. Porsiyon baz\u0131nda de\u011ferlendirildi\u011finde 100 graml\u0131k bir midye t\u00fcketiminde5,76 adet, 250 graml\u0131k midye t\u00fcketiminde ise&nbsp;14,41 adet&nbsp;mikroplastik t\u00fcketilme riski oldu\u011fu tahmin ediliyor.<\/li>\n<li>Bal\u0131klardaki, karidesteki ve midye dolmalardaki mikroplastiklerin 13 farkl\u0131 polimer tipinde oldu\u011fu tespit edildi. En fazla bulunan polimer tipleri ise tek kullan\u0131ml\u0131k plastiklerin \u00fcretiminde kullan\u0131lanlar oldu\u011fu tespit edildi.<\/li>\n<\/ul>\n<p>Raporun tamam\u0131na a\u015fa\u011f\u0131daki ba\u011flant\u0131dan ula\u015f\u0131labilir.<\/p>\n<p><a href=\"https:\/\/www.greenpeace.org\/static\/planet4-turkey-stateless\/2019\/10\/33abcb16-mikroplastik_rapor_final_rev.pdf\" target=\"_blank\" rel=\"noopener noreferrer\">T\u00fcrkiye&#8217;deki Deniz Canl\u0131lar\u0131nda Mikroplastik Kirlili\u011fi<\/a><\/p>\n<p><a href=\"https:\/\/www.greenpeace.org\/static\/planet4-turkey-stateless\/2019\/10\/33abcb16-mikroplastik_rapor_final_rev.pdf\"><img loading=\"lazy\" decoding=\"async\" class=\"wp-image-1523 size-medium alignnone\" src=\"https:\/\/www.greenpeace.org\/static\/planet4-turkey-stateless\/2019\/10\/994a13c5-plastik-deniz-canlilari-rapor-kapak-211x300.png\" alt=\"\" width=\"211\" height=\"300\" srcset=\"https:\/\/www.greenpeace.org\/static\/planet4-turkey-stateless\/2019\/10\/994a13c5-plastik-deniz-canlilari-rapor-kapak-211x300.png 211w, https:\/\/www.greenpeace.org\/static\/planet4-turkey-stateless\/2019\/10\/994a13c5-plastik-deniz-canlilari-rapor-kapak-768x1094.png 768w, https:\/\/www.greenpeace.org\/static\/planet4-turkey-stateless\/2019\/10\/994a13c5-plastik-deniz-canlilari-rapor-kapak-719x1024.png 719w, https:\/\/www.greenpeace.org\/static\/planet4-turkey-stateless\/2019\/10\/994a13c5-plastik-deniz-canlilari-rapor-kapak-959x1366.png 959w, https:\/\/www.greenpeace.org\/static\/planet4-turkey-stateless\/2019\/10\/994a13c5-plastik-deniz-canlilari-rapor-kapak-239x340.png 239w, https:\/\/www.greenpeace.org\/static\/planet4-turkey-stateless\/2019\/10\/994a13c5-plastik-deniz-canlilari-rapor-kapak.png 1074w\" sizes=\"auto, (max-width: 211px) 100vw, 211px\" \/><\/a><\/p>\n\t\t\t<section\n\t\t\tclass=\"boxout post-28 \"\n\t\t\t\n\t\t>\n\t\t\t<a\n\t\t\t\tdata-ga-category=\"Take Action Boxout\"\n\t\t\t\tdata-ga-action=\"Image\"\n\t\t\t\tdata-ga-label=\"n\/a\"\n\t\t\t\tclass=\"cover-card-overlay\"\n\t\t\t\thref=\"https:\/\/www.greenpeace.org\/turkey\/harekete-gec\/tek-kullanimlik-plastikler-yasaklansin\/\" \n\t\t\t><\/a>\n\t\t\t\t\t\t\t<img\n\t\t\t\t\t\tsrc=\"https:\/\/www.greenpeace.org\/static\/planet4-turkey-stateless\/2019\/09\/10966348-gp0str22e-1024x683.jpg\"\n\t\t\t\t\t\tsrcset=\"https:\/\/www.greenpeace.org\/static\/planet4-turkey-stateless\/2019\/09\/10966348-gp0str22e-300x200.jpg 300w, https:\/\/www.greenpeace.org\/static\/planet4-turkey-stateless\/2019\/09\/10966348-gp0str22e-768x512.jpg 768w, https:\/\/www.greenpeace.org\/static\/planet4-turkey-stateless\/2019\/09\/10966348-gp0str22e-1024x683.jpg 1024w, https:\/\/www.greenpeace.org\/static\/planet4-turkey-stateless\/2019\/09\/10966348-gp0str22e-510x340.jpg 510w, https:\/\/www.greenpeace.org\/static\/planet4-turkey-stateless\/2019\/09\/10966348-gp0str22e.jpg 1200w\"\n\t\t\t\t\t\tsizes=\"(min-width: 1000px) 358px, (min-width: 780px) 313px, 88px\"\n\t\t\t\t\t\talt=\"Freedom Island Waste Clean-up and Brand Audit in the Philippines. \u00a9 Daniel M\u00fcller \/ Greenpeace\" title=\"Freedom Island Waste Clean-up and Brand Audit in the Philippines. \u00a9 Daniel M\u00fcller \/ Greenpeace\"\n\t\t\t\t\/>\n            \t\t\t<div class=\"boxout-content\">\n\t\t\t\t\t\t\t\t\t<a\n\t\t\t\t\t\tclass=\"boxout-heading medium\"\n\t\t\t\t\t\tdata-ga-category=\"Take Action Boxout\"\n\t\t\t\t\t\tdata-ga-action=\"Title\"\n\t\t\t\t\t\tdata-ga-label=\"n\/a\"\n\t\t\t\t\t\thref=\"https:\/\/www.greenpeace.org\/turkey\/harekete-gec\/tek-kullanimlik-plastikler-yasaklansin\/\"\n\t\t\t\t\t\t\n\t\t\t\t\t>\n\t\t\t\t\t\tTek Kullan\u0131ml\u0131k Plastikler Yasaklans\u0131n\n\t\t\t\t\t<\/a>\n\t\t\t\t\t\t\t\t\t\t\t\t\t<p class=\"boxout-excerpt\">Avrupa Birli\u011fi\u2019nde yasaklanan tek kullan\u0131ml\u0131k plastikler T\u00fcrkiye&#8217;de de yasaklans\u0131n. <\/p>\n\t\t\t\t                                    <a\n                        class=\"btn btn-primary\"\n                        data-ga-category=\"Take Action Boxout\"\n                        data-ga-action=\"Call to Action\"\n                        data-ga-label=\"n\/a\"\n                        href=\"https:\/\/www.greenpeace.org\/turkey\/harekete-gec\/tek-kullanimlik-plastikler-yasaklansin\/\"\n                        \n                    >\n                        Harekete Ge\u00e7\n                    <\/a>\n                \t\t\t<\/div>\n\t\t\t\t\t<\/section>\n\t","protected":false},"excerpt":{"rendered":"<p>T\u00fcrkiye\u2019de incelenen bal\u0131klar\u0131n\u00a0y\u00fczde 44\u2019\u00fcn\u00fcn\u00a0midesinde mikroplastik bulundu. Bal\u0131klar\u0131n midesinden \u00e7\u0131kan mikroplastiklerin \u00e7o\u011fu tek kullan\u0131ml\u0131k plastiklerden olu\u015fuyor.<\/p>\n","protected":false},"author":26,"featured_media":1532,"comment_status":"closed","ping_status":"closed","sticky":false,"template":"","format":"standard","meta":{"ep_exclude_from_search":false,"p4_og_title":"","p4_og_description":"","p4_og_image":"https:\/\/www.greenpeace.org\/static\/planet4-turkey-stateless\/2019\/10\/42819de4-plastik-rapor-mail-2.png","p4_og_image_id":"1610","p4_seo_canonical_url":"","p4_campaign_name":"not set","p4_local_project":"","p4_basket_name":"not set","p4_department":"","footnotes":""},"categories":[3],"tags":[23],"p4-page-type":[28],"class_list":["post-1518","post","type-post","status-publish","format-standard","has-post-thumbnail","hentry","category-biyocesitlilik-doga","tag-plastik","p4-page-type-raporlar"],"_links":{"self":[{"href":"https:\/\/www.greenpeace.org\/turkey\/wp-json\/wp\/v2\/posts\/1518","targetHints":{"allow":["GET"]}}],"collection":[{"href":"https:\/\/www.greenpeace.org\/turkey\/wp-json\/wp\/v2\/posts"}],"about":[{"href":"https:\/\/www.greenpeace.org\/turkey\/wp-json\/wp\/v2\/types\/post"}],"author":[{"embeddable":true,"href":"https:\/\/www.greenpeace.org\/turkey\/wp-json\/wp\/v2\/users\/26"}],"replies":[{"embeddable":true,"href":"https:\/\/www.greenpeace.org\/turkey\/wp-json\/wp\/v2\/comments?post=1518"}],"version-history":[{"count":16,"href":"https:\/\/www.greenpeace.org\/turkey\/wp-json\/wp\/v2\/posts\/1518\/revisions"}],"predecessor-version":[{"id":6788,"href":"https:\/\/www.greenpeace.org\/turkey\/wp-json\/wp\/v2\/posts\/1518\/revisions\/6788"}],"wp:featuredmedia":[{"embeddable":true,"href":"https:\/\/www.greenpeace.org\/turkey\/wp-json\/wp\/v2\/media\/1532"}],"wp:attachment":[{"href":"https:\/\/www.greenpeace.org\/turkey\/wp-json\/wp\/v2\/media?parent=1518"}],"wp:term":[{"taxonomy":"category","embeddable":true,"href":"https:\/\/www.greenpeace.org\/turkey\/wp-json\/wp\/v2\/categories?post=1518"},{"taxonomy":"post_tag","embeddable":true,"href":"https:\/\/www.greenpeace.org\/turkey\/wp-json\/wp\/v2\/tags?post=1518"},{"taxonomy":"p4-page-type","embeddable":true,"href":"https:\/\/www.greenpeace.org\/turkey\/wp-json\/wp\/v2\/p4-page-type?post=1518"}],"curies":[{"name":"wp","href":"https:\/\/api.w.org\/{rel}","templated":true}]}}