{"id":1774,"date":"2019-12-27T12:12:25","date_gmt":"2019-12-27T09:12:25","guid":{"rendered":"https:\/\/www.greenpeace.org\/turkey\/?p=1774"},"modified":"2020-06-18T11:26:35","modified_gmt":"2020-06-18T08:26:35","slug":"kanal-istanbula-nasil-itiraz-ederim","status":"publish","type":"post","link":"https:\/\/www.greenpeace.org\/turkey\/blog\/kanal-istanbula-nasil-itiraz-ederim\/","title":{"rendered":"Kanal \u0130stanbul\u2019a Nas\u0131l \u0130tiraz Ederim?"},"content":{"rendered":"\n<figure class=\"wp-block-image size-large  caption-style-blue-overlay caption-alignment-center\"><img loading=\"lazy\" decoding=\"async\" width=\"1400\" height=\"800\" src=\"https:\/\/www.greenpeace.org\/static\/planet4-turkey-stateless\/2019\/12\/02e109fd-kanal-istanbul-itiraz.jpg\" alt=\"\" class=\"wp-image-1777\"\/><\/figure>\n\n<p>Pek \u00e7ok a\u00e7\u0131dan d\u00fcnyan\u0131n en \u00f6nemli ve e\u015fsiz kentlerinden biri olan \u0130stanbul,&nbsp;<strong>Kanal \u0130stanbul<\/strong>&nbsp;ad\u0131ndaki hesaps\u0131z ve \u00f6ng\u00f6r\u00fcs\u00fcz bir proje ile felakete s\u00fcr\u00fcklenmek isteniyor.<\/p>\n\n<p>\u0130stanbul ve T\u00fcrkiye iklim krizine hen\u00fcz haz\u0131r de\u011filken y\u00fcksek bir b\u00fct\u00e7enin Kanal \u0130stanbul projesine ayr\u0131lm\u0131\u015f olmas\u0131 iklim krizinin yeterince ciddiye al\u0131nmad\u0131\u011f\u0131n\u0131n bir g\u00f6stergesi.&nbsp;<strong>Kanal \u0130stanbul projesi \u0130stanbul\u2019un do\u011fas\u0131n\u0131, ekosistemini ve toplumunu derinden etkileyecek ve zaten hassas olan \u0130stanbul\u2019u iklim krizinin etkilerine kar\u015f\u0131 daha da k\u0131r\u0131lgan hale getirecek.<\/strong><\/p>\n\n<p>Kanal \u0130stanbul projesine itiraz etmen m\u00fcmk\u00fcn. Kanal \u0130stanbul projesi ile ilgili g\u00f6r\u00fc\u015f ve itirazlar\u0131n\u0131&nbsp;a\u015fa\u011f\u0131daki \u00f6rnek dilek\u00e7eyi kullanarak \u0130stanbul \u00c7evre ve \u015eehircilik \u0130l M\u00fcd\u00fcrl\u00fc\u011f\u00fc\u2019ne iletebilirsin.<\/p>\n\n<p>Dilek\u00e7eyi&nbsp;Barbaros Mahallesi, Begonya Sk. No:9A, 34746 Ata\u015fehir ve&nbsp;<br>Abbasa\u011fa Mahallesi Y\u0131ld\u0131z Caddesi No:47 Be\u015fikta\u015f adreslerine elden teslim edebilirsin.<\/p>\n\n<p>\u0130stanbul \u00c7evre ve \u015eehircilik \u0130l M\u00fcd\u00fcrl\u00fc\u011f\u00fc\u2019ne&nbsp;a\u015fa\u011f\u0131daki yollardan da ula\u015fabilirsin:<\/p>\n\n<p>E-posta: istanbul@csb.gov.tr<br>Tel: 0216 687 44 00<br>Faks: 0216 687 44 06<\/p>\n\n<h2 class=\"wp-block-heading\"><strong><a href=\"https:\/\/storage.googleapis.com\/planet4-turkey-stateless-release\/2019\/12\/e4dac060-kanal_istanbul_ced_itiraz_dilekcesi.pdf\" target=\"_blank\" rel=\"noreferrer noopener\">\u00d6rnek Dilek\u00e7e<\/a><\/strong><\/h2>\n","protected":false},"excerpt":{"rendered":"<p>Kanal \u0130stanbul projesine itiraz etmen m\u00fcmk\u00fcn. Kanal \u0130stanbul projesi ile ilgili g\u00f6r\u00fc\u015f ve itirazlar\u0131n\u0131\u00a0a\u015fa\u011f\u0131daki \u00f6rnek dilek\u00e7eyi kullanarak \u0130stanbul \u00c7evre ve \u015eehircilik \u0130l M\u00fcd\u00fcrl\u00fc\u011f\u00fc&#8217;ne iletebilirsin.<\/p>\n","protected":false},"author":26,"featured_media":1784,"comment_status":"closed","ping_status":"closed","sticky":false,"template":"","format":"standard","meta":{"ep_exclude_from_search":false,"p4_og_title":"","p4_og_description":"","p4_og_image":"https:\/\/www.greenpeace.org\/static\/planet4-turkey-stateless\/2019\/12\/6f73135b-kanal-istanbul-2.jpg","p4_og_image_id":"1784","p4_seo_canonical_url":"","p4_campaign_name":"not set","p4_local_project":"not set","p4_basket_name":"not set","p4_department":"","footnotes":""},"categories":[24],"tags":[25,45],"p4-page-type":[29],"class_list":["post-1774","post","type-post","status-publish","format-standard","has-post-thumbnail","hentry","category-iklim-krizi","tag-iklim-degisikligi","tag-kanal-istanbul","p4-page-type-blog"],"_links":{"self":[{"href":"https:\/\/www.greenpeace.org\/turkey\/wp-json\/wp\/v2\/posts\/1774","targetHints":{"allow":["GET"]}}],"collection":[{"href":"https:\/\/www.greenpeace.org\/turkey\/wp-json\/wp\/v2\/posts"}],"about":[{"href":"https:\/\/www.greenpeace.org\/turkey\/wp-json\/wp\/v2\/types\/post"}],"author":[{"embeddable":true,"href":"https:\/\/www.greenpeace.org\/turkey\/wp-json\/wp\/v2\/users\/26"}],"replies":[{"embeddable":true,"href":"https:\/\/www.greenpeace.org\/turkey\/wp-json\/wp\/v2\/comments?post=1774"}],"version-history":[{"count":11,"href":"https:\/\/www.greenpeace.org\/turkey\/wp-json\/wp\/v2\/posts\/1774\/revisions"}],"predecessor-version":[{"id":2055,"href":"https:\/\/www.greenpeace.org\/turkey\/wp-json\/wp\/v2\/posts\/1774\/revisions\/2055"}],"wp:featuredmedia":[{"embeddable":true,"href":"https:\/\/www.greenpeace.org\/turkey\/wp-json\/wp\/v2\/media\/1784"}],"wp:attachment":[{"href":"https:\/\/www.greenpeace.org\/turkey\/wp-json\/wp\/v2\/media?parent=1774"}],"wp:term":[{"taxonomy":"category","embeddable":true,"href":"https:\/\/www.greenpeace.org\/turkey\/wp-json\/wp\/v2\/categories?post=1774"},{"taxonomy":"post_tag","embeddable":true,"href":"https:\/\/www.greenpeace.org\/turkey\/wp-json\/wp\/v2\/tags?post=1774"},{"taxonomy":"p4-page-type","embeddable":true,"href":"https:\/\/www.greenpeace.org\/turkey\/wp-json\/wp\/v2\/p4-page-type?post=1774"}],"curies":[{"name":"wp","href":"https:\/\/api.w.org\/{rel}","templated":true}]}}