{"id":1799,"date":"2020-01-07T16:34:25","date_gmt":"2020-01-07T13:34:25","guid":{"rendered":"https:\/\/www.greenpeace.org\/turkey\/?p=1799"},"modified":"2021-12-01T15:32:05","modified_gmt":"2021-12-01T12:32:05","slug":"avustralya-yaniyor","status":"publish","type":"post","link":"https:\/\/www.greenpeace.org\/turkey\/blog\/avustralya-yaniyor\/","title":{"rendered":"Avustralya Yan\u0131yor"},"content":{"rendered":"\n<figure class=\"wp-block-image size-large  caption-style-blue-overlay caption-alignment-center\"><img loading=\"lazy\" decoding=\"async\" width=\"1920\" height=\"1280\" src=\"https:\/\/www.greenpeace.org\/static\/planet4-turkey-stateless\/2020\/01\/edd7c3ac-cre-avustralya-yaniyor-1-greenpeace-kopya.jpg\" alt=\"\" class=\"wp-image-1807\"\/><\/figure>\n\n<p>Ge\u00e7ti\u011fimiz Eyl\u00fcl ay\u0131ndan itibaren Avustralya\u2019da kontrol alt\u0131na al\u0131namayan yang\u0131nlar devam ediyor. K\u0131tay\u0131 ele ge\u00e7iren yang\u0131nda 23 insanla birlikte milyonlarca canl\u0131 hayat\u0131n\u0131 kaybetti. G\u00fcneydo\u011fu Avustralya\u2019da 1500 ev ve 2500 bina y\u0131k\u0131ld\u0131, 6,3 milyon hektarl\u0131k alan yok oldu. Yang\u0131n\u0131n neden oldu\u011fu hava kirlili\u011fi ise Sydney gibi b\u00fcy\u00fck \u015fehirleri etkisi alt\u0131na ald\u0131.&nbsp;<\/p>\n\n<p>Avustralya\u2019da kontrol alt\u0131na al\u0131namayan yang\u0131nlar\u0131n, Ekim ay\u0131ndan itibaren, koala habitat\u0131 ve 350 ikonik keseli hayvan\u0131 yok etti\u011fi tahmin ediliyor. Yang\u0131nlar, b\u00f6lgede koalalar\u0131n \u00fcreme alanlar\u0131n\u0131 da yok etmeye ba\u015flad\u0131. <strong>Avustralya\u2019da ilgili birimlerin yapt\u0131klar\u0131 a\u00e7\u0131klamalara g\u00f6re yang\u0131nlar, 1994 y\u0131l\u0131ndan beri Avustralya\u2019daki en b\u00fcy\u00fck ve ciddi yang\u0131nlar olarak ifade ediliyor.&nbsp;<\/strong><\/p>\n\n<h2 class=\"wp-block-heading\"><strong>Avustralya Neden Yan\u0131yor?&nbsp;<\/strong><\/h2>\n\n<figure class=\"wp-block-image size-large  caption-style-blue-overlay caption-alignment-center\"><img loading=\"lazy\" decoding=\"async\" width=\"1920\" height=\"1281\" src=\"https:\/\/www.greenpeace.org\/static\/planet4-turkey-stateless\/2020\/01\/c0415fad-cre-avustralya-yaniyor-2-greenpeace.jpg\" alt=\"\" class=\"wp-image-1808\"\/><\/figure>\n\n<p>Avustralya\u2019da, k\u0131ta ekolojisinin bir sonucu olarak her y\u0131l s\u0131kl\u0131kla orman yang\u0131nlar\u0131 meydana gelir. Ancak, kontrol alt\u0131na al\u0131nmayan son yang\u0131nlar normal de\u011fil. Ocak ve A\u011fustos aylar\u0131nda, yang\u0131nlar\u0131n oldu\u011fu b\u00f6lgede toplam ya\u011f\u0131\u015f oran\u0131 %50\u2019nin alt\u0131ndayd\u0131 ve baz\u0131 b\u00f6lgelerde Ocak ve A\u011fustos aylar\u0131nda ya\u015fanan kurakl\u0131klar, bug\u00fcne kadarki en kurak d\u00f6nemler olarak kayda ge\u00e7ti.&nbsp;<\/p>\n\n<p><strong>\u0130klim krizi, Avustralya\u2019da meydana gelen kontrol alt\u0131na al\u0131namayan yang\u0131nlar\u0131n d\u00f6nemsel olarak erken ba\u015flamas\u0131n\u0131n, daha uzun s\u00fcrmesinin, yang\u0131nlar\u0131n sert ge\u00e7mesinin ve \u00f6ng\u00f6r\u00fclemeyen sonu\u00e7lar\u0131n\u0131n nedeni.&nbsp;<\/strong><\/p>\n\n<p>\u0130klim krizi, Avustralya\u2019da ola\u011fand\u0131\u015f\u0131 kurakl\u0131klar\u0131 tetikliyor bu da yang\u0131n sezonunu etkiliyor, normal olmayan sonu\u00e7lar\u0131 ortaya \u00e7\u0131kar\u0131yor. Avustralya\u2019da iklim de\u011fi\u015fikli\u011fi ile yayg\u0131n k\u00f6m\u00fcre dayal\u0131 enerji \u00fcretim politikalar\u0131 aras\u0131ndaki ba\u011flant\u0131, yang\u0131nlar\u0131 daha tehlikeli bir hale getiriyor.&nbsp;<\/p>\n\n<h2 class=\"wp-block-heading\"><strong>\u0130klim Krizi Ya\u015fam\u0131 Ola\u011fan D\u0131\u015f\u0131 Hale Getiriyor<\/strong><\/h2>\n\n<figure class=\"wp-block-image size-large  caption-style-blue-overlay caption-alignment-center\"><img loading=\"lazy\" decoding=\"async\" width=\"1920\" height=\"1281\" src=\"https:\/\/www.greenpeace.org\/static\/planet4-turkey-stateless\/2020\/01\/9feeb9aa-cre-avustralya-yaniyor-3-greenpeace.jpg\" alt=\"\" class=\"wp-image-1809\"\/><\/figure>\n\n<p>K\u00fcresel s\u0131cakl\u0131k ortalamalar\u0131nda s\u00fcrekli bir art\u0131\u015f mevcut. Her 10 y\u0131l bir \u00f6ncekine g\u00f6re daha s\u0131cak ge\u00e7iyor ve \u015fu ana kadarki en s\u0131cak 16 y\u0131l\u0131n 15\u2019i 21. y\u00fczy\u0131lda ya\u015fand\u0131.&nbsp;<\/p>\n\n<p><strong>Birle\u015fmi\u015f Milletler\u2019in bir kurulu\u015fu olarak faaliyet g\u00f6steren ve bug\u00fcne kadar iklim de\u011fi\u015fikli\u011fi konusunda binlerce bilimsel \u00e7al\u0131\u015fma ve rapor yay\u0131nlayan<\/strong> Uluslararas\u0131 \u0130klim De\u011fi\u015fikli\u011fi Paneli\u2019nin son raporuna g\u00f6re, 2050 senesine kadar ortalama k\u00fcresel s\u0131cakl\u0131klar\u0131n, 1850-1900 periyotlar\u0131na g\u00f6re 1.5 ile 2.3 C aras\u0131nda de\u011fi\u015fmesi bekleniyor.&nbsp;<\/p>\n\n<p>\u0130klim de\u011fi\u015fikli\u011fi nedeniyle ya\u011f\u0131\u015flar\u0131n normal d\u00fczeni bozuldu. Ya\u011fmur aylar\u0131nda ya\u011f\u0131\u015f yo\u011funlu\u011fu artarken bu durum beraberinde sel, toprak kaymas\u0131, erozyon gibi olaylar\u0131 tetikliyor.&nbsp;<\/p>\n\n<p>Devlet ve \u015firketler sera gaz\u0131 emisyonlar\u0131n\u0131 azalt\u0131m politikalar\u0131n\u0131 hayata ge\u00e7irmezse i\u00e7inde bulundu\u011fumuz y\u00fczy\u0131lda s\u0131cakl\u0131klar 4 dereceye kadar artabilir.<strong><a href=\"https:\/\/act.greenpeace.org\/page\/39504\/petition\/1\"> Paris \u0130klim S\u00f6zle\u015fmesi\u2019nin<\/a> derhal hayata ge\u00e7mesi gereklilik de\u011fil, bir zorunluluk.&nbsp;<\/strong><\/p>\n\n<p><strong>Rakamsal ve bilimsel bilgiler art\u0131k, iklim de\u011fi\u015fikli\u011finin \u00f6nemsenmedi\u011fi, bilimsel makalelerde veya devletlerin \u015firketlerin \u00f6nemsemedi\u011fi iklim m\u00fczakerelerinde masada kalan bilgiler de\u011fil. <\/strong>Ekolojik bir \u00e7\u0131\u011fr\u0131ndan \u00e7\u0131kma s\u00fcreci i\u00e7indeyiz. \u0130klim krizi art\u0131k sadece bilimsel raporlarda kalan tespitlerin \u00e7ok \u00f6tesinde, hayat\u0131m\u0131z\u0131 etkiliyor.<\/p>\n\n<p>Ge\u00e7ti\u011fimiz aylarda, Amazon ormanlar\u0131nda meydana gelen yang\u0131nlar\u0131 konu\u015fuyorduk, bug\u00fcn Avustralya\u2019y\u0131. Y\u0131llard\u0131r, Filipinler\u2019de ve ada \u00fclkelerinde meydana gelen sel felaketlerini izliyoruz, \u00f6te yandan T\u00fcrkiye\u2019de k\u0131\u015f gelmiyor, yaz g\u00fcn\u00fc f\u0131rt\u0131nalar \u00e7\u0131k\u0131yor, y\u0131llar \u00f6nce t\u00fcketti\u011fimiz g\u0131dalar\u0131 art\u0131k eri\u015fimimiz k\u0131s\u0131tl\u0131 hale geldi. <strong>\u0130klim krizi art\u0131k \u00f6teleyebilece\u011fimiz, g\u00f6rmezden gelebilece\u011fimiz bir konu de\u011fil.<\/strong> \u0130klim de\u011fi\u015fikli\u011fini reddetmenin ve harekete ge\u00e7memenin ise bug\u00fcn insanl\u0131\u011fa kar\u015f\u0131 su\u00e7lar aras\u0131nda say\u0131lmas\u0131 gerekti\u011fine ili\u015fkin tart\u0131\u015fmalar yap\u0131l\u0131yor.&nbsp;<\/p>\n\n<p>Avustralya\u2019da b\u00fcy\u00fck bir y\u0131k\u0131ma neden olan kontrol alt\u0131na al\u0131namayan yang\u0131nlar nedeniyle Greenpeace bir kez daha, Ba\u015fbakan Scott Morrison\u2019a iklim de\u011fi\u015fikli\u011fini ciddiye almas\u0131 ve son 4 y\u0131ldan beri art\u0131\u015f halinde olan sera gaz\u0131 emisyonlar\u0131n\u0131 azaltmak i\u00e7in acilen harekete ge\u00e7mesi \u00e7a\u011fr\u0131s\u0131nda bulunuyor. Bu \u00e7a\u011fr\u0131, bug\u00fcn Avustralya nezdinde, t\u00fcm d\u00fcnyaya, devletlere yap\u0131lan bir \u00e7a\u011fr\u0131. <strong>\u0130klim krizinin s\u0131n\u0131r\u0131, \u00fclkesi yok. Bu kriz hepimizi etkiliyor.<\/strong>&nbsp;<\/p>\n\t\t\t<section\n\t\t\tclass=\"boxout post-1405 \"\n\t\t\t\n\t\t>\n\t\t\t<a\n\t\t\t\tdata-ga-category=\"Take Action Boxout\"\n\t\t\t\tdata-ga-action=\"Image\"\n\t\t\t\tdata-ga-label=\"n\/a\"\n\t\t\t\tclass=\"cover-card-overlay\"\n\t\t\t\thref=\"https:\/\/www.greenpeace.org\/turkey\/turkiye-paris-anlasmasini-onaylasin\/\" \n\t\t\t><\/a>\n\t\t\t\t\t\t\t<img\n\t\t\t\t\t\tsrc=\"https:\/\/www.greenpeace.org\/static\/planet4-turkey-stateless\/2019\/09\/15651f3b-paris-back-1024x614.jpg\"\n\t\t\t\t\t\tsrcset=\"https:\/\/www.greenpeace.org\/static\/planet4-turkey-stateless\/2019\/09\/15651f3b-paris-back-300x180.jpg 300w, https:\/\/www.greenpeace.org\/static\/planet4-turkey-stateless\/2019\/09\/15651f3b-paris-back-768x460.jpg 768w, https:\/\/www.greenpeace.org\/static\/planet4-turkey-stateless\/2019\/09\/15651f3b-paris-back-1024x614.jpg 1024w, https:\/\/www.greenpeace.org\/static\/planet4-turkey-stateless\/2019\/09\/15651f3b-paris-back-510x306.jpg 510w, https:\/\/www.greenpeace.org\/static\/planet4-turkey-stateless\/2019\/09\/15651f3b-paris-back.jpg 2000w\"\n\t\t\t\t\t\tsizes=\"(min-width: 1000px) 358px, (min-width: 780px) 313px, 88px\"\n\t\t\t\t\t\talt=\"\" title=\"\"\n\t\t\t\t\/>\n            \t\t\t<div class=\"boxout-content\">\n\t\t\t\t\t\t\t\t\t<a\n\t\t\t\t\t\tclass=\"boxout-heading medium\"\n\t\t\t\t\t\tdata-ga-category=\"Take Action Boxout\"\n\t\t\t\t\t\tdata-ga-action=\"Title\"\n\t\t\t\t\t\tdata-ga-label=\"n\/a\"\n\t\t\t\t\t\thref=\"https:\/\/www.greenpeace.org\/turkey\/turkiye-paris-anlasmasini-onaylasin\/\"\n\t\t\t\t\t\t\n\t\t\t\t\t>\n\t\t\t\t\t\tT\u00fcrkiye Paris Anla\u015fmas\u0131&#8217;n\u0131 Onaylas\u0131n\n\t\t\t\t\t<\/a>\n\t\t\t\t\t\t\t\t\t\t\t\t\t<p class=\"boxout-excerpt\">T\u00fcrkiye, iklim de\u011fi\u015fikli\u011finden en fazla etkilenecek b\u00f6lgelerden biri olan Akdeniz havzas\u0131nda yer al\u0131yor. Ancak T\u00fcrkiye, Paris Anla\u015fmas\u0131 kapsam\u0131nda sundu\u011fu iklim taahh\u00fcd\u00fcnde iddial\u0131 bir emisyon azalt\u0131m\u0131 \u00f6ng\u00f6rm\u00fcyor. T\u00fcrkiye\u2019nin bir an \u00f6nce Paris Anla\u015fmas\u0131\u2019n\u0131 onaylayarak bu tarihsel i\u015fbirli\u011finden kendini izole etmemesi, iklim taahh\u00fctlerini Birle\u015fmi\u015f Milletler H\u00fck\u00fcmetleraras\u0131 \u0130klim De\u011fi\u015fikli\u011fi Paneli\u2019nin ( IPCC) 1,5 Derece raporu \u0131\u015f\u0131\u011f\u0131nda g\u00fcncelleyerek kazanan tarafta yerini almas\u0131 gerekiyor.<\/p>\n\t\t\t\t                                    <a\n                        class=\"btn btn-primary\"\n                        data-ga-category=\"Take Action Boxout\"\n                        data-ga-action=\"Call to Action\"\n                        data-ga-label=\"n\/a\"\n                        href=\"https:\/\/www.greenpeace.org\/turkey\/turkiye-paris-anlasmasini-onaylasin\/\"\n                        \n                    >\n                        Harekete Ge\u00e7\n                    <\/a>\n                \t\t\t<\/div>\n\t\t\t\t\t<\/section>\n\t","protected":false},"excerpt":{"rendered":"<p>Ge\u00e7ti\u011fimiz Eyl\u00fcl ay\u0131ndan itibaren Avustralya\u2019da kontrol alt\u0131na al\u0131namayan yang\u0131nlar devam ediyor. K\u0131tay\u0131 ele ge\u00e7iren yang\u0131nda 23 insanla birlikte milyonlarca canl\u0131 hayat\u0131n\u0131 kaybetti. G\u00fcneydo\u011fu Avustralya\u2019da 1500 ev ve 2500 bina y\u0131k\u0131ld\u0131, 6,3 milyon hektarl\u0131k alan yok oldu. Yang\u0131n\u0131n neden oldu\u011fu hava kirlili\u011fi ise Sydney gibi b\u00fcy\u00fck \u015fehirleri etkisi alt\u0131na ald\u0131.<\/p>\n","protected":false},"author":26,"featured_media":1807,"comment_status":"closed","ping_status":"closed","sticky":false,"template":"","format":"standard","meta":{"ep_exclude_from_search":false,"p4_og_title":"","p4_og_description":"","p4_og_image":"https:\/\/www.greenpeace.org\/static\/planet4-turkey-stateless\/2020\/01\/edd7c3ac-cre-avustralya-yaniyor-1-greenpeace-kopya.jpg","p4_og_image_id":"1807","p4_seo_canonical_url":"","p4_campaign_name":"not set","p4_local_project":"","p4_basket_name":"not set","p4_department":"","footnotes":""},"categories":[24],"tags":[25],"p4-page-type":[29],"class_list":["post-1799","post","type-post","status-publish","format-standard","has-post-thumbnail","hentry","category-iklim-krizi","tag-iklim-degisikligi","p4-page-type-blog"],"_links":{"self":[{"href":"https:\/\/www.greenpeace.org\/turkey\/wp-json\/wp\/v2\/posts\/1799","targetHints":{"allow":["GET"]}}],"collection":[{"href":"https:\/\/www.greenpeace.org\/turkey\/wp-json\/wp\/v2\/posts"}],"about":[{"href":"https:\/\/www.greenpeace.org\/turkey\/wp-json\/wp\/v2\/types\/post"}],"author":[{"embeddable":true,"href":"https:\/\/www.greenpeace.org\/turkey\/wp-json\/wp\/v2\/users\/26"}],"replies":[{"embeddable":true,"href":"https:\/\/www.greenpeace.org\/turkey\/wp-json\/wp\/v2\/comments?post=1799"}],"version-history":[{"count":6,"href":"https:\/\/www.greenpeace.org\/turkey\/wp-json\/wp\/v2\/posts\/1799\/revisions"}],"predecessor-version":[{"id":6782,"href":"https:\/\/www.greenpeace.org\/turkey\/wp-json\/wp\/v2\/posts\/1799\/revisions\/6782"}],"wp:featuredmedia":[{"embeddable":true,"href":"https:\/\/www.greenpeace.org\/turkey\/wp-json\/wp\/v2\/media\/1807"}],"wp:attachment":[{"href":"https:\/\/www.greenpeace.org\/turkey\/wp-json\/wp\/v2\/media?parent=1799"}],"wp:term":[{"taxonomy":"category","embeddable":true,"href":"https:\/\/www.greenpeace.org\/turkey\/wp-json\/wp\/v2\/categories?post=1799"},{"taxonomy":"post_tag","embeddable":true,"href":"https:\/\/www.greenpeace.org\/turkey\/wp-json\/wp\/v2\/tags?post=1799"},{"taxonomy":"p4-page-type","embeddable":true,"href":"https:\/\/www.greenpeace.org\/turkey\/wp-json\/wp\/v2\/p4-page-type?post=1799"}],"curies":[{"name":"wp","href":"https:\/\/api.w.org\/{rel}","templated":true}]}}