{"id":2056,"date":"2020-04-09T16:25:47","date_gmt":"2020-04-09T13:25:47","guid":{"rendered":"https:\/\/www.greenpeace.org\/turkey\/?p=2056"},"modified":"2025-07-02T10:43:33","modified_gmt":"2025-07-02T07:43:33","slug":"zonguldak-neden-karantina-altinda","status":"publish","type":"post","link":"https:\/\/www.greenpeace.org\/turkey\/blog\/zonguldak-neden-karantina-altinda\/","title":{"rendered":"Zonguldak Neden Karantina Alt\u0131nda?"},"content":{"rendered":"\n<figure class=\"wp-block-image size-large  caption-style-blue-overlay caption-alignment-center\"><img loading=\"lazy\" decoding=\"async\" width=\"1200\" height=\"800\" src=\"https:\/\/www.greenpeace.org\/static\/planet4-turkey-stateless\/2019\/12\/692ee57f-zonguldak-komur-koronaviru\u0308s.jpg\" alt=\"\" class=\"wp-image-2052\"\/><\/figure>\n\n<p>Kovid19 b\u00fct\u00fcn insanl\u0131\u011f\u0131 tehdit ediyor. Bu bir ger\u00e7ek. Di\u011fer ger\u00e7ek ise, bu vir\u00fcse kar\u015f\u0131 baz\u0131lar\u0131m\u0131z daha savunmas\u0131z. D\u00fcnya Sa\u011fl\u0131k \u00d6rg\u00fct\u00fc, ya\u015f alm\u0131\u015f ve kronik rahats\u0131zl\u0131klara sahip ki\u015filerin daha k\u0131r\u0131lgan oldu\u011funu a\u00e7\u0131klad\u0131. Bu nedenle Zonguldak, ge\u00e7ti\u011fimiz hafta itibar\u0131yla, 30 b\u00fcy\u00fck\u015fehirle birlikte giri\u015f \u00e7\u0131k\u0131\u015f\u0131n yasakland\u0131\u011f\u0131 yani karantina alt\u0131na al\u0131nd\u0131\u011f\u0131 \u015fehirler aras\u0131na girdi.<\/p>\n\n<p>Zonguldak\u2019\u0131n akci\u011fer ve solunum hastal\u0131klar\u0131yla m\u00fccadele eden bir il oldu\u011fu uzun y\u0131llard\u0131r biliniyor. Ancak ben bunu birinci a\u011f\u0131zdan ilk kez 2013 y\u0131l\u0131nda santrale kar\u015f\u0131 a\u00e7\u0131lan davan\u0131n duru\u015fmas\u0131nda dinlemi\u015ftim. Zonguldak\u2019\u0131n karantina alt\u0131na al\u0131nd\u0131\u011f\u0131n\u0131 duydu\u011fumda Zonguldakl\u0131lar\u0131n s\u00f6ylediklerini hat\u0131rlad\u0131m yeniden:&nbsp;<\/p>\n\n<p><em>\u201cZonguldak pasif akci\u011fer kanser ara\u015ft\u0131rmalar\u0131 b\u00f6lgesinden aktif akci\u011fer kanser ara\u015ft\u0131rmalar\u0131na al\u0131nd\u0131. Gerek\u00e7e olarak b\u00f6lgede sigara kullan\u0131m\u0131 dediler, ben sigaray\u0131 b\u0131rakt\u0131m ama bu bacalar ne olacak?\u201d<\/em><\/p>\n\n<p><em>\u201cBize 1 tane santral kuraca\u011f\u0131z dediler, 7 tane baca kurdular.\u201d<\/em><\/p>\n\n<p><em>\u201cTermik santral kurmakla kalmad\u0131lar, hasta ettikleri Zonguldakl\u0131lar i\u00e7in onkoloji hastanesi de yapt\u0131rd\u0131lar.\u201d<\/em><\/p>\n\n<p>Termik santrallerin insanlar\u0131 hasta etmesi sorunun en tehlikeli boyutu olarak \u00f6ne \u00e7\u0131k\u0131yordu ancak mesele bundan ibaret de\u011fildi. Arka bah\u00e7esi termik santral bacalar\u0131n\u0131 g\u00f6ren bir evde oturan kad\u0131ndan <em>\u201cher g\u00fcn temizlik yapmaktan, beyaz \u00e7ama\u015f\u0131r asamamaktan, balkonuna \u00e7\u0131kamamaktan ya\u015fad\u0131\u011f\u0131 stres nedeniyle s\u00fcrekli ev i\u00e7inde huzursuzluk ya\u015fad\u0131klar\u0131n\u0131\u201d <\/em>duydu\u011fumda, nefes alamaman\u0131n sa\u011fl\u0131k etkisinin yan\u0131 s\u0131ra, bu b\u00f6lgedeki insanlar\u0131n hayatlar\u0131n\u0131 nas\u0131l zorla\u015ft\u0131\u011f\u0131na inanamam\u0131\u015ft\u0131m.&nbsp;<\/p>\n\n<figure class=\"wp-block-embed-youtube wp-block-embed is-type-video is-provider-youtube wp-embed-aspect-16-9 wp-has-aspect-ratio\"><div class=\"wp-block-embed__wrapper\">\n<lite-youtube style=\"background-image: url('https:\/\/i.ytimg.com\/vi\/CUVDxWWp_J0\/hqdefault.jpg');\" videoid=\"CUVDxWWp_J0\" params=\"rel=0\"><\/lite-youtube>\n<\/div><\/figure>\n\n<p><strong>Zonguldak i\u00e7in daha ne bekliyoruz?<\/strong><\/p>\n\n<p>Zonguldak\u2019ta hava kirli. Temiz Hava Hakk\u0131 Platformu\u2019nun son \u00fc\u00e7 y\u0131ld\u0131r haz\u0131rlad\u0131\u011f\u0131 Kara Rapor\u2019a g\u00f6re,&nbsp; Zonguldak, hava kirleticileri bak\u0131m\u0131ndan par\u00e7ac\u0131k madde, k\u00fck\u00fcrt dioksit, azot dioksit emisyonlar\u0131 en y\u00fcksek olan iller aras\u0131nda. Ayn\u0131 zamanda \u00c7evre ve \u015eehircilik Bakanl\u0131\u011f\u0131\u2019n\u0131n belirledi\u011fi kirletici limit de\u011ferlerini sistematik olarak a\u015f\u0131yor. Bug\u00fcne kadar Zonguldak\u2019\u0131n hava kalitesinin iyile\u015ftirilmesi i\u00e7in g\u00f6zle g\u00f6r\u00fcl\u00fcr bir \u00e7aba sarfedilmedi. Bu y\u0131l, \u00e7evre m\u00fccadelesinin ses getiren kampanyas\u0131 sonucunda 7 y\u0131ld\u0131r filtresiz \u00e7al\u0131\u015fan ve ve havay\u0131 kirleten \u00c7ates santralinin faaliyeti durduruldu. \u00c7ates termik santraline son 3 y\u0131ld\u0131r Enerji Bakanl\u0131\u011f\u0131 taraf\u0131ndan \u00f6denen yakla\u015f\u0131k 95 milyon TL, sa\u011fl\u0131k yat\u0131r\u0131m\u0131 i\u00e7in kullan\u0131lsayd\u0131 bug\u00fcn Zonguldak\u2019ta ka\u00e7 ki\u015finin hayat\u0131n\u0131 kurtarabilirdik?&nbsp;<\/p>\n\n<p>Bir sa\u011fl\u0131k krizinin ortas\u0131nda, Zonguldak 30 b\u00fcy\u00fck\u015fehirin yan\u0131nda karantinaya al\u0131nan tek \u015fehirse \u015fu soruyu sormam\u0131z gerekiyor;&nbsp;<\/p>\n\n<p><strong>\u00c7ates termik santrali daha \u00f6nce durdurulsayd\u0131, \u00c7atala\u011faz\u0131, termik santrallerin merkezi olaca\u011f\u0131na, d\u00f6n\u00fc\u015f\u00fcm politikalar\u0131 planlansayd\u0131, bug\u00fcn Zonguldak\u2019\u0131n koronavir\u00fcs salg\u0131n\u0131nda neden daha b\u00fcy\u00fck bir tehdit alt\u0131nda oldu\u011funu konu\u015fur muyduk?<\/strong><\/p>\n\n<ul class=\"wp-block-list\"><li>Zonguldak\u2019taki termik santrallere kar\u015f\u0131 verilen m\u00fccadeleyi okumak i\u00e7in <a href=\"https:\/\/komurhikayeleri.org\/adnan-akgun-catalagzi-zonguldak\/\">t\u0131klay\u0131n.&nbsp;<\/a><\/li><\/ul>\n\n<p><\/p>\n\t\t\t<section\n\t\t\tclass=\"boxout post-1362 \"\n\t\t\t\n\t\t>\n\t\t\t<a\n\t\t\t\tdata-ga-category=\"Take Action Boxout\"\n\t\t\t\tdata-ga-action=\"Image\"\n\t\t\t\tdata-ga-label=\"n\/a\"\n\t\t\t\tclass=\"cover-card-overlay\"\n\t\t\t\thref=\"https:\/\/www.greenpeace.org\/turkey\/komuru-birak\/\" \n\t\t\t><\/a>\n\t\t\t\t\t\t\t<img\n\t\t\t\t\t\tsrc=\"https:\/\/www.greenpeace.org\/static\/planet4-turkey-stateless\/2019\/09\/f8b73bb2-gp0stsxzj-1024x683.jpg\"\n\t\t\t\t\t\tsrcset=\"https:\/\/www.greenpeace.org\/static\/planet4-turkey-stateless\/2019\/09\/f8b73bb2-gp0stsxzj-300x200.jpg 300w, https:\/\/www.greenpeace.org\/static\/planet4-turkey-stateless\/2019\/09\/f8b73bb2-gp0stsxzj-768x512.jpg 768w, https:\/\/www.greenpeace.org\/static\/planet4-turkey-stateless\/2019\/09\/f8b73bb2-gp0stsxzj-1024x683.jpg 1024w, https:\/\/www.greenpeace.org\/static\/planet4-turkey-stateless\/2019\/09\/f8b73bb2-gp0stsxzj-510x340.jpg 510w, https:\/\/www.greenpeace.org\/static\/planet4-turkey-stateless\/2019\/09\/f8b73bb2-gp0stsxzj.jpg 1200w\"\n\t\t\t\t\t\tsizes=\"(min-width: 1000px) 358px, (min-width: 780px) 313px, 88px\"\n\t\t\t\t\t\talt=\"Coal-fired Power Plant in Turkey. \u00a9 Caner Ozkan \/ Greenpeace\" title=\"Coal-fired Power Plant in Turkey. \u00a9 Caner Ozkan \/ Greenpeace\"\n\t\t\t\t\/>\n            \t\t\t<div class=\"boxout-content\">\n\t\t\t\t\t\t\t\t\t<a\n\t\t\t\t\t\tclass=\"boxout-heading medium\"\n\t\t\t\t\t\tdata-ga-category=\"Take Action Boxout\"\n\t\t\t\t\t\tdata-ga-action=\"Title\"\n\t\t\t\t\t\tdata-ga-label=\"n\/a\"\n\t\t\t\t\t\thref=\"https:\/\/www.greenpeace.org\/turkey\/komuru-birak\/\"\n\t\t\t\t\t\t\n\t\t\t\t\t>\n\t\t\t\t\t\tK\u00f6m\u00fcr\u00fc B\u0131rak\n\t\t\t\t\t<\/a>\n\t\t\t\t\t\t\t\t\t\t\t\t\t<p class=\"boxout-excerpt\">K\u00f6m\u00fcr kaynakl\u0131 enerji \u00fcretimi, havay\u0131, topra\u011f\u0131, g\u0131day\u0131 ve suyu t\u00fcketiyor. \u0130nsanlar\u0131 sa\u011fl\u0131\u011f\u0131ndan ediyor, insanlar\u0131n ge\u00e7im kaynaklar\u0131na ve ya\u015fad\u0131klar\u0131 \u00e7evreye zarar veriyor. Bu kirli enerjiye verilen b\u00fcy\u00fck te\u015fvikler ulusal ekonomiyi sars\u0131yor, cebimizi yak\u0131yor. K\u00f6m\u00fcr, di\u011fer t\u00fcm fosil yak\u0131tlarla birlikte, d\u00fcnyaya kar\u015f\u0131 en b\u00fcy\u00fck k\u00fcresel tehdit olan iklim krizinin sorumlusu. \u0130klim de\u011fi\u015fikli\u011finin neden oldu\u011fu felaketleri durdurabilmek i\u00e7in k\u00f6m\u00fcr\u00fc hayat\u0131m\u0131zdan \u00e7\u0131karmal\u0131y\u0131z.<\/p>\n\t\t\t\t                                    <a\n                        class=\"btn btn-primary\"\n                        data-ga-category=\"Take Action Boxout\"\n                        data-ga-action=\"Call to Action\"\n                        data-ga-label=\"n\/a\"\n                        href=\"https:\/\/www.greenpeace.org\/turkey\/komuru-birak\/\"\n                        \n                    >\n                        Harekete Ge\u00e7\n                    <\/a>\n                \t\t\t<\/div>\n\t\t\t\t\t<\/section>\n\t","protected":false},"excerpt":{"rendered":"<p>Bir sa\u011fl\u0131k krizinin ortas\u0131nda, Zonguldak 30 b\u00fcy\u00fck\u015fehirin yan\u0131nda karantinaya al\u0131nan tek \u015fehirse \u015fu soruyu sormam\u0131z gerekiyor<\/p>\n","protected":false},"author":26,"featured_media":2052,"comment_status":"closed","ping_status":"closed","sticky":false,"template":"","format":"standard","meta":{"ep_exclude_from_search":false,"p4_og_title":"","p4_og_description":"","p4_og_image":"https:\/\/www.greenpeace.org\/static\/planet4-turkey-stateless\/2019\/12\/692ee57f-zonguldak-komur-koronaviru\u0308s.jpg","p4_og_image_id":"2052","p4_seo_canonical_url":"","p4_campaign_name":"not set","p4_local_project":"","p4_basket_name":"not set","p4_department":"","footnotes":""},"categories":[2],"tags":[27],"p4-page-type":[29],"class_list":["post-2056","post","type-post","status-publish","format-standard","has-post-thumbnail","hentry","category-enerji","tag-komur","p4-page-type-blog"],"_links":{"self":[{"href":"https:\/\/www.greenpeace.org\/turkey\/wp-json\/wp\/v2\/posts\/2056","targetHints":{"allow":["GET"]}}],"collection":[{"href":"https:\/\/www.greenpeace.org\/turkey\/wp-json\/wp\/v2\/posts"}],"about":[{"href":"https:\/\/www.greenpeace.org\/turkey\/wp-json\/wp\/v2\/types\/post"}],"author":[{"embeddable":true,"href":"https:\/\/www.greenpeace.org\/turkey\/wp-json\/wp\/v2\/users\/26"}],"replies":[{"embeddable":true,"href":"https:\/\/www.greenpeace.org\/turkey\/wp-json\/wp\/v2\/comments?post=2056"}],"version-history":[{"count":8,"href":"https:\/\/www.greenpeace.org\/turkey\/wp-json\/wp\/v2\/posts\/2056\/revisions"}],"predecessor-version":[{"id":9272,"href":"https:\/\/www.greenpeace.org\/turkey\/wp-json\/wp\/v2\/posts\/2056\/revisions\/9272"}],"wp:featuredmedia":[{"embeddable":true,"href":"https:\/\/www.greenpeace.org\/turkey\/wp-json\/wp\/v2\/media\/2052"}],"wp:attachment":[{"href":"https:\/\/www.greenpeace.org\/turkey\/wp-json\/wp\/v2\/media?parent=2056"}],"wp:term":[{"taxonomy":"category","embeddable":true,"href":"https:\/\/www.greenpeace.org\/turkey\/wp-json\/wp\/v2\/categories?post=2056"},{"taxonomy":"post_tag","embeddable":true,"href":"https:\/\/www.greenpeace.org\/turkey\/wp-json\/wp\/v2\/tags?post=2056"},{"taxonomy":"p4-page-type","embeddable":true,"href":"https:\/\/www.greenpeace.org\/turkey\/wp-json\/wp\/v2\/p4-page-type?post=2056"}],"curies":[{"name":"wp","href":"https:\/\/api.w.org\/{rel}","templated":true}]}}