{"id":5439,"date":"2020-11-27T14:58:00","date_gmt":"2020-11-27T11:58:00","guid":{"rendered":"https:\/\/www.greenpeace.org\/turkey\/?p=5439"},"modified":"2020-12-01T15:39:17","modified_gmt":"2020-12-01T12:39:17","slug":"greenpeace-ankara-yerel-grubundan-kendin-yap-atolyesi","status":"publish","type":"post","link":"https:\/\/www.greenpeace.org\/turkey\/blog\/greenpeace-ankara-yerel-grubundan-kendin-yap-atolyesi\/","title":{"rendered":"Greenpeace Ankara Yerel Grubundan &#8220;Kendin Yap At\u00f6lyesi&#8221;"},"content":{"rendered":"<p><span style=\"font-weight: 400;\">Merhaba! Black Friday&#8217;i <strong>(T\u00fcrkiye&#8217;deki yayg\u0131n isimleri \u015eahane Cuma, Efsane Cuma vb.)<\/strong> duymu\u015fsunuzdur. Black Friday zaman\u0131 kar\u015f\u0131m\u0131za \u00e7\u0131kan b\u00fcy\u00fck indirimler b\u00fcy\u00fck bir al\u0131\u015fveri\u015f ve t\u00fcketim \u00e7\u0131lg\u0131nl\u0131\u011f\u0131na sebep oluyor. \u0130htiyac\u0131m\u0131z olmayan \u00fcr\u00fcnlerin ihtiyac\u0131m\u0131z oldu\u011funa inand\u0131r\u0131l\u0131yor, bu \u00fcr\u00fcnleri s\u0131rf indirimde diye al\u0131rken buluyoruz kendimizi. Sonunu d\u00fc\u015f\u00fcnmeden yapt\u0131\u011f\u0131m\u0131z al\u0131\u015fveri\u015fler ve ihtiya\u00e7 fazlas\u0131 t\u00fcketim \u00e7evreye zarar veriyor.<\/span><span style=\"font-size: inherit;\">&nbsp;<\/span><\/p>\n<p><span style=\"font-weight: 400;\">T\u00fcketim al\u0131\u015fkanl\u0131klar\u0131m\u0131z d\u00fcnyam\u0131z\u0131n, \u00e7\u00f6z\u00fcm\u00fc olmayacak sorunlara kar\u015f\u0131 kar\u015f\u0131ya kalmas\u0131na sebep oluyor. Greenpeace Ankara olarak, t\u00fcketim al\u0131\u015fkanl\u0131klar\u0131m\u0131z\u0131 sorgulayabilece\u011fimiz bir Make Something (<em>Bir \u015eeyler Yap<\/em>) etkinli\u011fi d\u00fczenliyoruz ve bu etkinli\u011fe sen de davetlisin!<\/span><\/p>\n<h2><span style=\"font-weight: 400;\">Make Something (<em>Bir \u015eeyler Yap<\/em>) hareketi nedir?<\/span><\/h2>\n<p><span style=\"font-weight: 400;\">D\u00fcnyan\u0131n s\u0131n\u0131rl\u0131 kaynaklar\u0131n\u0131 korumak i\u00e7in t\u00fcketim k\u00fclt\u00fcr\u00fcn\u00fc de\u011fi\u015ftirmeye \u00e7al\u0131\u015fan uluslararas\u0131 <strong>\u201cBir \u015eeyler Yap\u201d hareketi<\/strong>, bireylere ihtiya\u00e7lar\u0131 olmayan yeni \u015feyler sat\u0131n almalar\u0131 yerine ellerinde var olanlar\u0131 de\u011ferlendirip yeni \u015feyler yapmay\u0131 ama\u00e7l\u0131yor.&nbsp;<\/span><\/p>\n<h2><span style=\"font-weight: 400;\">At\u00f6lyemiz neler i\u00e7erecek?<\/span><\/h2>\n<p><span style=\"font-weight: 400;\">At\u00f6lyemizde birbirinden yetenekli at\u00f6lye y\u00fcr\u00fct\u00fcc\u00fclerimiz ile interaktif olarak birlikte yapaca\u011f\u0131m\u0131z kendin yap (DIY) tarifleri, kompost at\u00f6lyesi, at\u0131k ya\u011flardan arap sabunu at\u00f6lyesi ve daha nicesi olacak!<\/span><span style=\"font-size: inherit;\">&nbsp;<\/span><\/p>\n<h2><span style=\"font-weight: 400;\">Etkinlik program\u0131:<\/span>&nbsp;<\/h2>\n\n<figure class=\"wp-block-table\"><table class=\"has-green-800-background-color has-background\"><thead><tr><th>SAAT<\/th><th>\u0130\u00c7ER\u0130K<\/th><\/tr><\/thead><tbody><tr><td>16.30-17.30                        <\/td><td>@nilkiyisi ve @atiksizminimalist ile at\u0131ks\u0131z ya\u015fam\u0131n temelleri\/do\u011fa dostu \u00fcr\u00fcn alternatifleri at\u00f6lyesi&nbsp;<\/td><\/tr><tr><td>17.30-17.40 <\/td><td>di\u015f macunu at\u00f6lyesi<\/td><\/tr><tr><td>17.40-17.45<\/td><td>video g\u00f6sterim<\/td><\/tr><tr><td>17.45-18.30<\/td><td>@kompostkent ile kompost at\u00f6lyesi<\/td><\/tr><tr><td>18.30-18.40<\/td><td>evde zehirsiz deterjan yap\u0131m at\u00f6lyesi<\/td><\/tr><tr><td>18.40-18.50<\/td><td>zehirsiz ki\u015fisel bak\u0131m at\u00f6lyesi<\/td><\/tr><tr><td>19.00-20.00<\/td><td>@otamabalsam ile Arap sabunu at\u00f6lyesi<\/td><\/tr><\/tbody><\/table><\/figure>\n\n<hr class=\"wp-block-separator\"\/>\n\n<p>Bir \u00fcr\u00fcn almadan \u00f6nce, kontrol edebilece\u011fimiz birka\u00e7 ad\u0131m var.<\/p>\n\n<p>1- Almay\u0131 reddet.<br>2- Azalt.<br>3- Tekrar kullan.<br>4- Kendin yap!<br>5- Geri d\u00f6n\u00fc\u015ft\u00fcr.<\/p>\n\n<p>Ki\u015fisel se\u00e7eneklerimiz ile birlikte b\u00fcy\u00fck farklar yaratabilir, talebi de\u011fi\u015ftirebiliriz. Sahip oldu\u011fumuz \u00fcr\u00fcnlerin hikayelerini bilmek ve ona g\u00f6re tercihler yapmak d\u00fcnyam\u0131z\u0131 kurtarabilir!<\/p>\n\n<p>T\u00fcketim al\u0131\u015fkanl\u0131\u011f\u0131m\u0131z\u0131 de\u011fi\u015ftirmek, bu konu \u00fczerinde biraz daha bilgi sahibi olmak istiyorsan, evde kendin yapabilece\u011fin, birbirinden farkl\u0131 at\u00f6lyelerle 5 ARALIK CUMARTES\u0130 g\u00fcn\u00fc ZOOM&#8217;da seni bekliyor olaca\u011f\u0131z.<\/p>\n\n<p><a href=\"https:\/\/docs.google.com\/forms\/d\/e\/1FAIpQLSeCvI9VAaos_WPWakmt32mhhqUmplH8e149ftjhSAFHYD7ulQ\/viewform\" target=\"_blank\" rel=\"noreferrer noopener\"><strong>Kaydolmak i\u00e7in t\u0131klay\u0131n.<\/strong><\/a><\/p>\n\n<p><\/p>\n","protected":false},"excerpt":{"rendered":"<p>At\u00f6lyemizde birbirinden yetenekli at\u00f6lye y\u00fcr\u00fct\u00fcc\u00fclerimiz ile interaktif olarak birlikte yapaca\u011f\u0131m\u0131z kendin yap (DIY) tarifleri, kompost at\u00f6lyesi, at\u0131k ya\u011flardan arap sabunu at\u00f6lyesi ve daha nicesi olacak!\u00a0<\/p>\n","protected":false},"author":26,"featured_media":5444,"comment_status":"closed","ping_status":"closed","sticky":false,"template":"","format":"standard","meta":{"ep_exclude_from_search":false,"p4_og_title":"","p4_og_description":"","p4_og_image":"","p4_og_image_id":"","p4_seo_canonical_url":"","p4_campaign_name":"not set","p4_local_project":"not set","p4_basket_name":"not set","p4_department":"","footnotes":""},"categories":[3],"tags":[23],"p4-page-type":[29],"class_list":["post-5439","post","type-post","status-publish","format-standard","has-post-thumbnail","hentry","category-biyocesitlilik-doga","tag-plastik","p4-page-type-blog"],"_links":{"self":[{"href":"https:\/\/www.greenpeace.org\/turkey\/wp-json\/wp\/v2\/posts\/5439","targetHints":{"allow":["GET"]}}],"collection":[{"href":"https:\/\/www.greenpeace.org\/turkey\/wp-json\/wp\/v2\/posts"}],"about":[{"href":"https:\/\/www.greenpeace.org\/turkey\/wp-json\/wp\/v2\/types\/post"}],"author":[{"embeddable":true,"href":"https:\/\/www.greenpeace.org\/turkey\/wp-json\/wp\/v2\/users\/26"}],"replies":[{"embeddable":true,"href":"https:\/\/www.greenpeace.org\/turkey\/wp-json\/wp\/v2\/comments?post=5439"}],"version-history":[{"count":7,"href":"https:\/\/www.greenpeace.org\/turkey\/wp-json\/wp\/v2\/posts\/5439\/revisions"}],"predecessor-version":[{"id":5447,"href":"https:\/\/www.greenpeace.org\/turkey\/wp-json\/wp\/v2\/posts\/5439\/revisions\/5447"}],"wp:featuredmedia":[{"embeddable":true,"href":"https:\/\/www.greenpeace.org\/turkey\/wp-json\/wp\/v2\/media\/5444"}],"wp:attachment":[{"href":"https:\/\/www.greenpeace.org\/turkey\/wp-json\/wp\/v2\/media?parent=5439"}],"wp:term":[{"taxonomy":"category","embeddable":true,"href":"https:\/\/www.greenpeace.org\/turkey\/wp-json\/wp\/v2\/categories?post=5439"},{"taxonomy":"post_tag","embeddable":true,"href":"https:\/\/www.greenpeace.org\/turkey\/wp-json\/wp\/v2\/tags?post=5439"},{"taxonomy":"p4-page-type","embeddable":true,"href":"https:\/\/www.greenpeace.org\/turkey\/wp-json\/wp\/v2\/p4-page-type?post=5439"}],"curies":[{"name":"wp","href":"https:\/\/api.w.org\/{rel}","templated":true}]}}