{"id":5518,"date":"2020-12-25T12:52:06","date_gmt":"2020-12-25T09:52:06","guid":{"rendered":"https:\/\/www.greenpeace.org\/turkey\/?p=5518"},"modified":"2021-03-11T12:22:07","modified_gmt":"2021-03-11T09:22:07","slug":"kahramanmarasta-santraller-zehir-saciyor","status":"publish","type":"post","link":"https:\/\/www.greenpeace.org\/turkey\/basin-bultenleri\/kahramanmarasta-santraller-zehir-saciyor\/","title":{"rendered":"Kahramanmara\u015f&#8217;ta santraller zehir sa\u00e7\u0131yor"},"content":{"rendered":"\n<figure class=\"wp-block-image size-large  caption-style-medium caption-alignment-center\"><img loading=\"lazy\" decoding=\"async\" width=\"1900\" height=\"1200\" src=\"https:\/\/www.greenpeace.org\/static\/planet4-turkey-stateless\/3803b600-afsin-hava-kirliligi-basin-bulteni.jpg\" alt=\"\" class=\"wp-image-5519\"\/><\/figure>\n<p style=\"font-weight: 400;\"><b>Kirlilik s\u0131n\u0131r de\u011ferlerin 10 kat \u00fcst\u00fcnde<\/b><\/p>\n<p style=\"font-weight: 400;\"><em><strong>Greenpeace<\/strong><\/em> taraf\u0131ndan Kahramanmara\u015f\u2019ta Af\u015fin A ve Af\u015fin B k\u00f6m\u00fcrl\u00fc termik santrallerinin tesis etki sahas\u0131 i\u00e7erisinde ger\u00e7ekle\u015ftirilen \u00f6l\u00e7\u00fcm sonu\u00e7lar\u0131, santrallerin b\u00f6lgeye nas\u0131l zehir sa\u00e7t\u0131\u011f\u0131n\u0131 net \u015fekilde g\u00f6zler \u00f6n\u00fcne serdi.&nbsp;<\/p>\n<p style=\"font-weight: 400;\">Greenpeace taraf\u0131ndan <em><strong>5 Ekim &#8211; 11 Kas\u0131m<\/strong><\/em> tarihleri aras\u0131nda d\u00f6rt noktada ger\u00e7ekle\u015ftirilen hava kalitesi \u00f6l\u00e7\u00fcm sonu\u00e7lar\u0131, b\u00f6lgenin insan sa\u011fl\u0131\u011f\u0131 i\u00e7in nas\u0131l ya\u015fanmaz hale geldi\u011fini ve k\u00f6m\u00fcrl\u00fc termik santrallerin havam\u0131z\u0131 nas\u0131l kirletti\u011finin bir kan\u0131t\u0131 oldu. \u00c7al\u0131\u015fmada, insan kaynakl\u0131 hava kirlili\u011finin en b\u00fcy\u00fck nedenlerinden olan <em><strong>partik\u00fcl madde 10 (PM10), partik\u00fcl madde 2,5 (PM2,5) ile SO2 ve NO2 <\/strong><\/em>yo\u011funluklar\u0131 \u00f6l\u00e7\u00fcld\u00fc.<strong> <a href=\"https:\/\/www.greenpeace.org\/turkey\/raporlar\/hava-kalitesi-olcum-raporu-afsin-elbistan-a-ve-b\/\">Sonu\u00e7lara g\u00f6re;&nbsp;<\/a><\/strong><\/p>\n<ul style=\"font-weight: 400;\">\n<li>B\u00f6lgede \u00f6l\u00e7\u00fclen en y\u00fcksek 24 saatlik PM10 de\u011feri D\u00fcnya Sa\u011fl\u0131k \u00d6rg\u00fct\u00fc\u2019n\u00fcn (DS\u00d6) \u00f6nerdi\u011fi y\u0131ll\u0131k limit de\u011feri olan 20 \u00b5g\/m3\u2019\u0131n <em><strong>16 kat\u0131<\/strong><\/em>, Avrupa Birli\u011fi\u2019nin (AB) mevzuat\u0131nda belirlenen y\u0131ll\u0131k ortalama limit de\u011fer olan 40 \u00b5g\/m3\u2018\u0131n ise <em><strong>8 kat\u0131<\/strong><\/em>,&nbsp;<\/li>\n<li>B\u00f6lgede \u00f6l\u00e7\u00fclen en y\u00fcksek 24 saatlik PM2,5 de\u011ferinin ise DS\u00d6\u2019n\u00fcn \u00f6nerdi\u011fi y\u0131ll\u0131k limit de\u011feri olan 10 \u00b5g\/m3\u2018\u0131n <em><strong>10 kat\u0131ndan<\/strong><\/em>, AB\u2019nin mevzuat\u0131nda belirlenen y\u0131ll\u0131k ortalama limit de\u011fer olan 25 \u00b5g\/m3\u2018\u0131n ise <em><strong>4 kat\u0131ndan y\u00fcksek<\/strong><\/em>,<\/li>\n<li>T\u00fcrkiye\u2019de havada \u00f6l\u00e7\u00fclen en y\u00fcksek 24 saatlik<em><strong> PM10 limit de\u011feri 50\u00b5g\/m<\/strong><\/em><em><strong>3 olmas\u0131 gerekirken, \u00f6l\u00e7\u00fcm noktalar\u0131ndan birinde bu de\u011fer 320\u2019nin \u00fczerinde, &nbsp;<\/strong><\/em><\/li>\n<li>T\u00fcrkiye\u2019nin limit de\u011fer uygulamas\u0131 bulunmayan, DS\u00d6 ve AB taraf\u0131ndan <em><strong>y\u0131ll\u0131k ortalama de\u011fer olarak s\u0131ras\u0131yla <\/strong><\/em><em><strong>10 \u00b5g\/m3 ve 25 \u00b5g\/m3 s\u0131n\u0131rlar\u0131 belirlenen havadaki PM2,5 miktar\u0131 bir noktada 105\u2019i a\u015ft\u0131,<\/strong><\/em><\/li>\n<li>\u00d6l\u00e7\u00fclen PM10 de\u011ferlerinin, her iki noktada da, \u00f6l\u00e7\u00fcm yap\u0131lan <em><strong>30 g\u00fcn\u00fcn tamam\u0131nda<\/strong><\/em>; T\u00fcrkiye, DS\u00d6 ve AB\u2019nin belirledi\u011fi g\u00fcnl\u00fck ve y\u0131ll\u0131k de\u011ferleri a\u015ft\u0131,&nbsp;<\/li>\n<li>\u00d6l\u00e7\u00fclen PM2,5 de\u011ferlerinin de yine her iki noktada da, \u00f6l\u00e7\u00fcm yap\u0131lan <em><strong>30 g\u00fcn\u00fcn tamam\u0131nda<\/strong><\/em> DS\u00d6 ve AB y\u0131ll\u0131k limit de\u011ferlerinin \u00fczerindeydi.<\/li>\n<\/ul>\n<p style=\"font-weight: 400;\"><strong>&#8220;6 yeni santral a\u00e7\u0131lmas\u0131, insan eliyle \u00fcretilmi\u015f bir felaket olacak&#8221;<\/strong><\/p>\n<p style=\"font-weight: 400;\"><em><strong>Greenpeace Akdeniz \u0130klim ve Enerji Proje Sorumlusu Onur Akg\u00fcl<\/strong><\/em>, s\u00f6z konusu \u00f6l\u00e7\u00fcmlerin k\u00f6m\u00fcrl\u00fc termik santrallerin sa\u011fl\u0131kl\u0131 ya\u015fam \u015fartlar\u0131n\u0131 ortadan kald\u0131rd\u0131\u011f\u0131n\u0131 bir kez daha g\u00f6zler \u00f6n\u00fcne serdi\u011fini vurgulad\u0131. Akg\u00fcl konuyla ilgili \u015funlar\u0131 s\u00f6yledi;<\/p>\n<p style=\"font-weight: 400;\">&#8220;\u00d6l\u00e7\u00fcm sonu\u00e7lar\u0131na bakt\u0131\u011f\u0131m\u0131zda; PM10 de\u011ferinin, T\u00fcrkiye\u2019de yasaca a\u015f\u0131lamayaca\u011f\u0131 belirtilen limit de\u011ferin 8 kat\u0131na \u00e7\u0131kt\u0131\u011f\u0131n\u0131; b\u00f6lgedeki y\u00fcksek kanser vakalar\u0131n\u0131n en \u00f6nemli nedeni olan PM2,5\u2019un DS\u00d6\u2019n\u00fcn \u00f6nerdi\u011fi de\u011ferlerin 10 kat\u0131ndan daha y\u00fcksek de\u011ferlere ula\u015ft\u0131\u011f\u0131n\u0131; en tehlikeli gazlardan k\u00fck\u00fcrt dioksitin, T\u00fcrkiye\u2019de yasan\u0131n m\u00fcsaade etti\u011fi de\u011ferlerin yer yer 3 kat\u0131na kadar \u00e7\u0131kt\u0131\u011f\u0131n\u0131 g\u00f6r\u00fcyoruz.&nbsp;Af\u015fin A santralinin i\u015fletmecisi \u00c7elikler Holding\u2019in 6 Kas\u0131m\u2019da kamuoyuna, bu santral i\u00e7in \u2018\u00e7evre limitlerine uygunlukta uluslararas\u0131 standartlara sahip oluyor\u2019 \u015feklinde yapt\u0131\u011f\u0131 bilgilendirme ile bu \u00f6l\u00e7\u00fcm sonu\u00e7lar\u0131 yanyana konuldu\u011funda, a\u00e7\u0131klamada kamuoyunun yan\u0131lt\u0131ld\u0131\u011f\u0131 ortadad\u0131r. D\u00fcnyada en y\u00fcksek k\u00fck\u00fcrt dioksit emisyonuna sahip 5. k\u00f6m\u00fcrl\u00fc termik santral b\u00f6lgesi olan Af\u015fin&amp;Elbistan b\u00f6lgesine 6 yeni santral daha in\u015fa edilmesi planlan\u0131yor. B\u00f6lgede 1984 y\u0131l\u0131ndan bug\u00fcne kanser vakalar\u0131 8 kart artm\u0131\u015f. Hal b\u00f6yleyken, bu santrallerin i\u015fletilmeye devam etmesi ve 6 yeni santral daha a\u00e7\u0131lmas\u0131 b\u00f6lge i\u00e7in insan eliyle \u00fcretilmi\u015f bir felaket olacakt\u0131r. Bir an \u00f6nce Kahramanmara\u015f\u2019taki mevcut santraller plan dahilinde kapat\u0131lmal\u0131 ve yeni santral planlar\u0131 da iptal edilmelidir.&#8221;&nbsp;<\/p>\n<p style=\"font-weight: 400;\"><em><strong>B\u00f6lgede ya\u015fayan \u201cHayat\u0131 ve Do\u011fay\u0131 Koruma Platformu\u201d g\u00f6n\u00fcll\u00fcs\u00fc \u0130brahim Yal\u00e7\u0131n <\/strong><\/em>ise b\u00f6lgede artan hastal\u0131klara dikkat \u00e7ekerek \u015funlar\u0131 dile getirdi; \u201cErken \u00f6l\u00fcmler, koah, ast\u0131m, akci\u011fer kanseri, kalp damar hastal\u0131klar\u0131 yay\u0131ld\u0131 gitti. Biz b\u00f6lge insanlar\u0131, santralin kirlili\u011fini \u00e7\u0131plak g\u00f6zle g\u00f6r\u00fcyor; hayat\u0131m\u0131z\u0131 nas\u0131l zehirledi\u011fini ya\u015fayarak anl\u0131yoruz. Lakin yetkililer bu durumu anlamak istemiyor. Durum b\u00fct\u00fcn vehameti ile ortada iken, b\u00f6lgeye 6 yeni santral daha yapman\u0131n ne kadar sa\u011fl\u0131ks\u0131z bir ortam yarataca\u011f\u0131 ortadad\u0131r Yetkililere sesleniyoruz; kanunlar\u0131 uygulay\u0131n, mevzuat d\u0131\u015f\u0131nda kalm\u0131\u015f santralleri kapat\u0131n.\u201d<\/p>\n<p style=\"font-weight: 400;\"><em><strong>Detayl\u0131 bilgi i\u00e7in;&nbsp;<\/strong><\/em><\/p>\n<p style=\"font-weight: 400;\">Burcu \u00dcnal, <em><strong>Greenpeace Akdeniz \u0130leti\u015fim Sorumlusu<\/strong><\/em>, <a href=\"mailto:bunal@greenpeace.org\">bunal@greenpeace.org<\/a><br \/>Onur Akg\u00fcl, <em><strong>Greenpeace Akdeniz \u0130klim ve Enerji Proje Sorumlusu<\/strong><\/em>, <a href=\"mailto:oakgul@greenpeace.org\">oakgul@greenpeace.org<\/a><\/p>\n","protected":false},"excerpt":{"rendered":"<p>Greenpeace taraf\u0131ndan Kahramanmara\u015f\u2019ta Af\u015fin A ve Af\u015fin B k\u00f6m\u00fcrl\u00fc termik santrallerinin tesis etki sahas\u0131 i\u00e7erisinde ger\u00e7ekle\u015ftirilen \u00f6l\u00e7\u00fcm sonu\u00e7lar\u0131, santrallerin b\u00f6lgeye nas\u0131l zehir sa\u00e7t\u0131\u011f\u0131n\u0131 net \u015fekilde g\u00f6zler \u00f6n\u00fcne serdi.\u00a0<\/p>\n","protected":false},"author":26,"featured_media":5520,"comment_status":"closed","ping_status":"closed","sticky":false,"template":"","format":"standard","meta":{"ep_exclude_from_search":false,"p4_og_title":"","p4_og_description":"","p4_og_image":"","p4_og_image_id":"","p4_seo_canonical_url":"","p4_campaign_name":"not set","p4_local_project":"not set","p4_basket_name":"not set","p4_department":"","footnotes":""},"categories":[2],"tags":[27,42],"p4-page-type":[14],"class_list":["post-5518","post","type-post","status-publish","format-standard","has-post-thumbnail","hentry","category-enerji","tag-komur","tag-hava-kirliligi","p4-page-type-basin-bultenleri"],"_links":{"self":[{"href":"https:\/\/www.greenpeace.org\/turkey\/wp-json\/wp\/v2\/posts\/5518","targetHints":{"allow":["GET"]}}],"collection":[{"href":"https:\/\/www.greenpeace.org\/turkey\/wp-json\/wp\/v2\/posts"}],"about":[{"href":"https:\/\/www.greenpeace.org\/turkey\/wp-json\/wp\/v2\/types\/post"}],"author":[{"embeddable":true,"href":"https:\/\/www.greenpeace.org\/turkey\/wp-json\/wp\/v2\/users\/26"}],"replies":[{"embeddable":true,"href":"https:\/\/www.greenpeace.org\/turkey\/wp-json\/wp\/v2\/comments?post=5518"}],"version-history":[{"count":2,"href":"https:\/\/www.greenpeace.org\/turkey\/wp-json\/wp\/v2\/posts\/5518\/revisions"}],"predecessor-version":[{"id":5651,"href":"https:\/\/www.greenpeace.org\/turkey\/wp-json\/wp\/v2\/posts\/5518\/revisions\/5651"}],"wp:featuredmedia":[{"embeddable":true,"href":"https:\/\/www.greenpeace.org\/turkey\/wp-json\/wp\/v2\/media\/5520"}],"wp:attachment":[{"href":"https:\/\/www.greenpeace.org\/turkey\/wp-json\/wp\/v2\/media?parent=5518"}],"wp:term":[{"taxonomy":"category","embeddable":true,"href":"https:\/\/www.greenpeace.org\/turkey\/wp-json\/wp\/v2\/categories?post=5518"},{"taxonomy":"post_tag","embeddable":true,"href":"https:\/\/www.greenpeace.org\/turkey\/wp-json\/wp\/v2\/tags?post=5518"},{"taxonomy":"p4-page-type","embeddable":true,"href":"https:\/\/www.greenpeace.org\/turkey\/wp-json\/wp\/v2\/p4-page-type?post=5518"}],"curies":[{"name":"wp","href":"https:\/\/api.w.org\/{rel}","templated":true}]}}