{"id":5753,"date":"2021-04-15T10:40:32","date_gmt":"2021-04-15T07:40:32","guid":{"rendered":"https:\/\/www.greenpeace.org\/turkey\/?p=5753"},"modified":"2021-04-15T10:47:36","modified_gmt":"2021-04-15T07:47:36","slug":"plastiksiz-dogu-akdeniz-platformundan-ortak-bildiri","status":"publish","type":"post","link":"https:\/\/www.greenpeace.org\/turkey\/haberler\/plastiksiz-dogu-akdeniz-platformundan-ortak-bildiri\/","title":{"rendered":"Plastiksiz Do\u011fu Akdeniz Platformu&#8217;ndan Ortak Bildiri"},"content":{"rendered":"\n<figure class=\"wp-block-image size-large\"><img loading=\"lazy\" decoding=\"async\" width=\"1024\" height=\"301\" src=\"https:\/\/www.greenpeace.org\/static\/planet4-turkey-stateless\/2021\/04\/132417c7-4-plastiksiz-dog\u0306u-akdeniz-platformu-deklarasyon-metni-katilimcilari-1024x301.jpg\" alt=\"\" class=\"wp-image-5754\" srcset=\"https:\/\/www.greenpeace.org\/static\/planet4-turkey-stateless\/2021\/04\/132417c7-4-plastiksiz-dog\u0306u-akdeniz-platformu-deklarasyon-metni-katilimcilari-1024x301.jpg 1024w, https:\/\/www.greenpeace.org\/static\/planet4-turkey-stateless\/2021\/04\/132417c7-4-plastiksiz-dog\u0306u-akdeniz-platformu-deklarasyon-metni-katilimcilari-300x88.jpg 300w, https:\/\/www.greenpeace.org\/static\/planet4-turkey-stateless\/2021\/04\/132417c7-4-plastiksiz-dog\u0306u-akdeniz-platformu-deklarasyon-metni-katilimcilari-768x226.jpg 768w, https:\/\/www.greenpeace.org\/static\/planet4-turkey-stateless\/2021\/04\/132417c7-4-plastiksiz-dog\u0306u-akdeniz-platformu-deklarasyon-metni-katilimcilari-510x150.jpg 510w, https:\/\/www.greenpeace.org\/static\/planet4-turkey-stateless\/2021\/04\/132417c7-4-plastiksiz-dog\u0306u-akdeniz-platformu-deklarasyon-metni-katilimcilari.jpg 1428w\" sizes=\"auto, (max-width: 1024px) 100vw, 1024px\" \/><\/figure>\n<p><span style=\"font-weight: 400;\">Do\u011fu Akdeniz b\u00f6lgesindeki plastik kirlili\u011fine dikkat \u00e7ekmek i\u00e7in Plastiksiz Do\u011fu Akdeniz Platformu ad\u0131 alt\u0131nda bir araya gelen 15 kurum ve kurulu\u015f ortak bir bildiri yay\u0131mlad\u0131.&nbsp;<\/span><\/p>\n<p><span style=\"font-weight: 400;\">Do\u011fu Akdeniz b\u00f6lgesinde her ge\u00e7en g\u00fcn art\u0131\u015f g\u00f6steren plastik kirlili\u011finin kontrol alt\u0131na al\u0131nmas\u0131 y\u00f6n\u00fcnde \u00e7al\u0131\u015fmalar\u0131na ba\u015flayan Plastiksiz Do\u011fu Akdeniz Platformu 15 kurum ve kurulu\u015fun deste\u011fi ile haz\u0131rlad\u0131\u011f\u0131 deklarasyon metnini bas\u0131n ve kamuoyu ile payla\u015ft\u0131.&nbsp;<\/span><\/p>\n<p><span style=\"font-weight: 400;\">Plastiksiz Do\u011fu Akdeniz Platformu taraf\u0131ndan payla\u015f\u0131lan bildiride \u015fu ifadelere yer verildi:&nbsp;<\/span><\/p>\n\n<hr class=\"wp-block-separator\"\/>\n\n<p><strong>PLAST\u0130KS\u0130Z DO\u011eU AKDEN\u0130Z PLATFORMU\u2019NDAN<\/strong><\/p>\n\n<p><strong>Bas\u0131na ve Kamuoyuna<\/strong><\/p>\n\n<p>Do\u011fu Akdeniz k\u0131y\u0131lar\u0131nda Samanda\u011f\u2019dan Anamur\u2019a kadar uzanan sahil \u015feridi, e\u015fsiz g\u00fczellikleri bar\u0131nd\u0131ran \u00f6nemli bir biyo\u00e7e\u015fitlilik merkezidir. T\u00fcrkiye\u2019nin 14 Ramsar sulak alan\u0131ndan \u00fc\u00e7\u00fc G\u00f6ksu Deltas\u0131, Yumurtal\u0131k Lag\u00fcn\u00fc Milli Park\u0131 ve Akyatan Lag\u00fcn\u00fc Do\u011fu Akdeniz\u2019de bulunmaktad\u0131r. D\u00fcnyan\u0131n ba\u015fka hi\u00e7bir yerinde olmayan bitki t\u00fcrlerini bar\u0131nd\u0131ran sahiller, ayn\u0131 zamanda deniz kaplumba\u011falar\u0131n\u0131n da \u00e7ok \u00f6nemli yuvalama alanlar\u0131d\u0131r. B\u00f6lgenin deniz ile ba\u011flant\u0131l\u0131 sulak alanlar\u0131nda, \u00fclkemizde k\u0131\u015flayan ku\u015flar\u0131n en yo\u011fun n\u00fcfuslar\u0131 say\u0131lmakta, g\u00f6\u00e7 eden ve kulu\u00e7kaya yatan \u00f6nemli say\u0131da ku\u015f t\u00fcr\u00fc de yine bu lag\u00fcnleri kullanmaktad\u0131r.&nbsp;<\/p>\n\n<p>Ekolojik a\u00e7\u0131dan olduk\u00e7a \u00f6nemli ve e\u015fsiz olan bu k\u0131y\u0131lar maalesef Akdeniz\u2019in plastikle en fazla kirletilmi\u015f b\u00f6lgelerinden biridir. B\u00f6lgedeki yo\u011fun tar\u0131msal faaliyetler, sahillere vatanda\u015flar\u0131n b\u0131rakt\u0131\u011f\u0131 at\u0131klar, \u00f6zellikle geri d\u00f6n\u00fc\u015f\u00fcm tesislerinden ve di\u011fer end\u00fcstriyel faaliyetlerden kaynaklanan mikroplastikler ve at\u0131k y\u00f6netim alt yap\u0131s\u0131ndaki eksiklikler bu kirliliklerin ana kaynaklar\u0131ndand\u0131r. Bunun yan\u0131nda \u00f6zellikle Adana\u2019da \u00e7o\u011funlukla nehir ve kanal kenarlar\u0131na yasad\u0131\u015f\u0131 bir \u015fekilde bo\u015falt\u0131lan plastik \u00e7\u00f6pler (ithal\/yerli) de Akdeniz\u2019e kadar ula\u015fmaktad\u0131r.&nbsp;<\/p>\n\n<p>Do\u011fu Akdeniz k\u0131y\u0131lar\u0131m\u0131zdaki kirlilik sadece kendi \u00e7\u00f6plerimizle de s\u0131n\u0131rl\u0131 de\u011fildir. Ak\u0131nt\u0131lar yoluyla di\u011fer \u00fclkelerin (Tunus, M\u0131s\u0131r, L\u00fcbnan, Suriye vb.) denize bo\u015faltt\u0131klar\u0131 plastikler ve bal\u0131k\u00e7\u0131l\u0131k d\u00e2hil gemicilik faaliyetleri nedeniyle de \u00f6nemli miktarda plastik \u00e7\u00f6p ciddi bir kirlili\u011fe neden olmaktad\u0131r. Yap\u0131lan \u00e7al\u0131\u015fmalar, Samanda\u011f\u2019dan Anamur\u2019a kadar olan kumul sahillerin, metrekarede 1000-1200 adet mikroplastik miktar\u0131 ile Akdeniz\u2019deki en y\u00fcksek kirlili\u011fe maruz kalan b\u00f6lgeler oldu\u011funu g\u00f6stermektedir. Bunun yan\u0131nda D\u00fcnya Do\u011fal Hayat\u0131 Koruma Vakf\u0131 (WWF) taraf\u0131ndan yap\u0131lan tahminlerde de g\u00fcnl\u00fck olarak 31 kg\u2019a yak\u0131n plasti\u011fin bir kilometrelik sahil \u00e7izgisine vurdu\u011funu ortaya koymaktad\u0131r. Greenpeace Akdeniz\u2019in raporuna g\u00f6re Akdeniz\u2019in de yer ald\u0131\u011f\u0131 b\u00f6lgelerde incelenen iki bal\u0131ktan birisinin midesinde de mikroplastik var!&nbsp;<\/p>\n\n<p>Akdeniz\u2019in e\u015fsiz k\u0131y\u0131lar\u0131n\u0131n plastik \u00e7\u00f6plerden kurtar\u0131lmas\u0131 elzemdir. Bu ba\u011flamda biz a\u015fa\u011f\u0131da isimleri bulunan kurumlar, ilgili t\u00fcm kurum ve kurulu\u015flar\u0131, vatanda\u015flar\u0131 ve sivil toplum \u00f6rg\u00fctlerini plastik \u00fcretim ve t\u00fcketimini azaltmak, ayr\u0131ca at\u0131k y\u00f6netim alt yap\u0131s\u0131n\u0131 geli\u015ftirmek i\u00e7in sorumluluk almaya \u00e7a\u011f\u0131r\u0131yoruz.&nbsp;&nbsp;<\/p>\n\n<p><strong>PLAST\u0130KS\u0130Z DO\u011eU AKDEN\u0130Z PLATFORMU \u00dcYELER\u0130&nbsp;<\/strong><\/p>\n\n<p>Karata\u015f Belediyesi&nbsp;<\/p>\n\n<p>\u00c7ukurova \u00dcniversitesi Su \u00dcr\u00fcnleri Fak\u00fcltesi&nbsp;<\/p>\n\n<p>Adana Karata\u015f ve Yumurtal\u0131k \u0130l\u00e7eleri Turizmi Geli\u015ftirme Altyap\u0131 ve Hizmet Birli\u011fi&nbsp;<\/p>\n\n<p>Seyhan Belediyesi&nbsp;<\/p>\n\n<p>Arsuz Belediyesi&nbsp;<\/p>\n\n<p>Samanda\u011f Belediyesi&nbsp;<\/p>\n\n<p>Mersin B\u00fcy\u00fck\u015fehir Belediyesi&nbsp;<\/p>\n\n<p>Do\u011fu Akdeniz Belediyeler Birli\u011fi&nbsp;<\/p>\n\n<p>TMMOB \u00c7evre M\u00fchendisleri Odas\u0131 Mersin \u015eubesi&nbsp;<\/p>\n\n<p>\u00c7ukurova Belediyeler Birli\u011fi&nbsp;<\/p>\n\n<p>WWF-T\u00fcrkiye ( Do\u011fal Hayat\u0131 Koruma Vakf\u0131 )<\/p>\n\n<p>Do\u011fa Ara\u015ft\u0131rmalar\u0131 Derne\u011fi&nbsp;<\/p>\n\n<p>T\u00fcrkiye \u00c7evre E\u011fitim Vakf\u0131 (T\u00dcR\u00c7EV)<\/p>\n\n<p>Mikroplastik Ara\u015ft\u0131rma Grubu&nbsp;<\/p>\n\n<p>Greenpeace Akdeniz\u00a0<\/p>\n\n<figure class=\"wp-block-embed is-type-rich is-provider-twitter wp-block-embed-twitter\"><div class=\"wp-block-embed__wrapper\">\n<blockquote class=\"twitter-tweet\" data-width=\"500\" data-dnt=\"true\"><p lang=\"tr\" dir=\"ltr\">PLAST\u0130KS\u0130Z DO\u011eU AKDEN\u0130Z PLATFORMU\u2019NDAN   Bas\u0131na ve Kamuoyuna <a href=\"https:\/\/twitter.com\/hashtag\/plastiksizdoguakdeniz?src=hash&amp;ref_src=twsrc%5Etfw\">#plastiksizdoguakdeniz<\/a> <a href=\"https:\/\/t.co\/McaT4HWMNy\">pic.twitter.com\/McaT4HWMNy<\/a><\/p>&mdash; Plastiksiz Do\u011fu Akdeniz Platformu (@PlastiksizDAP) <a href=\"https:\/\/twitter.com\/PlastiksizDAP\/status\/1382589624384638979?ref_src=twsrc%5Etfw\">April 15, 2021<\/a><\/blockquote><script async src=\"https:\/\/platform.twitter.com\/widgets.js\" charset=\"utf-8\"><\/script>\n<\/div><\/figure>\n","protected":false},"excerpt":{"rendered":"<p>Do\u011fu Akdeniz b\u00f6lgesindeki plastik kirlili\u011fine dikkat \u00e7ekmek i\u00e7in Plastiksiz Do\u011fu Akdeniz Platformu ad\u0131 alt\u0131nda bir araya gelen 15 kurum ve kurulu\u015f ortak bir bildiri yay\u0131mlad\u0131.\u00a0<\/p>\n","protected":false},"author":26,"featured_media":5756,"comment_status":"closed","ping_status":"closed","sticky":false,"template":"","format":"standard","meta":{"ep_exclude_from_search":false,"p4_og_title":"","p4_og_description":"","p4_og_image":"","p4_og_image_id":"","p4_seo_canonical_url":"","p4_campaign_name":"not set","p4_local_project":"not set","p4_basket_name":"not set","p4_department":"","footnotes":""},"categories":[3],"tags":[23],"p4-page-type":[26],"class_list":["post-5753","post","type-post","status-publish","format-standard","has-post-thumbnail","hentry","category-biyocesitlilik-doga","tag-plastik","p4-page-type-haberler"],"_links":{"self":[{"href":"https:\/\/www.greenpeace.org\/turkey\/wp-json\/wp\/v2\/posts\/5753","targetHints":{"allow":["GET"]}}],"collection":[{"href":"https:\/\/www.greenpeace.org\/turkey\/wp-json\/wp\/v2\/posts"}],"about":[{"href":"https:\/\/www.greenpeace.org\/turkey\/wp-json\/wp\/v2\/types\/post"}],"author":[{"embeddable":true,"href":"https:\/\/www.greenpeace.org\/turkey\/wp-json\/wp\/v2\/users\/26"}],"replies":[{"embeddable":true,"href":"https:\/\/www.greenpeace.org\/turkey\/wp-json\/wp\/v2\/comments?post=5753"}],"version-history":[{"count":3,"href":"https:\/\/www.greenpeace.org\/turkey\/wp-json\/wp\/v2\/posts\/5753\/revisions"}],"predecessor-version":[{"id":5758,"href":"https:\/\/www.greenpeace.org\/turkey\/wp-json\/wp\/v2\/posts\/5753\/revisions\/5758"}],"wp:featuredmedia":[{"embeddable":true,"href":"https:\/\/www.greenpeace.org\/turkey\/wp-json\/wp\/v2\/media\/5756"}],"wp:attachment":[{"href":"https:\/\/www.greenpeace.org\/turkey\/wp-json\/wp\/v2\/media?parent=5753"}],"wp:term":[{"taxonomy":"category","embeddable":true,"href":"https:\/\/www.greenpeace.org\/turkey\/wp-json\/wp\/v2\/categories?post=5753"},{"taxonomy":"post_tag","embeddable":true,"href":"https:\/\/www.greenpeace.org\/turkey\/wp-json\/wp\/v2\/tags?post=5753"},{"taxonomy":"p4-page-type","embeddable":true,"href":"https:\/\/www.greenpeace.org\/turkey\/wp-json\/wp\/v2\/p4-page-type?post=5753"}],"curies":[{"name":"wp","href":"https:\/\/api.w.org\/{rel}","templated":true}]}}