{"id":5840,"date":"2021-05-03T11:59:42","date_gmt":"2021-05-03T08:59:42","guid":{"rendered":"https:\/\/www.greenpeace.org\/turkey\/?p=5840"},"modified":"2021-11-30T14:58:22","modified_gmt":"2021-11-30T11:58:22","slug":"yaban-hayatin-komik-yuzlerine-bakin-comedy-wildlife-awards-en-iyileri","status":"publish","type":"post","link":"https:\/\/www.greenpeace.org\/turkey\/blog\/yaban-hayatin-komik-yuzlerine-bakin-comedy-wildlife-awards-en-iyileri\/","title":{"rendered":"Yaban Hayat\u0131n Komik Y\u00fczlerine Bak\u0131n: Comedy Wildlife Awards En \u0130yileri"},"content":{"rendered":"\n<p class=\"has-yellow-background-color has-background\"><em><em>Sivri di\u015fler, dev pen\u00e7eler, keskin g\u00f6zler\u2026 K\u00fckremeler, homurdanmalar ve t\u0131slamalar\u2026 Yaban hayat\u0131 deyince akl\u0131na gelen bu imgeleri \u015fimdi yavaaa\u015f\u00e7a yere b\u0131rak. Sana bamba\u015fka bir \u015fey g\u00f6stermeye geldik. Kar\u015f\u0131n\u0131zda Yaban Hayat\u0131 Komedi Foto\u011fraf \u00d6d\u00fclleri 2020! (Comedy Wildlife Photograpy Award)<\/em><\/em><\/p>\n\n<h3 class=\"wp-block-heading\"><strong>Bu yar\u0131\u015fma da nereden \u00e7\u0131kt\u0131?<\/strong><\/h3>\n\n<p>30 y\u0131ld\u0131r Do\u011fu Afrika\u2019da yaban hayat foto\u011fraf\u00e7\u0131l\u0131\u011f\u0131 yapan Paul Joynson-Hicks, \u00e7ekti\u011fi foto\u011fraflara bakarken bir \u015fey dikkatini \u00e7ekmi\u015f: baz\u0131 foto\u011fraflar, di\u011ferlerinden farkl\u0131ym\u0131\u015f. Farkl\u0131 derken&#8230; Hani insan\u0131 k\u0131k\u0131rdatan hatta kahkaha att\u0131ran cinsten! O da kendine \u015f\u00f6yle demi\u015f: <em>\u201cMizah, yaban hayat\u0131 koruma m\u00fccadelesine medya ilgisini \u00e7ekmek ve insanlar\u0131 harekete ge\u00e7irmek i\u00e7in \u00e7ok etkili bir y\u00f6ntem olabilir.\u201d<\/em> \u0130\u015fte yar\u0131\u015fma fikri b\u00f6ylece ortaya \u00e7\u0131km\u0131\u015f.<\/p>\n\n<p>Hicks, uluslararas\u0131 bir yar\u0131\u015fma d\u00fczenleme fikrini foto\u011fraf\u00e7\u0131 arkada\u015f\u0131 Tom Sullam\u2019a a\u00e7m\u0131\u015f ve ikili kollar\u0131 s\u0131vam\u0131\u015flar. Michelle Wood\u2019un da aralar\u0131na kat\u0131lmas\u0131 ile ana kadro olu\u015fmu\u015f ve 2018 y\u0131l\u0131nda yar\u0131\u015fma ba\u015flam\u0131\u015f.&nbsp;<\/p>\n\n<p><em>\u201cGe\u00e7ti\u011fimiz birka\u00e7 y\u0131l boyunca akl\u0131m\u0131zda bir hedef vard\u0131: bu yar\u0131\u015fma arac\u0131l\u0131\u011f\u0131yla do\u011fa koruma alan\u0131nda pozitif hikayeler yaratmak ve bunu yaparken \u00e7ok e\u011flenmek!\u201d<\/em> diyor Paul Joynson-Hicks.&nbsp;<\/p>\n\n<p>\u0130\u015fte \u201c2020\u2019de y\u00fcz\u00fcm\u00fcz g\u00fclmedi\u201d diyenlere ne\u015fe verecek \u00f6d\u00fcll\u00fc foto\u011fraflar.&nbsp;<\/p>\n\n<h3 class=\"wp-block-heading\"><strong>Alex Walker Karadaki Seri Canl\u0131lar Kategorisi \u00d6d\u00fcl\u00fc<\/strong><\/h3>\n\n<figure class=\"wp-block-image size-large\"><img loading=\"lazy\" decoding=\"async\" width=\"1024\" height=\"683\" src=\"https:\/\/www.greenpeace.org\/static\/planet4-turkey-stateless\/2021\/05\/fb55279e-charlie-davidson-almost-time-to-get-up-1024x683.jpg\" alt=\"\" class=\"wp-image-5846\" srcset=\"https:\/\/www.greenpeace.org\/static\/planet4-turkey-stateless\/2021\/05\/fb55279e-charlie-davidson-almost-time-to-get-up-1024x683.jpg 1024w, https:\/\/www.greenpeace.org\/static\/planet4-turkey-stateless\/2021\/05\/fb55279e-charlie-davidson-almost-time-to-get-up-300x200.jpg 300w, https:\/\/www.greenpeace.org\/static\/planet4-turkey-stateless\/2021\/05\/fb55279e-charlie-davidson-almost-time-to-get-up-768x512.jpg 768w, https:\/\/www.greenpeace.org\/static\/planet4-turkey-stateless\/2021\/05\/fb55279e-charlie-davidson-almost-time-to-get-up-510x340.jpg 510w, https:\/\/www.greenpeace.org\/static\/planet4-turkey-stateless\/2021\/05\/fb55279e-charlie-davidson-almost-time-to-get-up.jpg 1200w\" sizes=\"auto, (max-width: 1024px) 100vw, 1024px\" \/><figcaption><em>Charlie Davidson \u201cNeredeyse Uyanma Vakti\u201d isimli foto\u011fraf\u0131 i\u00e7in \u201cRakun yeni uyanm\u0131\u015ft\u0131 ve esneme hareketlerini yap\u0131yordu.\u201d diyor. Tabii, uyan\u0131nca esneme hareketleri yapmak isteyebilirsin, \u00f6zellikle t\u00fcm g\u00fcn a\u011fa\u00e7larda ve \u00e7at\u0131larda dola\u015f\u0131yorsan.<\/em><\/figcaption><\/figure>\n\n<h3 class=\"wp-block-heading\"><strong><strong>Kalbe Dokunan Foto\u011fraf \u0130nsanlar\u0131n Tercihi Kategorisi<\/strong><\/strong><\/h3>\n\n<figure class=\"wp-block-image size-large\"><img loading=\"lazy\" decoding=\"async\" width=\"1024\" height=\"709\" src=\"https:\/\/www.greenpeace.org\/static\/planet4-turkey-stateless\/2021\/05\/d77e471c-kra\u0300nitz-roland_o-sole-mio_00006385-1024x709.jpg\" alt=\"\" class=\"wp-image-5848\" srcset=\"https:\/\/www.greenpeace.org\/static\/planet4-turkey-stateless\/2021\/05\/d77e471c-kra\u0300nitz-roland_o-sole-mio_00006385-1024x709.jpg 1024w, https:\/\/www.greenpeace.org\/static\/planet4-turkey-stateless\/2021\/05\/d77e471c-kra\u0300nitz-roland_o-sole-mio_00006385-300x208.jpg 300w, https:\/\/www.greenpeace.org\/static\/planet4-turkey-stateless\/2021\/05\/d77e471c-kra\u0300nitz-roland_o-sole-mio_00006385-768x532.jpg 768w, https:\/\/www.greenpeace.org\/static\/planet4-turkey-stateless\/2021\/05\/d77e471c-kra\u0300nitz-roland_o-sole-mio_00006385-491x340.jpg 491w, https:\/\/www.greenpeace.org\/static\/planet4-turkey-stateless\/2021\/05\/d77e471c-kra\u0300nitz-roland_o-sole-mio_00006385.jpg 1200w\" sizes=\"auto, (max-width: 1024px) 100vw, 1024px\" \/><figcaption><em>Roland Kranitz, \u00e7ekti\u011fi bu foto\u011fraf\u0131n ad\u0131n\u0131 \u201cO Sole Mio\u201d koymu\u015f; \u201c\u00c7ok tatl\u0131 bir sesi vard\u0131!\u201d diyor.<\/em><\/figcaption><\/figure>\n\n<h3 class=\"wp-block-heading\"><strong><strong>\u0130nan\u0131lmaz \u0130nternet Portfolyosu Kategorisi \u00d6d\u00fcl\u00fc<\/strong><\/strong><\/h3>\n<div data-render=\"planet4-blocks\/gallery\" data-attributes=\"{&quot;attributes&quot;:{&quot;multiple_image&quot;:&quot;5849,5850,5851,5852,5853&quot;,&quot;image_data&quot;:[{&quot;url&quot;:&quot;https:\\\/\\\/www.greenpeace.org\\\/static\\\/planet4-turkey-stateless\\\/2021\\\/05\\\/d8d9d3a8-daisy-gilardini-deadly-fart-w_credit.jpg&quot;,&quot;focalPoint&quot;:{&quot;x&quot;:0.5,&quot;y&quot;:0.5},&quot;id&quot;:5849},{&quot;url&quot;:&quot;https:\\\/\\\/www.greenpeace.org\\\/static\\\/planet4-turkey-stateless\\\/2021\\\/05\\\/97d27ba5-daisy-gilardini-deadly-fart-no.4.jpg&quot;,&quot;focalPoint&quot;:{&quot;x&quot;:0.5,&quot;y&quot;:0.5},&quot;id&quot;:5850},{&quot;url&quot;:&quot;https:\\\/\\\/www.greenpeace.org\\\/static\\\/planet4-turkey-stateless\\\/2021\\\/05\\\/64627510-daisy-gilardini-deadly-fart-no.3.jpg&quot;,&quot;focalPoint&quot;:{&quot;x&quot;:0.5,&quot;y&quot;:0.5},&quot;id&quot;:5851},{&quot;url&quot;:&quot;https:\\\/\\\/www.greenpeace.org\\\/static\\\/planet4-turkey-stateless\\\/2021\\\/05\\\/d2ca0e4f-daisy-gilardini-deadly-fart-no.2.jpg&quot;,&quot;focalPoint&quot;:{&quot;x&quot;:0.5,&quot;y&quot;:0.5},&quot;id&quot;:5852},{&quot;url&quot;:&quot;https:\\\/\\\/www.greenpeace.org\\\/static\\\/planet4-turkey-stateless\\\/2021\\\/05\\\/ac128dae-daisy-gilardini-deadly-fart-no.1.jpg&quot;,&quot;focalPoint&quot;:{&quot;x&quot;:0.5,&quot;y&quot;:0.5},&quot;id&quot;:5853}],&quot;gallery_block_style&quot;:0,&quot;gallery_block_title&quot;:&quot;&quot;,&quot;gallery_block_description&quot;:&quot;&quot;,&quot;gallery_block_focus_points&quot;:&quot;&quot;,&quot;images&quot;:[{&quot;image_src&quot;:&quot;https:\\\/\\\/www.greenpeace.org\\\/static\\\/planet4-turkey-stateless\\\/2021\\\/05\\\/d8d9d3a8-daisy-gilardini-deadly-fart-w_credit.jpg&quot;,&quot;image_srcset&quot;:&quot;https:\\\/\\\/www.greenpeace.org\\\/static\\\/planet4-turkey-stateless\\\/2021\\\/05\\\/d8d9d3a8-daisy-gilardini-deadly-fart-w_credit.jpg 1200w, https:\\\/\\\/www.greenpeace.org\\\/static\\\/planet4-turkey-stateless\\\/2021\\\/05\\\/d8d9d3a8-daisy-gilardini-deadly-fart-w_credit-300x212.jpg 300w, https:\\\/\\\/www.greenpeace.org\\\/static\\\/planet4-turkey-stateless\\\/2021\\\/05\\\/d8d9d3a8-daisy-gilardini-deadly-fart-w_credit-1024x724.jpg 1024w, https:\\\/\\\/www.greenpeace.org\\\/static\\\/planet4-turkey-stateless\\\/2021\\\/05\\\/d8d9d3a8-daisy-gilardini-deadly-fart-w_credit-768x543.jpg 768w, https:\\\/\\\/www.greenpeace.org\\\/static\\\/planet4-turkey-stateless\\\/2021\\\/05\\\/d8d9d3a8-daisy-gilardini-deadly-fart-w_credit-481x340.jpg 481w&quot;,&quot;image_sizes&quot;:false,&quot;alt_text&quot;:&quot;&quot;,&quot;caption&quot;:&quot;Foto\\u011fraf\\u00e7\\u0131 Daisy Gilardini\\u2019yi Alaska\\u2019da \\u00e7ekti\\u011fi bu m\\u00fckemmel foto\\u011fraf serisine verdi\\u011fi isim i\\u00e7in ayr\\u0131ca kutluyoruz: \\u201c\\u00d6l\\u00fcmc\\u00fcl Osuruk\\u201d&quot;,&quot;focus_image&quot;:&quot;&quot;,&quot;credits&quot;:&quot;&quot;},{&quot;image_src&quot;:&quot;https:\\\/\\\/www.greenpeace.org\\\/static\\\/planet4-turkey-stateless\\\/2021\\\/05\\\/97d27ba5-daisy-gilardini-deadly-fart-no.4.jpg&quot;,&quot;image_srcset&quot;:&quot;https:\\\/\\\/www.greenpeace.org\\\/static\\\/planet4-turkey-stateless\\\/2021\\\/05\\\/97d27ba5-daisy-gilardini-deadly-fart-no.4.jpg 1200w, https:\\\/\\\/www.greenpeace.org\\\/static\\\/planet4-turkey-stateless\\\/2021\\\/05\\\/97d27ba5-daisy-gilardini-deadly-fart-no.4-300x200.jpg 300w, https:\\\/\\\/www.greenpeace.org\\\/static\\\/planet4-turkey-stateless\\\/2021\\\/05\\\/97d27ba5-daisy-gilardini-deadly-fart-no.4-1024x683.jpg 1024w, https:\\\/\\\/www.greenpeace.org\\\/static\\\/planet4-turkey-stateless\\\/2021\\\/05\\\/97d27ba5-daisy-gilardini-deadly-fart-no.4-768x512.jpg 768w, https:\\\/\\\/www.greenpeace.org\\\/static\\\/planet4-turkey-stateless\\\/2021\\\/05\\\/97d27ba5-daisy-gilardini-deadly-fart-no.4-510x340.jpg 510w&quot;,&quot;image_sizes&quot;:false,&quot;alt_text&quot;:&quot;&quot;,&quot;caption&quot;:&quot;Foto\\u011fraf\\u00e7\\u0131 Daisy Gilardini\\u2019yi Alaska\\u2019da \\u00e7ekti\\u011fi bu m\\u00fckemmel foto\\u011fraf serisine verdi\\u011fi isim i\\u00e7in ayr\\u0131ca kutluyoruz: \\u201c\\u00d6l\\u00fcmc\\u00fcl Osuruk\\u201d&quot;,&quot;focus_image&quot;:&quot;&quot;,&quot;credits&quot;:&quot;&quot;},{&quot;image_src&quot;:&quot;https:\\\/\\\/www.greenpeace.org\\\/static\\\/planet4-turkey-stateless\\\/2021\\\/05\\\/64627510-daisy-gilardini-deadly-fart-no.3.jpg&quot;,&quot;image_srcset&quot;:&quot;https:\\\/\\\/www.greenpeace.org\\\/static\\\/planet4-turkey-stateless\\\/2021\\\/05\\\/64627510-daisy-gilardini-deadly-fart-no.3.jpg 1200w, https:\\\/\\\/www.greenpeace.org\\\/static\\\/planet4-turkey-stateless\\\/2021\\\/05\\\/64627510-daisy-gilardini-deadly-fart-no.3-300x200.jpg 300w, https:\\\/\\\/www.greenpeace.org\\\/static\\\/planet4-turkey-stateless\\\/2021\\\/05\\\/64627510-daisy-gilardini-deadly-fart-no.3-1024x683.jpg 1024w, https:\\\/\\\/www.greenpeace.org\\\/static\\\/planet4-turkey-stateless\\\/2021\\\/05\\\/64627510-daisy-gilardini-deadly-fart-no.3-768x512.jpg 768w, https:\\\/\\\/www.greenpeace.org\\\/static\\\/planet4-turkey-stateless\\\/2021\\\/05\\\/64627510-daisy-gilardini-deadly-fart-no.3-510x340.jpg 510w&quot;,&quot;image_sizes&quot;:false,&quot;alt_text&quot;:&quot;&quot;,&quot;caption&quot;:&quot;Foto\\u011fraf\\u00e7\\u0131 Daisy Gilardini\\u2019yi Alaska\\u2019da \\u00e7ekti\\u011fi bu m\\u00fckemmel foto\\u011fraf serisine verdi\\u011fi isim i\\u00e7in ayr\\u0131ca kutluyoruz: \\u201c\\u00d6l\\u00fcmc\\u00fcl Osuruk\\u201d&quot;,&quot;focus_image&quot;:&quot;&quot;,&quot;credits&quot;:&quot;&quot;},{&quot;image_src&quot;:&quot;https:\\\/\\\/www.greenpeace.org\\\/static\\\/planet4-turkey-stateless\\\/2021\\\/05\\\/d2ca0e4f-daisy-gilardini-deadly-fart-no.2.jpg&quot;,&quot;image_srcset&quot;:&quot;https:\\\/\\\/www.greenpeace.org\\\/static\\\/planet4-turkey-stateless\\\/2021\\\/05\\\/d2ca0e4f-daisy-gilardini-deadly-fart-no.2.jpg 1200w, https:\\\/\\\/www.greenpeace.org\\\/static\\\/planet4-turkey-stateless\\\/2021\\\/05\\\/d2ca0e4f-daisy-gilardini-deadly-fart-no.2-300x200.jpg 300w, https:\\\/\\\/www.greenpeace.org\\\/static\\\/planet4-turkey-stateless\\\/2021\\\/05\\\/d2ca0e4f-daisy-gilardini-deadly-fart-no.2-1024x683.jpg 1024w, https:\\\/\\\/www.greenpeace.org\\\/static\\\/planet4-turkey-stateless\\\/2021\\\/05\\\/d2ca0e4f-daisy-gilardini-deadly-fart-no.2-768x512.jpg 768w, https:\\\/\\\/www.greenpeace.org\\\/static\\\/planet4-turkey-stateless\\\/2021\\\/05\\\/d2ca0e4f-daisy-gilardini-deadly-fart-no.2-510x340.jpg 510w&quot;,&quot;image_sizes&quot;:false,&quot;alt_text&quot;:&quot;&quot;,&quot;caption&quot;:&quot;Foto\\u011fraf\\u00e7\\u0131 Daisy Gilardini\\u2019yi Alaska\\u2019da \\u00e7ekti\\u011fi bu m\\u00fckemmel foto\\u011fraf serisine verdi\\u011fi isim i\\u00e7in ayr\\u0131ca kutluyoruz: \\u201c\\u00d6l\\u00fcmc\\u00fcl Osuruk\\u201d&quot;,&quot;focus_image&quot;:&quot;&quot;,&quot;credits&quot;:&quot;&quot;},{&quot;image_src&quot;:&quot;https:\\\/\\\/www.greenpeace.org\\\/static\\\/planet4-turkey-stateless\\\/2021\\\/05\\\/ac128dae-daisy-gilardini-deadly-fart-no.1.jpg&quot;,&quot;image_srcset&quot;:&quot;https:\\\/\\\/www.greenpeace.org\\\/static\\\/planet4-turkey-stateless\\\/2021\\\/05\\\/ac128dae-daisy-gilardini-deadly-fart-no.1.jpg 1200w, https:\\\/\\\/www.greenpeace.org\\\/static\\\/planet4-turkey-stateless\\\/2021\\\/05\\\/ac128dae-daisy-gilardini-deadly-fart-no.1-300x200.jpg 300w, https:\\\/\\\/www.greenpeace.org\\\/static\\\/planet4-turkey-stateless\\\/2021\\\/05\\\/ac128dae-daisy-gilardini-deadly-fart-no.1-1024x683.jpg 1024w, https:\\\/\\\/www.greenpeace.org\\\/static\\\/planet4-turkey-stateless\\\/2021\\\/05\\\/ac128dae-daisy-gilardini-deadly-fart-no.1-768x512.jpg 768w, https:\\\/\\\/www.greenpeace.org\\\/static\\\/planet4-turkey-stateless\\\/2021\\\/05\\\/ac128dae-daisy-gilardini-deadly-fart-no.1-510x340.jpg 510w&quot;,&quot;image_sizes&quot;:false,&quot;alt_text&quot;:&quot;&quot;,&quot;caption&quot;:&quot;Foto\\u011fraf\\u00e7\\u0131 Daisy Gilardini\\u2019yi Alaska\\u2019da \\u00e7ekti\\u011fi bu m\\u00fckemmel foto\\u011fraf serisine verdi\\u011fi isim i\\u00e7in ayr\\u0131ca kutluyoruz: \\u201c\\u00d6l\\u00fcmc\\u00fcl Osuruk\\u201d&quot;,&quot;focus_image&quot;:&quot;&quot;,&quot;credits&quot;:&quot;&quot;}]}}\"><\/div>\n<h3 class=\"wp-block-heading\"><strong><strong>Spektrum Foto\u011fraf U\u00e7an Canl\u0131lar Kategorisi \u00d6d\u00fcl\u00fc<\/strong><\/strong><\/h3>\n\n<figure class=\"wp-block-image size-large\"><img loading=\"lazy\" decoding=\"async\" width=\"768\" height=\"1024\" src=\"https:\/\/www.greenpeace.org\/static\/planet4-turkey-stateless\/2021\/05\/8dcc240d-tim-hearn_hide-and-seek_00005045-768x1024.jpg\" alt=\"\" class=\"wp-image-5855\" srcset=\"https:\/\/www.greenpeace.org\/static\/planet4-turkey-stateless\/2021\/05\/8dcc240d-tim-hearn_hide-and-seek_00005045-768x1024.jpg 768w, https:\/\/www.greenpeace.org\/static\/planet4-turkey-stateless\/2021\/05\/8dcc240d-tim-hearn_hide-and-seek_00005045-225x300.jpg 225w, https:\/\/www.greenpeace.org\/static\/planet4-turkey-stateless\/2021\/05\/8dcc240d-tim-hearn_hide-and-seek_00005045-1152x1536.jpg 1152w, https:\/\/www.greenpeace.org\/static\/planet4-turkey-stateless\/2021\/05\/8dcc240d-tim-hearn_hide-and-seek_00005045-1025x1366.jpg 1025w, https:\/\/www.greenpeace.org\/static\/planet4-turkey-stateless\/2021\/05\/8dcc240d-tim-hearn_hide-and-seek_00005045-255x340.jpg 255w, https:\/\/www.greenpeace.org\/static\/planet4-turkey-stateless\/2021\/05\/8dcc240d-tim-hearn_hide-and-seek_00005045.jpg 1200w\" sizes=\"auto, (max-width: 768px) 100vw, 768px\" \/><figcaption><em>Tim Hearn bu foto\u011fraf\u0131na \u201cSaklamba\u00e7\u201d ismini vermi\u015f. \u00c7\u00fcnk\u00fc bu k\u0131zb\u00f6ce\u011fi, foto\u011fraf\u00e7\u0131y\u0131 g\u00f6r\u00fcr g\u00f6rmez dal\u0131n arkas\u0131na saklanm\u0131\u015f. B\u00f6cek mi? Ne b\u00f6ce\u011fi? Biz b\u00f6cek falan g\u00f6rm\u00fcyoruz.<\/em><\/figcaption><\/figure>\n\n<h3 class=\"wp-block-heading\"><strong><strong>Think Tank Foto\u011fraf K\u00fc\u00e7\u00fckler Kategorisi \u00d6d\u00fcl\u00fc<\/strong><\/strong><\/h3>\n\n<figure class=\"wp-block-image size-large\"><img loading=\"lazy\" decoding=\"async\" width=\"683\" height=\"1024\" src=\"https:\/\/www.greenpeace.org\/static\/planet4-turkey-stateless\/2021\/05\/3984d553-olin-rogers_ive-got-you-this-time_00007258-683x1024.jpg\" alt=\"\" class=\"wp-image-5857\" srcset=\"https:\/\/www.greenpeace.org\/static\/planet4-turkey-stateless\/2021\/05\/3984d553-olin-rogers_ive-got-you-this-time_00007258-683x1024.jpg 683w, https:\/\/www.greenpeace.org\/static\/planet4-turkey-stateless\/2021\/05\/3984d553-olin-rogers_ive-got-you-this-time_00007258-200x300.jpg 200w, https:\/\/www.greenpeace.org\/static\/planet4-turkey-stateless\/2021\/05\/3984d553-olin-rogers_ive-got-you-this-time_00007258-768x1152.jpg 768w, https:\/\/www.greenpeace.org\/static\/planet4-turkey-stateless\/2021\/05\/3984d553-olin-rogers_ive-got-you-this-time_00007258-1024x1536.jpg 1024w, https:\/\/www.greenpeace.org\/static\/planet4-turkey-stateless\/2021\/05\/3984d553-olin-rogers_ive-got-you-this-time_00007258-911x1366.jpg 911w, https:\/\/www.greenpeace.org\/static\/planet4-turkey-stateless\/2021\/05\/3984d553-olin-rogers_ive-got-you-this-time_00007258-227x340.jpg 227w, https:\/\/www.greenpeace.org\/static\/planet4-turkey-stateless\/2021\/05\/3984d553-olin-rogers_ive-got-you-this-time_00007258.jpg 1200w\" sizes=\"auto, (max-width: 683px) 100vw, 683px\" \/><figcaption><em>Olin Rogers, Zimbabwe\u2019de \u00e7ekti\u011fi bu foto\u011fraf\u0131n ad\u0131n\u0131 \u201c\u0130\u015fte \u015fimdi yakalad\u0131m seni!\u201d koymu\u015f.<\/em><\/figcaption><\/figure>\n\n<h2 class=\"wp-block-heading\"><strong>VEEE\u2026 \u0130\u015fte kazanan!<\/strong><\/h2>\n\n<h3 class=\"wp-block-heading\"><strong>Su Alt\u0131 Canl\u0131lar\u0131 Kategorisi \u00d6d\u00fcl\u00fc<\/strong><\/h3>\n\n<figure class=\"wp-block-image size-large\"><img loading=\"lazy\" decoding=\"async\" width=\"752\" height=\"1024\" src=\"https:\/\/www.greenpeace.org\/static\/planet4-turkey-stateless\/2021\/05\/c31a94c7-mark-fitzpatrick-terry-the-turtle-752x1024.jpg\" alt=\"\" class=\"wp-image-5858\" srcset=\"https:\/\/www.greenpeace.org\/static\/planet4-turkey-stateless\/2021\/05\/c31a94c7-mark-fitzpatrick-terry-the-turtle-752x1024.jpg 752w, https:\/\/www.greenpeace.org\/static\/planet4-turkey-stateless\/2021\/05\/c31a94c7-mark-fitzpatrick-terry-the-turtle-220x300.jpg 220w, https:\/\/www.greenpeace.org\/static\/planet4-turkey-stateless\/2021\/05\/c31a94c7-mark-fitzpatrick-terry-the-turtle-768x1046.jpg 768w, https:\/\/www.greenpeace.org\/static\/planet4-turkey-stateless\/2021\/05\/c31a94c7-mark-fitzpatrick-terry-the-turtle-1127x1536.jpg 1127w, https:\/\/www.greenpeace.org\/static\/planet4-turkey-stateless\/2021\/05\/c31a94c7-mark-fitzpatrick-terry-the-turtle-1003x1366.jpg 1003w, https:\/\/www.greenpeace.org\/static\/planet4-turkey-stateless\/2021\/05\/c31a94c7-mark-fitzpatrick-terry-the-turtle-250x340.jpg 250w, https:\/\/www.greenpeace.org\/static\/planet4-turkey-stateless\/2021\/05\/c31a94c7-mark-fitzpatrick-terry-the-turtle.jpg 1200w\" sizes=\"auto, (max-width: 752px) 100vw, 752px\" \/><figcaption><em>Mark Fitzpatrick, \u201cKaplumba\u011fa Terry\u201d ile Avusturalya\u2019n\u0131n B\u00fcy\u00fck Set Resifi\u2019nde kar\u015f\u0131la\u015ft\u0131\u011f\u0131nda ne hissetti bilmiyoruz ama kaplumba\u011fa kendini net bi\u00e7imde ifade etmi\u015f.<\/em><\/figcaption><\/figure>\n\n<h2 class=\"wp-block-heading\"><em>BONUS:<\/em><\/h2>\n\n<h3 class=\"wp-block-heading\"><strong>\u00d6vg\u00fcye De\u011fer Foto\u011fraflar Kategorisi \u00d6d\u00fcl\u00fc<\/strong><\/h3>\n\n<figure class=\"wp-block-image size-large\"><img loading=\"lazy\" decoding=\"async\" width=\"1024\" height=\"683\" src=\"https:\/\/www.greenpeace.org\/static\/planet4-turkey-stateless\/2021\/05\/a49f2488-arthur-telle-thiemann_smiley_00000091-1024x683.jpg\" alt=\"\" class=\"wp-image-5860\" srcset=\"https:\/\/www.greenpeace.org\/static\/planet4-turkey-stateless\/2021\/05\/a49f2488-arthur-telle-thiemann_smiley_00000091-1024x683.jpg 1024w, https:\/\/www.greenpeace.org\/static\/planet4-turkey-stateless\/2021\/05\/a49f2488-arthur-telle-thiemann_smiley_00000091-300x200.jpg 300w, https:\/\/www.greenpeace.org\/static\/planet4-turkey-stateless\/2021\/05\/a49f2488-arthur-telle-thiemann_smiley_00000091-768x512.jpg 768w, https:\/\/www.greenpeace.org\/static\/planet4-turkey-stateless\/2021\/05\/a49f2488-arthur-telle-thiemann_smiley_00000091-510x340.jpg 510w, https:\/\/www.greenpeace.org\/static\/planet4-turkey-stateless\/2021\/05\/a49f2488-arthur-telle-thiemann_smiley_00000091.jpg 1200w\" sizes=\"auto, (max-width: 1024px) 100vw, 1024px\" \/><figcaption><em>Arthur Telle Thiemenn, \u201cSmiley\u201d ad\u0131n\u0131 koydu\u011fu bu foto\u011fraf\u0131 Kanarya Adalar\u0131\u2019nda \u00e7ekmi\u015f. G\u00fcl\u00fcmseyen papa\u011fan bal\u0131\u011f\u0131n\u0131 g\u00f6r de biraz kibarl\u0131k \u00f6\u011fren Kaplumba\u011fa Terry!<\/em>  \ud83d\ude0a<\/figcaption><\/figure>\n\n<h3 class=\"wp-block-heading\"><strong>Video Kategorisinin kazanan\u0131 ise Dipali Shah olmu\u015f.<\/strong><\/h3>\n\n<figure class=\"wp-block-embed is-type-rich is-provider-embed-handler wp-block-embed-embed-handler\"><div class=\"wp-block-embed__wrapper\">\n<div style=\"width: 640px;\" class=\"wp-video\"><video class=\"wp-video-shortcode\" id=\"video-5840-1\" width=\"640\" height=\"360\" preload=\"metadata\" controls=\"controls\"><source type=\"video\/mp4\" src=\"https:\/\/www.greenpeace.org\/static\/planet4-turkey-stateless\/2021\/05\/ba6a407d-dipali-shah-when-no-one-is-around...mp4?_=1\" \/><a href=\"https:\/\/www.greenpeace.org\/static\/planet4-turkey-stateless\/2021\/05\/ba6a407d-dipali-shah-when-no-one-is-around...mp4\">https:\/\/www.greenpeace.org\/static\/planet4-turkey-stateless\/2021\/05\/ba6a407d-dipali-shah-when-no-one-is-around...mp4<\/a><\/video><\/div>\n<\/div><\/figure>\n\n<p>Mutlulu\u011fumuzun en temel kayna\u011f\u0131 gezegenimizi ve ya\u015fam\u0131 payla\u015ft\u0131\u011f\u0131m\u0131z e\u015fsiz canl\u0131lar\u0131 korumal\u0131y\u0131z. Comedy Wildlife Foto\u011fraf Yar\u0131\u015fmas\u0131 da bunu yap\u0131yor! Ekip, gelirlerinin %10\u2019unu do\u011fay\u0131 ve yaban hayat\u0131 koruma alan\u0131nda \u00e7al\u0131\u015fan sivil toplum kurulu\u015flar\u0131na aktar\u0131yor, fark\u0131ndal\u0131k yarat\u0131yor ve d\u00fcnya \u00e7ap\u0131nda ilham oluyor. 2020\u2019de Orangutanlar\u0131 Koruma Program\u0131na destek olmu\u015flar mesela&#8230; Biliyorsun, k\u00fcresel \u00e7apta \u00e7\u0131lg\u0131nl\u0131k d\u00fczeyine ula\u015fan palm ya\u011f\u0131 t\u00fcketimi nedeniyle orangutanlar\u0131n do\u011fal ya\u015fam alanlar\u0131 tehlikede.&nbsp;<\/p>\n\n<p>Umuyoruz bu e\u011flenceli yar\u0131\u015fma, pozitif yakla\u015f\u0131m\u0131yla k\u00fcresel bir etki yaratmaya devam eder. \u201cDahas\u0131n\u0131 isterim\u201d diyenler ve destek olmak isteyenler i\u00e7in yar\u0131\u015fman\u0131n web adresini buraya b\u0131rak\u0131p, \u00e7\u0131k\u0131yoruz: https:\/\/www.comedywildlifephoto.com\/<\/p>\n\n<figure class=\"wp-block-image size-large\"><a href=\"https:\/\/greenpeace-destek.org\/?utm_source=mainpage&amp;utm_campaign=komikblog\"><img loading=\"lazy\" decoding=\"async\" width=\"1024\" height=\"512\" src=\"https:\/\/www.greenpeace.org\/static\/planet4-turkey-stateless\/2021\/03\/29f85eed-blog-destek-2-1024x512.jpg\" alt=\"\" class=\"wp-image-5688\" srcset=\"https:\/\/www.greenpeace.org\/static\/planet4-turkey-stateless\/2021\/03\/29f85eed-blog-destek-2-1024x512.jpg 1024w, https:\/\/www.greenpeace.org\/static\/planet4-turkey-stateless\/2021\/03\/29f85eed-blog-destek-2-300x150.jpg 300w, https:\/\/www.greenpeace.org\/static\/planet4-turkey-stateless\/2021\/03\/29f85eed-blog-destek-2-768x384.jpg 768w, https:\/\/www.greenpeace.org\/static\/planet4-turkey-stateless\/2021\/03\/29f85eed-blog-destek-2-510x255.jpg 510w, https:\/\/www.greenpeace.org\/static\/planet4-turkey-stateless\/2021\/03\/29f85eed-blog-destek-2.jpg 1200w\" sizes=\"auto, (max-width: 1024px) 100vw, 1024px\" \/><\/a><\/figure>\n\n<p><\/p>\n","protected":false},"excerpt":{"rendered":"<p>\u0130\u015fte \u201c2020\u2019de y\u00fcz\u00fcm\u00fcz g\u00fclmedi\u201d diyenlere ne\u015fe verecek \u00f6d\u00fcll\u00fc foto\u011fraflar. <\/p>\n","protected":false},"author":39,"featured_media":5842,"comment_status":"closed","ping_status":"open","sticky":false,"template":"","format":"standard","meta":{"ep_exclude_from_search":false,"p4_og_title":"YE\u015e\u0130L BLOG | Yaban Hayat\u0131n Komik Y\u00fczlerine Bak\u0131n","p4_og_description":"","p4_og_image":"https:\/\/www.greenpeace.org\/static\/planet4-turkey-stateless\/2021\/05\/fd92e7ad-komik-yaban-hayati-fotolari-kapak.jpg","p4_og_image_id":"5866","p4_seo_canonical_url":"","p4_campaign_name":"not set","p4_local_project":"not set","p4_basket_name":"not set","p4_department":"","footnotes":""},"categories":[1],"tags":[46],"p4-page-type":[29],"class_list":["post-5840","post","type-post","status-publish","format-standard","has-post-thumbnail","hentry","category-uncategorized","tag-yesil-blog","p4-page-type-blog"],"_links":{"self":[{"href":"https:\/\/www.greenpeace.org\/turkey\/wp-json\/wp\/v2\/posts\/5840","targetHints":{"allow":["GET"]}}],"collection":[{"href":"https:\/\/www.greenpeace.org\/turkey\/wp-json\/wp\/v2\/posts"}],"about":[{"href":"https:\/\/www.greenpeace.org\/turkey\/wp-json\/wp\/v2\/types\/post"}],"author":[{"embeddable":true,"href":"https:\/\/www.greenpeace.org\/turkey\/wp-json\/wp\/v2\/users\/39"}],"replies":[{"embeddable":true,"href":"https:\/\/www.greenpeace.org\/turkey\/wp-json\/wp\/v2\/comments?post=5840"}],"version-history":[{"count":16,"href":"https:\/\/www.greenpeace.org\/turkey\/wp-json\/wp\/v2\/posts\/5840\/revisions"}],"predecessor-version":[{"id":6757,"href":"https:\/\/www.greenpeace.org\/turkey\/wp-json\/wp\/v2\/posts\/5840\/revisions\/6757"}],"wp:featuredmedia":[{"embeddable":true,"href":"https:\/\/www.greenpeace.org\/turkey\/wp-json\/wp\/v2\/media\/5842"}],"wp:attachment":[{"href":"https:\/\/www.greenpeace.org\/turkey\/wp-json\/wp\/v2\/media?parent=5840"}],"wp:term":[{"taxonomy":"category","embeddable":true,"href":"https:\/\/www.greenpeace.org\/turkey\/wp-json\/wp\/v2\/categories?post=5840"},{"taxonomy":"post_tag","embeddable":true,"href":"https:\/\/www.greenpeace.org\/turkey\/wp-json\/wp\/v2\/tags?post=5840"},{"taxonomy":"p4-page-type","embeddable":true,"href":"https:\/\/www.greenpeace.org\/turkey\/wp-json\/wp\/v2\/p4-page-type?post=5840"}],"curies":[{"name":"wp","href":"https:\/\/api.w.org\/{rel}","templated":true}]}}