{"id":5895,"date":"2021-04-30T11:18:00","date_gmt":"2021-04-30T08:18:00","guid":{"rendered":"https:\/\/www.greenpeace.org\/turkey\/?p=5895"},"modified":"2021-05-05T16:22:35","modified_gmt":"2021-05-05T13:22:35","slug":"okul-bolgelerinde-hava-kirliligi-sinirin-2-kat-uzerinde","status":"publish","type":"post","link":"https:\/\/www.greenpeace.org\/turkey\/basin-bultenleri\/okul-bolgelerinde-hava-kirliligi-sinirin-2-kat-uzerinde\/","title":{"rendered":"Okul b\u00f6lgelerinde hava kirlili\u011fi s\u0131n\u0131r\u0131n 2 kat \u00fczerinde"},"content":{"rendered":"\n<figure class=\"wp-block-image size-large caption-style-medium caption-alignment-center\"><img loading=\"lazy\" decoding=\"async\" width=\"1024\" height=\"576\" src=\"https:\/\/www.greenpeace.org\/static\/planet4-turkey-stateless\/2020\/04\/f8746d63-havada-kalamasin-blog-3-1024x576.jpg\" alt=\"\" class=\"wp-image-2109\" srcset=\"https:\/\/www.greenpeace.org\/static\/planet4-turkey-stateless\/2020\/04\/f8746d63-havada-kalamasin-blog-3-1024x576.jpg 1024w, https:\/\/www.greenpeace.org\/static\/planet4-turkey-stateless\/2020\/04\/f8746d63-havada-kalamasin-blog-3-300x169.jpg 300w, https:\/\/www.greenpeace.org\/static\/planet4-turkey-stateless\/2020\/04\/f8746d63-havada-kalamasin-blog-3-768x432.jpg 768w, https:\/\/www.greenpeace.org\/static\/planet4-turkey-stateless\/2020\/04\/f8746d63-havada-kalamasin-blog-3-1536x864.jpg 1536w, https:\/\/www.greenpeace.org\/static\/planet4-turkey-stateless\/2020\/04\/f8746d63-havada-kalamasin-blog-3-510x287.jpg 510w, https:\/\/www.greenpeace.org\/static\/planet4-turkey-stateless\/2020\/04\/f8746d63-havada-kalamasin-blog-3.jpg 1920w\" sizes=\"auto, (max-width: 1024px) 100vw, 1024px\" \/><\/figure>\n<p style=\"font-weight: 400;\">Greenpeace Akdeniz&#8217;in <em><strong>\u0130stanbul\u2019da 4 farkl\u0131 okul b\u00f6lgesinde<\/strong><\/em> ger\u00e7ekle\u015ftirdi\u011fi hava kalitesi \u00f6l\u00e7\u00fcmlerinin sonu\u00e7lar\u0131, okul b\u00f6lgelerindeki hava kirlili\u011fi boyutlar\u0131n\u0131n \u00e7ocuklar\u0131n sa\u011fl\u0131\u011f\u0131n\u0131 tehdit etti\u011fini ortaya koydu.<\/p>\n<p style=\"font-weight: 400;\">Pandemi nedeniyle \u00e7ocuklar okullar\u0131n\u0131, teneff\u00fcslerde bah\u00e7ede arkada\u015flar\u0131 ile mesafesiz maskesiz oynamay\u0131, ko\u015fmay\u0131 \u00f6zlediler. Ne var ki pandemi bir g\u00fcn sona erse bile \u0130stanbul\u2019da okul b\u00f6lgelerindeki hava kirlili\u011fi sonu\u00e7lar\u0131 g\u00f6steriyor ki bu konuda h\u0131zla \u00f6nlem al\u0131nmazsa \u00e7ocuklar okul bah\u00e7elerinde maske takmaya devam etmek zorunda kalabilirler.\u00a0\u00a0<\/p>\n<p style=\"font-weight: 400;\">\u015eubat-Mart 2020 d\u00f6neminde; <em><strong>\u0130stanbul\u2019da Alibeyk\u00f6y, Ata\u015fehir, Esenyurt ve \u00dcmraniye\u2019de <\/strong><\/em>7 okulu kapsayacak \u015fekilde ger\u00e7ekle\u015ftirilen \u00f6l\u00e7\u00fcmlerde havay\u0131 kirleten maddelerin ba\u015f\u0131nda gelen, bir sa\u00e7 telinin 30\u2019da biri kadar olan, g\u00f6zle g\u00f6r\u00fclemeyen Partik\u00fcl Madde (PM) 2.5\u2019un s\u0131n\u0131r de\u011ferlerin kat ve kat \u00fczerinde oldu\u011fu g\u00f6r\u00fcld\u00fc. \u0130\u015fte dikkat \u00e7eken \u00f6l\u00e7\u00fcm sonu\u00e7lar\u0131;<\/p>\n<ul style=\"font-weight: 400;\">\n<li><em><b>Ata\u015fehir\u2019de 30 g\u00fcnl\u00fck \u00f6l\u00e7\u00fcm\u00fcn 27\u2019sinde D\u00fcnya Sa\u011fl\u0131k \u00d6rg\u00fct\u00fc\u2019n\u00fcn (DS\u00d6) belirledi\u011fi g\u00fcnl\u00fck limit de\u011fer a\u015f\u0131ld\u0131.<\/b><\/em> Bu b\u00f6lgede g\u00f6zlemlenen en y\u00fcksek Partik\u00fcl Madde (PM) 2.5 yo\u011funlu\u011fu 52,5 mikrogramd\u0131. Bu de\u011fer DS\u00d6\u2019n\u00fcn belirledi\u011fi g\u00fcnl\u00fck limit de\u011ferin iki kat\u0131ndan fazla.\u00a0<\/li>\n<li><em><b>\u00dcmraniye\u2019de de 1 ayl\u0131k \u00f6l\u00e7\u00fcm\u00fcn 23 g\u00fcn\u00fcnde DS\u00d6 taraf\u0131ndan belirlenen g\u00fcnl\u00fck limit de\u011fer a\u015f\u0131ld\u0131.<\/b><\/em> Bu b\u00f6lgede de \u00f6l\u00e7\u00fclen en y\u00fcksek de\u011fer 52 mikrogram ile g\u00fcnl\u00fck limit de\u011ferin iki kat\u0131ndan fazlayd\u0131.\u00a0<\/li>\n<li><em><strong><b>Esenyurt<\/b><\/strong><\/em><em><strong>\u2019ta 30 g\u00fcnl\u00fck \u00f6l\u00e7\u00fcm\u00fcn 20 g\u00fcn\u00fcnde DS\u00d6 limit de\u011ferlerinin a\u015f\u0131ld\u0131\u011f\u0131 g\u00f6r\u00fcld\u00fc.<\/strong><\/em> B\u00f6lgede g\u00f6zlemlenen en y\u00fcksek PM2.5 de\u011feri 48,732 mikrogramla g\u00fcnl\u00fck limit de\u011ferin neredeyse 2 kat\u0131yd\u0131.<\/li>\n<li><em><b>Alibeyk\u00f6y\u2019de 30 g\u00fcn\u00fcn 18\u2019inde DS\u00d6&#8217;n\u00fcn belirledi\u011fi g\u00fcnl\u00fck limit de\u011fer a\u015f\u0131ld\u0131.<\/b><\/em> \u00d6l\u00e7\u00fclen maksimum PM2.5 kirlili\u011fi 45,832 mikrogramla neredeyse g\u00fcnl\u00fck limit de\u011ferin iki kat\u0131yd\u0131.\u00a0<\/li>\n<\/ul>\n<p style=\"font-weight: 400;\"><em><strong>Greenpeace Akdeniz \u0130klim ve Enerji Proje Sorumlusu G\u00f6khan Ersoy<\/strong><\/em> \u00f6l\u00e7\u00fcm sonu\u00e7lar\u0131na dair \u015funlar\u0131 s\u00f6yledi;\u00a0<\/p>\n<p style=\"font-weight: 400;\">\u201cOkul yolunda, parkta ya da i\u015fe giderken, ald\u0131\u011f\u0131n\u0131z her nefeste, siz hi\u00e7 farketmeden g\u00f6r\u00fcnmez bir tehlike olan PM2.5 sessiz sakin ya\u015fam\u0131n\u0131zdan y\u0131llar\u0131n\u0131z\u0131 \u00e7al\u0131yor. \u00c7ocuk ya\u015fta d\u00fczenli olarak hava kirlili\u011fine maruz kald\u0131\u011f\u0131n\u0131zda, ilerleyen y\u0131llarda olumsuz etkilerini tecr\u00fcbe etmeniz ka\u00e7\u0131n\u0131lmaz bir son. \u00c7\u00fcnk\u00fc <em><strong>\u00e7ocuklar hava kirlili\u011finin etkilerine kar\u015f\u0131 daha k\u0131r\u0131lgand\u0131rlar.<\/strong><\/em> Yap\u0131lan ara\u015ft\u0131rmalara g\u00f6re, yeti\u015fkinlerden daha h\u0131zl\u0131 nefes alan ve metabolik h\u0131zlar\u0131 daha y\u00fcksek olan \u00e7ocuklar\u0131n kilogram ba\u015f\u0131na oksijen t\u00fcketimleri, buna ba\u011fl\u0131 olarak da <em><strong>hava kirleticilerine maruziyetleri daha fazlad\u0131r.<\/strong><\/em>\u00a0 Ella ad\u0131nda 9 ya\u015f\u0131ndaki k\u0131z \u00e7ocu\u011funun, 2013 y\u0131l\u0131nda \u0130ngiltere\u2019de hava kirlili\u011finin neden oldu\u011fu sa\u011fl\u0131k sorunlar\u0131 nedeni ile hayat\u0131n\u0131 kaybetmesi de \u00e7ocuklar i\u00e7in hava kirlili\u011finin nas\u0131l b\u00fcy\u00fck bir risk oldu\u011funu tekrar g\u00f6zler \u00f6n\u00fcne serdi.\u00a0<\/p>\n<p style=\"font-weight: 400;\">Ella\u2019n\u0131n ya\u015fam\u0131na mal olan nedenlerden bir tanesi DS\u00d6\u2019n\u00fcn belirledi\u011fi limitlerin \u00fcst\u00fcnde hava kirlili\u011fine maruz kalmas\u0131yd\u0131. Bizim Alibeyk\u00f6y, Esenyurt, \u00dcmraniye ve Ata\u015fehir\u2019de ger\u00e7ekle\u015ftirdi\u011fimiz PM2.5 \u00f6l\u00e7\u00fcmleri ayn\u0131 <em><strong>tehditin \u0130stanbul\u2019daki \u00e7ocuklar i\u00e7in de olduk\u00e7a y\u00fcksek oldu\u011funu g\u00f6steriyor.<\/strong><\/em> \u00c7ocuklar\u0131m\u0131z okullar\u0131na d\u00f6nd\u00fc\u011f\u00fcnde g\u00fcvenli bir nefes alabilmeleri ad\u0131na art\u0131k PM2.5\u2019a bir limit de\u011fer belirlemenin ve bu limitlere referansla partik\u00fcl madde kirlili\u011fin y\u00fcksek oldu\u011fu okullar\u0131 koruma b\u00f6lgesi ilan etmenin zaman\u0131 geldi.\u201d\u00a0<\/p>\n<p style=\"font-weight: 400;\">Greenpeace taraf\u0131ndan 2020&#8217;de ger\u00e7ekle\u015ftirilen modellemede, T\u00fcrkiye&#8217;deki PM2.5\u2019un ayn\u0131 zamanda \u00e7ocukluk \u00e7a\u011f\u0131 ast\u0131m\u0131 ile ba\u011flant\u0131l\u0131 oldu\u011funu, fosil yak\u0131t kaynakl\u0131 PM2.5 maruziyetine atfedilebilen tahmini 30 bin acil servis ziyareti ger\u00e7ekle\u015ftirildi\u011fini ortaya koydu. \u00a0<\/p>\n<p style=\"font-weight: 400;\"><b>Ara\u015ft\u0131rmaya dair ek bilgiler;<\/b><\/p>\n<ul style=\"font-weight: 400;\">\n<li>2016-2019 y\u0131llar\u0131 aras\u0131nda \u00f6l\u00e7\u00fclen ve Avrupa \u00c7evre Ajans\u0131&#8217;na rapor edilen y\u0131ll\u0131k ortalama PM2.5 konsantrasyonlar\u0131 \u0130stanbul&#8217;daki \u00f6l\u00e7\u00fcm b\u00f6lgelerinde 10,2 ile 32,0 \u00b5g\/m-3 aras\u0131nda de\u011fi\u015fiklik g\u00f6stermi\u015ftir. Pek \u00e7ok \u00f6l\u00e7\u00fcm b\u00f6lgesinde, \u00f6l\u00e7\u00fclen y\u0131ll\u0131k ortalama konsantrasyonlar DS\u00d6 k\u0131lavuz de\u011ferinin iki kat\u0131ndan fazla olup, \u00f6l\u00e7\u00fclen en d\u00fc\u015f\u00fck y\u0131ll\u0131k ortalama konsantrasyonun bile 2020&#8217;de DS\u00d6 k\u0131lavuz de\u011ferini a\u015ft\u0131\u011f\u0131 g\u00f6r\u00fclm\u00fc\u015ft\u00fcr (Bkz. Raporda Tablo 2).<\/li>\n<li>Hava kirlili\u011fi modelleme \u00e7al\u0131\u015fmas\u0131, T\u00fcrkiye&#8217;de k\u00f6m\u00fcrl\u00fc termik santrallerin PM2.5 konsantrasyonlar\u0131na katk\u0131s\u0131n\u0131 de\u011ferlendirmi\u015ftir. Bu \u00e7al\u0131\u015fmada \u0130stanbul\u2019un PM2.5 konsantrasyonlar\u0131n\u0131n b\u00fcy\u00fck \u00f6l\u00e7\u00fcde k\u00f6m\u00fcrl\u00fc termik santrallerden etkilendi\u011fi sonucuna var\u0131lm\u0131\u015ft\u0131r (Bkz. Raporda \u015eekil 3) .<\/li>\n<li>Bir modelleme \u00e7al\u0131\u015fmas\u0131, T\u00fcrkiye&#8217;deki 33.000 erken \u00f6l\u00fcm\u00fcn 2015 y\u0131l\u0131ndaki hava kirlili\u011fine atfedilebilece\u011fi, bu \u00f6l\u00fcmlerin 26.000&#8217;nin do\u011frudan fosil yak\u0131t emisyonlar\u0131yla ba\u011flant\u0131l\u0131 olabilece\u011fi tahmininde bulunmu\u015ftur. Mevcut tahminler, \u00f6nlem al\u0131nmad\u0131\u011f\u0131 takdirde bu rakamlar\u0131n artaca\u011f\u0131n\u0131 g\u00f6stermektedir<\/li>\n<li>Greenpeace taraf\u0131ndan 2020&#8217;de ger\u00e7ekle\u015ftirilen modellemede, sadece 2018&#8217;de yakla\u015f\u0131k 40.000 erken \u00f6l\u00fcm\u00fcn T\u00fcrkiye&#8217;deki fosil yak\u0131t hava kirlili\u011fine atfedilebilece\u011fi tahmininde bulunmu\u015ftur.<\/li>\n<li>Bu erken \u00f6l\u00fcmlerin 27.000&#8217;i PM2.5 kirlili\u011fi ile ba\u011flant\u0131l\u0131yd\u0131. \u00d6l\u00fcmler di\u011fer nedenlerin yan\u0131 s\u0131ra Kronik Obstr\u00fcktif Akci\u011fer Bozuklu\u011fu (KOAH), diyabet, iskemik kalp hastal\u0131\u011f\u0131, akci\u011fer kanseri, fel\u00e7 ve alt solunum yolu enfeksiyonlar\u0131 gibi hastal\u0131klarla ili\u015fkiliydi.<\/li>\n<\/ul>\n<p>Raporun tamam\u0131na bu<a class=\"pdf-link\" href=\"https:\/\/www.greenpeace.org\/static\/planet4-turkey-stateless\/2021\/04\/be0661a7-okul-bolgeleri-hava-kirliligi-raporu-greenpeace-2021.pdf\" target=\"_blank\" rel=\"noreferrer noopener\">\u00a0ba\u011flant\u0131dan<\/a>\u00a0ula\u015fabilirsiniz.<\/p>\n<p style=\"font-weight: 400;\"><b style=\"font-size: inherit;\">Detayl\u0131 bilgi i\u00e7in;<\/b><\/p>\n<p style=\"font-weight: 400;\">Burcu \u00dcnal Kurban, <b><i>Greenpeace Akdeniz \u0130leti\u015fim Sorumlusu<\/i><\/b>, <a href=\"mailto:bunal@greenpeace.org\">bunal@greenpeace.org<\/a><\/p>\n","protected":false},"excerpt":{"rendered":"<p>Greenpeace Akdeniz&#8217;in \u0130stanbul\u2019da 4 farkl\u0131 okul b\u00f6lgesinde ger\u00e7ekle\u015ftirdi\u011fi hava kalitesi \u00f6l\u00e7\u00fcmlerinin sonu\u00e7lar\u0131, okul b\u00f6lgelerindeki hava kirlili\u011fi boyutlar\u0131n\u0131n \u00e7ocuklar\u0131n sa\u011fl\u0131\u011f\u0131n\u0131 tehdit etti\u011fini ortaya koydu.<\/p>\n","protected":false},"author":26,"featured_media":1979,"comment_status":"closed","ping_status":"open","sticky":false,"template":"","format":"standard","meta":{"ep_exclude_from_search":false,"p4_og_title":"","p4_og_description":"","p4_og_image":"https:\/\/www.greenpeace.org\/static\/planet4-turkey-stateless\/2020\/04\/f8746d63-havada-kalamasin-blog-3.jpg","p4_og_image_id":"2109","p4_seo_canonical_url":"","p4_campaign_name":"not set","p4_local_project":"not set","p4_basket_name":"not set","p4_department":"","footnotes":""},"categories":[2],"tags":[42],"p4-page-type":[14],"class_list":["post-5895","post","type-post","status-publish","format-standard","has-post-thumbnail","hentry","category-enerji","tag-hava-kirliligi","p4-page-type-basin-bultenleri"],"_links":{"self":[{"href":"https:\/\/www.greenpeace.org\/turkey\/wp-json\/wp\/v2\/posts\/5895","targetHints":{"allow":["GET"]}}],"collection":[{"href":"https:\/\/www.greenpeace.org\/turkey\/wp-json\/wp\/v2\/posts"}],"about":[{"href":"https:\/\/www.greenpeace.org\/turkey\/wp-json\/wp\/v2\/types\/post"}],"author":[{"embeddable":true,"href":"https:\/\/www.greenpeace.org\/turkey\/wp-json\/wp\/v2\/users\/26"}],"replies":[{"embeddable":true,"href":"https:\/\/www.greenpeace.org\/turkey\/wp-json\/wp\/v2\/comments?post=5895"}],"version-history":[{"count":1,"href":"https:\/\/www.greenpeace.org\/turkey\/wp-json\/wp\/v2\/posts\/5895\/revisions"}],"predecessor-version":[{"id":5896,"href":"https:\/\/www.greenpeace.org\/turkey\/wp-json\/wp\/v2\/posts\/5895\/revisions\/5896"}],"wp:featuredmedia":[{"embeddable":true,"href":"https:\/\/www.greenpeace.org\/turkey\/wp-json\/wp\/v2\/media\/1979"}],"wp:attachment":[{"href":"https:\/\/www.greenpeace.org\/turkey\/wp-json\/wp\/v2\/media?parent=5895"}],"wp:term":[{"taxonomy":"category","embeddable":true,"href":"https:\/\/www.greenpeace.org\/turkey\/wp-json\/wp\/v2\/categories?post=5895"},{"taxonomy":"post_tag","embeddable":true,"href":"https:\/\/www.greenpeace.org\/turkey\/wp-json\/wp\/v2\/tags?post=5895"},{"taxonomy":"p4-page-type","embeddable":true,"href":"https:\/\/www.greenpeace.org\/turkey\/wp-json\/wp\/v2\/p4-page-type?post=5895"}],"curies":[{"name":"wp","href":"https:\/\/api.w.org\/{rel}","templated":true}]}}