{"id":5899,"date":"2021-05-04T11:00:00","date_gmt":"2021-05-04T08:00:00","guid":{"rendered":"https:\/\/www.greenpeace.org\/turkey\/?p=5899"},"modified":"2021-05-05T16:31:27","modified_gmt":"2021-05-05T13:31:27","slug":"cocukluk-cagi-astimina-karsi-pm2-5-ile-mucadele-sart","status":"publish","type":"post","link":"https:\/\/www.greenpeace.org\/turkey\/basin-bultenleri\/cocukluk-cagi-astimina-karsi-pm2-5-ile-mucadele-sart\/","title":{"rendered":"\u00c7ocukluk \u00e7a\u011f\u0131 ast\u0131m\u0131na kar\u015f\u0131 PM2.5 ile m\u00fccadele \u015fart"},"content":{"rendered":"\n<p><b>K\u00f6m\u00fcrl\u00fc termik santraller t\u00fcm T\u00fcrkiye\u2019ye zehir yay\u0131yor<\/b><\/p>\n\n<p><em><strong>Greenpeace Akdeniz\u2019in<\/strong><\/em> haz\u0131rlad\u0131\u011f\u0131 hava kirlili\u011fi modellemesi, k\u00f6m\u00fcrl\u00fc termik santrallerin sadece bulunduklar\u0131 \u015fehirler i\u00e7in de\u011fil, <em><strong>y\u00fczlerce kilometre \u00f6tedeki \u015fehirler i\u00e7in<\/strong><\/em> de nas\u0131l bir sa\u011fl\u0131k sorunu olu\u015fturdu\u011funu ortaya koydu. Modellemeden yola \u00e7\u0131k\u0131larak haz\u0131rlanan sim\u00fclasyon, k\u00f6m\u00fcrl\u00fc termik santrallerden sal\u0131nan partik\u00fcl maddelerin <em><strong>t\u00fcm T\u00fcrkiye\u2019ye yay\u0131ld\u0131\u011f\u0131n\u0131 g\u00f6zler \u00f6n\u00fcne serdi.<\/strong><\/em>&nbsp;<\/p>\n\n<figure class=\"wp-block-embed is-type-rich is-provider-embed-handler wp-block-embed-embed-handler\"><div class=\"wp-block-embed__wrapper\">\n<div style=\"width: 640px;\" class=\"wp-video\"><video class=\"wp-video-shortcode\" id=\"video-5899-1\" width=\"640\" height=\"360\" preload=\"metadata\" controls=\"controls\"><source type=\"video\/mp4\" src=\"https:\/\/www.greenpeace.org\/static\/planet4-turkey-stateless\/2021\/05\/d25645c6-greenpeace-hava-kirliligi-modellemesi.mp4?_=1\" \/><a href=\"https:\/\/www.greenpeace.org\/static\/planet4-turkey-stateless\/2021\/05\/d25645c6-greenpeace-hava-kirliligi-modellemesi.mp4\">https:\/\/www.greenpeace.org\/static\/planet4-turkey-stateless\/2021\/05\/d25645c6-greenpeace-hava-kirliligi-modellemesi.mp4<\/a><\/video><\/div>\n<\/div><\/figure>\n\n<p>Modellemede, Sa\u011fl\u0131k ve \u00c7evre Birli\u011fi\u2019nin (HEAL) haz\u0131rlad\u0131\u011f\u0131 \u201cT\u00fcrkiye\u2019de Kronik K\u00f6m\u00fcr Kirlili\u011fi\u201d raporunda yer alan 100 MW ve \u00fczeri kurulu g\u00fcce sahip 28 k\u00f6m\u00fcrl\u00fc termik santralin neden oldu\u011fu Partik\u00fcl Madde (PM) 2.5 kirlilik da\u011f\u0131l\u0131m\u0131 incelendi. D\u00fcnya Sa\u011fl\u0131k \u00d6rg\u00fct\u00fc (DS\u00d6) taraf\u0131ndan kanserojen bir madde olarak tan\u0131mlanan PM2.5\u2019un, Greenpeace taraf\u0131ndan 2020&#8217;de ger\u00e7ekle\u015ftirilen bir modellemede, <em><strong>T\u00fcrkiye&#8217;deki \u00e7ocukluk \u00e7a\u011f\u0131 ast\u0131m\u0131 ile ba\u011flant\u0131l\u0131 oldu\u011fu<\/strong><\/em> ortaya konulmu\u015ftu. \u00d6zellikle k\u00f6m\u00fcrl\u00fc termik santraller, PM2.5 kaynaklar\u0131n\u0131n ba\u015f\u0131nda geliyor. DS\u00d6\u2019n\u00fcn haz\u0131rlad\u0131\u011f\u0131 rehberler, partik\u00fcl maddelerin boyutlar\u0131na g\u00f6re g\u00fcnlerce havada as\u0131l\u0131 kalabilece\u011fini ve hava ko\u015fullar\u0131na ba\u011fl\u0131 olarak binlerce kilometre mesafe katedebilece\u011fini g\u00f6steriyor. \u00c7in\u2019de 2015 y\u0131l\u0131nda yap\u0131lan bir \u00e7al\u0131\u015fma, PM2.5\u2019in \u00fclkedeki hava ko\u015fullar\u0131na ba\u011fl\u0131 olarak g\u00f6zlem yap\u0131lan iki g\u00fcn i\u00e7inde 2000 km uza\u011fa ta\u015f\u0131nabilece\u011fini tahmin ediyor.&nbsp;&nbsp;&nbsp;<\/p>\n\n<p>S\u00f6z konusu modelleme, havam\u0131z\u0131 ve sa\u011fl\u0131\u011f\u0131m\u0131z\u0131 korumak i\u00e7in T\u00fcrkiye\u2019nin h\u0131zla k\u00f6m\u00fcrl\u00fc termik santrallerden vazge\u00e7mesinin ve PM2.5 i\u00e7in bir s\u0131n\u0131r de\u011fer belirlenmesinin gereklili\u011fini ortaya koyuyor.&nbsp;<\/p>\n\n<p><br><strong>Edit\u00f6re notlar;<\/strong><\/p>\n\n<p>Modellemeden yola \u00e7\u0131k\u0131larak haz\u0131rlanan&nbsp;<em><strong><a href=\"https:\/\/e-activist.com\/%7Bexternal_url~https:\/\/drive.google.com\/drive\/u\/0\/folders\/1uo3v0fxWXXdCgA-Z6nrT3FJsXWPtCthY~7c8aa2e0%7D\" data-id=\"38197\">sim\u00fclasyonu buradan izleyebilirsiniz.<\/a><\/strong><\/em>&nbsp;<\/p>\n\n<p><em><b>Modelleme nas\u0131l ger\u00e7ekle\u015ftirildi?<\/b><\/em><br><em>Uzun Menzilli S\u0131n\u0131rlar \u00d6tesi Hava Kirlili\u011fi S\u00f6zle\u015fmesi (CLRTAP)\u2019\u0131n Avrupa G\u00f6zlemleme Program\u0131 Meteorolojik Sentezleme Merkezi &#8211; Bat\u0131 (EMEP MSC-W) kapsam\u0131nda geli\u015ftirilen Avrupa b\u00f6lgesi atmosferik kimyasal ta\u015f\u0131ma modeli kullan\u0131larak ger\u00e7ekle\u015ftirilmi\u015ftir. Model kodu (s\u00fcr\u00fcm rv4.36, 2020 y\u0131l\u0131 EMEP durum raporlamas\u0131nda kullan\u0131lan versiyonu temel al\u0131r) ve gerekli girdi veri setleri EMEP MSC-W ve Norve\u00e7 Meteoroloji Enstit\u00fcs\u00fc taraf\u0131ndan sa\u011flanm\u0131\u015ft\u0131r.<\/em><\/p>\n\n<p><b style=\"font-size: inherit;\">Detayl\u0131 bilgi i\u00e7in;<\/b><\/p>\n\n<p>Burcu \u00dcnal Kurban, <b><i>Greenpeace Akdeniz \u0130leti\u015fim Sorumlusu<\/i><\/b>, <a href=\"mailto:bunal@greenpeace.org\">bunal@greenpeace.org<\/a><\/p>\n","protected":false},"excerpt":{"rendered":"<p>Greenpeace Akdeniz\u2019in haz\u0131rlad\u0131\u011f\u0131 hava kirlili\u011fi modellemesi, k\u00f6m\u00fcrl\u00fc termik santrallerin sadece bulunduklar\u0131 \u015fehirler i\u00e7in de\u011fil, y\u00fczlerce kilometre \u00f6tedeki \u015fehirler i\u00e7in de nas\u0131l bir sa\u011fl\u0131k sorunu olu\u015fturdu\u011funu ortaya koydu. <\/p>\n","protected":false},"author":26,"featured_media":2109,"comment_status":"closed","ping_status":"open","sticky":false,"template":"","format":"standard","meta":{"ep_exclude_from_search":false,"p4_og_title":"","p4_og_description":"","p4_og_image":"https:\/\/www.greenpeace.org\/static\/planet4-turkey-stateless\/2020\/04\/f8746d63-havada-kalamasin-blog-3.jpg","p4_og_image_id":"2109","p4_seo_canonical_url":"","p4_campaign_name":"not set","p4_local_project":"not set","p4_basket_name":"not set","p4_department":"","footnotes":""},"categories":[2],"tags":[42],"p4-page-type":[14],"class_list":["post-5899","post","type-post","status-publish","format-standard","has-post-thumbnail","hentry","category-enerji","tag-hava-kirliligi","p4-page-type-basin-bultenleri"],"_links":{"self":[{"href":"https:\/\/www.greenpeace.org\/turkey\/wp-json\/wp\/v2\/posts\/5899","targetHints":{"allow":["GET"]}}],"collection":[{"href":"https:\/\/www.greenpeace.org\/turkey\/wp-json\/wp\/v2\/posts"}],"about":[{"href":"https:\/\/www.greenpeace.org\/turkey\/wp-json\/wp\/v2\/types\/post"}],"author":[{"embeddable":true,"href":"https:\/\/www.greenpeace.org\/turkey\/wp-json\/wp\/v2\/users\/26"}],"replies":[{"embeddable":true,"href":"https:\/\/www.greenpeace.org\/turkey\/wp-json\/wp\/v2\/comments?post=5899"}],"version-history":[{"count":4,"href":"https:\/\/www.greenpeace.org\/turkey\/wp-json\/wp\/v2\/posts\/5899\/revisions"}],"predecessor-version":[{"id":5904,"href":"https:\/\/www.greenpeace.org\/turkey\/wp-json\/wp\/v2\/posts\/5899\/revisions\/5904"}],"wp:featuredmedia":[{"embeddable":true,"href":"https:\/\/www.greenpeace.org\/turkey\/wp-json\/wp\/v2\/media\/2109"}],"wp:attachment":[{"href":"https:\/\/www.greenpeace.org\/turkey\/wp-json\/wp\/v2\/media?parent=5899"}],"wp:term":[{"taxonomy":"category","embeddable":true,"href":"https:\/\/www.greenpeace.org\/turkey\/wp-json\/wp\/v2\/categories?post=5899"},{"taxonomy":"post_tag","embeddable":true,"href":"https:\/\/www.greenpeace.org\/turkey\/wp-json\/wp\/v2\/tags?post=5899"},{"taxonomy":"p4-page-type","embeddable":true,"href":"https:\/\/www.greenpeace.org\/turkey\/wp-json\/wp\/v2\/p4-page-type?post=5899"}],"curies":[{"name":"wp","href":"https:\/\/api.w.org\/{rel}","templated":true}]}}