{"id":5994,"date":"2021-06-01T12:08:22","date_gmt":"2021-06-01T09:08:22","guid":{"rendered":"https:\/\/www.greenpeace.org\/turkey\/?p=5994"},"modified":"2021-06-08T13:47:32","modified_gmt":"2021-06-08T10:47:32","slug":"musilaj-veya-diger-adiyla-deniz-salyasi-nedir","status":"publish","type":"post","link":"https:\/\/www.greenpeace.org\/turkey\/haberler\/musilaj-veya-diger-adiyla-deniz-salyasi-nedir\/","title":{"rendered":"M\u00fcsilaj veya di\u011fer ad\u0131yla deniz salyas\u0131 nedir?"},"content":{"rendered":"\n<figure class=\"wp-block-image size-large\"><img loading=\"lazy\" decoding=\"async\" width=\"1024\" height=\"683\" src=\"https:\/\/www.greenpeace.org\/static\/planet4-turkey-stateless\/2021\/06\/fb9c8f45-musilaj-deniz-salyasi-2021-1-1024x683.jpg\" alt=\"\" class=\"wp-image-5995\" srcset=\"https:\/\/www.greenpeace.org\/static\/planet4-turkey-stateless\/2021\/06\/fb9c8f45-musilaj-deniz-salyasi-2021-1-1024x683.jpg 1024w, https:\/\/www.greenpeace.org\/static\/planet4-turkey-stateless\/2021\/06\/fb9c8f45-musilaj-deniz-salyasi-2021-1-300x200.jpg 300w, https:\/\/www.greenpeace.org\/static\/planet4-turkey-stateless\/2021\/06\/fb9c8f45-musilaj-deniz-salyasi-2021-1-768x512.jpg 768w, https:\/\/www.greenpeace.org\/static\/planet4-turkey-stateless\/2021\/06\/fb9c8f45-musilaj-deniz-salyasi-2021-1-1536x1024.jpg 1536w, https:\/\/www.greenpeace.org\/static\/planet4-turkey-stateless\/2021\/06\/fb9c8f45-musilaj-deniz-salyasi-2021-1-510x340.jpg 510w, https:\/\/www.greenpeace.org\/static\/planet4-turkey-stateless\/2021\/06\/fb9c8f45-musilaj-deniz-salyasi-2021-1.jpg 1600w\" sizes=\"auto, (max-width: 1024px) 100vw, 1024px\" \/><\/figure>\n\n<p>Marmara Denizi bir s\u00fcredir alarm veriyor. Al\u0131\u015f\u0131lmad\u0131k miktarda art\u0131\u015f g\u00f6steren m\u00fcsilaj veya di\u011fer ad\u0131yla deniz salyas\u0131 Marmara\u2019dan ba\u015flay\u0131p Ege ve Karadeniz\u2019i de tehdit eden b\u00fcy\u00fck bir soruna d\u00f6n\u00fc\u015fm\u00fc\u015f durumda.<\/p>\n\n<h3 class=\"wp-block-heading\"><strong>Peki nedir bu m\u00fcsilaj?&nbsp;<\/strong><\/h3>\n\n<p>Marmara Denizi gibi kapal\u0131 denizlerde zaman zaman ortaya \u00e7\u0131kan bir salg\u0131.<\/p>\n\n<p>Prof. Mustafa Sar\u0131 BBC\u2019ye verdi\u011fi a\u00e7\u0131klamada bu salg\u0131y\u0131 &#8220;Denizdeki biyolojik \u00fcretimin ba\u015flang\u0131c\u0131n\u0131, ilk basama\u011f\u0131n\u0131 te\u015fkil eden fitoplankton dedi\u011fimiz mikro alglerin, yani mikroskobik bitkiciklerin a\u015f\u0131r\u0131 \u00e7o\u011falmas\u0131 sonucu, ortamda vuku bulan baz\u0131 \u015fartlara tepki olarak b\u0131rakt\u0131klar\u0131 salg\u0131ya m\u00fcsilaj diyoruz&#8221; \u015feklinde a\u00e7\u0131kl\u0131yor.<\/p>\n\n<h3 class=\"wp-block-heading\">M\u00fcsilaj\u0131n sebebi nedir?<\/h3>\n\n<p>Bu olu\u015fumun en b\u00fcy\u00fck sebepleri aras\u0131nda sanayi at\u0131klar\u0131 ve evsel at\u0131klar\u0131n bo\u015falt\u0131m\u0131 g\u00f6steriliyor. M\u00fcsilaj, deniz suyuna giren \u0131\u015f\u0131\u011f\u0131 azalt\u0131yor. Fotosentezin engellenmesi dip canl\u0131lar\u0131n\u0131n \u00f6lmesi olas\u0131l\u0131\u011f\u0131n\u0131 getiriyor. M\u00fcsilaj nedeniyle biyolojik \u00e7e\u015fitlilikteki azalma Marmara Denizi&#8217;nin yan\u0131nda Karadeniz ve Kuzey Ege\u2019yi de olumsuz etkiliyor. \u0130klim krizinin etkisiyle hassasla\u015fan denizlerimiz i\u00e7in acilen yeni \u00e7\u00f6z\u00fcmler \u00fcretmemiz gerekiyor.&nbsp;<\/p>\n\n<h3 class=\"wp-block-heading\">Ne yap\u0131lmal\u0131?<\/h3>\n\n<p>\u00c7evre ve \u015eehircilik Bakanl\u0131\u011f\u0131 belediyelerle birlikte bir eylem plan\u0131 haz\u0131rlama a\u015famas\u0131nda olduklar\u0131n\u0131 a\u00e7\u0131klad\u0131. Bu eylem plan\u0131 i\u00e7erisinde Marmara ve t\u00fcm denizlerimizin sa\u011fl\u0131\u011f\u0131 i\u00e7in acil, kapsaml\u0131 ve gelece\u011fimizi de koruma alt\u0131na alan \u00e7\u00f6z\u00fcmler \u00fcretilmesini istiyoruz. Konuyu takip etmeye devam edece\u011fiz.<\/p>\n\n<figure class=\"wp-block-image size-large\"><img loading=\"lazy\" decoding=\"async\" width=\"1024\" height=\"664\" src=\"https:\/\/www.greenpeace.org\/static\/planet4-turkey-stateless\/2021\/06\/dc633da1-musilaj-deniz-salyasi-2021-2-1024x664.jpg\" alt=\"\" class=\"wp-image-5999\" srcset=\"https:\/\/www.greenpeace.org\/static\/planet4-turkey-stateless\/2021\/06\/dc633da1-musilaj-deniz-salyasi-2021-2-1024x664.jpg 1024w, https:\/\/www.greenpeace.org\/static\/planet4-turkey-stateless\/2021\/06\/dc633da1-musilaj-deniz-salyasi-2021-2-300x195.jpg 300w, https:\/\/www.greenpeace.org\/static\/planet4-turkey-stateless\/2021\/06\/dc633da1-musilaj-deniz-salyasi-2021-2-768x498.jpg 768w, https:\/\/www.greenpeace.org\/static\/planet4-turkey-stateless\/2021\/06\/dc633da1-musilaj-deniz-salyasi-2021-2-1536x996.jpg 1536w, https:\/\/www.greenpeace.org\/static\/planet4-turkey-stateless\/2021\/06\/dc633da1-musilaj-deniz-salyasi-2021-2-510x331.jpg 510w, https:\/\/www.greenpeace.org\/static\/planet4-turkey-stateless\/2021\/06\/dc633da1-musilaj-deniz-salyasi-2021-2.jpg 1600w\" sizes=\"auto, (max-width: 1024px) 100vw, 1024px\" \/><\/figure>\n\n<figure class=\"wp-block-image size-large\"><img loading=\"lazy\" decoding=\"async\" width=\"1024\" height=\"682\" src=\"https:\/\/www.greenpeace.org\/static\/planet4-turkey-stateless\/2021\/06\/2e343c18-musilaj-deniz-salyasi-2021-3-1024x682.jpg\" alt=\"\" class=\"wp-image-6000\" srcset=\"https:\/\/www.greenpeace.org\/static\/planet4-turkey-stateless\/2021\/06\/2e343c18-musilaj-deniz-salyasi-2021-3-1024x682.jpg 1024w, https:\/\/www.greenpeace.org\/static\/planet4-turkey-stateless\/2021\/06\/2e343c18-musilaj-deniz-salyasi-2021-3-300x200.jpg 300w, https:\/\/www.greenpeace.org\/static\/planet4-turkey-stateless\/2021\/06\/2e343c18-musilaj-deniz-salyasi-2021-3-768x511.jpg 768w, https:\/\/www.greenpeace.org\/static\/planet4-turkey-stateless\/2021\/06\/2e343c18-musilaj-deniz-salyasi-2021-3-1536x1022.jpg 1536w, https:\/\/www.greenpeace.org\/static\/planet4-turkey-stateless\/2021\/06\/2e343c18-musilaj-deniz-salyasi-2021-3-510x340.jpg 510w, https:\/\/www.greenpeace.org\/static\/planet4-turkey-stateless\/2021\/06\/2e343c18-musilaj-deniz-salyasi-2021-3.jpg 1600w\" sizes=\"auto, (max-width: 1024px) 100vw, 1024px\" \/><\/figure>\n","protected":false},"excerpt":{"rendered":"<p>Marmara Denizi bir s\u00fcredir alarm veriyor. Al\u0131\u015f\u0131lmad\u0131k miktarda art\u0131\u015f g\u00f6steren m\u00fcsilaj veya di\u011fer ad\u0131yla deniz salyas\u0131 Marmara\u2019dan ba\u015flay\u0131p Ege ve Karadeniz\u2019i de tehdit eden b\u00fcy\u00fck bir soruna d\u00f6n\u00fc\u015fm\u00fc\u015f durumda.<\/p>\n","protected":false},"author":26,"featured_media":5995,"comment_status":"closed","ping_status":"closed","sticky":false,"template":"","format":"standard","meta":{"ep_exclude_from_search":false,"p4_og_title":"","p4_og_description":"","p4_og_image":"https:\/\/www.greenpeace.org\/static\/planet4-turkey-stateless\/2021\/06\/3e855588-musilaj-nedir-kapak.jpg","p4_og_image_id":"5998","p4_seo_canonical_url":"","p4_campaign_name":"not set","p4_local_project":"not set","p4_basket_name":"not set","p4_department":"","footnotes":""},"categories":[3],"tags":[20,25],"p4-page-type":[26],"class_list":["post-5994","post","type-post","status-publish","format-standard","has-post-thumbnail","hentry","category-biyocesitlilik-doga","tag-okyanuslar","tag-iklim-degisikligi","p4-page-type-haberler"],"_links":{"self":[{"href":"https:\/\/www.greenpeace.org\/turkey\/wp-json\/wp\/v2\/posts\/5994","targetHints":{"allow":["GET"]}}],"collection":[{"href":"https:\/\/www.greenpeace.org\/turkey\/wp-json\/wp\/v2\/posts"}],"about":[{"href":"https:\/\/www.greenpeace.org\/turkey\/wp-json\/wp\/v2\/types\/post"}],"author":[{"embeddable":true,"href":"https:\/\/www.greenpeace.org\/turkey\/wp-json\/wp\/v2\/users\/26"}],"replies":[{"embeddable":true,"href":"https:\/\/www.greenpeace.org\/turkey\/wp-json\/wp\/v2\/comments?post=5994"}],"version-history":[{"count":3,"href":"https:\/\/www.greenpeace.org\/turkey\/wp-json\/wp\/v2\/posts\/5994\/revisions"}],"predecessor-version":[{"id":6001,"href":"https:\/\/www.greenpeace.org\/turkey\/wp-json\/wp\/v2\/posts\/5994\/revisions\/6001"}],"wp:featuredmedia":[{"embeddable":true,"href":"https:\/\/www.greenpeace.org\/turkey\/wp-json\/wp\/v2\/media\/5995"}],"wp:attachment":[{"href":"https:\/\/www.greenpeace.org\/turkey\/wp-json\/wp\/v2\/media?parent=5994"}],"wp:term":[{"taxonomy":"category","embeddable":true,"href":"https:\/\/www.greenpeace.org\/turkey\/wp-json\/wp\/v2\/categories?post=5994"},{"taxonomy":"post_tag","embeddable":true,"href":"https:\/\/www.greenpeace.org\/turkey\/wp-json\/wp\/v2\/tags?post=5994"},{"taxonomy":"p4-page-type","embeddable":true,"href":"https:\/\/www.greenpeace.org\/turkey\/wp-json\/wp\/v2\/p4-page-type?post=5994"}],"curies":[{"name":"wp","href":"https:\/\/api.w.org\/{rel}","templated":true}]}}