{"id":6435,"date":"2021-08-05T13:48:53","date_gmt":"2021-08-05T10:48:53","guid":{"rendered":"https:\/\/www.greenpeace.org\/turkey\/?p=6435"},"modified":"2021-08-13T18:13:33","modified_gmt":"2021-08-13T15:13:33","slug":"orman-yanginlarinda-son-durum","status":"publish","type":"post","link":"https:\/\/www.greenpeace.org\/turkey\/haberler\/orman-yanginlarinda-son-durum\/","title":{"rendered":"\ud83d\udd34 Orman Yang\u0131nlar\u0131nda Son Durum"},"content":{"rendered":"\n<hr class=\"wp-block-separator\"\/>\n\n<p><strong><em><span class=\"has-inline-color has-grey-600-color\">11 A\u011fustos &#8211; 07.29 <\/span><\/em><\/strong><\/p>\n\n<p>Mu\u011fla yang\u0131nlar\u0131nda son durum.<\/p>\n\n<figure class=\"wp-block-embed is-type-rich is-provider-twitter wp-block-embed-twitter\"><div class=\"wp-block-embed__wrapper\">\n<blockquote class=\"twitter-tweet\" data-width=\"500\" data-dnt=\"true\"><p lang=\"tr\" dir=\"ltr\">Mu\u011fla Orman Yang\u0131nlar\u0131 Son Durum Raporu <a href=\"https:\/\/t.co\/HWblfz6fFn\">pic.twitter.com\/HWblfz6fFn<\/a><\/p>&mdash; Mu\u011fla B\u00fcy\u00fck\u015fehir Belediyesi (@muglabsb) <a href=\"https:\/\/twitter.com\/muglabsb\/status\/1425157796039958532?ref_src=twsrc%5Etfw\">August 10, 2021<\/a><\/blockquote><script async src=\"https:\/\/platform.twitter.com\/widgets.js\" charset=\"utf-8\"><\/script>\n<\/div><\/figure>\n\n<p><strong><em><span class=\"has-inline-color has-grey-600-color\">11 A\u011fustos &#8211; 01.55&nbsp;<\/span><\/em><\/strong><\/p>\n\n<p>Bodrum yang\u0131n\u0131 kontrol alt\u0131na al\u0131nd\u0131.<\/p>\n\n<figure class=\"wp-block-embed is-type-rich is-provider-twitter wp-block-embed-twitter\"><div class=\"wp-block-embed__wrapper\">\n<blockquote class=\"twitter-tweet\" data-width=\"500\" data-dnt=\"true\"><p lang=\"tr\" dir=\"ltr\">BODRUM YANGINI KONTROL ALTINA ALINDI. <br><br>So\u011futma \u00e7al\u0131\u015fmalar\u0131m\u0131z devam ediyor.<\/p>&mdash; Dr. Bekir Pakdemirli (@bekirpakdemirli) <a href=\"https:\/\/twitter.com\/bekirpakdemirli\/status\/1425208169261899777?ref_src=twsrc%5Etfw\">August 10, 2021<\/a><\/blockquote><script async src=\"https:\/\/platform.twitter.com\/widgets.js\" charset=\"utf-8\"><\/script>\n<\/div><\/figure>\n\n<hr class=\"wp-block-separator\"\/>\n\n<p><em><strong><span class=\"has-inline-color has-grey-600-color\">10 A\u011fustos \/ 17.44<\/span><\/strong><\/em><\/p>\n\n<p>Bodrum Derek\u00f6y ve G\u00fcm\u00fc\u015fl\u00fck b\u00f6lgesinde yang\u0131n giderek b\u00fcy\u00fcyor.<\/p>\n\n<p><em><strong><span class=\"has-inline-color has-grey-600-color\">10 A\u011fustos \/ 16.30<\/span><\/strong><\/em><\/p>\n\n<ul class=\"wp-block-list\"><li>Karakaya-Derek\u00f6y b\u00f6lgesinde meydana gelen yang\u0131na, havadan ve karadan m\u00fcdahale ediliyor.<\/li><li>Ekipler yo\u011fun bir \u015fekilde \u00e7al\u0131\u015f\u0131yor. K\u00f6yce\u011fiz&#8217;de yang\u0131n hala devam ediyor.<\/li><\/ul>\n\n<p><em><strong><span class=\"has-inline-color has-grey-600-color\">10 A\u011fustos \/ 10.00<\/span><\/strong><\/em><\/p>\n\n<p>Mu\u011fla\u2019da devam etmekte olan yang\u0131nlarda son durum.<\/p>\n\n<figure class=\"wp-block-embed is-type-rich is-provider-twitter wp-block-embed-twitter\"><div class=\"wp-block-embed__wrapper\">\n<blockquote class=\"twitter-tweet\" data-width=\"500\" data-dnt=\"true\"><p lang=\"tr\" dir=\"ltr\">Mu\u011fla Orman Yang\u0131nlar\u0131 Son Durum Raporu <a href=\"https:\/\/t.co\/vkYTRf7TaE\">pic.twitter.com\/vkYTRf7TaE<\/a><\/p>&mdash; Mu\u011fla B\u00fcy\u00fck\u015fehir Belediyesi (@muglabsb) <a href=\"https:\/\/twitter.com\/muglabsb\/status\/1424985839281582083?ref_src=twsrc%5Etfw\">August 10, 2021<\/a><\/blockquote><script async src=\"https:\/\/platform.twitter.com\/widgets.js\" charset=\"utf-8\"><\/script>\n<\/div><\/figure>\n\n<hr class=\"wp-block-separator\"\/>\n\n<p><strong><em><span class=\"has-inline-color has-grey-600-color\">9 A\u011fustos \/ 14.04<\/span><\/em><\/strong><\/p>\n\n<p>Tar\u0131m ve Orman Bakan\u0131 Bekir Pakdemirli, Milas ve K\u00f6yce\u011fiz d\u0131\u015f\u0131nda T\u00fcrkiye\u2019deki t\u00fcm orman yang\u0131nlar\u0131n\u0131n kontrol alt\u0131na al\u0131nd\u0131\u011f\u0131n\u0131 a\u00e7\u0131klad\u0131.<\/p>\n\n<figure class=\"wp-block-embed is-type-rich is-provider-twitter wp-block-embed-twitter\"><div class=\"wp-block-embed__wrapper\">\n<blockquote class=\"twitter-tweet\" data-width=\"500\" data-dnt=\"true\"><p lang=\"tr\" dir=\"ltr\">M\u0130LAS ve K\u00d6YCE\u011e\u0130Z YANGINLARI DI\u015eINDA \u00dcLKEM\u0130ZDEK\u0130 T\u00dcM ORMAN YANGINLARI KONTROL ALTINA ALINMI\u015eTIR.<a href=\"https:\/\/twitter.com\/hashtag\/Orman%C4%B1nKahramanlar%C4%B1?src=hash&amp;ref_src=twsrc%5Etfw\">#Orman\u0131nKahramanlar\u0131<\/a> Milas ve K\u00f6yce\u011fiz\u2019de de karadan ve havadan b\u00fcy\u00fck bir \u00f6zveri ile \u00e7al\u0131\u015fmalar\u0131na devam ediyorlar.<\/p>&mdash; Dr. Bekir Pakdemirli (@bekirpakdemirli) <a href=\"https:\/\/twitter.com\/bekirpakdemirli\/status\/1424667918118408194?ref_src=twsrc%5Etfw\">August 9, 2021<\/a><\/blockquote><script async src=\"https:\/\/platform.twitter.com\/widgets.js\" charset=\"utf-8\"><\/script>\n<\/div><\/figure>\n\n<p><span class=\"has-inline-color has-grey-600-color\"><strong><em>9 A\u011fustos<\/em><\/strong> <strong><em>\/ 08.41<\/em><\/strong><\/span><\/p>\n\n<p>Tar\u0131m ve Orman Bakan\u0131 Bekir Pakdemirli, T\u00fcrkiye&#8217;de 30&#8217;dan fazla \u015fehirde \u00e7\u0131kan 240 orman yang\u0131n\u0131ndan 5&#8217;inin devam etti\u011fini s\u00f6yledi. Pakdemirli, yerle\u015fim yerlerini tehdit eden bir yang\u0131n\u0131n olmad\u0131\u011f\u0131n\u0131 kaydetti.<\/p>\n\n<p><span class=\"has-inline-color has-grey-600-color\"><strong><em>8 A\u011fustos<\/em><\/strong> <strong><em>\/ 22.30<\/em><\/strong><\/span><\/p>\n\n<p>Tar\u0131m ve Orman Bakan\u0131 Bekir Pakdemirli, Twitter hesab\u0131 \u00fczerinden 47 ilde \u00e7\u0131kan 240 orman yang\u0131n\u0131n\u0131n 235\u2019inin kontrol alt\u0131na al\u0131nd\u0131\u011f\u0131n\u0131, Mu\u011fla\u2019da devam eden 5 yang\u0131na ise m\u00fcdahalenin devam etti\u011fini a\u00e7\u0131klad\u0131.<\/p>\n\n<figure class=\"wp-block-embed is-type-rich is-provider-twitter wp-block-embed-twitter\"><div class=\"wp-block-embed__wrapper\">\n<blockquote class=\"twitter-tweet\" data-width=\"500\" data-dnt=\"true\"><p lang=\"tr\" dir=\"ltr\">Orman yang\u0131lar\u0131 ile m\u00fccadelemiz 12 g\u00fcnd\u00fcr <a href=\"https:\/\/twitter.com\/hashtag\/Orman%C4%B1nKahramanlar%C4%B1?src=hash&amp;ref_src=twsrc%5Etfw\">#Orman\u0131nKahramanlar\u0131<\/a>\u2019n\u0131n cansiparane \u00e7al\u0131\u015fmalar\u0131 ile devam ediyor. <br><br>47 ilimizde \u00e7\u0131kan 240 orman yang\u0131n\u0131n\u0131n 235\u2019ini kontrol alt\u0131na ald\u0131k ve Mu\u011fla\u2019da devam etmekte olan 5 yang\u0131n\u0131 da kontrol alt\u0131na almak i\u00e7in t\u00fcm g\u00fcc\u00fcm\u00fczle \u00e7al\u0131\u015f\u0131yoruz. <a href=\"https:\/\/t.co\/5TwWYQvlrD\">pic.twitter.com\/5TwWYQvlrD<\/a><\/p>&mdash; Dr. Bekir Pakdemirli (@bekirpakdemirli) <a href=\"https:\/\/twitter.com\/bekirpakdemirli\/status\/1424453792435744771?ref_src=twsrc%5Etfw\">August 8, 2021<\/a><\/blockquote><script async src=\"https:\/\/platform.twitter.com\/widgets.js\" charset=\"utf-8\"><\/script>\n<\/div><\/figure>\n\n<p><span class=\"has-inline-color has-grey-600-color\"><strong><em>8 A\u011fustos<\/em><\/strong> <strong><em>&#8211; SAHADAK\u0130 ARKADA\u015eLARIMIZDAN G\u00dcNCELLEME<\/em><\/strong><\/span><\/p>\n\n<p>7 A\u011fustos sabah\u0131 A\u011fla ve Be\u015ftepe zirvesinden sonra Sazak k\u00f6y\u00fcndeki koordinasyon noktas\u0131na ge\u00e7tik.&nbsp;Sazak k\u00f6y\u00fc tahliye edilmi\u015f ve neredeyse yanm\u0131\u015ft\u0131. K\u00f6ydeki s\u00f6nd\u00fcrme &nbsp;\u00e7al\u0131\u015fmalar\u0131 bitmi\u015f so\u011futma \u00e7al\u0131\u015fmalar\u0131 ba\u015flam\u0131\u015ft\u0131. Kaymakam\u0131n alana gelmesiyle birlikte jandarma yanan alana giri\u015fleri kapad\u0131. Alanda yeterli say\u0131da ki\u015fi oldu\u011funu ihtiya\u00e7 olmas\u0131 halinde yeni ekibi so\u011futma \u00e7al\u0131\u015fmalar\u0131na destek i\u00e7in alacaklar\u0131n\u0131 s\u00f6ylediler.&nbsp;<\/p>\n\n<p>Bir s\u00fcre bekledikten sonra so\u011futma \u00e7al\u0131\u015fmas\u0131 i\u00e7in \u00c7\u00f6venli y\u00f6n\u00fcne do\u011fru zab\u0131ta arac\u0131 ile yola \u00e7\u0131kt\u0131k. So\u011futma \u00e7al\u0131\u015fmalar\u0131 i\u00e7in t\u0131rm\u0131k ihtiyac\u0131 oldu\u011fu haberini ald\u0131k ve zab\u0131ta personeli ile birlikte Sazak k\u00f6y\u00fc Ayyolu mevkiine gittik.<\/p>\n\n<p>Orman \u015fefi ve itfaiye personelinin y\u00f6nlendirmesine g\u00f6re so\u011futulan alana kontroll\u00fc t\u0131rm\u0131k ve hortum deste\u011fi verdik. Bulundu\u011fumuz tepenin kritik konumu sebebiyle tepeyi s\u00f6nd\u00fcrmeyi \u00f6nceliklendirdiler. R\u00fczgar y\u00f6n\u00fc bekledikleri gibiydi ancak bir s\u00fcre sonra r\u00fczgar ters esmeye ba\u015flay\u0131nca alan\u0131 tahliye ederek geri \u00e7ekildiler ve arkadan s\u00f6nd\u00fcrme \u00e7al\u0131\u015fmas\u0131 ba\u015flad\u0131. T\u00fcm itfaiye ve araz\u00f6zler \u00e7\u0131k\u0131\u015f ve tahliye pozisyonu ald\u0131. \u00d6nce sivilleri alandan \u00e7\u0131kard\u0131lar. K\u0131sa bir s\u00fcre i\u00e7inde de t\u00fcm ara\u00e7lar \u00e7\u0131k\u0131\u015f yapmak durumunda kald\u0131, alan tahliye edildi. Bizler de d\u00f6n\u00fc\u015f yapt\u0131k.<\/p>\n\n<p>8 A\u011fustos tarihinde K\u00f6yce\u011fiz Beyobas\u0131&#8217;ndaki koordinasyon merkezini Sazak k\u00f6y\u00fcne ta\u015f\u0131d\u0131klar\u0131n\u0131 ve sivil giri\u015flerine izin verilmedi\u011fini \u00f6\u011frendik. Hava deste\u011fi s\u00f6nd\u00fcrme ve so\u011futma \u00e7al\u0131\u015fmalar\u0131 K\u00f6yce\u011fiz&#8217;de hala devam ediyor.<\/p>\n<div data-render=\"planet4-blocks\/gallery\" data-attributes=\"{&quot;attributes&quot;:{&quot;multiple_image&quot;:&quot;6564,6565,6566,6567,6568,6569,6570&quot;,&quot;image_data&quot;:[{&quot;url&quot;:&quot;https:\\\/\\\/www.greenpeace.org\\\/static\\\/planet4-turkey-stateless\\\/2021\\\/08\\\/54899fd2-whatsapp-image-2021-08-08-at-19.55.55-6.jpeg&quot;,&quot;focalPoint&quot;:{&quot;x&quot;:0.5,&quot;y&quot;:0.5},&quot;id&quot;:6564},{&quot;url&quot;:&quot;https:\\\/\\\/www.greenpeace.org\\\/static\\\/planet4-turkey-stateless\\\/2021\\\/08\\\/11fb490c-whatsapp-image-2021-08-08-at-19.55.55-5.jpeg&quot;,&quot;focalPoint&quot;:{&quot;x&quot;:0.5,&quot;y&quot;:0.5},&quot;id&quot;:6565},{&quot;url&quot;:&quot;https:\\\/\\\/www.greenpeace.org\\\/static\\\/planet4-turkey-stateless\\\/2021\\\/08\\\/aff18145-whatsapp-image-2021-08-08-at-19.55.55-3.jpeg&quot;,&quot;focalPoint&quot;:{&quot;x&quot;:0.5,&quot;y&quot;:0.5},&quot;id&quot;:6566},{&quot;url&quot;:&quot;https:\\\/\\\/www.greenpeace.org\\\/static\\\/planet4-turkey-stateless\\\/2021\\\/08\\\/18fa96cf-whatsapp-image-2021-08-08-at-19.55.55-2.jpeg&quot;,&quot;focalPoint&quot;:{&quot;x&quot;:0.5,&quot;y&quot;:0.5},&quot;id&quot;:6567},{&quot;url&quot;:&quot;https:\\\/\\\/www.greenpeace.org\\\/static\\\/planet4-turkey-stateless\\\/2021\\\/08\\\/f4133e03-whatsapp-image-2021-08-08-at-19.55.55-1.jpeg&quot;,&quot;focalPoint&quot;:{&quot;x&quot;:0.5,&quot;y&quot;:0.5},&quot;id&quot;:6568},{&quot;url&quot;:&quot;https:\\\/\\\/www.greenpeace.org\\\/static\\\/planet4-turkey-stateless\\\/2021\\\/08\\\/6c84a8dc-whatsapp-image-2021-08-08-at-19.55.55.jpeg&quot;,&quot;focalPoint&quot;:{&quot;x&quot;:0.5,&quot;y&quot;:0.5},&quot;id&quot;:6569},{&quot;url&quot;:&quot;https:\\\/\\\/www.greenpeace.org\\\/static\\\/planet4-turkey-stateless\\\/2021\\\/08\\\/1afae501-whatsapp-image-2021-08-08-at-20.05.36.jpeg&quot;,&quot;focalPoint&quot;:{&quot;x&quot;:0.5,&quot;y&quot;:0.5},&quot;id&quot;:6570}],&quot;className&quot;:&quot;is-style-grid&quot;,&quot;gallery_block_style&quot;:0,&quot;gallery_block_title&quot;:&quot;&quot;,&quot;gallery_block_description&quot;:&quot;&quot;,&quot;gallery_block_focus_points&quot;:&quot;&quot;,&quot;images&quot;:[{&quot;image_src&quot;:&quot;https:\\\/\\\/www.greenpeace.org\\\/static\\\/planet4-turkey-stateless\\\/2021\\\/08\\\/54899fd2-whatsapp-image-2021-08-08-at-19.55.55-6.jpeg&quot;,&quot;image_srcset&quot;:&quot;https:\\\/\\\/www.greenpeace.org\\\/static\\\/planet4-turkey-stateless\\\/2021\\\/08\\\/54899fd2-whatsapp-image-2021-08-08-at-19.55.55-6.jpeg 768w, https:\\\/\\\/www.greenpeace.org\\\/static\\\/planet4-turkey-stateless\\\/2021\\\/08\\\/54899fd2-whatsapp-image-2021-08-08-at-19.55.55-6-225x300.jpeg 225w, https:\\\/\\\/www.greenpeace.org\\\/static\\\/planet4-turkey-stateless\\\/2021\\\/08\\\/54899fd2-whatsapp-image-2021-08-08-at-19.55.55-6-255x340.jpeg 255w&quot;,&quot;image_sizes&quot;:false,&quot;alt_text&quot;:&quot;&quot;,&quot;caption&quot;:&quot;&quot;,&quot;focus_image&quot;:&quot;&quot;,&quot;credits&quot;:&quot;&quot;},{&quot;image_src&quot;:&quot;https:\\\/\\\/www.greenpeace.org\\\/static\\\/planet4-turkey-stateless\\\/2021\\\/08\\\/11fb490c-whatsapp-image-2021-08-08-at-19.55.55-5.jpeg&quot;,&quot;image_srcset&quot;:&quot;https:\\\/\\\/www.greenpeace.org\\\/static\\\/planet4-turkey-stateless\\\/2021\\\/08\\\/11fb490c-whatsapp-image-2021-08-08-at-19.55.55-5.jpeg 1024w, https:\\\/\\\/www.greenpeace.org\\\/static\\\/planet4-turkey-stateless\\\/2021\\\/08\\\/11fb490c-whatsapp-image-2021-08-08-at-19.55.55-5-300x225.jpeg 300w, https:\\\/\\\/www.greenpeace.org\\\/static\\\/planet4-turkey-stateless\\\/2021\\\/08\\\/11fb490c-whatsapp-image-2021-08-08-at-19.55.55-5-768x576.jpeg 768w, https:\\\/\\\/www.greenpeace.org\\\/static\\\/planet4-turkey-stateless\\\/2021\\\/08\\\/11fb490c-whatsapp-image-2021-08-08-at-19.55.55-5-453x340.jpeg 453w&quot;,&quot;image_sizes&quot;:false,&quot;alt_text&quot;:&quot;&quot;,&quot;caption&quot;:&quot;&quot;,&quot;focus_image&quot;:&quot;&quot;,&quot;credits&quot;:&quot;&quot;},{&quot;image_src&quot;:&quot;https:\\\/\\\/www.greenpeace.org\\\/static\\\/planet4-turkey-stateless\\\/2021\\\/08\\\/aff18145-whatsapp-image-2021-08-08-at-19.55.55-3.jpeg&quot;,&quot;image_srcset&quot;:&quot;https:\\\/\\\/www.greenpeace.org\\\/static\\\/planet4-turkey-stateless\\\/2021\\\/08\\\/aff18145-whatsapp-image-2021-08-08-at-19.55.55-3.jpeg 768w, https:\\\/\\\/www.greenpeace.org\\\/static\\\/planet4-turkey-stateless\\\/2021\\\/08\\\/aff18145-whatsapp-image-2021-08-08-at-19.55.55-3-225x300.jpeg 225w, https:\\\/\\\/www.greenpeace.org\\\/static\\\/planet4-turkey-stateless\\\/2021\\\/08\\\/aff18145-whatsapp-image-2021-08-08-at-19.55.55-3-255x340.jpeg 255w&quot;,&quot;image_sizes&quot;:false,&quot;alt_text&quot;:&quot;&quot;,&quot;caption&quot;:&quot;&quot;,&quot;focus_image&quot;:&quot;&quot;,&quot;credits&quot;:&quot;&quot;},{&quot;image_src&quot;:&quot;https:\\\/\\\/www.greenpeace.org\\\/static\\\/planet4-turkey-stateless\\\/2021\\\/08\\\/18fa96cf-whatsapp-image-2021-08-08-at-19.55.55-2.jpeg&quot;,&quot;image_srcset&quot;:&quot;https:\\\/\\\/www.greenpeace.org\\\/static\\\/planet4-turkey-stateless\\\/2021\\\/08\\\/18fa96cf-whatsapp-image-2021-08-08-at-19.55.55-2.jpeg 1024w, https:\\\/\\\/www.greenpeace.org\\\/static\\\/planet4-turkey-stateless\\\/2021\\\/08\\\/18fa96cf-whatsapp-image-2021-08-08-at-19.55.55-2-300x300.jpeg 300w, https:\\\/\\\/www.greenpeace.org\\\/static\\\/planet4-turkey-stateless\\\/2021\\\/08\\\/18fa96cf-whatsapp-image-2021-08-08-at-19.55.55-2-150x150.jpeg 150w, https:\\\/\\\/www.greenpeace.org\\\/static\\\/planet4-turkey-stateless\\\/2021\\\/08\\\/18fa96cf-whatsapp-image-2021-08-08-at-19.55.55-2-768x768.jpeg 768w, https:\\\/\\\/www.greenpeace.org\\\/static\\\/planet4-turkey-stateless\\\/2021\\\/08\\\/18fa96cf-whatsapp-image-2021-08-08-at-19.55.55-2-340x340.jpeg 340w&quot;,&quot;image_sizes&quot;:false,&quot;alt_text&quot;:&quot;&quot;,&quot;caption&quot;:&quot;&quot;,&quot;focus_image&quot;:&quot;&quot;,&quot;credits&quot;:&quot;&quot;},{&quot;image_src&quot;:&quot;https:\\\/\\\/www.greenpeace.org\\\/static\\\/planet4-turkey-stateless\\\/2021\\\/08\\\/f4133e03-whatsapp-image-2021-08-08-at-19.55.55-1.jpeg&quot;,&quot;image_srcset&quot;:&quot;https:\\\/\\\/www.greenpeace.org\\\/static\\\/planet4-turkey-stateless\\\/2021\\\/08\\\/f4133e03-whatsapp-image-2021-08-08-at-19.55.55-1.jpeg 768w, https:\\\/\\\/www.greenpeace.org\\\/static\\\/planet4-turkey-stateless\\\/2021\\\/08\\\/f4133e03-whatsapp-image-2021-08-08-at-19.55.55-1-225x300.jpeg 225w, https:\\\/\\\/www.greenpeace.org\\\/static\\\/planet4-turkey-stateless\\\/2021\\\/08\\\/f4133e03-whatsapp-image-2021-08-08-at-19.55.55-1-255x340.jpeg 255w&quot;,&quot;image_sizes&quot;:false,&quot;alt_text&quot;:&quot;&quot;,&quot;caption&quot;:&quot;&quot;,&quot;focus_image&quot;:&quot;&quot;,&quot;credits&quot;:&quot;&quot;},{&quot;image_src&quot;:&quot;https:\\\/\\\/www.greenpeace.org\\\/static\\\/planet4-turkey-stateless\\\/2021\\\/08\\\/6c84a8dc-whatsapp-image-2021-08-08-at-19.55.55.jpeg&quot;,&quot;image_srcset&quot;:&quot;https:\\\/\\\/www.greenpeace.org\\\/static\\\/planet4-turkey-stateless\\\/2021\\\/08\\\/6c84a8dc-whatsapp-image-2021-08-08-at-19.55.55.jpeg 1024w, https:\\\/\\\/www.greenpeace.org\\\/static\\\/planet4-turkey-stateless\\\/2021\\\/08\\\/6c84a8dc-whatsapp-image-2021-08-08-at-19.55.55-300x225.jpeg 300w, https:\\\/\\\/www.greenpeace.org\\\/static\\\/planet4-turkey-stateless\\\/2021\\\/08\\\/6c84a8dc-whatsapp-image-2021-08-08-at-19.55.55-768x576.jpeg 768w, https:\\\/\\\/www.greenpeace.org\\\/static\\\/planet4-turkey-stateless\\\/2021\\\/08\\\/6c84a8dc-whatsapp-image-2021-08-08-at-19.55.55-453x340.jpeg 453w&quot;,&quot;image_sizes&quot;:false,&quot;alt_text&quot;:&quot;&quot;,&quot;caption&quot;:&quot;&quot;,&quot;focus_image&quot;:&quot;&quot;,&quot;credits&quot;:&quot;&quot;},{&quot;image_src&quot;:&quot;https:\\\/\\\/www.greenpeace.org\\\/static\\\/planet4-turkey-stateless\\\/2021\\\/08\\\/1afae501-whatsapp-image-2021-08-08-at-20.05.36.jpeg&quot;,&quot;image_srcset&quot;:&quot;https:\\\/\\\/www.greenpeace.org\\\/static\\\/planet4-turkey-stateless\\\/2021\\\/08\\\/1afae501-whatsapp-image-2021-08-08-at-20.05.36.jpeg 2048w, https:\\\/\\\/www.greenpeace.org\\\/static\\\/planet4-turkey-stateless\\\/2021\\\/08\\\/1afae501-whatsapp-image-2021-08-08-at-20.05.36-300x225.jpeg 300w, https:\\\/\\\/www.greenpeace.org\\\/static\\\/planet4-turkey-stateless\\\/2021\\\/08\\\/1afae501-whatsapp-image-2021-08-08-at-20.05.36-1024x768.jpeg 1024w, https:\\\/\\\/www.greenpeace.org\\\/static\\\/planet4-turkey-stateless\\\/2021\\\/08\\\/1afae501-whatsapp-image-2021-08-08-at-20.05.36-768x576.jpeg 768w, https:\\\/\\\/www.greenpeace.org\\\/static\\\/planet4-turkey-stateless\\\/2021\\\/08\\\/1afae501-whatsapp-image-2021-08-08-at-20.05.36-1536x1152.jpeg 1536w, https:\\\/\\\/www.greenpeace.org\\\/static\\\/planet4-turkey-stateless\\\/2021\\\/08\\\/1afae501-whatsapp-image-2021-08-08-at-20.05.36-1821x1366.jpeg 1821w, https:\\\/\\\/www.greenpeace.org\\\/static\\\/planet4-turkey-stateless\\\/2021\\\/08\\\/1afae501-whatsapp-image-2021-08-08-at-20.05.36-453x340.jpeg 453w&quot;,&quot;image_sizes&quot;:false,&quot;alt_text&quot;:&quot;&quot;,&quot;caption&quot;:&quot;&quot;,&quot;focus_image&quot;:&quot;&quot;,&quot;credits&quot;:&quot;&quot;}]}}\"><\/div>\n<p><strong><em><span class=\"has-inline-color has-grey-600-color\">8 A\u011fustos \/ 18.51<\/span><\/em><\/strong><\/p>\n\n<p>Kontrol alt\u0131na al\u0131nan orman yang\u0131nlar\u0131 ve devam eden yang\u0131nlar\u0131 <a href=\"https:\/\/web.ogm.gov.tr\/Sayfalar\/OrmanYanginlari.aspx\" target=\"_blank\" rel=\"noreferrer noopener\">bu sayfadan<\/a> takip edebilirsiniz.<\/p>\n\n<p><strong><em><span class=\"has-inline-color has-grey-600-color\">8 A\u011fustos \/ 18.38<\/span><\/em><\/strong><\/p>\n\n<p>Ula\u015ft\u0131rma ve Altyap\u0131 Bakan\u0131 Karaismailo\u011flu, &#8220;Yenik\u00f6y Termik Santrali&#8217;nin etraf\u0131nda 300 metreye varan, ormanla santralin aras\u0131na bir yol koridoru a\u00e7t\u0131k. Bu yol koridoru sayesinde Yenik\u00f6y Termik Santrali g\u00fcvence alt\u0131na al\u0131nm\u0131\u015f oldu.&#8221; dedi.<\/p>\n\n<p><strong><em><span class=\"has-inline-color has-grey-600-color\">8 A\u011fustos \/ 17.30<\/span><\/em><\/strong><\/p>\n\n<p>Dalaman&#8217;daki yang\u0131n b\u00fcy\u00fcmeden s\u00f6nd\u00fcr\u00fcld\u00fc.<\/p>\n\n<p><strong><em><span class=\"has-inline-color has-grey-600-color\">8 A\u011fustos \/ 15.30<\/span><\/em><\/strong><\/p>\n\n<p>Yunanistan Ba\u015fbakan\u0131 Kiryakos Mi\u00e7otakis Yunanistan\u2019da 6 gnd\u00fcr devam eden orman yang\u0131nlar\u0131 i\u00e7in &#8220;kabus gibi bir yaz&#8221; tan\u0131m\u0131n\u0131 kullanarak \u015funlar\u0131 s\u00f6yledi: &#8220;Yerle\u015fim b\u00f6lgelerine yak\u0131n ormanl\u0131k b\u00f6lgelerinde bu yaz \u00e7\u0131kan yang\u0131nlar \u015fimdiye kadar g\u00f6r\u00fclmemi\u015f bir kabus gibi.\u201d<\/p>\n\n<p><strong><em><span class=\"has-inline-color has-grey-600-color\">8 A\u011fustos \/ 14.30<\/span><\/em><\/strong><\/p>\n\n<p>Mu\u011fla&#8217;n\u0131n Yata\u011fan il\u00e7esinden Ayd\u0131n&#8217;\u0131n \u00c7ine il\u00e7esine s\u0131\u00e7rayan orman yang\u0131n\u0131 devam ediyor.&nbsp; Yata\u011fan il\u00e7esinden \u00c7ine\u2019nin Ak\u00e7aova Mahallesi&#8217;ne ula\u015fan ve r\u00fczgar\u0131n etkisiyle yeniden Yata\u011fan il\u00e7esine y\u00f6nelen orman yang\u0131n\u0131n\u0131 s\u00f6nd\u00fcrme \u00e7al\u0131\u015fmalar\u0131na havadan da destek veriliyor.<\/p>\n\n<p><strong><em><span class=\"has-inline-color has-grey-600-color\">8 A\u011fustos \/ 14.30<\/span><\/em><\/strong><\/p>\n\n<p>Medyascope\u2019tan Do\u011fu Ero\u011flu, Akbelen\u2019de termik santral \u015firketinin, yang\u0131n s\u00f6nd\u00fcrmeye gelen g\u00f6n\u00fcll\u00fclere Akbelen Orman\u0131\u2019n\u0131 <a href=\"https:\/\/medyascope.tv\/2021\/08\/08\/termik-santral-sirketi-yangin-sondurmeye-gelen-gonullulere-akbelen-ormanini-kestirdi-agaclari-yangini-onlemek-icin-kestigimizi-saniyorduk\/\" target=\"_blank\" rel=\"noreferrer noopener\">kestirdi\u011fini yazd\u0131<\/a>. Ero\u011flu, g\u00f6n\u00fcll\u00fclerin s\u00f6ylediklerini \u015f\u00f6yle aktard\u0131: \u201cA\u011fa\u00e7lar\u0131 yang\u0131n\u0131 \u00f6nlemek i\u00e7in kesti\u011fimizi san\u0131yorduk\u201d<\/p>\n\n<p><strong><em><span class=\"has-inline-color has-grey-600-color\">8 A\u011fustos \/ 12.06<\/span><\/em><\/strong><\/p>\n\n<p>Marmaris&#8217;te 9 g\u00fcn s\u00fcren yang\u0131n kontrol alt\u0131nda, so\u011futma \u00e7al\u0131\u015fmas\u0131 s\u00fcr\u00fcyor.<\/p>\n\n<p><strong><em><span class=\"has-inline-color has-grey-600-color\">8 A\u011fustos \/ 11.14<\/span><\/em><\/strong><\/p>\n\n<p>Mu\u011fla&#8217;da \u00e7\u0131kan 5 yang\u0131na m\u00fcdahalede, 6 u\u00e7ak, 39 helikopter, \u00e7ok say\u0131da araz\u00f6z, i\u015f makinesi, itfaiye arac\u0131, su tankeri ve TOMA ile \u00e7e\u015fitli kurumlara ait ara\u00e7lar <a href=\"https:\/\/tr.euronews.com\/2021\/08\/01\/turkiye-de-yang-nlarda-son-durum-20-yerde-sondurme-cal-smalar-suruyor\" target=\"_blank\" rel=\"noreferrer noopener\">kullan\u0131l\u0131yor<\/a>.<\/p>\n\n<p><strong><em><span class=\"has-inline-color has-grey-600-color\">8 A\u011fustos \/ 00.57<\/span><\/em><\/strong><\/p>\n\n<p>Milas Belediyesi, Twitter \u00fczerinden g\u00fcncel acil ihtiya\u00e7 listesi payla\u015ft\u0131.<\/p>\n\n<figure class=\"wp-block-embed is-type-rich is-provider-twitter wp-block-embed-twitter\"><div class=\"wp-block-embed__wrapper\">\n<blockquote class=\"twitter-tweet\" data-width=\"500\" data-dnt=\"true\"><p lang=\"tr\" dir=\"ltr\">G\u00fcncel Acil \u0130htiya\u00e7 Listemiz<br><br>\u0130HT\u0130YA\u00c7LARINIZ \u0130\u00c7\u0130N: 0537 023 56 18<br><br>YARDIMLARINIZ \u0130\u00c7\u0130N: 0542 565 27 53 <a href=\"https:\/\/t.co\/MfRvg3mEeh\">pic.twitter.com\/MfRvg3mEeh<\/a><\/p>&mdash; T.C. Milas Belediyesi (@MilasBelediyesi) <a href=\"https:\/\/twitter.com\/MilasBelediyesi\/status\/1424127615468810243?ref_src=twsrc%5Etfw\">August 7, 2021<\/a><\/blockquote><script async src=\"https:\/\/platform.twitter.com\/widgets.js\" charset=\"utf-8\"><\/script>\n<\/div><\/figure>\n\n<p><strong><em><span class=\"has-inline-color has-grey-600-color\">8 A\u011fustos \/ 00.10<\/span><\/em><\/strong><\/p>\n\n<p>Manisa&#8217;n\u0131n Saruhanl\u0131 ve G\u00f6rdes il\u00e7elerinde \u00e7\u0131kan orman yang\u0131nlar\u0131 kontrol alt\u0131na al\u0131nd\u0131.<\/p>\n\n<p><strong><em><span class=\"has-inline-color has-grey-600-color\">7 A\u011fustos \/ 23.05 <\/span><\/em><\/strong><\/p>\n\n<p>Antalya&#8217;n\u0131n Ka\u015f il\u00e7esinde Yayla \u00c7avd\u0131r Mahallesi&#8217;nde be\u015f ayr\u0131 noktada \u00e7\u0131kan <a href=\"https:\/\/www.hurriyet.com.tr\/haberleri\/orman-yangini\">orman yang\u0131n\u0131<\/a> s\u00f6nd\u00fcr\u00fcld\u00fc.<\/p>\n\n<p><strong><em><span class=\"has-inline-color has-grey-600-color\">7 A\u011fustos \/ 20.33 <\/span><\/em><\/strong><\/p>\n\n<p>\u0130zmir, Urla&#8217;da \u00e7\u0131kan yang\u0131n kontrol alt\u0131na al\u0131nd\u0131. <\/p>\n\n<figure class=\"wp-block-embed is-type-rich is-provider-twitter wp-block-embed-twitter\"><div class=\"wp-block-embed__wrapper\">\n<blockquote class=\"twitter-tweet\" data-width=\"500\" data-dnt=\"true\"><p lang=\"tr\" dir=\"ltr\">Urla&#39;da \u00e7\u0131kan yang\u0131n kontrol alt\u0131na al\u0131nd\u0131, so\u011futma \u00e7al\u0131\u015fmas\u0131 devam ediyor.<br><br>Zaman zaman alevlenen b\u00f6lgelere an\u0131nda m\u00fcdahale ediyoruz. B\u00fct\u00fcn hem\u015fehrilerimize ge\u00e7mi\u015f olsun. <a href=\"https:\/\/t.co\/pcpoYISxwX\">pic.twitter.com\/pcpoYISxwX<\/a><\/p>&mdash; Tun\u00e7 Soyer (@tuncsoyer) <a href=\"https:\/\/twitter.com\/tuncsoyer\/status\/1424063694133157891?ref_src=twsrc%5Etfw\">August 7, 2021<\/a><\/blockquote><script async src=\"https:\/\/platform.twitter.com\/widgets.js\" charset=\"utf-8\"><\/script>\n<\/div><\/figure>\n\n<p><strong><em><span class=\"has-inline-color has-grey-600-color\">7 A\u011fustos \/ 19.20 <\/span><\/em><\/strong><\/p>\n\n<p>Hatay\u2019\u0131n Belen il\u00e7esinde ak\u015fam saatlerinde 3 noktada ayn\u0131 anda \u00e7\u0131kan orman yang\u0131n\u0131 kontrol alt\u0131na al\u0131nd\u0131.<\/p>\n\n<p><strong><em><span class=\"has-inline-color has-grey-600-color\">7 A\u011fustos \/ 18.22 <\/span><\/em><\/strong><\/p>\n\n<p>Antalya&#8217;n\u0131n Manavgat il\u00e7esi 10 g\u00fcn s\u00fcren orman yang\u0131nlar\u0131ndan sonra gelen ya\u011fmurla ferahlad\u0131. Sa\u011fanak ya\u011f\u0131\u015f yakla\u015f\u0131k 15 dakika etkili oldu.<\/p>\n\n<p><strong><em><span class=\"has-inline-color has-grey-600-color\">7 A\u011fustos \/ 18.20 <\/span><\/em><\/strong><\/p>\n\n<p>Hatay\u2019\u0131n Belen il\u00e7esinde \u00e7\u0131kan orman yang\u0131n\u0131na havadan ve karadan m\u00fcdahale s\u00fcr\u00fcyor.<\/p>\n\n<p><em><strong><span class=\"has-inline-color has-grey-600-color\">7 A\u011fustos \/ 15.36<\/span><\/strong><\/em><\/p>\n\n<p>Urla Bal\u0131kl\u0131ova&#8217;da makilik alanda ba\u015flayan yang\u0131na Orman ekipleri havadan m\u00fcdahale ediyor.<\/p>\n\n<hr class=\"wp-block-separator\"\/>\n\n<figure class=\"wp-block-embed is-type-rich is-provider-twitter wp-block-embed-twitter\"><div class=\"wp-block-embed__wrapper\">\n<blockquote class=\"twitter-tweet\" data-width=\"500\" data-dnt=\"true\"><p lang=\"tr\" dir=\"ltr\">Urla Bal\u0131kl\u0131ova&#39;da makilik alanda ba\u015flayan yang\u0131na Orman ekipleri havadan m\u00fcdahale ediyor. \u0130tfaiye ekiplerimiz karadan \u00f6nlem ald\u0131. Ara\u00e7lar\u0131n yang\u0131n b\u00f6lgesine ula\u015fmas\u0131 i\u00e7in i\u015f makinalar\u0131m\u0131z \u00e7al\u0131\u015f\u0131yor.<br><br>Yang\u0131n\u0131 s\u00f6nd\u00fcrmek i\u00e7in canla ba\u015fla m\u00fccadele ediyoruz. <a href=\"https:\/\/t.co\/xmZ3gZDJrD\">pic.twitter.com\/xmZ3gZDJrD<\/a><\/p>&mdash; Tun\u00e7 Soyer (@tuncsoyer) <a href=\"https:\/\/twitter.com\/tuncsoyer\/status\/1423986333870080003?ref_src=twsrc%5Etfw\">August 7, 2021<\/a><\/blockquote><script async src=\"https:\/\/platform.twitter.com\/widgets.js\" charset=\"utf-8\"><\/script>\n<\/div><\/figure>\n\n<p><strong><em><span class=\"has-inline-color has-grey-600-color\">7 A\u011fustos \/ 14.27<\/span><\/em><\/strong> <strong><em><span class=\"has-inline-color has-grey-600-color\">&#8211; SAHADAK\u0130 ARKADA\u015eLARIMIZDAN G\u00dcNCELLEME<\/span><\/em><\/strong><\/p>\n\n<p>Be\u015fparmak Zirvesi G\u00f6zetleme Kulesi\u2019ndeydik. Bu b\u00f6lgede yang\u0131n so\u011futma \u00e7al\u0131\u015fmas\u0131 aras\u00f6zle yap\u0131l\u0131yor. Sivil g\u00f6n\u00fcll\u00fclerin alana girmeleri tavsiye edilmiyor. Alanda belli k\u0131s\u0131mlarda dip yang\u0131n\u0131 devam etti\u011finden a\u011fa\u00e7 k\u00f6k\u00fcne ula\u015fan k\u00f6zler bir s\u00fcre sonra a\u011fa\u00e7lar\u0131 devirerek insan yaralanmalar\u0131na sebep olabiliyor. Bu sebeple dip yang\u0131n\u0131na profesyonel ekipler m\u00fcdahale ediyor.<br>Bu m\u00fcdahaleler s\u0131ras\u0131nda biz de etrafta m\u0131nt\u0131ka temizli\u011fi yapt\u0131k. Ard\u0131ndan koordinasyon merkezine d\u00f6nmek \u00fczere yola \u00e7\u0131kt\u0131k.<\/p>\n<div data-render=\"planet4-blocks\/gallery\" data-attributes=\"{&quot;attributes&quot;:{&quot;multiple_image&quot;:&quot;6531,6532,6533,6534,6535&quot;,&quot;image_data&quot;:[{&quot;url&quot;:&quot;https:\\\/\\\/www.greenpeace.org\\\/static\\\/planet4-turkey-stateless\\\/2021\\\/08\\\/7c2f3c41-whatsapp-image-2021-08-07-at-14.18.30.jpeg&quot;,&quot;focalPoint&quot;:{&quot;x&quot;:0.5,&quot;y&quot;:0.5},&quot;id&quot;:6531},{&quot;url&quot;:&quot;https:\\\/\\\/www.greenpeace.org\\\/static\\\/planet4-turkey-stateless\\\/2021\\\/08\\\/73dcf552-whatsapp-image-2021-08-07-at-14.18.34.jpeg&quot;,&quot;focalPoint&quot;:{&quot;x&quot;:0.5,&quot;y&quot;:0.5},&quot;id&quot;:6532},{&quot;url&quot;:&quot;https:\\\/\\\/www.greenpeace.org\\\/static\\\/planet4-turkey-stateless\\\/2021\\\/08\\\/92a1dff1-whatsapp-image-2021-08-07-at-14.18.35.jpeg&quot;,&quot;focalPoint&quot;:{&quot;x&quot;:0.5,&quot;y&quot;:0.5},&quot;id&quot;:6533},{&quot;url&quot;:&quot;https:\\\/\\\/www.greenpeace.org\\\/static\\\/planet4-turkey-stateless\\\/2021\\\/08\\\/8a08ed35-whatsapp-image-2021-08-07-at-14.18.39.jpeg&quot;,&quot;focalPoint&quot;:{&quot;x&quot;:0.5,&quot;y&quot;:0.5},&quot;id&quot;:6534},{&quot;url&quot;:&quot;https:\\\/\\\/www.greenpeace.org\\\/static\\\/planet4-turkey-stateless\\\/2021\\\/08\\\/fae023c0-whatsapp-image-2021-08-07-at-14.18.45.jpeg&quot;,&quot;focalPoint&quot;:{&quot;x&quot;:0.5,&quot;y&quot;:0.5},&quot;id&quot;:6535}],&quot;gallery_block_style&quot;:0,&quot;gallery_block_title&quot;:&quot;&quot;,&quot;gallery_block_description&quot;:&quot;&quot;,&quot;gallery_block_focus_points&quot;:&quot;&quot;,&quot;images&quot;:[{&quot;image_src&quot;:&quot;https:\\\/\\\/www.greenpeace.org\\\/static\\\/planet4-turkey-stateless\\\/2021\\\/08\\\/7c2f3c41-whatsapp-image-2021-08-07-at-14.18.30.jpeg&quot;,&quot;image_srcset&quot;:&quot;https:\\\/\\\/www.greenpeace.org\\\/static\\\/planet4-turkey-stateless\\\/2021\\\/08\\\/7c2f3c41-whatsapp-image-2021-08-07-at-14.18.30.jpeg 1600w, https:\\\/\\\/www.greenpeace.org\\\/static\\\/planet4-turkey-stateless\\\/2021\\\/08\\\/7c2f3c41-whatsapp-image-2021-08-07-at-14.18.30-300x225.jpeg 300w, https:\\\/\\\/www.greenpeace.org\\\/static\\\/planet4-turkey-stateless\\\/2021\\\/08\\\/7c2f3c41-whatsapp-image-2021-08-07-at-14.18.30-1024x768.jpeg 1024w, https:\\\/\\\/www.greenpeace.org\\\/static\\\/planet4-turkey-stateless\\\/2021\\\/08\\\/7c2f3c41-whatsapp-image-2021-08-07-at-14.18.30-768x576.jpeg 768w, https:\\\/\\\/www.greenpeace.org\\\/static\\\/planet4-turkey-stateless\\\/2021\\\/08\\\/7c2f3c41-whatsapp-image-2021-08-07-at-14.18.30-1536x1152.jpeg 1536w, https:\\\/\\\/www.greenpeace.org\\\/static\\\/planet4-turkey-stateless\\\/2021\\\/08\\\/7c2f3c41-whatsapp-image-2021-08-07-at-14.18.30-453x340.jpeg 453w&quot;,&quot;image_sizes&quot;:false,&quot;alt_text&quot;:&quot;&quot;,&quot;caption&quot;:&quot;&quot;,&quot;focus_image&quot;:&quot;&quot;,&quot;credits&quot;:&quot;&quot;},{&quot;image_src&quot;:&quot;https:\\\/\\\/www.greenpeace.org\\\/static\\\/planet4-turkey-stateless\\\/2021\\\/08\\\/73dcf552-whatsapp-image-2021-08-07-at-14.18.34.jpeg&quot;,&quot;image_srcset&quot;:&quot;https:\\\/\\\/www.greenpeace.org\\\/static\\\/planet4-turkey-stateless\\\/2021\\\/08\\\/73dcf552-whatsapp-image-2021-08-07-at-14.18.34.jpeg 1600w, https:\\\/\\\/www.greenpeace.org\\\/static\\\/planet4-turkey-stateless\\\/2021\\\/08\\\/73dcf552-whatsapp-image-2021-08-07-at-14.18.34-300x225.jpeg 300w, https:\\\/\\\/www.greenpeace.org\\\/static\\\/planet4-turkey-stateless\\\/2021\\\/08\\\/73dcf552-whatsapp-image-2021-08-07-at-14.18.34-1024x768.jpeg 1024w, https:\\\/\\\/www.greenpeace.org\\\/static\\\/planet4-turkey-stateless\\\/2021\\\/08\\\/73dcf552-whatsapp-image-2021-08-07-at-14.18.34-768x576.jpeg 768w, https:\\\/\\\/www.greenpeace.org\\\/static\\\/planet4-turkey-stateless\\\/2021\\\/08\\\/73dcf552-whatsapp-image-2021-08-07-at-14.18.34-1536x1152.jpeg 1536w, https:\\\/\\\/www.greenpeace.org\\\/static\\\/planet4-turkey-stateless\\\/2021\\\/08\\\/73dcf552-whatsapp-image-2021-08-07-at-14.18.34-453x340.jpeg 453w&quot;,&quot;image_sizes&quot;:false,&quot;alt_text&quot;:&quot;&quot;,&quot;caption&quot;:&quot;&quot;,&quot;focus_image&quot;:&quot;&quot;,&quot;credits&quot;:&quot;&quot;},{&quot;image_src&quot;:&quot;https:\\\/\\\/www.greenpeace.org\\\/static\\\/planet4-turkey-stateless\\\/2021\\\/08\\\/92a1dff1-whatsapp-image-2021-08-07-at-14.18.35.jpeg&quot;,&quot;image_srcset&quot;:&quot;https:\\\/\\\/www.greenpeace.org\\\/static\\\/planet4-turkey-stateless\\\/2021\\\/08\\\/92a1dff1-whatsapp-image-2021-08-07-at-14.18.35.jpeg 1600w, https:\\\/\\\/www.greenpeace.org\\\/static\\\/planet4-turkey-stateless\\\/2021\\\/08\\\/92a1dff1-whatsapp-image-2021-08-07-at-14.18.35-300x225.jpeg 300w, https:\\\/\\\/www.greenpeace.org\\\/static\\\/planet4-turkey-stateless\\\/2021\\\/08\\\/92a1dff1-whatsapp-image-2021-08-07-at-14.18.35-1024x768.jpeg 1024w, https:\\\/\\\/www.greenpeace.org\\\/static\\\/planet4-turkey-stateless\\\/2021\\\/08\\\/92a1dff1-whatsapp-image-2021-08-07-at-14.18.35-768x576.jpeg 768w, https:\\\/\\\/www.greenpeace.org\\\/static\\\/planet4-turkey-stateless\\\/2021\\\/08\\\/92a1dff1-whatsapp-image-2021-08-07-at-14.18.35-1536x1152.jpeg 1536w, https:\\\/\\\/www.greenpeace.org\\\/static\\\/planet4-turkey-stateless\\\/2021\\\/08\\\/92a1dff1-whatsapp-image-2021-08-07-at-14.18.35-453x340.jpeg 453w&quot;,&quot;image_sizes&quot;:false,&quot;alt_text&quot;:&quot;&quot;,&quot;caption&quot;:&quot;&quot;,&quot;focus_image&quot;:&quot;&quot;,&quot;credits&quot;:&quot;&quot;},{&quot;image_src&quot;:&quot;https:\\\/\\\/www.greenpeace.org\\\/static\\\/planet4-turkey-stateless\\\/2021\\\/08\\\/8a08ed35-whatsapp-image-2021-08-07-at-14.18.39.jpeg&quot;,&quot;image_srcset&quot;:&quot;https:\\\/\\\/www.greenpeace.org\\\/static\\\/planet4-turkey-stateless\\\/2021\\\/08\\\/8a08ed35-whatsapp-image-2021-08-07-at-14.18.39.jpeg 1600w, https:\\\/\\\/www.greenpeace.org\\\/static\\\/planet4-turkey-stateless\\\/2021\\\/08\\\/8a08ed35-whatsapp-image-2021-08-07-at-14.18.39-300x225.jpeg 300w, https:\\\/\\\/www.greenpeace.org\\\/static\\\/planet4-turkey-stateless\\\/2021\\\/08\\\/8a08ed35-whatsapp-image-2021-08-07-at-14.18.39-1024x768.jpeg 1024w, https:\\\/\\\/www.greenpeace.org\\\/static\\\/planet4-turkey-stateless\\\/2021\\\/08\\\/8a08ed35-whatsapp-image-2021-08-07-at-14.18.39-768x576.jpeg 768w, https:\\\/\\\/www.greenpeace.org\\\/static\\\/planet4-turkey-stateless\\\/2021\\\/08\\\/8a08ed35-whatsapp-image-2021-08-07-at-14.18.39-1536x1152.jpeg 1536w, https:\\\/\\\/www.greenpeace.org\\\/static\\\/planet4-turkey-stateless\\\/2021\\\/08\\\/8a08ed35-whatsapp-image-2021-08-07-at-14.18.39-453x340.jpeg 453w&quot;,&quot;image_sizes&quot;:false,&quot;alt_text&quot;:&quot;&quot;,&quot;caption&quot;:&quot;&quot;,&quot;focus_image&quot;:&quot;&quot;,&quot;credits&quot;:&quot;&quot;},{&quot;image_src&quot;:&quot;https:\\\/\\\/www.greenpeace.org\\\/static\\\/planet4-turkey-stateless\\\/2021\\\/08\\\/fae023c0-whatsapp-image-2021-08-07-at-14.18.45.jpeg&quot;,&quot;image_srcset&quot;:&quot;https:\\\/\\\/www.greenpeace.org\\\/static\\\/planet4-turkey-stateless\\\/2021\\\/08\\\/fae023c0-whatsapp-image-2021-08-07-at-14.18.45.jpeg 1600w, https:\\\/\\\/www.greenpeace.org\\\/static\\\/planet4-turkey-stateless\\\/2021\\\/08\\\/fae023c0-whatsapp-image-2021-08-07-at-14.18.45-300x225.jpeg 300w, https:\\\/\\\/www.greenpeace.org\\\/static\\\/planet4-turkey-stateless\\\/2021\\\/08\\\/fae023c0-whatsapp-image-2021-08-07-at-14.18.45-1024x768.jpeg 1024w, https:\\\/\\\/www.greenpeace.org\\\/static\\\/planet4-turkey-stateless\\\/2021\\\/08\\\/fae023c0-whatsapp-image-2021-08-07-at-14.18.45-768x576.jpeg 768w, https:\\\/\\\/www.greenpeace.org\\\/static\\\/planet4-turkey-stateless\\\/2021\\\/08\\\/fae023c0-whatsapp-image-2021-08-07-at-14.18.45-1536x1152.jpeg 1536w, https:\\\/\\\/www.greenpeace.org\\\/static\\\/planet4-turkey-stateless\\\/2021\\\/08\\\/fae023c0-whatsapp-image-2021-08-07-at-14.18.45-453x340.jpeg 453w&quot;,&quot;image_sizes&quot;:false,&quot;alt_text&quot;:&quot;&quot;,&quot;caption&quot;:&quot;&quot;,&quot;focus_image&quot;:&quot;&quot;,&quot;credits&quot;:&quot;&quot;}]}}\"><\/div>\n<hr class=\"wp-block-separator\"\/>\n\n<p><strong><em><span class=\"has-inline-color has-grey-600-color\">7 A\u011fustos \/ 13.45<\/span><\/em><\/strong><\/p>\n\n<p>\u00c7evre ve Orman Bakan\u0131 Bekir Pakdemirli, Twitter hesab\u0131 \u00fczerinden Burdur G\u00f6lhisar, Ayd\u0131n Karacasu, Bozdo\u011fan ve Karab\u00fck Merkez yang\u0131nlar\u0131n\u0131n kontrol alt\u0131na al\u0131nd\u0131\u011f\u0131n\u0131 duyurdu.<\/p>\n\n<figure class=\"wp-block-embed is-type-rich is-provider-twitter wp-block-embed-twitter\"><div class=\"wp-block-embed__wrapper\">\n<blockquote class=\"twitter-tweet\" data-width=\"500\" data-dnt=\"true\"><p lang=\"tr\" dir=\"ltr\">AYDIN KARACASU VE BOZDO\u011eAN YANGINLARI KONTROL ALTINA ALINDI.<br><br>So\u011futma \u00e7al\u0131\u015fmalar\u0131 devam ediyor.<\/p>&mdash; Dr. Bekir Pakdemirli (@bekirpakdemirli) <a href=\"https:\/\/twitter.com\/bekirpakdemirli\/status\/1423954641642049536?ref_src=twsrc%5Etfw\">August 7, 2021<\/a><\/blockquote><script async src=\"https:\/\/platform.twitter.com\/widgets.js\" charset=\"utf-8\"><\/script>\n<\/div><\/figure>\n\n<hr class=\"wp-block-separator\"\/>\n\n<p><strong><em><span class=\"has-inline-color has-grey-600-color\">7 A\u011fustos \/ 12.59<\/span><\/em><\/strong><\/p>\n\n<figure class=\"wp-block-embed is-type-rich is-provider-twitter wp-block-embed-twitter\"><div class=\"wp-block-embed__wrapper\">\n<blockquote class=\"twitter-tweet\" data-width=\"500\" data-dnt=\"true\"><p lang=\"tr\" dir=\"ltr\">Ayd\u0131n\u2019da sabah saat 3.00 sular\u0131nda PM 10, 1234 mikrogram seviyelerine kadar y\u00fckseldi. D\u00fcnya Sa\u011fl\u0131k \u00d6rg\u00fct\u00fc\u2019n\u00fcn belirledi\u011fi limit ise 50. Yang\u0131n b\u00f6lgelerinde hava kirlili\u011fi tehditi blog yaz\u0131m\u0131z bu ba\u011flant\u0131da: <a href=\"https:\/\/t.co\/Uvzo0dQmeB\">https:\/\/t.co\/Uvzo0dQmeB<\/a> <a href=\"https:\/\/t.co\/WUMO7gp5LV\">pic.twitter.com\/WUMO7gp5LV<\/a><\/p>&mdash; Greenpeace T\u00fcrkiye (@Greenpeace_Med) <a href=\"https:\/\/twitter.com\/Greenpeace_Med\/status\/1423946971803422723?ref_src=twsrc%5Etfw\">August 7, 2021<\/a><\/blockquote><script async src=\"https:\/\/platform.twitter.com\/widgets.js\" charset=\"utf-8\"><\/script>\n<\/div><\/figure>\n\n<hr class=\"wp-block-separator\"\/>\n\n<p><strong><em><span class=\"has-inline-color has-grey-600-color\">7 A\u011fustos \/ 12.38 <\/span><\/em><\/strong><\/p>\n\n<p>Tar\u0131m ve Orman Bakan\u0131 Bekir Pakdemirli 2 ilde 6 noktada orman yang\u0131n\u0131n\u0131n devam etti\u011fini bildirdi.<\/p>\n\n<p>Pakdemirli \u015funlar\u0131 s\u00f6yledi:<\/p>\n\n<p>&#8220;Mu\u011fla&#8217;da K\u00f6yce\u011fiz, Kavakl\u0131dere, Milas, Yata\u011fan ile \u00c7ine ve Isparta S\u00fct\u00e7\u00fcler&#8217;de yang\u0131n devam ediyor. 223 yang\u0131ndan 217&#8217;si kontrol alt\u0131nda.<\/p>\n\n<hr class=\"wp-block-separator\"\/>\n\n<p><span class=\"has-inline-color has-grey-600-color\"><strong><em>7 A\u011fustos \/ 10.30<\/em> &#8211; SAHADAK\u0130 ARKADA\u015eLARIMIZDAN G\u00dcNCELLEME<\/strong><\/span><\/p>\n\n<p>D\u00fcn gece K\u00f6yce\u011fiz\u2019e geldik. K\u00f6yce\u011fiz\u2019de yang\u0131n hala devam ediyor. Birazdan G\u00f6k\u00e7eova K\u00f6y\u00fc&#8217;ne ge\u00e7ece\u011fiz. Orada so\u011futma \u00e7al\u0131\u015fmalar\u0131na destek vermeyi planl\u0131yoruz.<\/p>\n<div data-render=\"planet4-blocks\/gallery\" data-attributes=\"{&quot;attributes&quot;:{&quot;multiple_image&quot;:&quot;6522,6524,6525,6526,6520&quot;,&quot;image_data&quot;:[{&quot;url&quot;:&quot;https:\\\/\\\/www.greenpeace.org\\\/static\\\/planet4-turkey-stateless\\\/2021\\\/08\\\/e96139c0-whatsapp-image-2021-08-07-at-09.44.16.jpeg&quot;,&quot;focalPoint&quot;:{&quot;x&quot;:0.5,&quot;y&quot;:0.5},&quot;id&quot;:6522},{&quot;url&quot;:&quot;https:\\\/\\\/www.greenpeace.org\\\/static\\\/planet4-turkey-stateless\\\/2021\\\/08\\\/136294f6-whatsapp-image-2021-08-07-at-09.46.22.jpeg&quot;,&quot;focalPoint&quot;:{&quot;x&quot;:0.5,&quot;y&quot;:0.5},&quot;id&quot;:6524},{&quot;url&quot;:&quot;https:\\\/\\\/www.greenpeace.org\\\/static\\\/planet4-turkey-stateless\\\/2021\\\/08\\\/daa8fcfc-whatsapp-image-2021-08-07-at-09.46.20.jpeg&quot;,&quot;focalPoint&quot;:{&quot;x&quot;:0.5,&quot;y&quot;:0.5},&quot;id&quot;:6525},{&quot;url&quot;:&quot;https:\\\/\\\/www.greenpeace.org\\\/static\\\/planet4-turkey-stateless\\\/2021\\\/08\\\/68299878-whatsapp-image-2021-08-07-at-09.46.18.jpeg&quot;,&quot;focalPoint&quot;:{&quot;x&quot;:0.5,&quot;y&quot;:0.5},&quot;id&quot;:6526},{&quot;url&quot;:&quot;https:\\\/\\\/www.greenpeace.org\\\/static\\\/planet4-turkey-stateless\\\/2021\\\/08\\\/2f738237-whatsapp-image-2021-08-07-at-10.15.50-1.jpeg&quot;,&quot;focalPoint&quot;:{&quot;x&quot;:0.5,&quot;y&quot;:0.5},&quot;id&quot;:6520}],&quot;gallery_block_style&quot;:0,&quot;gallery_block_title&quot;:&quot;&quot;,&quot;gallery_block_description&quot;:&quot;&quot;,&quot;gallery_block_focus_points&quot;:&quot;&quot;,&quot;images&quot;:[{&quot;image_src&quot;:&quot;https:\\\/\\\/www.greenpeace.org\\\/static\\\/planet4-turkey-stateless\\\/2021\\\/08\\\/e96139c0-whatsapp-image-2021-08-07-at-09.44.16.jpeg&quot;,&quot;image_srcset&quot;:&quot;https:\\\/\\\/www.greenpeace.org\\\/static\\\/planet4-turkey-stateless\\\/2021\\\/08\\\/e96139c0-whatsapp-image-2021-08-07-at-09.44.16.jpeg 1600w, https:\\\/\\\/www.greenpeace.org\\\/static\\\/planet4-turkey-stateless\\\/2021\\\/08\\\/e96139c0-whatsapp-image-2021-08-07-at-09.44.16-300x225.jpeg 300w, https:\\\/\\\/www.greenpeace.org\\\/static\\\/planet4-turkey-stateless\\\/2021\\\/08\\\/e96139c0-whatsapp-image-2021-08-07-at-09.44.16-1024x768.jpeg 1024w, https:\\\/\\\/www.greenpeace.org\\\/static\\\/planet4-turkey-stateless\\\/2021\\\/08\\\/e96139c0-whatsapp-image-2021-08-07-at-09.44.16-768x576.jpeg 768w, https:\\\/\\\/www.greenpeace.org\\\/static\\\/planet4-turkey-stateless\\\/2021\\\/08\\\/e96139c0-whatsapp-image-2021-08-07-at-09.44.16-1536x1152.jpeg 1536w, https:\\\/\\\/www.greenpeace.org\\\/static\\\/planet4-turkey-stateless\\\/2021\\\/08\\\/e96139c0-whatsapp-image-2021-08-07-at-09.44.16-453x340.jpeg 453w&quot;,&quot;image_sizes&quot;:false,&quot;alt_text&quot;:&quot;&quot;,&quot;caption&quot;:&quot;&quot;,&quot;focus_image&quot;:&quot;&quot;,&quot;credits&quot;:&quot;&quot;},{&quot;image_src&quot;:&quot;https:\\\/\\\/www.greenpeace.org\\\/static\\\/planet4-turkey-stateless\\\/2021\\\/08\\\/136294f6-whatsapp-image-2021-08-07-at-09.46.22.jpeg&quot;,&quot;image_srcset&quot;:&quot;https:\\\/\\\/www.greenpeace.org\\\/static\\\/planet4-turkey-stateless\\\/2021\\\/08\\\/136294f6-whatsapp-image-2021-08-07-at-09.46.22.jpeg 1200w, https:\\\/\\\/www.greenpeace.org\\\/static\\\/planet4-turkey-stateless\\\/2021\\\/08\\\/136294f6-whatsapp-image-2021-08-07-at-09.46.22-225x300.jpeg 225w, https:\\\/\\\/www.greenpeace.org\\\/static\\\/planet4-turkey-stateless\\\/2021\\\/08\\\/136294f6-whatsapp-image-2021-08-07-at-09.46.22-768x1024.jpeg 768w, https:\\\/\\\/www.greenpeace.org\\\/static\\\/planet4-turkey-stateless\\\/2021\\\/08\\\/136294f6-whatsapp-image-2021-08-07-at-09.46.22-1152x1536.jpeg 1152w, https:\\\/\\\/www.greenpeace.org\\\/static\\\/planet4-turkey-stateless\\\/2021\\\/08\\\/136294f6-whatsapp-image-2021-08-07-at-09.46.22-1025x1366.jpeg 1025w, https:\\\/\\\/www.greenpeace.org\\\/static\\\/planet4-turkey-stateless\\\/2021\\\/08\\\/136294f6-whatsapp-image-2021-08-07-at-09.46.22-255x340.jpeg 255w&quot;,&quot;image_sizes&quot;:false,&quot;alt_text&quot;:&quot;&quot;,&quot;caption&quot;:&quot;&quot;,&quot;focus_image&quot;:&quot;&quot;,&quot;credits&quot;:&quot;&quot;},{&quot;image_src&quot;:&quot;https:\\\/\\\/www.greenpeace.org\\\/static\\\/planet4-turkey-stateless\\\/2021\\\/08\\\/daa8fcfc-whatsapp-image-2021-08-07-at-09.46.20.jpeg&quot;,&quot;image_srcset&quot;:&quot;https:\\\/\\\/www.greenpeace.org\\\/static\\\/planet4-turkey-stateless\\\/2021\\\/08\\\/daa8fcfc-whatsapp-image-2021-08-07-at-09.46.20.jpeg 1200w, https:\\\/\\\/www.greenpeace.org\\\/static\\\/planet4-turkey-stateless\\\/2021\\\/08\\\/daa8fcfc-whatsapp-image-2021-08-07-at-09.46.20-225x300.jpeg 225w, https:\\\/\\\/www.greenpeace.org\\\/static\\\/planet4-turkey-stateless\\\/2021\\\/08\\\/daa8fcfc-whatsapp-image-2021-08-07-at-09.46.20-768x1024.jpeg 768w, https:\\\/\\\/www.greenpeace.org\\\/static\\\/planet4-turkey-stateless\\\/2021\\\/08\\\/daa8fcfc-whatsapp-image-2021-08-07-at-09.46.20-1152x1536.jpeg 1152w, https:\\\/\\\/www.greenpeace.org\\\/static\\\/planet4-turkey-stateless\\\/2021\\\/08\\\/daa8fcfc-whatsapp-image-2021-08-07-at-09.46.20-1025x1366.jpeg 1025w, https:\\\/\\\/www.greenpeace.org\\\/static\\\/planet4-turkey-stateless\\\/2021\\\/08\\\/daa8fcfc-whatsapp-image-2021-08-07-at-09.46.20-255x340.jpeg 255w&quot;,&quot;image_sizes&quot;:false,&quot;alt_text&quot;:&quot;&quot;,&quot;caption&quot;:&quot;&quot;,&quot;focus_image&quot;:&quot;&quot;,&quot;credits&quot;:&quot;&quot;},{&quot;image_src&quot;:&quot;https:\\\/\\\/www.greenpeace.org\\\/static\\\/planet4-turkey-stateless\\\/2021\\\/08\\\/68299878-whatsapp-image-2021-08-07-at-09.46.18.jpeg&quot;,&quot;image_srcset&quot;:&quot;https:\\\/\\\/www.greenpeace.org\\\/static\\\/planet4-turkey-stateless\\\/2021\\\/08\\\/68299878-whatsapp-image-2021-08-07-at-09.46.18.jpeg 1200w, https:\\\/\\\/www.greenpeace.org\\\/static\\\/planet4-turkey-stateless\\\/2021\\\/08\\\/68299878-whatsapp-image-2021-08-07-at-09.46.18-225x300.jpeg 225w, https:\\\/\\\/www.greenpeace.org\\\/static\\\/planet4-turkey-stateless\\\/2021\\\/08\\\/68299878-whatsapp-image-2021-08-07-at-09.46.18-768x1024.jpeg 768w, https:\\\/\\\/www.greenpeace.org\\\/static\\\/planet4-turkey-stateless\\\/2021\\\/08\\\/68299878-whatsapp-image-2021-08-07-at-09.46.18-1152x1536.jpeg 1152w, https:\\\/\\\/www.greenpeace.org\\\/static\\\/planet4-turkey-stateless\\\/2021\\\/08\\\/68299878-whatsapp-image-2021-08-07-at-09.46.18-1025x1366.jpeg 1025w, https:\\\/\\\/www.greenpeace.org\\\/static\\\/planet4-turkey-stateless\\\/2021\\\/08\\\/68299878-whatsapp-image-2021-08-07-at-09.46.18-255x340.jpeg 255w&quot;,&quot;image_sizes&quot;:false,&quot;alt_text&quot;:&quot;&quot;,&quot;caption&quot;:&quot;&quot;,&quot;focus_image&quot;:&quot;&quot;,&quot;credits&quot;:&quot;&quot;},{&quot;image_src&quot;:&quot;https:\\\/\\\/www.greenpeace.org\\\/static\\\/planet4-turkey-stateless\\\/2021\\\/08\\\/2f738237-whatsapp-image-2021-08-07-at-10.15.50-1.jpeg&quot;,&quot;image_srcset&quot;:&quot;https:\\\/\\\/www.greenpeace.org\\\/static\\\/planet4-turkey-stateless\\\/2021\\\/08\\\/2f738237-whatsapp-image-2021-08-07-at-10.15.50-1.jpeg 1024w, https:\\\/\\\/www.greenpeace.org\\\/static\\\/planet4-turkey-stateless\\\/2021\\\/08\\\/2f738237-whatsapp-image-2021-08-07-at-10.15.50-1-300x225.jpeg 300w, https:\\\/\\\/www.greenpeace.org\\\/static\\\/planet4-turkey-stateless\\\/2021\\\/08\\\/2f738237-whatsapp-image-2021-08-07-at-10.15.50-1-768x576.jpeg 768w, https:\\\/\\\/www.greenpeace.org\\\/static\\\/planet4-turkey-stateless\\\/2021\\\/08\\\/2f738237-whatsapp-image-2021-08-07-at-10.15.50-1-453x340.jpeg 453w&quot;,&quot;image_sizes&quot;:false,&quot;alt_text&quot;:&quot;&quot;,&quot;caption&quot;:&quot;&quot;,&quot;focus_image&quot;:&quot;&quot;,&quot;credits&quot;:&quot;&quot;}]}}\"><\/div>\n<hr class=\"wp-block-separator\"\/>\n\n<p><em><span class=\"has-inline-color has-grey-600-color\"><strong>6 A\u011fustos \/ 23.00<\/strong><\/span><\/em><\/p>\n\n<p>Cumhurba\u015fkan\u0131 Erdo\u011fan, Twitter hesab\u0131ndan yapt\u0131\u011f\u0131 a\u00e7\u0131klamada 46 ildeki, 214 orman yang\u0131n\u0131ndan 202 tanesinin kontrol alt\u0131na al\u0131nd\u0131\u011f\u0131n\u0131 payla\u015ft\u0131.<\/p>\n\n<p><em><strong><span class=\"has-inline-color has-grey-600-color\">6 A\u011fustos \/ 21.07<\/span><\/strong><\/em><\/p>\n\n<p>Mu\u011fla B\u00fcy\u00fck\u015fehir Belediyesi, Avusturya&#8217;dan 4.5 ton su kapasiteli yang\u0131n s\u00f6nd\u00fcrme helikopteri getirdi.<\/p>\n\n<p><em><strong><span class=\"has-inline-color has-grey-600-color\">6 A\u011fustos \/ 20.45<\/span><\/strong><\/em><\/p>\n\n<p>D\u0131\u015fi\u015fleri Bakan\u0131 Mevl\u00fct \u00c7avu\u015fo\u011flu, \u00c7evre ve \u015eehircilik Bakan\u0131 Murat Kurum ve Ula\u015ft\u0131rma ve Altyap\u0131 Bakan\u0131 Adil Karaismailo\u011flu, Antalya-Manavgat&#8217;ta bir bas\u0131n toplant\u0131s\u0131 d\u00fczenledi. Bakan \u00c7avu\u015fo\u011flu, Antalya&#8217;daki yang\u0131nlar\u0131n &#8220;\u0130brad\u0131 il\u00e7esi hari\u00e7 s\u00f6nd\u00fcr\u00fcld\u00fc\u011f\u00fcn\u00fc&#8221; a\u00e7\u0131klad\u0131.<\/p>\n\n<p><em><strong><span class=\"has-inline-color has-grey-600-color\">6 A\u011fustos \/ 19.15<\/span><\/strong><\/em><\/p>\n\n<p>Polonya, birka\u00e7 farkl\u0131 ilde \u00e7\u0131kan yang\u0131nlarla m\u00fccadele eden T\u00fcrkiye&#8217;ye destek i\u00e7in 6 itfaiyeci ve 8 polisten olu\u015facak 14 ki\u015filik ekibin yan\u0131 s\u0131ra 1 itfaiye arac\u0131 ve 1 adet de Black Hawk polis helikopteri g\u00f6nderecek.<\/p>\n\n<p><em><strong><span class=\"has-inline-color has-grey-600-color\">6 A\u011fustos \/ 19.00<\/span><\/strong><\/em><\/p>\n\n<p>Mu\u011fla K\u00f6yce\u011fiz\u2019de ba\u015flayan orman yang\u0131nlar\u0131na m\u00fcdahale etmek \u00fczere yola \u00e7\u0131kan 3 ki\u015finin mahsur kald\u0131\u011f\u0131, AFAD ekiplerinin yapt\u0131\u011f\u0131 anonsla bildirildi. Ba\u015flat\u0131lan kurtarma \u00e7al\u0131\u015fmalar\u0131nda ekipten bir ki\u015fiye ula\u015f\u0131ld\u0131.<\/p>\n\n<p><em><strong><span class=\"has-inline-color has-grey-600-color\">6 A\u011fustos \/ 18.50<\/span><\/strong><\/em><\/p>\n\n<p><strong>ALEVLER EVLERE KADAR YAKLA\u015eTI<\/strong><\/p>\n\n<p>Mu\u011fla\u2019n\u0131n Yata\u011fan il\u00e7esi Hac\u0131veliler mahallesinde \u00e7\u0131kan yang\u0131n h\u0131zla yay\u0131larak G\u00f6kbel Da\u011f\u0131\u2019n\u0131 a\u015f\u0131p \u00c7ine il\u00e7esi k\u0131rsal Ak\u00e7aova Mahallesi yak\u0131nlar\u0131na kadar geldi. R\u00fczgar\u0131n etkisiyle kontrol alt\u0131na al\u0131nmakta zorlan\u0131lan yang\u0131n evleri tehdit etmeye ba\u015flad\u0131. K\u00f6yl\u00fcler, alevlerin evlerine kadar gelmesinden endi\u015fe edip, g\u00f6zya\u015flar\u0131 i\u00e7inde yang\u0131n\u0131 izledi. K\u00f6yl\u00fclerden baz\u0131lar\u0131 tedbir amac\u0131yla hayvanlar\u0131n\u0131 mahallenin d\u0131\u015f\u0131na do\u011fru g\u00f6t\u00fcrd\u00fc. Alevlerin yakla\u015ft\u0131\u011f\u0131 b\u00f6lgede oturan k\u00f6yl\u00fclerden baz\u0131lar\u0131 ise evlerini bo\u015faltmaya ba\u015flad\u0131.<\/p>\n\n<p><em><strong><span class=\"has-inline-color has-grey-600-color\">6 A\u011fustos \/ 18.30<\/span><\/strong><\/em><\/p>\n\n<p>Economist Dergisi, son say\u0131s\u0131nda T\u00fcrkiye yang\u0131nlar\u0131na yer verdi. Dergi yang\u0131nlarla ilgili \u015fu ifadeleri kulland\u0131; \u200b\u200b&#8221;T\u00fcrkiye, iklim de\u011fi\u015fikli\u011finin \u015fiddetlendirdi\u011fi onlarca y\u0131ll\u0131k \u00e7evre tahribat\u0131n\u0131n ceremesini \u00e7ekiyor. Bu yaz\u0131n ba\u015flar\u0131nda, kabaca &#8216;deniz salyas\u0131&#8217; olarak bilinen kal\u0131n m\u00fcsilaj tabakalar\u0131, y\u00fckselen s\u0131cakl\u0131klar, in\u015faat \u00e7\u0131lg\u0131nl\u0131\u011f\u0131 ve end\u00fcstriyel ak\u0131nt\u0131n\u0131n bir sonucu olarak Marmara Denizi&#8217;ne, \u0130stanbul&#8217;un g\u00fcneyine yay\u0131ld\u0131. \u015eiddetli bir kurakl\u0131k ve suyun tar\u0131m i\u00e7in y\u00f6nlendirilmesi, muhtemelen Anadolu&#8217;daki tuzlu sudan olu\u015fan bir g\u00f6lde binlerce yavru flamingonun \u00f6l\u00fcm\u00fcnden sorumluydu. Her y\u0131l \u00fclkenin k\u0131y\u0131lar\u0131n\u0131 kaplayan ormanlar daha fazla i\u00e7 kesimlere \u00e7ekiliyor, yerlerini s\u0131ra s\u0131ra yazl\u0131klar ve oteller al\u0131yor. Erdo\u011fan&#8217;\u0131n bakanlar\u0131, in\u015faat\u00e7\u0131lar\u0131 bu yaz \u00e7\u0131kan yang\u0131nlar\u0131n kavurdu\u011fu b\u00f6lgelerden uzak tutmaya s\u00f6z verdiler. S\u00f6zlerine sad\u0131k kalsalar bile yang\u0131nlar, iklim de\u011fi\u015fikli\u011fini uzak tutman\u0131n ne kadar zorla\u015ft\u0131\u011f\u0131n\u0131 g\u00f6sterdi.&#8221;<\/p>\n\n<p><em><span class=\"has-inline-color has-grey-600-color\"><strong>6 A\u011fustos \/ 18.11<\/strong><\/span><\/em><\/p>\n\n<p>\u0130ki g\u00fcnd\u00fcr \u0130kizce K\u00f6y\u00fcndeyiz. Yang\u0131n yava\u015flad\u0131, s\u00f6nen b\u00f6lgelerde itfaiye so\u011futma \u00e7al\u0131\u015fmas\u0131na ba\u015flad\u0131. \u0130tfaiye engebeli ve kayal\u0131k araziye giremiyor, m\u00fcdahale edilebilecek bir seviyeye geldi\u011finde s\u00f6nd\u00fcrme \u00e7al\u0131\u015fmas\u0131 yapabiliyor. Bekleme alan\u0131m\u0131zdan g\u00f6r\u00fcnt\u00fc bu \u015fekilde:<\/p>\n\n<div class=\"wp-block-image\"><figure class=\"aligncenter size-large\"><img loading=\"lazy\" decoding=\"async\" width=\"1024\" height=\"642\" src=\"https:\/\/www.greenpeace.org\/static\/planet4-turkey-stateless\/2021\/08\/d0362586-060821-1821-pic.jpg\" alt=\"\" class=\"wp-image-6507\" srcset=\"https:\/\/www.greenpeace.org\/static\/planet4-turkey-stateless\/2021\/08\/d0362586-060821-1821-pic.jpg 1024w, https:\/\/www.greenpeace.org\/static\/planet4-turkey-stateless\/2021\/08\/d0362586-060821-1821-pic-300x188.jpg 300w, https:\/\/www.greenpeace.org\/static\/planet4-turkey-stateless\/2021\/08\/d0362586-060821-1821-pic-768x482.jpg 768w, https:\/\/www.greenpeace.org\/static\/planet4-turkey-stateless\/2021\/08\/d0362586-060821-1821-pic-510x320.jpg 510w\" sizes=\"auto, (max-width: 1024px) 100vw, 1024px\" \/><\/figure><\/div>\n\n<p><em><strong><span class=\"has-inline-color has-grey-600-color\">6 A\u011fustos \/ 17.30<\/span><\/strong><\/em><\/p>\n\n<p>Karab\u00fck\u2019\u00fcn \u00d6demi\u015f k\u00f6y\u00fcndeki ormanl\u0131k alanda yang\u0131n ba\u015flad\u0131. Da\u011fl\u0131k alanda etkili olan yang\u0131n\u0131 s\u00f6nd\u00fcrme \u00e7al\u0131\u015fmalar\u0131 s\u00fcr\u00fcyor.<\/p>\n\n<p><em><strong><span class=\"has-inline-color has-grey-600-color\">6 A\u011fustos \/ 15.22<\/span><\/strong><\/em><\/p>\n\n<p>Tar\u0131m ve Orman Bakan\u0131 Bekir Pakdemirli, Antalya Manavgat ve G\u00fcndo\u011fmu\u015f yang\u0131nlar\u0131n\u0131n kontrol alt\u0131na al\u0131nd\u0131\u011f\u0131n\u0131, so\u011futma \u00e7al\u0131\u015fmalar\u0131n\u0131n devam etti\u011fini duyurdu.<\/p>\n\n<figure class=\"wp-block-embed is-type-rich is-provider-twitter wp-block-embed-twitter\"><div class=\"wp-block-embed__wrapper\">\n<blockquote class=\"twitter-tweet\" data-width=\"500\" data-dnt=\"true\"><p lang=\"tr\" dir=\"ltr\">ANTALYA MANAVGAT VE G\u00dcNDO\u011eMU\u015e YANGINLARI KONTROL ALTINA ALINDI.<br><br>So\u011futma \u00e7al\u0131\u015fmalar\u0131 devam ediyor.<br><br>G\u00fcnlerdir b\u00fcy\u00fck bir \u00f6zveri ile yang\u0131nlarla m\u00fccadele eden <a href=\"https:\/\/twitter.com\/hashtag\/Orman%C4%B1nKahramanlar%C4%B1?src=hash&amp;ref_src=twsrc%5Etfw\">#Orman\u0131nKahramanlar\u0131<\/a>\u2019n\u0131 y\u00fcrekten kutluyorum.<\/p>&mdash; Dr. Bekir Pakdemirli (@bekirpakdemirli) <a href=\"https:\/\/twitter.com\/bekirpakdemirli\/status\/1423620597746184199?ref_src=twsrc%5Etfw\">August 6, 2021<\/a><\/blockquote><script async src=\"https:\/\/platform.twitter.com\/widgets.js\" charset=\"utf-8\"><\/script>\n<\/div><\/figure>\n\n<p><em><strong><span class=\"has-inline-color has-grey-600-color\">6 A\u011fustos \/ 10.28<\/span><\/strong><\/em>  <strong><span class=\"has-inline-color has-grey-600-color\">&#8211; SAHADAK\u0130 ARKADA\u015eLARIMIZDAN G\u00dcNCELLEME<\/span><\/strong><\/p>\n\n<p>D\u00fcn Marmaris koordinasyon merkezinden t\u00fcm T\u00fcrkiye\u2019den belediyeye g\u00f6nderilen yard\u0131mlardan mag ve itfaiyenin ihtiyac\u0131 olan malzemeleri ald\u0131k. Daha sonra \u0130kizce K\u00f6y\u00fc&#8217;ne ge\u00e7tik ve orada iki saat bekledik. Sonra haber geldi ve alana hareket ettik. Fakat alana gitti\u011fimizde r\u00fczgar y\u00f6n de\u011fi\u015ftirdi, yang\u0131n b\u00fcy\u00fcd\u00fc. Ekiplerle birlikte geri d\u00f6nmek zorunda kald\u0131k. Bu sabah getirdi\u011fimiz g\u00fcne\u015f panellerini kurduk. \u00c7al\u0131\u015fma ekiplerinin telefon ve telsizleri panellerimizden ald\u0131\u011f\u0131m\u0131z enerji ile \u015farj edilmekte. D\u00fcn m\u00fcdahale edemedi\u011fimiz yang\u0131n neyse ki \u00e7ok yay\u0131lmam\u0131\u015f. Bug\u00fcn so\u011futma \u00e7al\u0131\u015fmalar\u0131na destek olmay\u0131 planl\u0131yoruz.<\/p>\n<div data-render=\"planet4-blocks\/gallery\" data-attributes=\"{&quot;attributes&quot;:{&quot;multiple_image&quot;:&quot;6482,6483,6484&quot;,&quot;image_data&quot;:[{&quot;url&quot;:&quot;https:\\\/\\\/www.greenpeace.org\\\/static\\\/planet4-turkey-stateless\\\/2021\\\/08\\\/dc7749ab-whatsapp-image-2021-08-06-at-10.38.13.jpeg&quot;,&quot;focalPoint&quot;:{&quot;x&quot;:0.5,&quot;y&quot;:0.5},&quot;id&quot;:6482},{&quot;url&quot;:&quot;https:\\\/\\\/www.greenpeace.org\\\/static\\\/planet4-turkey-stateless\\\/2021\\\/08\\\/808b11fc-whatsapp-image-2021-08-06-at-10.38.14.jpeg&quot;,&quot;focalPoint&quot;:{&quot;x&quot;:0.5,&quot;y&quot;:0.5},&quot;id&quot;:6483},{&quot;url&quot;:&quot;https:\\\/\\\/www.greenpeace.org\\\/static\\\/planet4-turkey-stateless\\\/2021\\\/08\\\/045e680a-whatsapp-image-2021-08-06-at-10.38.15.jpeg&quot;,&quot;focalPoint&quot;:{&quot;x&quot;:0.5,&quot;y&quot;:0.5},&quot;id&quot;:6484}],&quot;gallery_block_style&quot;:0,&quot;gallery_block_title&quot;:&quot;&quot;,&quot;gallery_block_description&quot;:&quot;&quot;,&quot;gallery_block_focus_points&quot;:&quot;&quot;,&quot;images&quot;:[{&quot;image_src&quot;:&quot;https:\\\/\\\/www.greenpeace.org\\\/static\\\/planet4-turkey-stateless\\\/2021\\\/08\\\/dc7749ab-whatsapp-image-2021-08-06-at-10.38.13.jpeg&quot;,&quot;image_srcset&quot;:&quot;https:\\\/\\\/www.greenpeace.org\\\/static\\\/planet4-turkey-stateless\\\/2021\\\/08\\\/dc7749ab-whatsapp-image-2021-08-06-at-10.38.13.jpeg 1536w, https:\\\/\\\/www.greenpeace.org\\\/static\\\/planet4-turkey-stateless\\\/2021\\\/08\\\/dc7749ab-whatsapp-image-2021-08-06-at-10.38.13-225x300.jpeg 225w, https:\\\/\\\/www.greenpeace.org\\\/static\\\/planet4-turkey-stateless\\\/2021\\\/08\\\/dc7749ab-whatsapp-image-2021-08-06-at-10.38.13-768x1024.jpeg 768w, https:\\\/\\\/www.greenpeace.org\\\/static\\\/planet4-turkey-stateless\\\/2021\\\/08\\\/dc7749ab-whatsapp-image-2021-08-06-at-10.38.13-1152x1536.jpeg 1152w, https:\\\/\\\/www.greenpeace.org\\\/static\\\/planet4-turkey-stateless\\\/2021\\\/08\\\/dc7749ab-whatsapp-image-2021-08-06-at-10.38.13-1025x1366.jpeg 1025w, https:\\\/\\\/www.greenpeace.org\\\/static\\\/planet4-turkey-stateless\\\/2021\\\/08\\\/dc7749ab-whatsapp-image-2021-08-06-at-10.38.13-255x340.jpeg 255w&quot;,&quot;image_sizes&quot;:false,&quot;alt_text&quot;:&quot;&quot;,&quot;caption&quot;:&quot;&quot;,&quot;focus_image&quot;:&quot;&quot;,&quot;credits&quot;:&quot;&quot;},{&quot;image_src&quot;:&quot;https:\\\/\\\/www.greenpeace.org\\\/static\\\/planet4-turkey-stateless\\\/2021\\\/08\\\/808b11fc-whatsapp-image-2021-08-06-at-10.38.14.jpeg&quot;,&quot;image_srcset&quot;:&quot;https:\\\/\\\/www.greenpeace.org\\\/static\\\/planet4-turkey-stateless\\\/2021\\\/08\\\/808b11fc-whatsapp-image-2021-08-06-at-10.38.14.jpeg 1536w, https:\\\/\\\/www.greenpeace.org\\\/static\\\/planet4-turkey-stateless\\\/2021\\\/08\\\/808b11fc-whatsapp-image-2021-08-06-at-10.38.14-225x300.jpeg 225w, https:\\\/\\\/www.greenpeace.org\\\/static\\\/planet4-turkey-stateless\\\/2021\\\/08\\\/808b11fc-whatsapp-image-2021-08-06-at-10.38.14-768x1024.jpeg 768w, https:\\\/\\\/www.greenpeace.org\\\/static\\\/planet4-turkey-stateless\\\/2021\\\/08\\\/808b11fc-whatsapp-image-2021-08-06-at-10.38.14-1152x1536.jpeg 1152w, https:\\\/\\\/www.greenpeace.org\\\/static\\\/planet4-turkey-stateless\\\/2021\\\/08\\\/808b11fc-whatsapp-image-2021-08-06-at-10.38.14-1025x1366.jpeg 1025w, https:\\\/\\\/www.greenpeace.org\\\/static\\\/planet4-turkey-stateless\\\/2021\\\/08\\\/808b11fc-whatsapp-image-2021-08-06-at-10.38.14-255x340.jpeg 255w&quot;,&quot;image_sizes&quot;:false,&quot;alt_text&quot;:&quot;&quot;,&quot;caption&quot;:&quot;&quot;,&quot;focus_image&quot;:&quot;&quot;,&quot;credits&quot;:&quot;&quot;},{&quot;image_src&quot;:&quot;https:\\\/\\\/www.greenpeace.org\\\/static\\\/planet4-turkey-stateless\\\/2021\\\/08\\\/045e680a-whatsapp-image-2021-08-06-at-10.38.15.jpeg&quot;,&quot;image_srcset&quot;:&quot;https:\\\/\\\/www.greenpeace.org\\\/static\\\/planet4-turkey-stateless\\\/2021\\\/08\\\/045e680a-whatsapp-image-2021-08-06-at-10.38.15.jpeg 1536w, https:\\\/\\\/www.greenpeace.org\\\/static\\\/planet4-turkey-stateless\\\/2021\\\/08\\\/045e680a-whatsapp-image-2021-08-06-at-10.38.15-225x300.jpeg 225w, https:\\\/\\\/www.greenpeace.org\\\/static\\\/planet4-turkey-stateless\\\/2021\\\/08\\\/045e680a-whatsapp-image-2021-08-06-at-10.38.15-768x1024.jpeg 768w, https:\\\/\\\/www.greenpeace.org\\\/static\\\/planet4-turkey-stateless\\\/2021\\\/08\\\/045e680a-whatsapp-image-2021-08-06-at-10.38.15-1152x1536.jpeg 1152w, https:\\\/\\\/www.greenpeace.org\\\/static\\\/planet4-turkey-stateless\\\/2021\\\/08\\\/045e680a-whatsapp-image-2021-08-06-at-10.38.15-1025x1366.jpeg 1025w, https:\\\/\\\/www.greenpeace.org\\\/static\\\/planet4-turkey-stateless\\\/2021\\\/08\\\/045e680a-whatsapp-image-2021-08-06-at-10.38.15-255x340.jpeg 255w&quot;,&quot;image_sizes&quot;:false,&quot;alt_text&quot;:&quot;&quot;,&quot;caption&quot;:&quot;&quot;,&quot;focus_image&quot;:&quot;&quot;,&quot;credits&quot;:&quot;&quot;}]}}\"><\/div>\n<figure class=\"wp-block-embed is-type-rich is-provider-embed-handler wp-block-embed-embed-handler\"><div class=\"wp-block-embed__wrapper\">\n<div style=\"width: 640px;\" class=\"wp-video\"><video class=\"wp-video-shortcode\" id=\"video-6435-1\" width=\"640\" height=\"360\" preload=\"metadata\" controls=\"controls\"><source type=\"video\/mp4\" src=\"https:\/\/www.greenpeace.org\/static\/planet4-turkey-stateless\/2021\/08\/dc742d9a-whatsapp-video-2021-08-06-at-10.38.49.mp4?_=1\" \/><a href=\"https:\/\/www.greenpeace.org\/static\/planet4-turkey-stateless\/2021\/08\/dc742d9a-whatsapp-video-2021-08-06-at-10.38.49.mp4\">https:\/\/www.greenpeace.org\/static\/planet4-turkey-stateless\/2021\/08\/dc742d9a-whatsapp-video-2021-08-06-at-10.38.49.mp4<\/a><\/video><\/div>\n<\/div><\/figure>\n\n<hr class=\"wp-block-separator\"\/>\n\n<p><span class=\"has-inline-color has-grey-600-color\"><em><strong>6 A\u011fustos \/ 09.40<\/strong><\/em><\/span><\/p>\n<div data-render=\"planet4-blocks\/gallery\" data-attributes=\"{&quot;attributes&quot;:{&quot;gallery_block_description&quot;:&quot;Mu\\u011fla \\u0130kizce K\\u00f6y\\u00fc&#039;ndeyiz. Yang\\u0131nla m\\u00fccadele eden ekiplerin yararlanmas\\u0131 i\\u00e7in kurdu\\u011fumuz g\\u00fcne\\u015f enerjili \\u015farj istasyonumuzun kurulumunu tamamlad\\u0131k. Gece boyu sahada olan ekipler \\u015fimdi istasyonda elektronik ara\\u00e7\\\/gere\\u00e7lerini \\u015farj ediyorlar.&quot;,&quot;multiple_image&quot;:&quot;6472,6473,6474,6475,6476,6477,6478,6518&quot;,&quot;image_data&quot;:[{&quot;url&quot;:&quot;https:\\\/\\\/www.greenpeace.org\\\/static\\\/planet4-turkey-stateless\\\/2021\\\/08\\\/4857bcb1-yangin-yeri-greenpeace-sarj-istasyonu-2.jpeg&quot;,&quot;focalPoint&quot;:{&quot;x&quot;:0.5,&quot;y&quot;:0.5},&quot;id&quot;:6472},{&quot;url&quot;:&quot;https:\\\/\\\/www.greenpeace.org\\\/static\\\/planet4-turkey-stateless\\\/2021\\\/08\\\/d05b0820-yangin-yeri-greenpeace-sarj-istasyonu-4.jpeg&quot;,&quot;focalPoint&quot;:{&quot;x&quot;:0.5,&quot;y&quot;:0.5},&quot;id&quot;:6473},{&quot;url&quot;:&quot;https:\\\/\\\/www.greenpeace.org\\\/static\\\/planet4-turkey-stateless\\\/2021\\\/08\\\/4ff8b44e-yangin-yeri-greenpeace-sarj-istasyonu-3.jpeg&quot;,&quot;focalPoint&quot;:{&quot;x&quot;:0.5,&quot;y&quot;:0.5},&quot;id&quot;:6474},{&quot;url&quot;:&quot;https:\\\/\\\/www.greenpeace.org\\\/static\\\/planet4-turkey-stateless\\\/2021\\\/08\\\/e5c13a71-yangin-yeri-greenpeace-sarj-istasyonu-1.png&quot;,&quot;focalPoint&quot;:{&quot;x&quot;:0.5,&quot;y&quot;:0.5},&quot;id&quot;:6475},{&quot;url&quot;:&quot;https:\\\/\\\/www.greenpeace.org\\\/static\\\/planet4-turkey-stateless\\\/2021\\\/08\\\/3aa2132a-yangin-yeri-greenpeace-sarj-istasyonu-5.jpeg&quot;,&quot;focalPoint&quot;:{&quot;x&quot;:0.5,&quot;y&quot;:0.5},&quot;id&quot;:6476},{&quot;url&quot;:&quot;https:\\\/\\\/www.greenpeace.org\\\/static\\\/planet4-turkey-stateless\\\/2021\\\/08\\\/089f2796-yangin-yeri-greenpeace-sarj-istasyonu-7.jpeg&quot;,&quot;focalPoint&quot;:{&quot;x&quot;:0.5,&quot;y&quot;:0.5},&quot;id&quot;:6477},{&quot;url&quot;:&quot;https:\\\/\\\/www.greenpeace.org\\\/static\\\/planet4-turkey-stateless\\\/2021\\\/08\\\/e51433f7-yangin-yeri-greenpeace-sarj-istasyonu-6.jpeg&quot;,&quot;focalPoint&quot;:{&quot;x&quot;:0.5,&quot;y&quot;:0.5},&quot;id&quot;:6478},{&quot;url&quot;:&quot;https:\\\/\\\/www.greenpeace.org\\\/static\\\/planet4-turkey-stateless\\\/2021\\\/08\\\/7a8c10d3-whatsapp-image-2021-08-07-at-09.46.47.jpeg&quot;,&quot;focalPoint&quot;:{&quot;x&quot;:0.5,&quot;y&quot;:0.5},&quot;id&quot;:6518}],&quot;gallery_block_style&quot;:0,&quot;gallery_block_title&quot;:&quot;&quot;,&quot;gallery_block_focus_points&quot;:&quot;&quot;,&quot;images&quot;:[{&quot;image_src&quot;:&quot;https:\\\/\\\/www.greenpeace.org\\\/static\\\/planet4-turkey-stateless\\\/2021\\\/08\\\/4857bcb1-yangin-yeri-greenpeace-sarj-istasyonu-2.jpeg&quot;,&quot;image_srcset&quot;:&quot;https:\\\/\\\/www.greenpeace.org\\\/static\\\/planet4-turkey-stateless\\\/2021\\\/08\\\/4857bcb1-yangin-yeri-greenpeace-sarj-istasyonu-2.jpeg 1536w, https:\\\/\\\/www.greenpeace.org\\\/static\\\/planet4-turkey-stateless\\\/2021\\\/08\\\/4857bcb1-yangin-yeri-greenpeace-sarj-istasyonu-2-225x300.jpeg 225w, https:\\\/\\\/www.greenpeace.org\\\/static\\\/planet4-turkey-stateless\\\/2021\\\/08\\\/4857bcb1-yangin-yeri-greenpeace-sarj-istasyonu-2-768x1024.jpeg 768w, https:\\\/\\\/www.greenpeace.org\\\/static\\\/planet4-turkey-stateless\\\/2021\\\/08\\\/4857bcb1-yangin-yeri-greenpeace-sarj-istasyonu-2-1152x1536.jpeg 1152w, https:\\\/\\\/www.greenpeace.org\\\/static\\\/planet4-turkey-stateless\\\/2021\\\/08\\\/4857bcb1-yangin-yeri-greenpeace-sarj-istasyonu-2-1025x1366.jpeg 1025w, https:\\\/\\\/www.greenpeace.org\\\/static\\\/planet4-turkey-stateless\\\/2021\\\/08\\\/4857bcb1-yangin-yeri-greenpeace-sarj-istasyonu-2-255x340.jpeg 255w&quot;,&quot;image_sizes&quot;:false,&quot;alt_text&quot;:&quot;&quot;,&quot;caption&quot;:&quot;&quot;,&quot;focus_image&quot;:&quot;&quot;,&quot;credits&quot;:&quot;&quot;},{&quot;image_src&quot;:&quot;https:\\\/\\\/www.greenpeace.org\\\/static\\\/planet4-turkey-stateless\\\/2021\\\/08\\\/d05b0820-yangin-yeri-greenpeace-sarj-istasyonu-4.jpeg&quot;,&quot;image_srcset&quot;:&quot;https:\\\/\\\/www.greenpeace.org\\\/static\\\/planet4-turkey-stateless\\\/2021\\\/08\\\/d05b0820-yangin-yeri-greenpeace-sarj-istasyonu-4.jpeg 1024w, https:\\\/\\\/www.greenpeace.org\\\/static\\\/planet4-turkey-stateless\\\/2021\\\/08\\\/d05b0820-yangin-yeri-greenpeace-sarj-istasyonu-4-300x225.jpeg 300w, https:\\\/\\\/www.greenpeace.org\\\/static\\\/planet4-turkey-stateless\\\/2021\\\/08\\\/d05b0820-yangin-yeri-greenpeace-sarj-istasyonu-4-768x576.jpeg 768w, https:\\\/\\\/www.greenpeace.org\\\/static\\\/planet4-turkey-stateless\\\/2021\\\/08\\\/d05b0820-yangin-yeri-greenpeace-sarj-istasyonu-4-453x340.jpeg 453w&quot;,&quot;image_sizes&quot;:false,&quot;alt_text&quot;:&quot;&quot;,&quot;caption&quot;:&quot;&quot;,&quot;focus_image&quot;:&quot;&quot;,&quot;credits&quot;:&quot;&quot;},{&quot;image_src&quot;:&quot;https:\\\/\\\/www.greenpeace.org\\\/static\\\/planet4-turkey-stateless\\\/2021\\\/08\\\/4ff8b44e-yangin-yeri-greenpeace-sarj-istasyonu-3.jpeg&quot;,&quot;image_srcset&quot;:&quot;https:\\\/\\\/www.greenpeace.org\\\/static\\\/planet4-turkey-stateless\\\/2021\\\/08\\\/4ff8b44e-yangin-yeri-greenpeace-sarj-istasyonu-3.jpeg 768w, https:\\\/\\\/www.greenpeace.org\\\/static\\\/planet4-turkey-stateless\\\/2021\\\/08\\\/4ff8b44e-yangin-yeri-greenpeace-sarj-istasyonu-3-225x300.jpeg 225w, https:\\\/\\\/www.greenpeace.org\\\/static\\\/planet4-turkey-stateless\\\/2021\\\/08\\\/4ff8b44e-yangin-yeri-greenpeace-sarj-istasyonu-3-255x340.jpeg 255w&quot;,&quot;image_sizes&quot;:false,&quot;alt_text&quot;:&quot;&quot;,&quot;caption&quot;:&quot;&quot;,&quot;focus_image&quot;:&quot;&quot;,&quot;credits&quot;:&quot;&quot;},{&quot;image_src&quot;:&quot;https:\\\/\\\/www.greenpeace.org\\\/static\\\/planet4-turkey-stateless\\\/2021\\\/08\\\/e5c13a71-yangin-yeri-greenpeace-sarj-istasyonu-1.png&quot;,&quot;image_srcset&quot;:&quot;https:\\\/\\\/www.greenpeace.org\\\/static\\\/planet4-turkey-stateless\\\/2021\\\/08\\\/e5c13a71-yangin-yeri-greenpeace-sarj-istasyonu-1.png 1778w, https:\\\/\\\/www.greenpeace.org\\\/static\\\/planet4-turkey-stateless\\\/2021\\\/08\\\/e5c13a71-yangin-yeri-greenpeace-sarj-istasyonu-1-300x224.png 300w, https:\\\/\\\/www.greenpeace.org\\\/static\\\/planet4-turkey-stateless\\\/2021\\\/08\\\/e5c13a71-yangin-yeri-greenpeace-sarj-istasyonu-1-1024x766.png 1024w, https:\\\/\\\/www.greenpeace.org\\\/static\\\/planet4-turkey-stateless\\\/2021\\\/08\\\/e5c13a71-yangin-yeri-greenpeace-sarj-istasyonu-1-768x574.png 768w, https:\\\/\\\/www.greenpeace.org\\\/static\\\/planet4-turkey-stateless\\\/2021\\\/08\\\/e5c13a71-yangin-yeri-greenpeace-sarj-istasyonu-1-1536x1149.png 1536w, https:\\\/\\\/www.greenpeace.org\\\/static\\\/planet4-turkey-stateless\\\/2021\\\/08\\\/e5c13a71-yangin-yeri-greenpeace-sarj-istasyonu-1-455x340.png 455w&quot;,&quot;image_sizes&quot;:false,&quot;alt_text&quot;:&quot;&quot;,&quot;caption&quot;:&quot;&quot;,&quot;focus_image&quot;:&quot;&quot;,&quot;credits&quot;:&quot;&quot;},{&quot;image_src&quot;:&quot;https:\\\/\\\/www.greenpeace.org\\\/static\\\/planet4-turkey-stateless\\\/2021\\\/08\\\/3aa2132a-yangin-yeri-greenpeace-sarj-istasyonu-5.jpeg&quot;,&quot;image_srcset&quot;:&quot;https:\\\/\\\/www.greenpeace.org\\\/static\\\/planet4-turkey-stateless\\\/2021\\\/08\\\/3aa2132a-yangin-yeri-greenpeace-sarj-istasyonu-5.jpeg 2048w, https:\\\/\\\/www.greenpeace.org\\\/static\\\/planet4-turkey-stateless\\\/2021\\\/08\\\/3aa2132a-yangin-yeri-greenpeace-sarj-istasyonu-5-300x225.jpeg 300w, https:\\\/\\\/www.greenpeace.org\\\/static\\\/planet4-turkey-stateless\\\/2021\\\/08\\\/3aa2132a-yangin-yeri-greenpeace-sarj-istasyonu-5-1024x768.jpeg 1024w, https:\\\/\\\/www.greenpeace.org\\\/static\\\/planet4-turkey-stateless\\\/2021\\\/08\\\/3aa2132a-yangin-yeri-greenpeace-sarj-istasyonu-5-768x576.jpeg 768w, https:\\\/\\\/www.greenpeace.org\\\/static\\\/planet4-turkey-stateless\\\/2021\\\/08\\\/3aa2132a-yangin-yeri-greenpeace-sarj-istasyonu-5-1536x1152.jpeg 1536w, https:\\\/\\\/www.greenpeace.org\\\/static\\\/planet4-turkey-stateless\\\/2021\\\/08\\\/3aa2132a-yangin-yeri-greenpeace-sarj-istasyonu-5-1821x1366.jpeg 1821w, https:\\\/\\\/www.greenpeace.org\\\/static\\\/planet4-turkey-stateless\\\/2021\\\/08\\\/3aa2132a-yangin-yeri-greenpeace-sarj-istasyonu-5-453x340.jpeg 453w&quot;,&quot;image_sizes&quot;:false,&quot;alt_text&quot;:&quot;&quot;,&quot;caption&quot;:&quot;&quot;,&quot;focus_image&quot;:&quot;&quot;,&quot;credits&quot;:&quot;&quot;},{&quot;image_src&quot;:&quot;https:\\\/\\\/www.greenpeace.org\\\/static\\\/planet4-turkey-stateless\\\/2021\\\/08\\\/089f2796-yangin-yeri-greenpeace-sarj-istasyonu-7.jpeg&quot;,&quot;image_srcset&quot;:&quot;https:\\\/\\\/www.greenpeace.org\\\/static\\\/planet4-turkey-stateless\\\/2021\\\/08\\\/089f2796-yangin-yeri-greenpeace-sarj-istasyonu-7.jpeg 1536w, https:\\\/\\\/www.greenpeace.org\\\/static\\\/planet4-turkey-stateless\\\/2021\\\/08\\\/089f2796-yangin-yeri-greenpeace-sarj-istasyonu-7-225x300.jpeg 225w, https:\\\/\\\/www.greenpeace.org\\\/static\\\/planet4-turkey-stateless\\\/2021\\\/08\\\/089f2796-yangin-yeri-greenpeace-sarj-istasyonu-7-768x1024.jpeg 768w, https:\\\/\\\/www.greenpeace.org\\\/static\\\/planet4-turkey-stateless\\\/2021\\\/08\\\/089f2796-yangin-yeri-greenpeace-sarj-istasyonu-7-1152x1536.jpeg 1152w, https:\\\/\\\/www.greenpeace.org\\\/static\\\/planet4-turkey-stateless\\\/2021\\\/08\\\/089f2796-yangin-yeri-greenpeace-sarj-istasyonu-7-1025x1366.jpeg 1025w, https:\\\/\\\/www.greenpeace.org\\\/static\\\/planet4-turkey-stateless\\\/2021\\\/08\\\/089f2796-yangin-yeri-greenpeace-sarj-istasyonu-7-255x340.jpeg 255w&quot;,&quot;image_sizes&quot;:false,&quot;alt_text&quot;:&quot;&quot;,&quot;caption&quot;:&quot;&quot;,&quot;focus_image&quot;:&quot;&quot;,&quot;credits&quot;:&quot;&quot;},{&quot;image_src&quot;:&quot;https:\\\/\\\/www.greenpeace.org\\\/static\\\/planet4-turkey-stateless\\\/2021\\\/08\\\/e51433f7-yangin-yeri-greenpeace-sarj-istasyonu-6.jpeg&quot;,&quot;image_srcset&quot;:&quot;https:\\\/\\\/www.greenpeace.org\\\/static\\\/planet4-turkey-stateless\\\/2021\\\/08\\\/e51433f7-yangin-yeri-greenpeace-sarj-istasyonu-6.jpeg 1536w, https:\\\/\\\/www.greenpeace.org\\\/static\\\/planet4-turkey-stateless\\\/2021\\\/08\\\/e51433f7-yangin-yeri-greenpeace-sarj-istasyonu-6-225x300.jpeg 225w, https:\\\/\\\/www.greenpeace.org\\\/static\\\/planet4-turkey-stateless\\\/2021\\\/08\\\/e51433f7-yangin-yeri-greenpeace-sarj-istasyonu-6-768x1024.jpeg 768w, https:\\\/\\\/www.greenpeace.org\\\/static\\\/planet4-turkey-stateless\\\/2021\\\/08\\\/e51433f7-yangin-yeri-greenpeace-sarj-istasyonu-6-1152x1536.jpeg 1152w, https:\\\/\\\/www.greenpeace.org\\\/static\\\/planet4-turkey-stateless\\\/2021\\\/08\\\/e51433f7-yangin-yeri-greenpeace-sarj-istasyonu-6-1025x1366.jpeg 1025w, https:\\\/\\\/www.greenpeace.org\\\/static\\\/planet4-turkey-stateless\\\/2021\\\/08\\\/e51433f7-yangin-yeri-greenpeace-sarj-istasyonu-6-255x340.jpeg 255w&quot;,&quot;image_sizes&quot;:false,&quot;alt_text&quot;:&quot;&quot;,&quot;caption&quot;:&quot;&quot;,&quot;focus_image&quot;:&quot;&quot;,&quot;credits&quot;:&quot;&quot;},{&quot;image_src&quot;:&quot;https:\\\/\\\/www.greenpeace.org\\\/static\\\/planet4-turkey-stateless\\\/2021\\\/08\\\/7a8c10d3-whatsapp-image-2021-08-07-at-09.46.47.jpeg&quot;,&quot;image_srcset&quot;:&quot;https:\\\/\\\/www.greenpeace.org\\\/static\\\/planet4-turkey-stateless\\\/2021\\\/08\\\/7a8c10d3-whatsapp-image-2021-08-07-at-09.46.47.jpeg 1600w, https:\\\/\\\/www.greenpeace.org\\\/static\\\/planet4-turkey-stateless\\\/2021\\\/08\\\/7a8c10d3-whatsapp-image-2021-08-07-at-09.46.47-300x225.jpeg 300w, https:\\\/\\\/www.greenpeace.org\\\/static\\\/planet4-turkey-stateless\\\/2021\\\/08\\\/7a8c10d3-whatsapp-image-2021-08-07-at-09.46.47-1024x768.jpeg 1024w, https:\\\/\\\/www.greenpeace.org\\\/static\\\/planet4-turkey-stateless\\\/2021\\\/08\\\/7a8c10d3-whatsapp-image-2021-08-07-at-09.46.47-768x576.jpeg 768w, https:\\\/\\\/www.greenpeace.org\\\/static\\\/planet4-turkey-stateless\\\/2021\\\/08\\\/7a8c10d3-whatsapp-image-2021-08-07-at-09.46.47-1536x1152.jpeg 1536w, https:\\\/\\\/www.greenpeace.org\\\/static\\\/planet4-turkey-stateless\\\/2021\\\/08\\\/7a8c10d3-whatsapp-image-2021-08-07-at-09.46.47-453x340.jpeg 453w&quot;,&quot;image_sizes&quot;:false,&quot;alt_text&quot;:&quot;&quot;,&quot;caption&quot;:&quot;&quot;,&quot;focus_image&quot;:&quot;&quot;,&quot;credits&quot;:&quot;&quot;}]}}\"><\/div>\n<hr class=\"wp-block-separator\"\/>\n\n<p><strong><em><span class=\"has-inline-color has-grey-600-color\">6 A\u011fustos \/ 09.37<\/span><\/em><\/strong><\/p>\n\n<p>T\u00fcrkiye&#8217;nin orman yang\u0131nlar\u0131 ile m\u00fccadelesi 10. g\u00fcn\u00fcnde&#8230; Antalya, Mu\u011fla, Adana, Ayd\u0131n, Isparta ve Denizli il\u00e7elerindeki yang\u0131nlar\u0131 s\u00f6nd\u00fcrmek i\u00e7in m\u00fccadele s\u00fcr\u00fcyor.&nbsp;<\/p>\n\n<p>Bodrum\u2019daki yang\u0131n b\u00fcy\u00fck oranda s\u00f6nd\u00fcr\u00fcld\u00fc.<\/p>\n\n<p><strong>SAAT 02.00<\/strong><\/p>\n\n<p>Mu\u011fla\u2019n\u0131n Milas il\u00e7esindeki yang\u0131nda, merkeze 28 kilometre uzakl\u0131ktaki 150 n\u00fcfuslu G\u00fcrce\u011fiz Mahallesi, r\u00fczgar\u0131n y\u00f6n de\u011fi\u015ftirmesiyle gece yar\u0131s\u0131 alevlere teslim oldu. Mahallede bir\u00e7ok ev alevler i\u00e7erisinde kald\u0131.<\/p>\n\n<p>\u0130lerleyi\u015fi t\u00fcm \u00e7abalara ra\u011fmen engellenemeyen ve geni\u015f alana yay\u0131lan alevler, G\u00fcrce\u011fiz&#8217;in ard\u0131ndan Bay\u0131r Mahallesini tehdit etmeye ba\u015flad\u0131.<\/p>\n\n<p><strong>SAAT 01.00<\/strong><\/p>\n\n<p>Gece yar\u0131s\u0131 itibariyle yang\u0131nda 7&#8217;nci g\u00fcne girilirken, g\u00fcnlerdir s\u00f6nd\u00fcrme \u00e7al\u0131\u015fmalar\u0131n\u0131 ve alevlerin seyrini sahada takip eden Milas Belediye Ba\u015fkan\u0131 Av. Muhammet Tokat, endi\u015fesini dile getirdi. Durumun \u00e7ok ciddi oldu\u011funu ifade eden Ba\u015fkan Tokat, geni\u015f bir hat \u00fczerinde yay\u0131lan yang\u0131n\u0131n Yenik\u00f6y Termik Santrali\u2019ne y\u00f6neldi\u011fini kaydetti. Ba\u015fkan Tokat, &#8220;G\u00fcrce\u011fiz Mahallesini ciddi olarak kaybetmi\u015f durumday\u0131z. Ate\u015f termik santrale do\u011fru y\u00f6nelebilir. Burada durum \u00e7ok ciddi\u201d a\u00e7\u0131klamas\u0131n\u0131 yapt\u0131.<\/p>\n\n<p><strong>SAAT 00.20<\/strong><\/p>\n\n<p>Mu\u011fla&#8217;n\u0131n Mente\u015fe il\u00e7esinde, Kar\u015f\u0131yaka Mahallesi D\u00fczen mevkiindeki ormanl\u0131k alanda hen\u00fcz belirlenemeyen nedenle yang\u0131n \u00e7\u0131kt\u0131. \u0130hbar \u00fczerine b\u00f6lgeye 5 araz\u00f6z, i\u015f makineleri, itfaiye ekipleri ile 5 TOMA ve yang\u0131n s\u00f6nd\u00fcrme i\u015f\u00e7ileri sevk edildi.<\/p>\n\n<p><strong>DEVAM EDEN YANGINLAR<\/strong><\/p>\n\n<p>Orman Genel M\u00fcd\u00fcrl\u00fc\u011f\u00fc&#8217;n\u00fcn resmi sitesinde devam eden yang\u0131nlar payla\u015f\u0131l\u0131yor.<\/p>\n\n<p>Listeye g\u00f6re Mu\u011fla, Antalya, Denizli ve Adana\u2019da hala devam eden yang\u0131nlar\u0131n oldu\u011fu g\u00f6r\u00fcl\u00fcyor.<\/p>\n\n<hr class=\"wp-block-separator\"\/>\n\n<p><strong><em><span class=\"has-inline-color has-grey-600-color\">5 A\u011fustos \/ 20.52<\/span><\/em><\/strong><\/p>\n\n<p>\ud83d\udd34 Antalya B\u00fcy\u00fck\u015fehir Belediye Ba\u015fkan\u0131 B\u00f6cek, BBC T\u00fcrk\u00e7e\u2019ye verdi\u011fi r\u00f6portajda u\u00e7ak ve helikopter istiyoruz dedi. Hava ko\u015fullar\u0131, yang\u0131n b\u00f6lgesinin sarp yerler olmas\u0131 ve yukar\u0131dan m\u00fcdahale yap\u0131lamamas\u0131n\u0131 yang\u0131n\u0131n s\u00f6nd\u00fcr\u00fclememe nedenleri olarak s\u0131ralad\u0131.<\/p>\n\n<p>\ud83d\udd34 D\u0131\u015fi\u015fleri Bakan\u0131 \u00c7avu\u015fo\u011flu, Ula\u015ft\u0131rma ve Altyap\u0131 Bakan\u0131 Adil Karaismlo\u011flu Manavgat AFAD koord merkezinde d\u00fczenledikleri toplant\u0131da bug\u00fcn durumun d\u00fcne g\u00f6re daha iyi oldu\u011funu; yang\u0131n\u0131n ilerlemesinin durduruldu\u011funu ifade ettiler.<\/p>\n\n<hr class=\"wp-block-separator\"\/>\n\n<p><strong><em><span class=\"has-inline-color has-grey-600-color\">5 A\u011fustos \/ 15.57<\/span><\/em><\/strong><\/p>\n\n<p><strong>Antalya, Milas, Manavgat, Marmaris, K\u00f6yce\u011fiz&#8230; M\u00fccadele s\u00fcr\u00fcyor:<\/strong>&nbsp;<\/p>\n\n<p>Yang\u0131nlar\u0131n devam etti\u011fi b\u00f6lgelerde havadan ve karadan s\u00f6nd\u00fcrme i\u015flemleri t\u00fcm h\u0131z\u0131yla s\u00fcr\u00fcyor. Alevlerin sabaha kadar kontrol alt\u0131na al\u0131namad\u0131\u011f\u0131 Kemerk\u00f6y Termik Santrali&#8217;nde, g\u00fcn\u00fcn ilk \u0131\u015f\u0131klar\u0131 ile birlikte yang\u0131n etkisini yitirdi. B\u00f6lgedeki son durum havadan g\u00f6r\u00fcnt\u00fclendi. \u00d6te yandan Ayd\u0131n&#8217;\u0131n Bozdo\u011fan il\u00e7esinde \u00e7\u0131kan yang\u0131n da Mu\u011fla&#8217;n\u0131n Mente\u015fe il\u00e7esine s\u0131\u00e7ray\u0131nca iki mahalle tahliye edildi, yak\u0131n yerle\u015fim yerleri \u00e7evresindeki a\u011fa\u00e7lar \u00f6nlem ama\u00e7l\u0131 kesildi.&nbsp;<\/p>\n\n<p><strong>KIZILDA\u011e B\u00d6LGES\u0130<\/strong><strong>: ALEVLERE M\u00dcDAHALE BA\u015eLADI<\/strong><\/p>\n\n<p>Manavgat yan\u0131n\u0131n\u0131n 9. g\u00fcn\u00fcnde K\u0131z\u0131lda\u011f b\u00f6lgesinden y\u00fckselen alevlere m\u00fcdahale edildi\u011fi bilgisi aktar\u0131ld\u0131<\/p>\n\n<p><strong>ISPARTA YAZILI KANYON (\u00c7ANDIR):<\/strong><strong> KONTROL ALTINA ALINDI SO\u011eUTMAYA GE\u00c7\u0130LD\u0130<\/strong><\/p>\n\n<p>Isparta S\u00fct\u00e7\u00fcler&#8217;e ba\u011fl\u0131 Yaz\u0131l\u0131 Kanyon tabiat park\u0131 mevkiindeki yang\u0131nlar ilgili olarak Bakan Bekir Pakdemirli: Isparta E\u011firdir yang\u0131n\u0131 kontrol alt\u0131na al\u0131nd\u0131. So\u011futma \u00e7al\u0131\u015fmalar\u0131 devam ediyor.<\/p>\n\n<p><strong>KEMERK\u00d6Y TERM\u0130K SANTRAL\u0130&#8217;NDE SON DURUM<\/strong><strong>: S\u00d6ND\u00dcR\u00dcLD\u00dc<\/strong><\/p>\n\n<p>Mu\u011fla&#8217;n\u0131n Milas il\u00e7esinde \u00e7\u0131kan yang\u0131n\u0131 s\u00f6nd\u00fcrme \u00e7al\u0131\u015fmalar\u0131 devam ederken, Kemerk\u00f6y Termik Santrali&#8217;ne s\u0131\u00e7rayan alevler sabaha do\u011fru etkisini yitirdi. Santraldeki yan\u0131c\u0131 ve patlay\u0131c\u0131 maddelerin ve \u00e7al\u0131\u015fanlar\u0131n g\u00fcvenilk ama\u00e7l\u0131 tahliye edilmesi ve \u00e7evresini bo\u015falt\u0131lmas\u0131n\u0131n ard\u0131ndan yang\u0131na kar\u015f\u0131 yo\u011fun bir m\u00fccadele ba\u015flad\u0131. M\u00fcdahalelerin ba\u015far\u0131l\u0131 olmas\u0131n\u0131n ard\u0131ndan yang\u0131n, sabah saatlerinde etkisini kaybetti. Ekiplerin, b\u00f6lgedeki \u00e7al\u0131\u015fmalar\u0131 devam ediyor.<\/p>\n\n<p><strong>DEVAM EDEN YANGINLAR<\/strong><\/p>\n\n<p>Orman Genel M\u00fcd\u00fcrl\u00fc\u011f\u00fc&#8217;nden yap\u0131lan a\u00e7\u0131klamaya g\u00f6re kritik noktalardaki yang\u0131nlarla m\u00fccadele s\u00fcr\u00fcyor. <strong>Antalya&#8217;n\u0131n Manavgat ve G\u00fcndo\u011fmu\u015f, Mu\u011fla&#8217;n\u0131n Marmaris, K\u00f6yce\u011fiz, Kavakl\u0131dere, Milas, Mente\u015fe ve Seydikemer, Ayd\u0131n&#8217;\u0131n Karacasu, Denizli&#8217;nin Tavas ve G\u00fcney ile Hatay&#8217;\u0131n D\u00f6rtyol il\u00e7esinde yang\u0131nlar s\u00fcr\u00fcyor.<\/strong><\/p>\n\n<p><strong>MU\u011eLA&#8217;DA 16 HEL\u0130KOPTER 5 U\u00c7AK \u00c7ALI\u015eIYOR<\/strong><\/p>\n\n<p>Mu\u011fla&#8217;da 6 b\u00f6lgede devam eden yang\u0131nlar\u0131 s\u00f6nd\u00fcrme \u00e7al\u0131\u015fmalar\u0131, 16 helikopter ve 5 u\u00e7akla devam etti. Milas&#8217;ta Sikorsky helikopter, su sepeti tak\u0131larak s\u00f6nd\u00fcrme \u00e7al\u0131\u015fmalar\u0131na kat\u0131ld\u0131. Marmaris&#8217;teki yang\u0131n Turgut Mahallesi&#8217;ni tehdit etmeye ba\u015flay\u0131nca, vatanda\u015flar denizden tahliye edildi.<\/p>\n\n<hr class=\"wp-block-separator\"\/>\n\t<section class=\"block social-media-block\">\n\t\t\t\t\t\t\t<div class=\"page-section-description\"><p>Bir haftad\u0131r devam eden orman yang\u0131nlar\u0131n\u0131 Greenpeace Akdeniz T\u00fcrkiye Direkt\u00f6r\u00fc Ersin Tek\u2019in moderat\u00f6rl\u00fc\u011f\u00fcnde \u0130stanbul \u00fcniversitesi, Orman Fak\u00fcltesi \u00d6\u011fretim \u00dcyesi Prof. Dr. \u00dcnal Akkemik ile konu\u015ftuk. Daha sonra yang\u0131n b\u00f6lgesinde \u00e7al\u0131\u015fmalara destek veren arkada\u015flar\u0131m\u0131zdan Greenpeace Saha Koordinat\u00f6r\u00fc G\u00fcl\u015fah G\u00f6zek, b\u00f6lgedeki son durumu aktard\u0131. Ard\u0131ndan ilk g\u00fcnden beri sahada olan ve yard\u0131m \u00e7al\u0131\u015fmalar\u0131na kat\u0131lan \u0130kizk\u00f6y Direniyor\u2019dan Deniz G\u00fcm\u00fc\u015fel ile b\u00f6lgedeki geli\u015fmeleri konu\u015ftuk.<\/p>\n<\/div>\n\t\t\n\t\t<div class=\"social-media-embed \">\n\t\t\t\t\t\t\tBad Request 400 API access disrupted. Go to the App Dashboard and complete Data Use Checkup.\n\t\t\t\t\t<\/div>\n\t<\/section>\n","protected":false},"excerpt":{"rendered":"<p>Bilgi kirlili\u011finin de \u00e7ok fazla oldu\u011fu bu d\u00f6nemde, yang\u0131nlara dair \u00f6nemli geli\u015fmeleri bu sayfada derliyoruz.<\/p>\n","protected":false},"author":26,"featured_media":6447,"comment_status":"closed","ping_status":"closed","sticky":false,"template":"","format":"standard","meta":{"ep_exclude_from_search":false,"p4_og_title":"","p4_og_description":"","p4_og_image":"","p4_og_image_id":"","p4_seo_canonical_url":"","p4_campaign_name":"not set","p4_local_project":"not set","p4_basket_name":"not set","p4_department":"","footnotes":""},"categories":[1],"tags":[34],"p4-page-type":[26],"class_list":["post-6435","post","type-post","status-publish","format-standard","has-post-thumbnail","hentry","category-uncategorized","tag-orman","p4-page-type-haberler"],"_links":{"self":[{"href":"https:\/\/www.greenpeace.org\/turkey\/wp-json\/wp\/v2\/posts\/6435","targetHints":{"allow":["GET"]}}],"collection":[{"href":"https:\/\/www.greenpeace.org\/turkey\/wp-json\/wp\/v2\/posts"}],"about":[{"href":"https:\/\/www.greenpeace.org\/turkey\/wp-json\/wp\/v2\/types\/post"}],"author":[{"embeddable":true,"href":"https:\/\/www.greenpeace.org\/turkey\/wp-json\/wp\/v2\/users\/26"}],"replies":[{"embeddable":true,"href":"https:\/\/www.greenpeace.org\/turkey\/wp-json\/wp\/v2\/comments?post=6435"}],"version-history":[{"count":20,"href":"https:\/\/www.greenpeace.org\/turkey\/wp-json\/wp\/v2\/posts\/6435\/revisions"}],"predecessor-version":[{"id":6592,"href":"https:\/\/www.greenpeace.org\/turkey\/wp-json\/wp\/v2\/posts\/6435\/revisions\/6592"}],"wp:featuredmedia":[{"embeddable":true,"href":"https:\/\/www.greenpeace.org\/turkey\/wp-json\/wp\/v2\/media\/6447"}],"wp:attachment":[{"href":"https:\/\/www.greenpeace.org\/turkey\/wp-json\/wp\/v2\/media?parent=6435"}],"wp:term":[{"taxonomy":"category","embeddable":true,"href":"https:\/\/www.greenpeace.org\/turkey\/wp-json\/wp\/v2\/categories?post=6435"},{"taxonomy":"post_tag","embeddable":true,"href":"https:\/\/www.greenpeace.org\/turkey\/wp-json\/wp\/v2\/tags?post=6435"},{"taxonomy":"p4-page-type","embeddable":true,"href":"https:\/\/www.greenpeace.org\/turkey\/wp-json\/wp\/v2\/p4-page-type?post=6435"}],"curies":[{"name":"wp","href":"https:\/\/api.w.org\/{rel}","templated":true}]}}