{"id":6656,"date":"2021-08-10T10:55:00","date_gmt":"2021-08-10T07:55:00","guid":{"rendered":"https:\/\/www.greenpeace.org\/turkey\/?p=6656"},"modified":"2021-09-17T11:00:29","modified_gmt":"2021-09-17T08:00:29","slug":"iklim-degisikligi-raporu-hemen-onlem-alinmazsa-asiri-hava-olaylarinin-sikligi-da-yogunlugu-da-artacak","status":"publish","type":"post","link":"https:\/\/www.greenpeace.org\/turkey\/basin-bultenleri\/iklim-degisikligi-raporu-hemen-onlem-alinmazsa-asiri-hava-olaylarinin-sikligi-da-yogunlugu-da-artacak\/","title":{"rendered":"\u0130klim De\u011fi\u015fikli\u011fi Raporu: \u201cHemen \u00f6nlem al\u0131nmazsa a\u015f\u0131r\u0131 hava olaylar\u0131n\u0131n s\u0131kl\u0131\u011f\u0131 da yo\u011funlu\u011fu da artacak\u201d"},"content":{"rendered":"<p style=\"font-weight: 400;\"><b>\u0130klim De\u011fi\u015fikli\u011fi 2021 Raporu; \u201cKarbon sal\u0131m\u0131 h\u0131zla azalt\u0131lmazsa a\u015f\u0131r\u0131 hava olaylar\u0131n\u0131n s\u0131kl\u0131\u011f\u0131 da yo\u011funlu\u011fu da artacak\u201d\u00a0<\/b><\/p>\n<p style=\"font-weight: 400;\">H\u00fck\u00fcmetler Araras\u0131 \u0130klim De\u011fi\u015fikli\u011fi Paneli (The Intergovernmental Panel on Climate Change &#8211; IPCC) alt\u0131ndaki \u00c7al\u0131\u015fma Grubu I, \u0130klim De\u011fi\u015fikli\u011fi 2021: Fiziksel Bilim Temeli ba\u015fl\u0131kl\u0131 raporunu yay\u0131mland\u0131. Rapor iklim krizinin art\u0131k gelece\u011fin meselesi olmad\u0131\u011f\u0131n\u0131 ortaya koyuyor. \u0130klim krizi evimizde ve her ge\u00e7en g\u00fcn daha k\u00f6t\u00fc senaryolara do\u011fru h\u0131zla ilerliyoruz. \u00d6ng\u00f6r\u00fclemeyen s\u0131cak hava dalgalar\u0131, yang\u0131nlar, a\u015f\u0131r\u0131 ya\u011f\u0131\u015flar, seller, eriyen buzullar ve can \u00e7eki\u015fen ekosistem tehlikeli b\u00f6lgeye girdi\u011fimizi bize her g\u00fcn yeniden hat\u0131rlat\u0131yor.<\/p>\n<p style=\"font-weight: 400;\">Raporun dikkat \u00e7eken \u00e7arp\u0131c\u0131 noktalar\u0131 ise \u015f\u00f6yle;<\/p>\n<ul>\n<li style=\"font-weight: 400;\"><em><strong>2030\u2019da<\/strong><\/em> karbon emisyonlar\u0131n\u0131n yar\u0131 yar\u0131ya azalt\u0131lmas\u0131; en ge\u00e7 <em><strong>2050\u2019<\/strong><\/em>de ise net s\u0131f\u0131ra indirilmesi gerekiyor.<\/li>\n<li style=\"font-weight: 400;\">Rapora g\u00f6re <em><strong>2011-2020 y\u0131llar\u0131 aras\u0131nda yery\u00fcz\u00fc s\u0131cakl\u0131\u011f\u0131, end\u00fcstri \u00f6ncesi \u00e7a\u011flar\u0131n 1.09 santigrat derece \u00fczerinde idi; bu s\u0131cakl\u0131klar en son 125 bin y\u0131l \u00f6nce g\u00f6r\u00fclenlere yak\u0131n\u2026<\/strong><\/em><\/li>\n<li style=\"font-weight: 400;\"><em><strong>Deniz seviyeleri y\u00fckseliyor ve buz kayb\u0131 art\u0131yor.\u00a0<\/strong><\/em><\/li>\n<li style=\"font-weight: 400;\">Her ge\u00e7en g\u00fcn daha da k\u00f6t\u00fc hava \u015fartlar\u0131 ile kar\u015f\u0131 kar\u015f\u0131ya kal\u0131yoruz; g\u00f6zlenen de\u011fi\u015fikliklerin insan kaynakl\u0131 emisyonlardan kaynakland\u0131\u011f\u0131na dair kan\u0131tlar\u0131n son de\u011ferlendirme raporundan bu yana g\u00fc\u00e7lendi\u011fi g\u00f6r\u00fcl\u00fcyor.<\/li>\n<\/ul>\n<p style=\"font-weight: 400;\">Peki her \u015fey i\u00e7in \u00e7ok mu ge\u00e7? Ne kadar sera gaz\u0131 emisyonu sal\u0131m\u0131 olursa, her \u015fey o kadar k\u00f6t\u00fcye gidecek. Daha fazla \u0131s\u0131nma daha s\u0131k ve daha yo\u011fun s\u0131caklar, kurakl\u0131klar, a\u015f\u0131r\u0131 ya\u011f\u0131\u015flar, selleri kar\u015f\u0131m\u0131za \u00e7\u0131karacak. E\u011fer s\u0131cakl\u0131k art\u0131\u015f\u0131 1.5 derece ile s\u0131n\u0131rland\u0131r\u0131labilirse a\u015f\u0131r\u0131 olaylar\u0131n s\u0131kl\u0131\u011f\u0131 ve yo\u011funlu\u011fu yine de artacak fakat bu s\u0131n\u0131r\u0131n <em><strong>2 dereceye \u00e7\u0131kmas\u0131 yo\u011funlu\u011fu da iki kat\u0131na \u00e7\u0131karacak<\/strong><\/em>.<\/p>\n<p style=\"font-weight: 400;\">Paris Anla\u015fmas\u0131\u2019n\u0131n da \u00f6ng\u00f6rd\u00fc\u011f\u00fc 1.5 derece hedefini tutturmak hala m\u00fcmk\u00fcn fakat \u00e7ok h\u0131zl\u0131 bir emisyon azalt\u0131m\u0131n\u0131 gerektiriyor. Karbon emisyonlar\u0131n\u0131 s\u0131f\u0131rlamad\u0131\u011f\u0131m\u0131z s\u00fcrece \u0131s\u0131nma artmaya devam edecek. Son IPCC raporu, h\u0131zl\u0131 bir emisyon azalt\u0131m plan\u0131yla 2018\u2019de ortaya konulan iki \u00f6nemli e\u015fi\u011fin hala tutturulabilece\u011fini do\u011fruluyor. Bunun i\u00e7in, <em><strong>2030\u2019da emisyon sal\u0131m\u0131n\u0131 yar\u0131ya indirmeli ve 2050\u2019de karbon n\u00f6tr bir d\u00fcnyay\u0131 kurmal\u0131y\u0131z. Bu iki hedefi tutturmak bizi 1.5 derece s\u0131n\u0131r\u0131nda tutacak<\/strong><\/em>.\n<\/p>\n<p style=\"font-weight: 400;\"><em><strong>Greenpeace Akdeniz \u0130klim ve Enerji Proje Sorumlusu G\u00f6khan Ersoy <\/strong><\/em>raporun \u00e7arp\u0131c\u0131 verilerini \u015f\u00f6yle yorumlad\u0131; \u201cRapor verileri g\u00f6steriyor ki y\u0131l sonunda Glasgow\u2019da d\u00fczenlenecek COP26 \u0130klim Zirvesi hayati bir \u00f6nem ta\u015f\u0131yor. H\u00fck\u00fcmetler 1.5 derece hedefiyle uyumlu bir \u015fekilde emisyon azalt\u0131m planlar\u0131n\u0131 g\u00fc\u00e7lendirmeli, daha fazla fosil yak\u0131ta yat\u0131r\u0131m yapmamal\u0131 ve mevcut fosil yak\u0131t faaliyetlerini sonland\u0131racak planlar\u0131 h\u0131zl\u0131ca uygulamal\u0131. Aksi takdirde, mevcut durum % 80 ihtimalle 2 derece baraj\u0131n\u0131 a\u015faca\u011f\u0131m\u0131z\u0131 g\u00f6steriyor.\u201d<\/p>\n<p>Detayl\u0131 bilgi i\u00e7in;<\/p>\n<p>Burcu \u00dcnal Kurban,\u00a0<b><i>Greenpeace Akdeniz \u0130klim&amp;Enerji Projeler Lideri<\/i><\/b>,\u00a0<a class=\"external-link\" href=\"mailto:bunal@greenpeace.org\" target=\"\" rel=\"noopener\">bunal@greenpeace.org<\/a><br \/>\nG\u00f6khan Ersoy, <strong>Greenpeace Akdeniz \u0130klim&amp;Enerji Proje Sorumlusu,<\/strong> gersoy@greenpeace.org<\/p>\n","protected":false},"excerpt":{"rendered":"<p>\u0130klim De\u011fi\u015fikli\u011fi 2021 Raporu; \u201cKarbon sal\u0131m\u0131 h\u0131zla azalt\u0131lmazsa a\u015f\u0131r\u0131 hava olaylar\u0131n\u0131n s\u0131kl\u0131\u011f\u0131 da yo\u011funlu\u011fu da artacak\u201d\u00a0<\/p>\n","protected":false},"author":26,"featured_media":5491,"comment_status":"closed","ping_status":"open","sticky":false,"template":"","format":"standard","meta":{"ep_exclude_from_search":false,"p4_og_title":"","p4_og_description":"","p4_og_image":"","p4_og_image_id":"","p4_seo_canonical_url":"","p4_campaign_name":"not set","p4_local_project":"not set","p4_basket_name":"not set","p4_department":"","footnotes":""},"categories":[24],"tags":[25],"p4-page-type":[14],"class_list":["post-6656","post","type-post","status-publish","format-standard","has-post-thumbnail","hentry","category-iklim-krizi","tag-iklim-degisikligi","p4-page-type-basin-bultenleri"],"_links":{"self":[{"href":"https:\/\/www.greenpeace.org\/turkey\/wp-json\/wp\/v2\/posts\/6656","targetHints":{"allow":["GET"]}}],"collection":[{"href":"https:\/\/www.greenpeace.org\/turkey\/wp-json\/wp\/v2\/posts"}],"about":[{"href":"https:\/\/www.greenpeace.org\/turkey\/wp-json\/wp\/v2\/types\/post"}],"author":[{"embeddable":true,"href":"https:\/\/www.greenpeace.org\/turkey\/wp-json\/wp\/v2\/users\/26"}],"replies":[{"embeddable":true,"href":"https:\/\/www.greenpeace.org\/turkey\/wp-json\/wp\/v2\/comments?post=6656"}],"version-history":[{"count":1,"href":"https:\/\/www.greenpeace.org\/turkey\/wp-json\/wp\/v2\/posts\/6656\/revisions"}],"predecessor-version":[{"id":6657,"href":"https:\/\/www.greenpeace.org\/turkey\/wp-json\/wp\/v2\/posts\/6656\/revisions\/6657"}],"wp:featuredmedia":[{"embeddable":true,"href":"https:\/\/www.greenpeace.org\/turkey\/wp-json\/wp\/v2\/media\/5491"}],"wp:attachment":[{"href":"https:\/\/www.greenpeace.org\/turkey\/wp-json\/wp\/v2\/media?parent=6656"}],"wp:term":[{"taxonomy":"category","embeddable":true,"href":"https:\/\/www.greenpeace.org\/turkey\/wp-json\/wp\/v2\/categories?post=6656"},{"taxonomy":"post_tag","embeddable":true,"href":"https:\/\/www.greenpeace.org\/turkey\/wp-json\/wp\/v2\/tags?post=6656"},{"taxonomy":"p4-page-type","embeddable":true,"href":"https:\/\/www.greenpeace.org\/turkey\/wp-json\/wp\/v2\/p4-page-type?post=6656"}],"curies":[{"name":"wp","href":"https:\/\/api.w.org\/{rel}","templated":true}]}}