{"id":690,"date":"2018-02-22T00:00:00","date_gmt":"2018-02-21T21:00:00","guid":{"rendered":"https:\/\/master.k8s.p4.greenpeace.org\/turkey\/haberler\/dunya-komurden-cikista-rekora-kosuyor\/"},"modified":"2019-11-06T12:09:06","modified_gmt":"2019-11-06T09:09:06","slug":"dunya-komurden-cikista-rekora-kosuyor","status":"publish","type":"post","link":"https:\/\/www.greenpeace.org\/turkey\/raporlar\/dunya-komurden-cikista-rekora-kosuyor\/","title":{"rendered":"D\u00fcnya, k\u00f6m\u00fcrden \u00e7\u0131k\u0131\u015fta rekora ko\u015fuyor"},"content":{"rendered":"<div class=\"leader\" style=\"font-weight: bold;margin-bottom: 12px\">\n\t\u00c7erkezk\u00f6y ve Vize&#8217;de kurulmas\u0131 planlanan termik santraller faaliyete ge\u00e7ti\u011finde hava kirlili\u011fine ve insan sa\u011fl\u0131\u011f\u0131na olumsuz etkileri neler olacak?\n<\/div>\n<\/p>\n<div>\n<div class=\"events-box small-box left\">\n<div class=\"frame\">\n        <a class=\"open-img EnlargeImage\" href=\"https:\/\/www.greenpeace.org\/static\/planet4-turkey-stateless\/2019\/09\/f709291e-f709291e-boom-rapor-thumb.jpg\" title=\"\"><\/p>\n<p>            <img decoding=\"async\" id=\"ctl00_cphContentArea_Property3_ctl00_ctl02_Image1\" class=\"Thumbnail alignleft\" src=\"https:\/\/www.greenpeace.org\/static\/planet4-turkey-stateless\/2019\/09\/f709291e-f709291e-boom-rapor-thumb.jpg\" alt=\"\" style=\"border-width:0px;\"><\/p>\n<\/p>\n<p>        <\/a>\n    <\/div>\n<\/p>\n<div class=\"events-content no-title\">\n        <span class=\"date\"><\/span><\/p>\n<p>        <strong><\/strong><\/p>\n<\/p>\n<p>\n            Y\u00fckseli\u015f ve \u00c7\u00f6k\u00fc\u015f 2018\n        <\/p>\n<\/p>\n<\/div>\n<\/div>\n<\/p>\n<p><strong>T\u00fcrkiye, proje a\u015famas\u0131ndaki k\u00f6m\u00fcrl\u00fc termik santral kapasitesinde 4. s\u0131rada<\/strong><\/p>\n<\/p>\n<p>Greenpeace, Coal Swarm ve Sierra Club taraf\u0131ndan senelik haz\u0131rlanan <a href=\"https:\/\/www.greenpeace.org\/static\/planet4-turkey-stateless\/2019\/09\/6da1e9a9-6da1e9a9-yukselis-ve-cokus-2018.pdf\" target=\"_blank\" rel=\"noopener noreferrer\">\u201cY\u00fckseli\u015f ve \u00c7\u00f6k\u00fc\u015f 2018 (Boom and Bust)\u201d<\/a> raporu bug\u00fcn t\u00fcm d\u00fcnyada a\u00e7\u0131kland\u0131. Rapora g\u00f6re, bir \u00f6nceki y\u0131l oldu\u011fu gibi 2017\u2019de de kurulmas\u0131 planlanan k\u00f6m\u00fcrl\u00fc termik santral kapasitesinde k\u00fcresel \u00e7apta b\u00fcy\u00fck bir d\u00fc\u015f\u00fc\u015f ya\u015fand\u0131.<\/p>\n<\/p>\n<p>Rapora g\u00f6re son 3 y\u0131lda rekor d\u00fczeyde (97 GW*) k\u00f6m\u00fcrl\u00fc termik santral emekliye ayr\u0131ld\u0131. \u00d6zellikle \u00c7in ve Hindistan\u2019da \u00e7arp\u0131c\u0131 bir d\u00fc\u015f\u00fc\u015f ya\u015fan\u0131rken, d\u00fcnyan\u0131n aksine T\u00fcrkiye\u2019nin k\u00f6m\u00fcrl\u00fc termik santral \u0131srar\u0131 dikkat \u00e7ekti. T\u00fcrkiye, 2017 y\u0131l\u0131nda proje a\u015famas\u0131ndaki k\u00f6m\u00fcrl\u00fc termik santral kapasitesinde 4. s\u0131rada yer ald\u0131.<\/p>\n<\/div>\n<\/p>\n<p><a href=\"https:\/\/www.greenpeace.org\/static\/planet4-turkey-stateless\/2019\/09\/6da1e9a9-6da1e9a9-yukselis-ve-cokus-2018.pdf\" target=\"_blank\" rel=\"noopener noreferrer\">Yukselis-ve-Cokus-2018<\/a><\/p><\/p>\n","protected":false},"excerpt":{"rendered":"<div>\n\t\u00c7erkezk\u00f6y ve Vize&#8217;de kurulmas\u0131 planlanan termik santraller faaliyete ge\u00e7ti\u011finde hava kirlili\u011fine ve insan sa\u011fl\u0131\u011f\u0131na olumsuz etkileri neler olacak?\n<\/div>\n","protected":false},"author":26,"featured_media":691,"comment_status":"closed","ping_status":"closed","sticky":false,"template":"","format":"standard","meta":{"ep_exclude_from_search":false,"p4_og_title":"","p4_og_description":"","p4_og_image":"","p4_og_image_id":"","p4_seo_canonical_url":"","p4_campaign_name":"","p4_local_project":"","p4_basket_name":"","p4_department":"","footnotes":""},"categories":[2],"tags":[27],"p4-page-type":[28],"class_list":["post-690","post","type-post","status-publish","format-standard","has-post-thumbnail","hentry","category-enerji","tag-komur","p4-page-type-raporlar"],"_links":{"self":[{"href":"https:\/\/www.greenpeace.org\/turkey\/wp-json\/wp\/v2\/posts\/690","targetHints":{"allow":["GET"]}}],"collection":[{"href":"https:\/\/www.greenpeace.org\/turkey\/wp-json\/wp\/v2\/posts"}],"about":[{"href":"https:\/\/www.greenpeace.org\/turkey\/wp-json\/wp\/v2\/types\/post"}],"author":[{"embeddable":true,"href":"https:\/\/www.greenpeace.org\/turkey\/wp-json\/wp\/v2\/users\/26"}],"replies":[{"embeddable":true,"href":"https:\/\/www.greenpeace.org\/turkey\/wp-json\/wp\/v2\/comments?post=690"}],"version-history":[{"count":1,"href":"https:\/\/www.greenpeace.org\/turkey\/wp-json\/wp\/v2\/posts\/690\/revisions"}],"predecessor-version":[{"id":694,"href":"https:\/\/www.greenpeace.org\/turkey\/wp-json\/wp\/v2\/posts\/690\/revisions\/694"}],"wp:featuredmedia":[{"embeddable":true,"href":"https:\/\/www.greenpeace.org\/turkey\/wp-json\/wp\/v2\/media\/691"}],"wp:attachment":[{"href":"https:\/\/www.greenpeace.org\/turkey\/wp-json\/wp\/v2\/media?parent=690"}],"wp:term":[{"taxonomy":"category","embeddable":true,"href":"https:\/\/www.greenpeace.org\/turkey\/wp-json\/wp\/v2\/categories?post=690"},{"taxonomy":"post_tag","embeddable":true,"href":"https:\/\/www.greenpeace.org\/turkey\/wp-json\/wp\/v2\/tags?post=690"},{"taxonomy":"p4-page-type","embeddable":true,"href":"https:\/\/www.greenpeace.org\/turkey\/wp-json\/wp\/v2\/p4-page-type?post=690"}],"curies":[{"name":"wp","href":"https:\/\/api.w.org\/{rel}","templated":true}]}}