{"id":7041,"date":"2022-03-10T15:55:45","date_gmt":"2022-03-10T12:55:45","guid":{"rendered":"https:\/\/www.greenpeace.org\/turkey\/?p=7041"},"modified":"2022-03-10T15:58:35","modified_gmt":"2022-03-10T12:58:35","slug":"antarktika-derinlerinde-yasam-dolu-kesif","status":"publish","type":"post","link":"https:\/\/www.greenpeace.org\/turkey\/haberler\/antarktika-derinlerinde-yasam-dolu-kesif\/","title":{"rendered":"Antarktika derinlerinde ya\u015fam dolu ke\u015fif."},"content":{"rendered":"\n<p><strong><em>Kral George Adas\u0131, Antarktika, 9 Mart 2022<\/em><\/strong> &#8211; Antarktika derin denizinde hassas ekosistemleri tespit etmek i\u00e7in Greenpeace ara\u015ft\u0131rmac\u0131lar\u0131, d\u00fcnyan\u0131n en g\u00fcneyinde tarihin bilinen ilk bilimsel denizalt\u0131 dal\u0131\u015f\u0131n\u0131 ger\u00e7ekle\u015ftirdiler. Bilim insanlar\u0131, mercanlar ve di\u011fer t\u00fcrlerin de oldu\u011fu inan\u0131lmaz bir ya\u015fam zenginli\u011fine tan\u0131k oldular ve bu ke\u015ffi, b\u00f6lgede \u00f6zel koruma sa\u011flanmas\u0131 i\u00e7in <strong>Antarktika Deniz Ya\u015fam Kaynaklar\u0131n\u0131 Koruma Komisyonunda (CCAMLR)<\/strong> kan\u0131t olarak kullanacaklar. Antarktika deniz buzunun uydu kay\u0131tlar\u0131ndaki en d\u00fc\u015f\u00fck seviyeye ula\u015fmas\u0131yla ke\u015fif ekibi, \u0131ss\u0131z Weddell Denizi&#8217;ne girmeyi ba\u015fard\u0131. [1]<\/p>\n\n<figure class=\"wp-block-image size-large\"><img loading=\"lazy\" decoding=\"async\" width=\"1024\" height=\"576\" src=\"https:\/\/www.greenpeace.org\/static\/planet4-turkey-stateless\/2022\/03\/55d52956-gp1sx0bj-1024x576.jpg\" title=\"Submersible Dive At 65 Latitude South, Antarctica. \u00a9 Greenpeace\" alt=\"Submersible Dive At 65 Latitude South, Antarctica. \u00a9 Greenpeace\" class=\"wp-image-7042\" srcset=\"https:\/\/www.greenpeace.org\/static\/planet4-turkey-stateless\/2022\/03\/55d52956-gp1sx0bj-1024x576.jpg 1024w, https:\/\/www.greenpeace.org\/static\/planet4-turkey-stateless\/2022\/03\/55d52956-gp1sx0bj-300x169.jpg 300w, https:\/\/www.greenpeace.org\/static\/planet4-turkey-stateless\/2022\/03\/55d52956-gp1sx0bj-768x432.jpg 768w, https:\/\/www.greenpeace.org\/static\/planet4-turkey-stateless\/2022\/03\/55d52956-gp1sx0bj-510x287.jpg 510w, https:\/\/www.greenpeace.org\/static\/planet4-turkey-stateless\/2022\/03\/55d52956-gp1sx0bj.jpg 1200w\" sizes=\"auto, (max-width: 1024px) 100vw, 1024px\" \/><figcaption><div class=\"credit icon-left\"> \u00a9 Greenpeace<\/div><\/figcaption><\/figure>\n\n<p>Greenpeace&#8217;in <a href=\"https:\/\/www.greenpeace.org\/turkey\/harekete-gec\/okyanuslari-koru\/\" data-type=\"page\" data-id=\"32\">Okyanuslar\u0131 Koru<\/a> kampanyas\u0131ndan denizalt\u0131 pilotu John Hocevar \u015funlar\u0131 s\u00f6yledi:<\/p>\n\n<p>&#8220;Daha \u00f6nceki bir d\u00f6nemlerde normalde bu suyun derinlikleri buzla kapl\u0131 olurdu, bu dal\u0131\u015fta g\u00f6rd\u00fc\u011f\u00fcm\u00fcz \u015fey ise inan\u0131lmaz bir ya\u015fam bollu\u011fuydu. \u015eu an, Antarktika sular\u0131nda buz oran\u0131 tarihin kaydetti\u011fi en az seviyede. 2017&#8217;de&nbsp; son rekor k\u0131r\u0131ld\u0131\u011f\u0131ndan beri, kabaca \u0130svi\u00e7re b\u00fcy\u00fckl\u00fc\u011f\u00fcnde bir deniz buzu alan\u0131 yok oldu. Eskiden bu de\u011ferli b\u00f6lgeyi \u015fu an kaybolan buz k\u00fctlesi koruyordu ama \u015fimdi h\u00fck\u00fcmetlere ihtiyac\u0131m\u0131z var. Bu \u00e7ok \u00f6nemli ekosistemi korumak ve ona iyile\u015fmesi i\u00e7in alan sa\u011flamak i\u00e7in Antarktika sular\u0131nda olu\u015fturulacak okyanus koruma alanlar\u0131na acilen ihtiyac\u0131m\u0131z var.\u201d [2]<\/p>\n\n<figure class=\"wp-block-image size-large\"><img decoding=\"async\" src=\"https:\/\/www.greenpeace.org\/static\/planet4-turkey-stateless\/2022\/03\/816b7cb9-gp1sx0gh-1024x683.jpg\" title=\"Submersible Dive In Antarctica. \u00a9 Marizilda Cruppe \/ Greenpeace<div class=\"credit icon-left\"> \u00a9 Marizilda Cruppe \/ Greenpeace<\/div>&#8221; alt=&#8221;Submersible Dive In Antarctica. \u00a9 Marizilda Cruppe \/ Greenpeace<div class=\"credit icon-left\"> \u00a9 Marizilda Cruppe \/ Greenpeace<\/div>&#8221; class=&#8221;wp-image-7044&#8243;\/><figcaption>Greenpeace<div class=\"credit icon-left\"> \u00a9 Marizilda Cruppe \/ Greenpeace<\/div><\/figcaption><\/figure>\n\n<p>Kaliforniya Bilim Akademisi Ara\u015ft\u0131rma B\u00f6l\u00fcm\u00fc ve ke\u015fif ekibinin \u00f6nde gelen bilim insanlar\u0131ndan Dr. Susanne Lockhart ise \u015f\u00f6yle dedi:<\/p>\n\n<p>&#8220;Deniz zemininin bir k\u0131sm\u0131nda normalde deniz buzuyla kapl\u0131 bir karanl\u0131kta&nbsp; ne kadar zengin bir&nbsp; hayat var oldu\u011funu g\u00f6rmek inan\u0131lmazd\u0131. Sadece \u015fa\u015f\u0131rt\u0131c\u0131 bir hayat bollu\u011funa de\u011fil ayn\u0131 zamanda inan\u0131lmaz bir mercan \u00e7e\u015fitlili\u011fine ve di\u011fer hassas t\u00fcrlerin de varl\u0131\u011f\u0131na \u015fahit olduk.<\/p>\n\n<p>&#8220;Burada geli\u015fen bir deniz hayat\u0131 var ve binlerce y\u0131ld\u0131r deniz buzunun alt\u0131nda gizli. Bu dal\u0131\u015ftaki verileri kullanarak b\u00f6lgeyi \u201c\u0130ncinebilir Deniz Ekosistemi\u201d olarak adland\u0131r\u0131p acilen ihtiya\u00e7 duydu\u011fu korumay\u0131 alaca\u011f\u0131z.&#8221;<\/p>\n\n<p>Son IPCC raporunda d\u00fcnya okyanuslar\u0131n\u0131n %30 ila %50&#8217;sinin korunmas\u0131 y\u00f6n\u00fcnde \u00e7a\u011fr\u0131da bulunuluyor. Raporda, iklim de\u011fi\u015fikli\u011finin deniz ekosistemlerinde \u00f6nemli hasara ve geri d\u00f6nd\u00fcr\u00fclemez kay\u0131plara yol a\u00e7t\u0131\u011f\u0131 da belirtiliyor. \u0130klim de\u011fi\u015fikli\u011finin etkileri d\u00fczeyi ve b\u00fcy\u00fckl\u00fc\u011f\u00fc, \u00f6nceki de\u011ferlendirmelerde tahmin edilenden&nbsp; kesinkilke daha b\u00fcy\u00fck. [3]<\/p>\n\n<p>Bu ke\u015fif gezisi, Greenpeace&#8217;in 2030 y\u0131l\u0131na kadar k\u00fcresel okyanuslar\u0131n en az %30&#8217;unu koruma kampanyas\u0131 kapsam\u0131nda ger\u00e7ekle\u015fti. Bu hafta h\u00fck\u00fcmetler, Birle\u015fmi\u015f Milletler&#8217;de toplanarak bir K\u00fcresel Okyanus Anla\u015fmas\u0131 \u00fczerinde g\u00f6r\u00fc\u015fme karar\u0131 ald\u0131lar. Bu anla\u015fma, uluslararas\u0131 sularda zararl\u0131 insan aktivitelerinden uzak bir okyanus s\u0131\u011f\u0131na\u011f\u0131 olu\u015fturulmas\u0131 i\u00e7in \u00f6nemli bir ad\u0131m olacak.<\/p>\n\n<hr class=\"wp-block-separator\"\/>\n\n<p><strong>[1]<\/strong> Denizalt\u0131 dal\u0131\u015f\u0131 65\u00b003.624&#8217;S (55\u00b054.300&#8217;W) ger\u00e7ekle\u015ftirilmi\u015ftir. B\u00f6lgedeki deniz buzullar\u0131 ciddi \u00f6l\u00e7\u00fcde de\u011fi\u015febilse de, bu y\u0131lki d\u00fc\u015f\u00fc\u015f daha \u00f6nce g\u00f6r\u00fclmemi\u015f bir rekor. <a href=\"https:\/\/www.greenpeace.org\/international\/press-release\/52380\/antarctic-sea-ice-minimum-set-for-a-record-low\/ \">https:\/\/www.greenpeace.org\/international\/press-release\/52380\/antarctic-sea-ice-minimum-set-for-a-record-low\/ <\/a> <\/p>\n\n<p><strong>[2] <\/strong>John Hocevar, Greenpeace USA Okyanus Kampanyalar\u0131 Lideri.<\/p>\n\n<p><strong>[3] <\/strong>Yeni IPCC raporu: gelecek olana haz\u0131r de\u011filiz. <a href=\"https:\/\/www.greenpeace.org\/international\/press-release\/52406\/new-ipcc-report-not-prepared-for-what-coming\/ \">https:\/\/www.greenpeace.org\/international\/press-release\/52406\/new-ipcc-report-not-prepared-for-what-coming\/ <\/a><\/p>\n\t\t\t<section\n\t\t\tclass=\"boxout post-32 \"\n\t\t\t\n\t\t>\n\t\t\t<a\n\t\t\t\tdata-ga-category=\"Take Action Boxout\"\n\t\t\t\tdata-ga-action=\"Image\"\n\t\t\t\tdata-ga-label=\"n\/a\"\n\t\t\t\tclass=\"cover-card-overlay\"\n\t\t\t\thref=\"https:\/\/www.greenpeace.org\/turkey\/okyanuslari-koru\/\" \n\t\t\t><\/a>\n\t\t\t\t\t\t\t<img\n\t\t\t\t\t\tsrc=\"https:\/\/www.greenpeace.org\/static\/planet4-turkey-stateless\/2019\/09\/21e57042-gp0179t-1024x680.jpg\"\n\t\t\t\t\t\tsrcset=\"https:\/\/www.greenpeace.org\/static\/planet4-turkey-stateless\/2019\/09\/21e57042-gp0179t-300x199.jpg 300w, https:\/\/www.greenpeace.org\/static\/planet4-turkey-stateless\/2019\/09\/21e57042-gp0179t-768x510.jpg 768w, https:\/\/www.greenpeace.org\/static\/planet4-turkey-stateless\/2019\/09\/21e57042-gp0179t-1024x680.jpg 1024w, https:\/\/www.greenpeace.org\/static\/planet4-turkey-stateless\/2019\/09\/21e57042-gp0179t-510x340.jpg 510w, https:\/\/www.greenpeace.org\/static\/planet4-turkey-stateless\/2019\/09\/21e57042-gp0179t.jpg 1200w\"\n\t\t\t\t\t\tsizes=\"(min-width: 1000px) 358px, (min-width: 780px) 313px, 88px\"\n\t\t\t\t\t\talt=\"Humpback whale, Alaska, USA. \u00a9 John Hyde \/ Greenpeace\" title=\"Humpback whale, Alaska, USA. \u00a9 John Hyde \/ Greenpeace\"\n\t\t\t\t\/>\n            \t\t\t<div class=\"boxout-content\">\n\t\t\t\t\t\t\t\t\t<a\n\t\t\t\t\t\tclass=\"boxout-heading medium\"\n\t\t\t\t\t\tdata-ga-category=\"Take Action Boxout\"\n\t\t\t\t\t\tdata-ga-action=\"Title\"\n\t\t\t\t\t\tdata-ga-label=\"n\/a\"\n\t\t\t\t\t\thref=\"https:\/\/www.greenpeace.org\/turkey\/okyanuslari-koru\/\"\n\t\t\t\t\t\t\n\t\t\t\t\t>\n\t\t\t\t\t\tOkyanuslar\u0131 Koru\n\t\t\t\t\t<\/a>\n\t\t\t\t\t\t\t\t\t\t\t\t\t<p class=\"boxout-excerpt\">Ald\u0131\u011f\u0131m\u0131z her iki nefesten birini okyanuslara bor\u00e7luyuz. \u015eimdi borcumuzu \u00f6deme s\u0131ras\u0131 bizde.<\/p>\n\t\t\t\t                                    <a\n                        class=\"btn btn-primary\"\n                        data-ga-category=\"Take Action Boxout\"\n                        data-ga-action=\"Call to Action\"\n                        data-ga-label=\"n\/a\"\n                        href=\"https:\/\/www.greenpeace.org\/turkey\/okyanuslari-koru\/\"\n                        \n                    >\n                        Harekete Ge\u00e7\n                    <\/a>\n                \t\t\t<\/div>\n\t\t\t\t\t<\/section>\n\t","protected":false},"excerpt":{"rendered":"<p>Bilim insanlar\u0131 d\u00fcnyan\u0131n en g\u00fcneyinde tarihin bilinen ilk bilimsel denizalt\u0131 dal\u0131\u015f\u0131n\u0131 ger\u00e7ekle\u015ftirdiler.<\/p>\n","protected":false},"author":26,"featured_media":7044,"comment_status":"closed","ping_status":"closed","sticky":false,"template":"","format":"standard","meta":{"ep_exclude_from_search":false,"p4_og_title":"","p4_og_description":"","p4_og_image":"","p4_og_image_id":"","p4_seo_canonical_url":"","p4_campaign_name":"not set","p4_local_project":"not set","p4_basket_name":"not set","p4_department":"","footnotes":""},"categories":[3],"tags":[20],"p4-page-type":[26],"class_list":["post-7041","post","type-post","status-publish","format-standard","has-post-thumbnail","hentry","category-biyocesitlilik-doga","tag-okyanuslar","p4-page-type-haberler"],"_links":{"self":[{"href":"https:\/\/www.greenpeace.org\/turkey\/wp-json\/wp\/v2\/posts\/7041","targetHints":{"allow":["GET"]}}],"collection":[{"href":"https:\/\/www.greenpeace.org\/turkey\/wp-json\/wp\/v2\/posts"}],"about":[{"href":"https:\/\/www.greenpeace.org\/turkey\/wp-json\/wp\/v2\/types\/post"}],"author":[{"embeddable":true,"href":"https:\/\/www.greenpeace.org\/turkey\/wp-json\/wp\/v2\/users\/26"}],"replies":[{"embeddable":true,"href":"https:\/\/www.greenpeace.org\/turkey\/wp-json\/wp\/v2\/comments?post=7041"}],"version-history":[{"count":6,"href":"https:\/\/www.greenpeace.org\/turkey\/wp-json\/wp\/v2\/posts\/7041\/revisions"}],"predecessor-version":[{"id":7049,"href":"https:\/\/www.greenpeace.org\/turkey\/wp-json\/wp\/v2\/posts\/7041\/revisions\/7049"}],"wp:featuredmedia":[{"embeddable":true,"href":"https:\/\/www.greenpeace.org\/turkey\/wp-json\/wp\/v2\/media\/7044"}],"wp:attachment":[{"href":"https:\/\/www.greenpeace.org\/turkey\/wp-json\/wp\/v2\/media?parent=7041"}],"wp:term":[{"taxonomy":"category","embeddable":true,"href":"https:\/\/www.greenpeace.org\/turkey\/wp-json\/wp\/v2\/categories?post=7041"},{"taxonomy":"post_tag","embeddable":true,"href":"https:\/\/www.greenpeace.org\/turkey\/wp-json\/wp\/v2\/tags?post=7041"},{"taxonomy":"p4-page-type","embeddable":true,"href":"https:\/\/www.greenpeace.org\/turkey\/wp-json\/wp\/v2\/p4-page-type?post=7041"}],"curies":[{"name":"wp","href":"https:\/\/api.w.org\/{rel}","templated":true}]}}