{"id":7209,"date":"2022-06-24T18:17:30","date_gmt":"2022-06-24T15:17:30","guid":{"rendered":"https:\/\/www.greenpeace.org\/turkey\/?p=7209"},"modified":"2022-06-25T11:26:02","modified_gmt":"2022-06-25T08:26:02","slug":"neden-plastik-belgeseli-plastik-geri-donusum-efsanesinin-acimasiz-gercekligini-aciga-cikariyor","status":"publish","type":"post","link":"https:\/\/www.greenpeace.org\/turkey\/blog\/neden-plastik-belgeseli-plastik-geri-donusum-efsanesinin-acimasiz-gercekligini-aciga-cikariyor\/","title":{"rendered":"&#8220;NEDEN PLAST\u0130K?&#8221; belgeseli plastik geri d\u00f6n\u00fc\u015f\u00fcm efsanesinin ac\u0131mas\u0131z ger\u00e7ekli\u011fini a\u00e7\u0131\u011fa \u00e7\u0131kar\u0131yor"},"content":{"rendered":"\n<p>Plastik, gezegenimizi modern tarihin en k\u00f6t\u00fc \u00e7evresel krizlerinden birinin e\u015fi\u011fine getirdi. Bu, kafa kar\u0131\u015f\u0131kl\u0131\u011f\u0131 ve yan\u0131lt\u0131c\u0131 bilgiler ile \u00f6rt\u00fcl\u00fc bir konu.&nbsp;<\/p>\n\n<figure class=\"wp-block-embed is-type-video is-provider-youtube wp-block-embed-youtube wp-embed-aspect-16-9 wp-has-aspect-ratio\"><div class=\"wp-block-embed__wrapper\">\n<iframe loading=\"lazy\" title=\"3 documentaries about plastic pollution\u239cWHY PLASTIC?\" width=\"500\" height=\"281\" src=\"https:\/\/www.youtube.com\/embed\/fBh2Men9rsg?feature=oembed\" frameborder=\"0\" allow=\"accelerometer; autoplay; clipboard-write; encrypted-media; gyroscope; picture-in-picture; web-share\" referrerpolicy=\"strict-origin-when-cross-origin\" allowfullscreen><\/iframe>\n<\/div><\/figure>\n\n<p><strong>WHY Vakf\u0131<\/strong>, dayan\u0131kl\u0131, ekonomik, kullan\u0131\u015fl\u0131 fakat gezegenimiz, sa\u011fl\u0131\u011f\u0131m\u0131z ve iklim i\u00e7in zararl\u0131 olan bu maddeyi&nbsp;daha yak\u0131ndan incelemeye karar verdi. \u00dc\u00e7 y\u0131ll\u0131k ara\u015ft\u0131rman\u0131n ard\u0131ndan, \u00fc\u00e7 b\u00f6l\u00fcmden olu\u015fan ara\u015ft\u0131rma belgesel dizisi <strong>\u201cNeden Plastik?\u201d (Why Plastic?) <\/strong>do\u011fdu. Belgesel dizisinin ilk b\u00f6l\u00fcm\u00fc ise \u201cGeri D\u00f6n\u00fc\u015f\u00fcm Efsanesi\u201d&nbsp;<\/p>\n\n<p>Geri D\u00f6n\u00fc\u015f\u00fcm Efsanesi (The Recycling Myth), geri d\u00f6n\u00fc\u015f\u00fcm hakk\u0131nda t\u00fcm d\u00fcnyan\u0131n inanmakta oldu\u011fu \u00f6yk\u00fcn\u00fcn \u00f6tesine bak\u0131yor \u2013 bize \u00e7\u00f6plerimizi ayr\u0131\u015ft\u0131r\u0131p geri d\u00f6n\u00fc\u015f\u00fcm kutusuna att\u0131\u011f\u0131m\u0131z s\u00fcrece her \u015feyin yoluna girece\u011fini, her \u015feyin kontrol alt\u0131nda oldu\u011funu anlatan \u00f6yk\u00fc. <strong>Spoiler uyar\u0131s\u0131 \u2013 \u2018hi\u00e7bir \u015fey kontrol alt\u0131nda\u2019 de\u011fil.&nbsp;<\/strong><\/p>\n\n<figure class=\"wp-block-image size-full\"><img loading=\"lazy\" decoding=\"async\" width=\"1024\" height=\"575\" src=\"https:\/\/www.greenpeace.org\/static\/planet4-turkey-stateless\/2022\/06\/bbadab73-nina-picking-plastic-indonesia-the-recycling-myth-clean-fb-tw-1-1024x575-1.jpg\" alt=\"\" class=\"wp-image-7211\" srcset=\"https:\/\/www.greenpeace.org\/static\/planet4-turkey-stateless\/2022\/06\/bbadab73-nina-picking-plastic-indonesia-the-recycling-myth-clean-fb-tw-1-1024x575-1.jpg 1024w, https:\/\/www.greenpeace.org\/static\/planet4-turkey-stateless\/2022\/06\/bbadab73-nina-picking-plastic-indonesia-the-recycling-myth-clean-fb-tw-1-1024x575-1-300x168.jpg 300w, https:\/\/www.greenpeace.org\/static\/planet4-turkey-stateless\/2022\/06\/bbadab73-nina-picking-plastic-indonesia-the-recycling-myth-clean-fb-tw-1-1024x575-1-768x431.jpg 768w, https:\/\/www.greenpeace.org\/static\/planet4-turkey-stateless\/2022\/06\/bbadab73-nina-picking-plastic-indonesia-the-recycling-myth-clean-fb-tw-1-1024x575-1-510x286.jpg 510w\" sizes=\"auto, (max-width: 1024px) 100vw, 1024px\" \/><\/figure>\n\n<p>\u201cPlastik at\u0131klar\u0131m\u0131za ne oldu\u011funu incelerken, k\u0131sa s\u00fcrede fark ettik ki kazanc\u0131 artt\u0131rmak i\u00e7in yaln\u0131zca illegal yollarla d\u00fcnyan\u0131n d\u00f6rt bir yan\u0131na at\u0131k g\u00f6nderen bir kara koyunla u\u011fra\u015fm\u0131yoruz\u201d diyor projenin yap\u0131mc\u0131s\u0131 Tristan Chytroschek ve yard\u0131mc\u0131 y\u00f6netmeni Benedict Wermter. \u201cAksine, plastik at\u0131klar\u0131n yak\u0131lmas\u0131, ihra\u00e7 edilmesi ve bo\u015falt\u0131lmas\u0131 multi-milyar dolarl\u0131k bir end\u00fcstri. Buna iyi bilinen, itibarl\u0131 geri d\u00f6n\u00fc\u015f\u00fcmc\u00fcler ve h\u0131zl\u0131 t\u00fcketim markalar\u0131 da dahil. Hepsi, bu s\u00f6zde d\u00f6ng\u00fcsel ekonominin asl\u0131nda ne kadar i\u015flevsiz oldu\u011funun fark\u0131nda. Bu y\u00fczden r\u00fc\u015fvet, doland\u0131r\u0131c\u0131l\u0131k ve b\u00fcy\u00fck \u00f6l\u00e7ekte ye\u015fil aklamay\u0131 k\u0131sa s\u00fcrede ke\u015ffetmemiz hi\u00e7 de \u015fa\u015f\u0131rt\u0131c\u0131 de\u011fil.\u201d&nbsp;<\/p>\n\n<p>Konuyla ilgili daha fazla bilgi edinmek i\u00e7in <a href=\"https:\/\/www.greenpeace.org\/malaysia\/publication\/3349\/the-recycling-myth-2-0\/\">Greenpeace G\u00fcney Do\u011fu Asya&#8217;n\u0131n Malezya&#8217;daki plastik ithalat\u0131na ili\u015fkin raporuna<\/a> ; Greenpeace Akdeniz\u2019in yasa d\u0131\u015f\u0131 plastik at\u0131k ithalat\u0131n\u0131n canl\u0131lar ve \u00e7evre \u00fczerinde yaratt\u0131\u011f\u0131 olumsuz etkiyi belgeleyen <a href=\"https:\/\/www.greenpeace.org\/turkey\/raporlar\/rapor-atik-oyunlari-geri-donusumsuz-hayatlar\/\">At\u0131k Oyunlar\u0131&nbsp;raporuna <\/a>bir g\u00f6z at\u0131n. Ayr\u0131ca at\u0131k s\u00f6m\u00fcrgecili\u011fi nedir diye merak ediyorsan\u0131z <a href=\"https:\/\/www.greenpeace.org\/africa\/en\/blogs\/50565\/plastictreaty-stop-exploiting-african-and-other-global-majority-countries-with-waste-colonialism\/\">bu yaz\u0131y\u0131 <\/a>mutlaka okuyun.<\/p>\n\n<figure class=\"wp-block-embed is-type-video is-provider-youtube wp-block-embed-youtube wp-embed-aspect-16-9 wp-has-aspect-ratio\"><div class=\"wp-block-embed__wrapper\">\n<iframe loading=\"lazy\" title=\"The Recycling Myth \u239cWHY PLASTIC? \u239c(Trailer)\" width=\"500\" height=\"281\" src=\"https:\/\/www.youtube.com\/embed\/tCU6Ak6LHn0?feature=oembed\" frameborder=\"0\" allow=\"accelerometer; autoplay; clipboard-write; encrypted-media; gyroscope; picture-in-picture; web-share\" referrerpolicy=\"strict-origin-when-cross-origin\" allowfullscreen><\/iframe>\n<\/div><\/figure>\n\n<p>WHY PLASTIC?\u2019in y\u00f6neticisi Mette Hoffmann Meyer, plastik sorununu kar\u015f\u0131la\u015ft\u0131\u011f\u0131m\u0131z en \u00fcz\u00fcc\u00fc sorunlardan biri olarak g\u00f6r\u00fcyor: \u201cPlastik ile ilgili en korkun\u00e7 \u015fey, hayal bile edilemeyecek miktardaki \u00fcretim\u201d diyor \u201cDenizlerimize, havaya ve sa\u011fl\u0131m\u0131za zarar veriyor \u2013 ve bu zarar geri d\u00f6nd\u00fcr\u00fclemez.\u201d<\/p>\n\n<figure class=\"wp-block-image size-full\"><img loading=\"lazy\" decoding=\"async\" width=\"768\" height=\"431\" src=\"https:\/\/www.greenpeace.org\/static\/planet4-turkey-stateless\/2022\/06\/8ddb918b-the-recycling-myth-stills-clean-fb-tw-1-768x431-1.jpg\" alt=\"\" class=\"wp-image-7212\" srcset=\"https:\/\/www.greenpeace.org\/static\/planet4-turkey-stateless\/2022\/06\/8ddb918b-the-recycling-myth-stills-clean-fb-tw-1-768x431-1.jpg 768w, https:\/\/www.greenpeace.org\/static\/planet4-turkey-stateless\/2022\/06\/8ddb918b-the-recycling-myth-stills-clean-fb-tw-1-768x431-1-300x168.jpg 300w, https:\/\/www.greenpeace.org\/static\/planet4-turkey-stateless\/2022\/06\/8ddb918b-the-recycling-myth-stills-clean-fb-tw-1-768x431-1-510x286.jpg 510w\" sizes=\"auto, (max-width: 768px) 100vw, 768px\" \/><figcaption>Geri d\u00f6n\u00fc\u015f\u00fcm tesisi, Geri D\u00f6n\u00fc\u015f\u00fcm Efsanesi. \u00a9 a&amp;o buero<\/figcaption><\/figure>\n\n<p><strong>Kurumlar\u0131n plastik kirlili\u011fine dair \u201c\u00e7\u00f6z\u00fcm\u201dleriyle ilgili sorun<\/strong><\/p>\n\n<p>Plastikten Kurtul Organizasyonu\u2019nun (Break Free From Plastic) art arda d\u00f6rt y\u0131l boyunca yapm\u0131\u015f oldu\u011fu <a href=\"https:\/\/www.breakfreefromplastic.org\/brandaudit2021\/\">y\u0131ll\u0131k marka denetiminde<\/a> en b\u00fcy\u00fck plastik kirletici olarak birincili\u011fi kimseye kapt\u0131rmayan Coca-Cola, plastik kirlili\u011fi krizinin en b\u00fcy\u00fck su\u00e7lular\u0131ndan biri. Coca-Cola&#8217;n\u0131n Plastik Vaatleri (Coca-Cola\u2019s Plastic Promises) , \u015firketin &#8216;At\u0131ks\u0131z D\u00fcnya&#8217; stratejisini ara\u015ft\u0131r\u0131yor ve Coca-Cola&#8217;n\u0131n yaratt\u0131\u011f\u0131 a\u015f\u0131lmaz sorundan geri d\u00f6n\u00fc\u015f\u00fcm sayesinde kurtulabilece\u011fimizi <a href=\"https:\/\/www.greenpeace.org\/international\/story\/47293\/coca-cola-its-time-to-stop-your-pollution-at-source\/\">iddia etti\u011fi kusurlu plan\u0131n\u0131 ortaya \u00e7\u0131kar\u0131yor<\/a>.<\/p>\n\n<figure class=\"wp-block-image size-full\"><img loading=\"lazy\" decoding=\"async\" width=\"1024\" height=\"576\" src=\"https:\/\/www.greenpeace.org\/static\/planet4-turkey-stateless\/2022\/06\/182e9972-28-philippines-cost-plastic-clean-up-no.3-1-1024x576-1.jpg\" alt=\"\" class=\"wp-image-7213\" srcset=\"https:\/\/www.greenpeace.org\/static\/planet4-turkey-stateless\/2022\/06\/182e9972-28-philippines-cost-plastic-clean-up-no.3-1-1024x576-1.jpg 1024w, https:\/\/www.greenpeace.org\/static\/planet4-turkey-stateless\/2022\/06\/182e9972-28-philippines-cost-plastic-clean-up-no.3-1-1024x576-1-300x169.jpg 300w, https:\/\/www.greenpeace.org\/static\/planet4-turkey-stateless\/2022\/06\/182e9972-28-philippines-cost-plastic-clean-up-no.3-1-1024x576-1-768x432.jpg 768w, https:\/\/www.greenpeace.org\/static\/planet4-turkey-stateless\/2022\/06\/182e9972-28-philippines-cost-plastic-clean-up-no.3-1-1024x576-1-510x287.jpg 510w\" sizes=\"auto, (max-width: 1024px) 100vw, 1024px\" \/><\/figure>\n\n<p>\u00c7ekim s\u0131ras\u0131nda, yap\u0131mc\u0131 Alan Hayling, tek ba\u015f\u0131na me\u015frubat end\u00fcstrisinin \u00fcretti\u011fi at\u0131k miktar\u0131 kar\u015f\u0131s\u0131nda \u015fa\u015fk\u0131nl\u0131\u011fa u\u011fram\u0131\u015ft\u0131 :\u201cCoca-Cola ve di\u011fer i\u00e7ecek \u00fcreticileri taraf\u0131ndan g\u00fcnl\u00fck, haftal\u0131k, ayl\u0131k ve y\u0131ll\u0131k olarak \u00fcretilen \u015fi\u015felerin hacmine ili\u015fkin rakamlar s\u0131rad\u0131\u015f\u0131yd\u0131.\u201d<\/p>\n\n<figure class=\"wp-block-embed is-type-video is-provider-youtube wp-block-embed-youtube wp-embed-aspect-16-9 wp-has-aspect-ratio\"><div class=\"wp-block-embed__wrapper\">\n<iframe loading=\"lazy\" title=\"Coca-Cola&#039;s Plastic Promises \u239cWHY PLASTIC? \u239c(Teaser)\" width=\"500\" height=\"281\" src=\"https:\/\/www.youtube.com\/embed\/oSEqdLxEVBg?feature=oembed\" frameborder=\"0\" allow=\"accelerometer; autoplay; clipboard-write; encrypted-media; gyroscope; picture-in-picture; web-share\" referrerpolicy=\"strict-origin-when-cross-origin\" allowfullscreen><\/iframe>\n<\/div><\/figure>\n\n<p><strong>End\u00fcstrinin kendi kendini d\u00fczenlemesine g\u00fcvenebilir miyiz?<\/strong><\/p>\n\n<p>The Recycling Myth&#8217;in arkas\u0131ndaki film yap\u0131mc\u0131lar\u0131 i\u00e7in belgesellerinin amac\u0131 basittir; \u201cBir s\u00fcpermarkete giren herkesin g\u00f6zlerini a\u00e7\u0131p d\u00fc\u015f\u00fcnmesini istiyoruz: Ne kadar plasti\u011fe ihtiyac\u0131m var? Geri d\u00f6n\u00fc\u015f\u00fcm sembollerine inan\u0131yor muyum? S\u00fcper h\u0131zl\u0131, kullan-at bir d\u00fcnyada ya\u015famak istiyor muyum? Karl\u0131l\u0131\u011f\u0131&nbsp; art\u0131rmak i\u00e7in \u00fcr\u00fcnleri do\u011fa dostu gibi g\u00f6steren bir end\u00fcstri taraf\u0131ndan kand\u0131r\u0131lmay\u0131 kabul ediyor muyum?\u201d<\/p>\n\n<p>Hayling\u2019in verdi\u011fi \u00f6rnek, ayn\u0131 zamanda bask\u0131 uygulamakla da ilgili: \u201cSan\u0131r\u0131m kamuoyu \u00fczerinde bir etki yaratabiliriz &#8211; bu da politikac\u0131lar\u0131n sorunu ciddiye alma isteksizli\u011fini yava\u015f yava\u015f ortadan kald\u0131racakt\u0131r. \u0130kincisi, umar\u0131z ki filmi izleyen idareciler \u00fczerinde bir etkisi olacakt\u0131r &#8211; ancak sorunu \u00e7\u00f6zmek i\u00e7in petrol ve plastik, yiyecek ve i\u00e7ecek end\u00fcstrilerinin \u00f6z d\u00fczenlemesine g\u00fcvenemeyiz, geri d\u00f6n\u00fc\u015f\u00fcme de g\u00fcvenemeyiz.\u201d&nbsp;<\/p>\n\n<p><a href=\"https:\/\/www.greenpeace.org\/international\/story\/53105\/big-brands-moment-end-plastic-pollution-crisis\/\">Greenpeace International&#8217;\u0131n blogunda<\/a>, Coca-Cola gibi b\u00fcy\u00fck markalar\u0131n, tek kullan\u0131ml\u0131k plastik ambalaj i\u015f modellerinden yeniden kullan\u0131m ve yeniden doldurmaya \u00f6ncelik veren bir i\u015f modeline ge\u00e7erek plastik kirlili\u011fi krizini sona erdirmek i\u00e7in zaman\u0131 nas\u0131l yakalamalar\u0131 gerekti\u011fine <a href=\"https:\/\/youtu.be\/CLeccbkBZzs\">dair daha fazla bilgiye <\/a>ula\u015fabilirsiniz.<\/p>\n\n<hr class=\"wp-block-separator has-alpha-channel-opacity\"\/>\n\n<p>WHY PLASTIC? k\u00fcresel bir medya kampanyas\u0131d\u0131r. Filmler \u015fu anda hem yay\u0131nc\u0131lar hem de Greenpeace International gibi kurulu\u015flar taraf\u0131ndan g\u00f6steriliyor ve d\u00fcnya \u00e7ap\u0131nda plasti\u011fin y\u0131k\u0131c\u0131 etkisini daha iyi anlayacak 100 milyondan fazla ki\u015fiye ula\u015f\u0131yor. \u201cBilginin g\u00fc\u00e7 oldu\u011funa inan\u0131yoruz. Belgesel film, \u00f6nemli bilgileri iletmemize ve fark\u0131ndal\u0131\u011f\u0131 yaymam\u0131za yard\u0131mc\u0131 olan bir ara\u00e7\u201d diyor ba\u015f yap\u0131mc\u0131 Mette.<\/p>\n\n<p>THE WHY Foundation, insan haklar\u0131 ve s\u00fcrd\u00fcr\u00fclebilirli\u011fe odaklanan belgesel filmler \u00fcretip d\u00fczenleyerek bilgi e\u015fitsizli\u011fiyle m\u00fccadele eden Danimarkal\u0131 bir sivil toplum kurulu\u015fudur. WHY PLASTIC? ve yakla\u015fan yay\u0131nlar ve g\u00f6sterimler hakk\u0131nda bilgi edinmek i\u00e7in <a href=\"https:\/\/www.thewhy.dk\/\">THE WHY<\/a>&#8216;nin web sitesine bakabilirsiniz.<\/p>\n\n<p style=\"font-size:15px\"><em>Rachel Sheary, THE WHY Foundation&#8217;da \u0130leti\u015fim Koordinat\u00f6r\u00fcd\u00fcr.<\/em><\/p>\n","protected":false},"excerpt":{"rendered":"<p>Plastik, gezegenimizi modern tarihin en k\u00f6t\u00fc \u00e7evresel krizlerinden birinin e\u015fi\u011fine getirdi. Bu, kafa kar\u0131\u015f\u0131kl\u0131\u011f\u0131 ve yan\u0131lt\u0131c\u0131 bilgiler ile \u00f6rt\u00fcl\u00fc bir konu.\u00a0<\/p>\n","protected":false},"author":26,"featured_media":7211,"comment_status":"closed","ping_status":"closed","sticky":false,"template":"","format":"standard","meta":{"ep_exclude_from_search":false,"p4_og_title":"","p4_og_description":"","p4_og_image":"","p4_og_image_id":"","p4_seo_canonical_url":"","p4_campaign_name":"not set","p4_local_project":"not set","p4_basket_name":"not set","p4_department":"","footnotes":""},"categories":[3],"tags":[23],"p4-page-type":[29],"class_list":["post-7209","post","type-post","status-publish","format-standard","has-post-thumbnail","hentry","category-biyocesitlilik-doga","tag-plastik","p4-page-type-blog"],"_links":{"self":[{"href":"https:\/\/www.greenpeace.org\/turkey\/wp-json\/wp\/v2\/posts\/7209","targetHints":{"allow":["GET"]}}],"collection":[{"href":"https:\/\/www.greenpeace.org\/turkey\/wp-json\/wp\/v2\/posts"}],"about":[{"href":"https:\/\/www.greenpeace.org\/turkey\/wp-json\/wp\/v2\/types\/post"}],"author":[{"embeddable":true,"href":"https:\/\/www.greenpeace.org\/turkey\/wp-json\/wp\/v2\/users\/26"}],"replies":[{"embeddable":true,"href":"https:\/\/www.greenpeace.org\/turkey\/wp-json\/wp\/v2\/comments?post=7209"}],"version-history":[{"count":9,"href":"https:\/\/www.greenpeace.org\/turkey\/wp-json\/wp\/v2\/posts\/7209\/revisions"}],"predecessor-version":[{"id":7221,"href":"https:\/\/www.greenpeace.org\/turkey\/wp-json\/wp\/v2\/posts\/7209\/revisions\/7221"}],"wp:featuredmedia":[{"embeddable":true,"href":"https:\/\/www.greenpeace.org\/turkey\/wp-json\/wp\/v2\/media\/7211"}],"wp:attachment":[{"href":"https:\/\/www.greenpeace.org\/turkey\/wp-json\/wp\/v2\/media?parent=7209"}],"wp:term":[{"taxonomy":"category","embeddable":true,"href":"https:\/\/www.greenpeace.org\/turkey\/wp-json\/wp\/v2\/categories?post=7209"},{"taxonomy":"post_tag","embeddable":true,"href":"https:\/\/www.greenpeace.org\/turkey\/wp-json\/wp\/v2\/tags?post=7209"},{"taxonomy":"p4-page-type","embeddable":true,"href":"https:\/\/www.greenpeace.org\/turkey\/wp-json\/wp\/v2\/p4-page-type?post=7209"}],"curies":[{"name":"wp","href":"https:\/\/api.w.org\/{rel}","templated":true}]}}