{"id":7225,"date":"2022-07-06T15:53:11","date_gmt":"2022-07-06T12:53:11","guid":{"rendered":"https:\/\/www.greenpeace.org\/turkey\/?p=7225"},"modified":"2025-07-02T10:42:52","modified_gmt":"2025-07-02T07:42:52","slug":"gezegenin-ustu-altindan-degerlidir-copler-altin-madeni","status":"publish","type":"post","link":"https:\/\/www.greenpeace.org\/turkey\/blog\/gezegenin-ustu-altindan-degerlidir-copler-altin-madeni\/","title":{"rendered":"Gezegenin \u00fcst\u00fc alt\u0131ndan de\u011ferlidir: \u00c7\u00f6pler Alt\u0131n Madeni"},"content":{"rendered":"\n<figure class=\"wp-block-image size-large\"><img loading=\"lazy\" decoding=\"async\" width=\"1024\" height=\"683\" src=\"https:\/\/www.greenpeace.org\/static\/planet4-turkey-stateless\/2022\/07\/db4c914f-ilic-siyanur-felaket-1024x683.jpeg\" alt=\"\" class=\"wp-image-7229\" srcset=\"https:\/\/www.greenpeace.org\/static\/planet4-turkey-stateless\/2022\/07\/db4c914f-ilic-siyanur-felaket-1024x683.jpeg 1024w, https:\/\/www.greenpeace.org\/static\/planet4-turkey-stateless\/2022\/07\/db4c914f-ilic-siyanur-felaket-300x200.jpeg 300w, https:\/\/www.greenpeace.org\/static\/planet4-turkey-stateless\/2022\/07\/db4c914f-ilic-siyanur-felaket-768x512.jpeg 768w, https:\/\/www.greenpeace.org\/static\/planet4-turkey-stateless\/2022\/07\/db4c914f-ilic-siyanur-felaket-1536x1024.jpeg 1536w, https:\/\/www.greenpeace.org\/static\/planet4-turkey-stateless\/2022\/07\/db4c914f-ilic-siyanur-felaket-2048x1366.jpeg 2048w, https:\/\/www.greenpeace.org\/static\/planet4-turkey-stateless\/2022\/07\/db4c914f-ilic-siyanur-felaket-510x340.jpeg 510w\" sizes=\"auto, (max-width: 1024px) 100vw, 1024px\" \/><\/figure>\n\n<p>F\u0131rat nehri \u00fczerine kurulan Keban baraj\u0131, y\u00fczbinlerce haneyi yerinden etmi\u015f ve onlarca k\u00f6y\u00fc sular alt\u0131nda b\u0131rakm\u0131\u015ft\u0131. Bu k\u00f6ylerden baz\u0131lar\u0131 da \u00c7emi\u015fgezek il\u00e7esinde \u015eavakl\u0131lar olarak bilinen, hayvan g\u00fctmekle u\u011fra\u015fan, vaktinde g\u00f6\u00e7er bir toplulu\u011fun ya\u015fad\u0131\u011f\u0131 Barav ve T\u0131tinik k\u00f6yleriydi.<br><br>Baraj nedeniyle g\u00f6\u00e7mek zorunda kalan insanlardan kimileri \u015fehirlere yerle\u015fti, kimileri baraj sular\u0131ndan \u00f6teye ta\u015f\u0131d\u0131klar\u0131 k\u00f6ylerinde kendilerine yeni haneler kurdu ya da \u00e7evre k\u00f6ylere yerle\u015fti. Barav ve T\u0131tinik k\u00f6y\u00fc sakinlerinin bir b\u00f6l\u00fcm\u00fc ise devletten ald\u0131klar\u0131 baraj paras\u0131 ile \u0130li\u00e7\u2019e kadar ula\u015ft\u0131 ve bug\u00fcn \u00e7evre felaketinin ger\u00e7ekle\u015fti\u011fi \u00c7\u00f6pler k\u00f6y\u00fcne yerle\u015fti. Kimilerine g\u00f6re ise \u00c7\u00f6pler k\u00f6y\u00fcn\u00fc g\u00f6\u00e7en \u015eavakl\u0131lar kurdu.<br><br>O g\u00fcnlerde \u015eavakl\u0131lar \u0130li\u00e7liler taraf\u0131ndan nas\u0131l kar\u015f\u0131land\u0131 bilmiyoruz ama bug\u00fcnlerde siyan\u00fcr s\u0131z\u0131nt\u0131s\u0131 ile meydana gelen \u00e7evre su\u00e7una tan\u0131kl\u0131k etmek isteyen, gazeteciler, \u00e7evreciler ve bilim insanlar\u0131 i\u00e7in dostane bir kar\u015f\u0131lama yok. Sahadan ald\u0131\u011f\u0131m\u0131z bilgilere g\u00f6re madencilik faaliyeti 3-4 bin ki\u015fiye i\u015f olana\u011f\u0131 sa\u011fl\u0131yor. Gelir kap\u0131s\u0131na kilit vurulmas\u0131ndan endi\u015fe edenler de maden kar\u015f\u0131t\u0131 herhangi bir giri\u015fime s\u0131cak bakm\u0131yor.&nbsp;<\/p>\n\n<p>Bu endi\u015fenin yaratt\u0131\u011f\u0131 atmosfer, 2015 y\u0131l\u0131ndan beri madene kar\u015f\u0131 m\u00fccadele eden emekli makinist Sedat Cezayiro\u011flu\u2019nu Sab\u0131rl\u0131 k\u00f6y\u00fcnden, Erzincan merkeze ta\u015f\u0131nmaya zorlam\u0131\u015f. Yakuplu k\u00f6y\u00fcnde ya\u015fayan ve Kaymakaml\u0131k Yaz\u0131 \u0130\u015fleri\u2019nden emekli Nuri Uyar d\u0131\u015f\u0131nda m\u00fccadelesine destek olan \u00e7\u0131kmam\u0131\u015f.&nbsp;<br><br>Cevher zenginle\u015ftirme i\u015fleminde siyan\u00fcr\u00fcn yan\u0131 s\u0131ra nitrik ve s\u00fclf\u00fcrik asit kullan\u0131lmas\u0131 barda\u011f\u0131 ta\u015f\u0131ran son damla olmu\u015f ve Cezayiro\u011flu, uzmanlar\u0131n kap\u0131s\u0131n\u0131 \u00e7almaya ba\u015flam\u0131\u015f. Bu s\u00fcre\u00e7te&nbsp; tehlikeli kimyasallar\u0131n d\u0131\u015f ortama kar\u0131\u015fma riskine de <a href=\"https:\/\/www.birgun.net\/haber\/ilic-te-skandal-olay-tanker-kaza-yapti-asit-ilceye-yayildi-234643\">tesise kimyasal maddeleri ta\u015f\u0131yan t\u0131rlar\u0131n yapt\u0131\u011f\u0131 kazalara da<\/a> pek \u00e7ok kez \u015fahit olmu\u015f. Kimi zaman devrilen bir t\u0131r ile s\u00fclf\u00fcrik asit il\u00e7enin sokaklar\u0131na da\u011f\u0131lm\u0131\u015f kimi zaman ise <a href=\"https:\/\/www.hukukihaber.net\/asayis\/arizalanan-tankerden-akan-asit-panige-yol-acti-h292477.html\">bozulan bir t\u0131rdan s\u0131zan s\u00fclf\u00fcrik asit yollar\u0131 kaplam\u0131\u015f<\/a>. Bu kazalarda b\u00f6lgeye giden yetkili personelin kulland\u0131\u011f\u0131 \u2018Kimyasal Koruyucu Tulum\u2019 ise asl\u0131nda her \u015feyi anlat\u0131yor.<br><br>Cezayiro\u011flu\u2019nun ilk kap\u0131s\u0131n\u0131 \u00e7ald\u0131\u011f\u0131 isim \u0130T\u00dc\u2019den, ayn\u0131 zamanda da TEMA Vakf\u0131 M\u00fctevelliler Heyeti \u00dcyesi \u0130smail Duman hoca olmu\u015f. \u0130smail hoca mahkemeye verdi\u011fi g\u00f6r\u00fc\u015fte bu i\u015fin pardonu yok demi\u015f. \u0130klim krizi \u00e7a\u011f\u0131nda s\u0131cak hava dalgalar\u0131 ve kurakl\u0131k gibi afetlerle bo\u011fu\u015furken F\u0131rat ve Dicle nehirlerinin bu co\u011frafyada akacak son nehirler oldu\u011funu vurgulam\u0131\u015f. Su havzalar\u0131n\u0131n kontamine olma riskinin yan\u0131 s\u0131ra <a href=\"https:\/\/www.youtube.com\/watch?v=NDMReanOWrE\">saniyede 130 litre su t\u00fcketen bir i\u015f modeli <\/a>de i\u00e7inde oldu\u011fumuz krizler \u00e7a\u011f\u0131nda sorgulanmas\u0131 gereken bir di\u011fer nokta.<\/p>\n<div data-render=\"planet4-blocks\/gallery\" data-attributes=\"{&quot;attributes&quot;:{&quot;multiple_image&quot;:&quot;7230,7231,7232&quot;,&quot;image_data&quot;:[{&quot;url&quot;:&quot;https:\\\/\\\/www.greenpeace.org\\\/static\\\/planet4-turkey-stateless\\\/2022\\\/07\\\/ee69492d-erzincan-ilic-tema-gorus-1.jpeg&quot;,&quot;focalPoint&quot;:{&quot;x&quot;:0.5,&quot;y&quot;:0.5},&quot;id&quot;:7230},{&quot;url&quot;:&quot;https:\\\/\\\/www.greenpeace.org\\\/static\\\/planet4-turkey-stateless\\\/2022\\\/07\\\/dbd3cabd-erzincan-ilic-tema-gorus-2.jpeg&quot;,&quot;focalPoint&quot;:{&quot;x&quot;:0.5,&quot;y&quot;:0.5},&quot;id&quot;:7231},{&quot;url&quot;:&quot;https:\\\/\\\/www.greenpeace.org\\\/static\\\/planet4-turkey-stateless\\\/2022\\\/07\\\/8b864a7c-erzincan-ilic-tema-gorus-3.jpeg&quot;,&quot;focalPoint&quot;:{&quot;x&quot;:0.5,&quot;y&quot;:0.5},&quot;id&quot;:7232}],&quot;className&quot;:&quot;is-style-slider&quot;,&quot;gallery_block_style&quot;:0,&quot;gallery_block_title&quot;:&quot;&quot;,&quot;gallery_block_description&quot;:&quot;&quot;,&quot;gallery_block_focus_points&quot;:&quot;&quot;,&quot;images&quot;:[{&quot;image_src&quot;:&quot;https:\\\/\\\/www.greenpeace.org\\\/static\\\/planet4-turkey-stateless\\\/2022\\\/07\\\/ee69492d-erzincan-ilic-tema-gorus-1.jpeg&quot;,&quot;image_srcset&quot;:&quot;https:\\\/\\\/www.greenpeace.org\\\/static\\\/planet4-turkey-stateless\\\/2022\\\/07\\\/ee69492d-erzincan-ilic-tema-gorus-1.jpeg 1137w, https:\\\/\\\/www.greenpeace.org\\\/static\\\/planet4-turkey-stateless\\\/2022\\\/07\\\/ee69492d-erzincan-ilic-tema-gorus-1-218x300.jpeg 218w, https:\\\/\\\/www.greenpeace.org\\\/static\\\/planet4-turkey-stateless\\\/2022\\\/07\\\/ee69492d-erzincan-ilic-tema-gorus-1-743x1024.jpeg 743w, https:\\\/\\\/www.greenpeace.org\\\/static\\\/planet4-turkey-stateless\\\/2022\\\/07\\\/ee69492d-erzincan-ilic-tema-gorus-1-768x1059.jpeg 768w, https:\\\/\\\/www.greenpeace.org\\\/static\\\/planet4-turkey-stateless\\\/2022\\\/07\\\/ee69492d-erzincan-ilic-tema-gorus-1-1114x1536.jpeg 1114w, https:\\\/\\\/www.greenpeace.org\\\/static\\\/planet4-turkey-stateless\\\/2022\\\/07\\\/ee69492d-erzincan-ilic-tema-gorus-1-991x1366.jpeg 991w, https:\\\/\\\/www.greenpeace.org\\\/static\\\/planet4-turkey-stateless\\\/2022\\\/07\\\/ee69492d-erzincan-ilic-tema-gorus-1-247x340.jpeg 247w&quot;,&quot;image_sizes&quot;:false,&quot;alt_text&quot;:&quot;&quot;,&quot;caption&quot;:&quot;&quot;,&quot;focus_image&quot;:&quot;&quot;,&quot;credits&quot;:&quot;&quot;},{&quot;image_src&quot;:&quot;https:\\\/\\\/www.greenpeace.org\\\/static\\\/planet4-turkey-stateless\\\/2022\\\/07\\\/dbd3cabd-erzincan-ilic-tema-gorus-2.jpeg&quot;,&quot;image_srcset&quot;:&quot;https:\\\/\\\/www.greenpeace.org\\\/static\\\/planet4-turkey-stateless\\\/2022\\\/07\\\/dbd3cabd-erzincan-ilic-tema-gorus-2.jpeg 1227w, https:\\\/\\\/www.greenpeace.org\\\/static\\\/planet4-turkey-stateless\\\/2022\\\/07\\\/dbd3cabd-erzincan-ilic-tema-gorus-2-202x300.jpeg 202w, https:\\\/\\\/www.greenpeace.org\\\/static\\\/planet4-turkey-stateless\\\/2022\\\/07\\\/dbd3cabd-erzincan-ilic-tema-gorus-2-690x1024.jpeg 690w, https:\\\/\\\/www.greenpeace.org\\\/static\\\/planet4-turkey-stateless\\\/2022\\\/07\\\/dbd3cabd-erzincan-ilic-tema-gorus-2-768x1140.jpeg 768w, https:\\\/\\\/www.greenpeace.org\\\/static\\\/planet4-turkey-stateless\\\/2022\\\/07\\\/dbd3cabd-erzincan-ilic-tema-gorus-2-1034x1536.jpeg 1034w, https:\\\/\\\/www.greenpeace.org\\\/static\\\/planet4-turkey-stateless\\\/2022\\\/07\\\/dbd3cabd-erzincan-ilic-tema-gorus-2-920x1366.jpeg 920w, https:\\\/\\\/www.greenpeace.org\\\/static\\\/planet4-turkey-stateless\\\/2022\\\/07\\\/dbd3cabd-erzincan-ilic-tema-gorus-2-229x340.jpeg 229w&quot;,&quot;image_sizes&quot;:false,&quot;alt_text&quot;:&quot;&quot;,&quot;caption&quot;:&quot;&quot;,&quot;focus_image&quot;:&quot;&quot;,&quot;credits&quot;:&quot;&quot;},{&quot;image_src&quot;:&quot;https:\\\/\\\/www.greenpeace.org\\\/static\\\/planet4-turkey-stateless\\\/2022\\\/07\\\/8b864a7c-erzincan-ilic-tema-gorus-3.jpeg&quot;,&quot;image_srcset&quot;:&quot;https:\\\/\\\/www.greenpeace.org\\\/static\\\/planet4-turkey-stateless\\\/2022\\\/07\\\/8b864a7c-erzincan-ilic-tema-gorus-3.jpeg 1164w, https:\\\/\\\/www.greenpeace.org\\\/static\\\/planet4-turkey-stateless\\\/2022\\\/07\\\/8b864a7c-erzincan-ilic-tema-gorus-3-218x300.jpeg 218w, https:\\\/\\\/www.greenpeace.org\\\/static\\\/planet4-turkey-stateless\\\/2022\\\/07\\\/8b864a7c-erzincan-ilic-tema-gorus-3-745x1024.jpeg 745w, https:\\\/\\\/www.greenpeace.org\\\/static\\\/planet4-turkey-stateless\\\/2022\\\/07\\\/8b864a7c-erzincan-ilic-tema-gorus-3-768x1056.jpeg 768w, https:\\\/\\\/www.greenpeace.org\\\/static\\\/planet4-turkey-stateless\\\/2022\\\/07\\\/8b864a7c-erzincan-ilic-tema-gorus-3-1117x1536.jpeg 1117w, https:\\\/\\\/www.greenpeace.org\\\/static\\\/planet4-turkey-stateless\\\/2022\\\/07\\\/8b864a7c-erzincan-ilic-tema-gorus-3-994x1366.jpeg 994w, https:\\\/\\\/www.greenpeace.org\\\/static\\\/planet4-turkey-stateless\\\/2022\\\/07\\\/8b864a7c-erzincan-ilic-tema-gorus-3-247x340.jpeg 247w&quot;,&quot;image_sizes&quot;:false,&quot;alt_text&quot;:&quot;&quot;,&quot;caption&quot;:&quot;&quot;,&quot;focus_image&quot;:&quot;&quot;,&quot;credits&quot;:&quot;&quot;}]}}\"><\/div>\n<p>Ba\u015fta sodyum siyan\u00fcr olmak \u00fczere s\u00fclf\u00fcrik asit ve nitrik asit gibi kimyasallar\u0131n topra\u011fa yedirilmesinin bir zehir kapan\u0131 yarataca\u011f\u0131n\u0131 anlatmaya \u00e7al\u0131\u015fm\u0131\u015f \u0130smail hoca. <a href=\"https:\/\/www.munzurpress.com\/siyanur-tarlalari-ilk-kez-goruntulendi\">Munzur Press\u2019in yay\u0131nlad\u0131\u011f\u0131 siyan\u00fcr tarlalar\u0131 da<\/a> \u0130smail hocan\u0131n tasvirine dair bir fikir veriyor.&nbsp; Bir yandan da mahkeme heyetinin vicdan\u0131na seslenmi\u015f. Bu tesisteki riskin ahlaki a\u00e7\u0131dan ka\u00e7ak bir n\u00fckleer at\u0131k depolama alan\u0131ndan farkl\u0131 olmad\u0131\u011f\u0131n\u0131n alt\u0131n\u0131 \u00e7izmi\u015f.<\/p>\n\n<p>Cezayiro\u011flu\u2019nun bir sonraki dura\u011f\u0131 halk sa\u011fl\u0131\u011f\u0131 a\u00e7\u0131s\u0131ndan g\u00f6r\u00fc\u015flerini almak i\u00e7in T\u00fcrk Toraks Derne\u011fi ve T\u00fcrk Tabipler Birli\u011fi olmu\u015f. Tesiste kullan\u0131lacak maddelerin sebep olabilece\u011fi sa\u011fl\u0131k riskleri s\u0131raland\u0131\u011f\u0131nda ise ortaya endi\u015fe verici bir liste \u00e7\u0131km\u0131\u015f.<br><br>-Cilt,<br>-G\u00f6z,<br>-Sindirim Sistemi ve<br>-Solunum yolu ile akci\u011ferlerde hasar.<br><br>T\u00fcrk Toraks Derne\u011fi son olarak Kenya\u2019daki alt\u0131n madencili\u011finin neden oldu\u011fu asit ya\u011fmurlar\u0131 ve ya\u011f\u0131\u015flara paralel olarak artan asit drenajlar\u0131n\u0131n riskini anlatan \u00e7al\u0131\u015fmay\u0131 payla\u015fm\u0131\u015f. \u00c7\u00fcnk\u00fc alan\u0131 ziyaret etti\u011fimiz zaman g\u00f6r\u00fcnen at\u0131k havuzu, kirleticilerin son dura\u011f\u0131. Buradan sonra buharla\u015farak d\u0131\u015f ortama kar\u0131\u015f\u0131yor ve buna da depolama ve bertaraf etme y\u00f6ntemi ad\u0131n\u0131 veriyoruz. T\u00fcrk Tabipler Birli\u011fi ise g\u00f6r\u00fc\u015f\u00fcnde maden kazalar\u0131na da yer veriyor. <strong>Son 25 y\u0131lda 30\u2019dan fazla ger\u00e7ekle\u015fen maden at\u0131k havuzu kazas\u0131 var.<\/strong> 2000 y\u0131l\u0131nda Romanya\u2019daki alt\u0131n madeninde ger\u00e7ekle\u015fen kaza olduk\u00e7a \u00e7arp\u0131c\u0131. At\u0131k maden baraj\u0131n\u0131n \u00e7\u00f6kmesi sonucu sadece Romanya de\u011fil, Macaristan, S\u0131rbistan ve Bulgaristan da etkileniyor. Kontamine olan su Karadenize kadar ula\u015f\u0131yor ve <strong>sudaki siyan\u00fcr miktar\u0131 limitlerin 100 kat \u00fcst\u00fcnde \u00e7\u0131k\u0131yor. Yakla\u015f\u0131k 2 milyon insan\u0131n i\u00e7me suyu zehirleniyor. \u00c7ek Cumhuriyeti, Almanya ve Macaristan siyan\u00fcrle alt\u0131n madencili\u011fine art\u0131k izin vermiyor. Avrupa Birli\u011fi Parlamentosu bu yasaklar\u0131n Avrupa geneline yay\u0131lmas\u0131 i\u00e7in bir <\/strong><a href=\"https:\/\/www.europarl.europa.eu\/doceo\/document\/TA-7-2010-0145_EN.html\"><strong>teklif <\/strong><\/a><strong>haz\u0131rl\u0131yor.<\/strong><\/p>\n<div data-render=\"planet4-blocks\/gallery\" data-attributes=\"{&quot;attributes&quot;:{&quot;multiple_image&quot;:&quot;7236,7237,7238,7240,7241&quot;,&quot;gallery_block_focus_points&quot;:&quot;{\\&quot;7236\\&quot;:\\&quot;50% 50%\\&quot;,\\&quot;7237\\&quot;:\\&quot;50% 50%\\&quot;,\\&quot;7238\\&quot;:\\&quot;50% 50%\\&quot;,\\&quot;7240\\&quot;:\\&quot;50% 50%\\&quot;,\\&quot;7241\\&quot;:\\&quot;49% 14.000000000000002%\\&quot;}&quot;,&quot;image_data&quot;:[{&quot;url&quot;:&quot;https:\\\/\\\/www.greenpeace.org\\\/static\\\/planet4-turkey-stateless\\\/2022\\\/07\\\/6de7b0f4-toraks-go\\u0308ru\\u0308s\\u0327-1.jpeg&quot;,&quot;focalPoint&quot;:{&quot;x&quot;:0.5,&quot;y&quot;:0.5},&quot;id&quot;:7236},{&quot;url&quot;:&quot;https:\\\/\\\/www.greenpeace.org\\\/static\\\/planet4-turkey-stateless\\\/2022\\\/07\\\/250cf168-toraks-go\\u0308ru\\u0308s\\u0327-2.jpeg&quot;,&quot;focalPoint&quot;:{&quot;x&quot;:0.5,&quot;y&quot;:0.5},&quot;id&quot;:7237},{&quot;url&quot;:&quot;https:\\\/\\\/www.greenpeace.org\\\/static\\\/planet4-turkey-stateless\\\/2022\\\/07\\\/455573d7-toraks-go\\u0308ru\\u0308s\\u0327-3.jpeg&quot;,&quot;focalPoint&quot;:{&quot;x&quot;:0.5,&quot;y&quot;:0.5},&quot;id&quot;:7238},{&quot;url&quot;:&quot;https:\\\/\\\/www.greenpeace.org\\\/static\\\/planet4-turkey-stateless\\\/2022\\\/07\\\/f22ceab0-toraks-go\\u0308ru\\u0308s\\u0327-4.jpeg&quot;,&quot;focalPoint&quot;:{&quot;x&quot;:0.5,&quot;y&quot;:0.5},&quot;id&quot;:7240},{&quot;url&quot;:&quot;https:\\\/\\\/www.greenpeace.org\\\/static\\\/planet4-turkey-stateless\\\/2022\\\/07\\\/9fd36c4f-toraks-go\\u0308ru\\u0308s\\u0327-5.jpeg&quot;,&quot;focalPoint&quot;:{&quot;x&quot;:&quot;0.49&quot;,&quot;y&quot;:&quot;0.14&quot;},&quot;id&quot;:7241}],&quot;lock&quot;:{&quot;move&quot;:false,&quot;remove&quot;:false},&quot;gallery_block_style&quot;:0,&quot;gallery_block_title&quot;:&quot;&quot;,&quot;gallery_block_description&quot;:&quot;&quot;,&quot;images&quot;:[{&quot;image_src&quot;:&quot;https:\\\/\\\/www.greenpeace.org\\\/static\\\/planet4-turkey-stateless\\\/2022\\\/07\\\/6de7b0f4-toraks-go\\u0308ru\\u0308s\\u0327-1.jpeg&quot;,&quot;image_srcset&quot;:&quot;https:\\\/\\\/www.greenpeace.org\\\/static\\\/planet4-turkey-stateless\\\/2022\\\/07\\\/6de7b0f4-toraks-go\\u0308ru\\u0308s\\u0327-1.jpeg 1188w, https:\\\/\\\/www.greenpeace.org\\\/static\\\/planet4-turkey-stateless\\\/2022\\\/07\\\/6de7b0f4-toraks-go\\u0308ru\\u0308s\\u0327-1-195x300.jpeg 195w, https:\\\/\\\/www.greenpeace.org\\\/static\\\/planet4-turkey-stateless\\\/2022\\\/07\\\/6de7b0f4-toraks-go\\u0308ru\\u0308s\\u0327-1-665x1024.jpeg 665w, https:\\\/\\\/www.greenpeace.org\\\/static\\\/planet4-turkey-stateless\\\/2022\\\/07\\\/6de7b0f4-toraks-go\\u0308ru\\u0308s\\u0327-1-768x1183.jpeg 768w, https:\\\/\\\/www.greenpeace.org\\\/static\\\/planet4-turkey-stateless\\\/2022\\\/07\\\/6de7b0f4-toraks-go\\u0308ru\\u0308s\\u0327-1-997x1536.jpeg 997w, https:\\\/\\\/www.greenpeace.org\\\/static\\\/planet4-turkey-stateless\\\/2022\\\/07\\\/6de7b0f4-toraks-go\\u0308ru\\u0308s\\u0327-1-887x1366.jpeg 887w, https:\\\/\\\/www.greenpeace.org\\\/static\\\/planet4-turkey-stateless\\\/2022\\\/07\\\/6de7b0f4-toraks-go\\u0308ru\\u0308s\\u0327-1-221x340.jpeg 221w&quot;,&quot;image_sizes&quot;:false,&quot;alt_text&quot;:&quot;&quot;,&quot;caption&quot;:&quot;&quot;,&quot;focus_image&quot;:&quot;50% 50%&quot;,&quot;credits&quot;:&quot;&quot;},{&quot;image_src&quot;:&quot;https:\\\/\\\/www.greenpeace.org\\\/static\\\/planet4-turkey-stateless\\\/2022\\\/07\\\/250cf168-toraks-go\\u0308ru\\u0308s\\u0327-2.jpeg&quot;,&quot;image_srcset&quot;:&quot;https:\\\/\\\/www.greenpeace.org\\\/static\\\/planet4-turkey-stateless\\\/2022\\\/07\\\/250cf168-toraks-go\\u0308ru\\u0308s\\u0327-2.jpeg 1259w, https:\\\/\\\/www.greenpeace.org\\\/static\\\/planet4-turkey-stateless\\\/2022\\\/07\\\/250cf168-toraks-go\\u0308ru\\u0308s\\u0327-2-200x300.jpeg 200w, https:\\\/\\\/www.greenpeace.org\\\/static\\\/planet4-turkey-stateless\\\/2022\\\/07\\\/250cf168-toraks-go\\u0308ru\\u0308s\\u0327-2-681x1024.jpeg 681w, https:\\\/\\\/www.greenpeace.org\\\/static\\\/planet4-turkey-stateless\\\/2022\\\/07\\\/250cf168-toraks-go\\u0308ru\\u0308s\\u0327-2-768x1154.jpeg 768w, https:\\\/\\\/www.greenpeace.org\\\/static\\\/planet4-turkey-stateless\\\/2022\\\/07\\\/250cf168-toraks-go\\u0308ru\\u0308s\\u0327-2-1022x1536.jpeg 1022w, https:\\\/\\\/www.greenpeace.org\\\/static\\\/planet4-turkey-stateless\\\/2022\\\/07\\\/250cf168-toraks-go\\u0308ru\\u0308s\\u0327-2-909x1366.jpeg 909w, https:\\\/\\\/www.greenpeace.org\\\/static\\\/planet4-turkey-stateless\\\/2022\\\/07\\\/250cf168-toraks-go\\u0308ru\\u0308s\\u0327-2-226x340.jpeg 226w&quot;,&quot;image_sizes&quot;:false,&quot;alt_text&quot;:&quot;&quot;,&quot;caption&quot;:&quot;&quot;,&quot;focus_image&quot;:&quot;50% 50%&quot;,&quot;credits&quot;:&quot;&quot;},{&quot;image_src&quot;:&quot;https:\\\/\\\/www.greenpeace.org\\\/static\\\/planet4-turkey-stateless\\\/2022\\\/07\\\/455573d7-toraks-go\\u0308ru\\u0308s\\u0327-3.jpeg&quot;,&quot;image_srcset&quot;:&quot;https:\\\/\\\/www.greenpeace.org\\\/static\\\/planet4-turkey-stateless\\\/2022\\\/07\\\/455573d7-toraks-go\\u0308ru\\u0308s\\u0327-3.jpeg 1142w, https:\\\/\\\/www.greenpeace.org\\\/static\\\/planet4-turkey-stateless\\\/2022\\\/07\\\/455573d7-toraks-go\\u0308ru\\u0308s\\u0327-3-214x300.jpeg 214w, https:\\\/\\\/www.greenpeace.org\\\/static\\\/planet4-turkey-stateless\\\/2022\\\/07\\\/455573d7-toraks-go\\u0308ru\\u0308s\\u0327-3-731x1024.jpeg 731w, https:\\\/\\\/www.greenpeace.org\\\/static\\\/planet4-turkey-stateless\\\/2022\\\/07\\\/455573d7-toraks-go\\u0308ru\\u0308s\\u0327-3-768x1076.jpeg 768w, https:\\\/\\\/www.greenpeace.org\\\/static\\\/planet4-turkey-stateless\\\/2022\\\/07\\\/455573d7-toraks-go\\u0308ru\\u0308s\\u0327-3-1096x1536.jpeg 1096w, https:\\\/\\\/www.greenpeace.org\\\/static\\\/planet4-turkey-stateless\\\/2022\\\/07\\\/455573d7-toraks-go\\u0308ru\\u0308s\\u0327-3-975x1366.jpeg 975w, https:\\\/\\\/www.greenpeace.org\\\/static\\\/planet4-turkey-stateless\\\/2022\\\/07\\\/455573d7-toraks-go\\u0308ru\\u0308s\\u0327-3-243x340.jpeg 243w&quot;,&quot;image_sizes&quot;:false,&quot;alt_text&quot;:&quot;&quot;,&quot;caption&quot;:&quot;&quot;,&quot;focus_image&quot;:&quot;50% 50%&quot;,&quot;credits&quot;:&quot;&quot;},{&quot;image_src&quot;:&quot;https:\\\/\\\/www.greenpeace.org\\\/static\\\/planet4-turkey-stateless\\\/2022\\\/07\\\/f22ceab0-toraks-go\\u0308ru\\u0308s\\u0327-4.jpeg&quot;,&quot;image_srcset&quot;:&quot;https:\\\/\\\/www.greenpeace.org\\\/static\\\/planet4-turkey-stateless\\\/2022\\\/07\\\/f22ceab0-toraks-go\\u0308ru\\u0308s\\u0327-4.jpeg 1227w, https:\\\/\\\/www.greenpeace.org\\\/static\\\/planet4-turkey-stateless\\\/2022\\\/07\\\/f22ceab0-toraks-go\\u0308ru\\u0308s\\u0327-4-201x300.jpeg 201w, https:\\\/\\\/www.greenpeace.org\\\/static\\\/planet4-turkey-stateless\\\/2022\\\/07\\\/f22ceab0-toraks-go\\u0308ru\\u0308s\\u0327-4-687x1024.jpeg 687w, https:\\\/\\\/www.greenpeace.org\\\/static\\\/planet4-turkey-stateless\\\/2022\\\/07\\\/f22ceab0-toraks-go\\u0308ru\\u0308s\\u0327-4-768x1145.jpeg 768w, https:\\\/\\\/www.greenpeace.org\\\/static\\\/planet4-turkey-stateless\\\/2022\\\/07\\\/f22ceab0-toraks-go\\u0308ru\\u0308s\\u0327-4-1030x1536.jpeg 1030w, https:\\\/\\\/www.greenpeace.org\\\/static\\\/planet4-turkey-stateless\\\/2022\\\/07\\\/f22ceab0-toraks-go\\u0308ru\\u0308s\\u0327-4-916x1366.jpeg 916w, https:\\\/\\\/www.greenpeace.org\\\/static\\\/planet4-turkey-stateless\\\/2022\\\/07\\\/f22ceab0-toraks-go\\u0308ru\\u0308s\\u0327-4-228x340.jpeg 228w&quot;,&quot;image_sizes&quot;:false,&quot;alt_text&quot;:&quot;&quot;,&quot;caption&quot;:&quot;&quot;,&quot;focus_image&quot;:&quot;50% 50%&quot;,&quot;credits&quot;:&quot;&quot;},{&quot;image_src&quot;:&quot;https:\\\/\\\/www.greenpeace.org\\\/static\\\/planet4-turkey-stateless\\\/2022\\\/07\\\/9fd36c4f-toraks-go\\u0308ru\\u0308s\\u0327-5.jpeg&quot;,&quot;image_srcset&quot;:&quot;https:\\\/\\\/www.greenpeace.org\\\/static\\\/planet4-turkey-stateless\\\/2022\\\/07\\\/9fd36c4f-toraks-go\\u0308ru\\u0308s\\u0327-5.jpeg 1186w, https:\\\/\\\/www.greenpeace.org\\\/static\\\/planet4-turkey-stateless\\\/2022\\\/07\\\/9fd36c4f-toraks-go\\u0308ru\\u0308s\\u0327-5-193x300.jpeg 193w, https:\\\/\\\/www.greenpeace.org\\\/static\\\/planet4-turkey-stateless\\\/2022\\\/07\\\/9fd36c4f-toraks-go\\u0308ru\\u0308s\\u0327-5-658x1024.jpeg 658w, https:\\\/\\\/www.greenpeace.org\\\/static\\\/planet4-turkey-stateless\\\/2022\\\/07\\\/9fd36c4f-toraks-go\\u0308ru\\u0308s\\u0327-5-768x1195.jpeg 768w, https:\\\/\\\/www.greenpeace.org\\\/static\\\/planet4-turkey-stateless\\\/2022\\\/07\\\/9fd36c4f-toraks-go\\u0308ru\\u0308s\\u0327-5-987x1536.jpeg 987w, https:\\\/\\\/www.greenpeace.org\\\/static\\\/planet4-turkey-stateless\\\/2022\\\/07\\\/9fd36c4f-toraks-go\\u0308ru\\u0308s\\u0327-5-878x1366.jpeg 878w, https:\\\/\\\/www.greenpeace.org\\\/static\\\/planet4-turkey-stateless\\\/2022\\\/07\\\/9fd36c4f-toraks-go\\u0308ru\\u0308s\\u0327-5-219x340.jpeg 219w&quot;,&quot;image_sizes&quot;:false,&quot;alt_text&quot;:&quot;&quot;,&quot;caption&quot;:&quot;&quot;,&quot;focus_image&quot;:&quot;49% 14.000000000000002%&quot;,&quot;credits&quot;:&quot;&quot;}]}}\"><\/div>\n<p><a href=\"https:\/\/hasuder.org.tr\/erzincan-ilic-copler-koyu-altin-madeni-kompleksinin-cevre-sagligina-tehdidi\/\">Halk Sa\u011fl\u0131\u011f\u0131 Uzmanlar\u0131 Derne\u011fi<\/a> de ge\u00e7ti\u011fimiz hafta yay\u0131nlad\u0131\u011f\u0131 g\u00f6r\u00fc\u015f\u00fcnde siyan\u00fcr\u00fcn dokular\u0131 t\u0131kayarak ortaya \u00e7\u0131karaca\u011f\u0131 tahribat\u0131n yan\u0131 s\u0131ra nitrik ve s\u00fclf\u00fcrik asitin \u00e7evreye p\u00fcsk\u00fcrt\u00fclmesi ile solunum yolu, cilt ve g\u00f6z \u00fczerinde neden olaca\u011f\u0131 zehirlenmeleri tekrar hat\u0131rlat\u0131yor.<\/p>\n<div data-render=\"planet4-blocks\/gallery\" data-attributes=\"{&quot;attributes&quot;:{&quot;multiple_image&quot;:&quot;7245,7246,7247,7248,7249&quot;,&quot;image_data&quot;:[{&quot;url&quot;:&quot;https:\\\/\\\/www.greenpeace.org\\\/static\\\/planet4-turkey-stateless\\\/2022\\\/07\\\/e7646f5e-ttb-go\\u0308ru\\u0308s\\u0327-1.jpeg&quot;,&quot;focalPoint&quot;:{&quot;x&quot;:0.5,&quot;y&quot;:0.5},&quot;id&quot;:7245},{&quot;url&quot;:&quot;https:\\\/\\\/www.greenpeace.org\\\/static\\\/planet4-turkey-stateless\\\/2022\\\/07\\\/cccff222-ttb-go\\u0308ru\\u0308s\\u0327-2.jpeg&quot;,&quot;focalPoint&quot;:{&quot;x&quot;:0.5,&quot;y&quot;:0.5},&quot;id&quot;:7246},{&quot;url&quot;:&quot;https:\\\/\\\/www.greenpeace.org\\\/static\\\/planet4-turkey-stateless\\\/2022\\\/07\\\/07b31227-ttb-go\\u0308ru\\u0308s\\u0327-3.jpeg&quot;,&quot;focalPoint&quot;:{&quot;x&quot;:0.5,&quot;y&quot;:0.5},&quot;id&quot;:7247},{&quot;url&quot;:&quot;https:\\\/\\\/www.greenpeace.org\\\/static\\\/planet4-turkey-stateless\\\/2022\\\/07\\\/50fd0e12-ttb-go\\u0308ru\\u0308s\\u0327-4.jpeg&quot;,&quot;focalPoint&quot;:{&quot;x&quot;:0.5,&quot;y&quot;:0.5},&quot;id&quot;:7248},{&quot;url&quot;:&quot;https:\\\/\\\/www.greenpeace.org\\\/static\\\/planet4-turkey-stateless\\\/2022\\\/07\\\/d43d5d44-ttb-go\\u0308ru\\u0308s\\u0327-5.jpeg&quot;,&quot;focalPoint&quot;:{&quot;x&quot;:0.5,&quot;y&quot;:0.5},&quot;id&quot;:7249}],&quot;gallery_block_style&quot;:0,&quot;gallery_block_title&quot;:&quot;&quot;,&quot;gallery_block_description&quot;:&quot;&quot;,&quot;gallery_block_focus_points&quot;:&quot;&quot;,&quot;images&quot;:[{&quot;image_src&quot;:&quot;https:\\\/\\\/www.greenpeace.org\\\/static\\\/planet4-turkey-stateless\\\/2022\\\/07\\\/e7646f5e-ttb-go\\u0308ru\\u0308s\\u0327-1.jpeg&quot;,&quot;image_srcset&quot;:&quot;https:\\\/\\\/www.greenpeace.org\\\/static\\\/planet4-turkey-stateless\\\/2022\\\/07\\\/e7646f5e-ttb-go\\u0308ru\\u0308s\\u0327-1.jpeg 1080w, https:\\\/\\\/www.greenpeace.org\\\/static\\\/planet4-turkey-stateless\\\/2022\\\/07\\\/e7646f5e-ttb-go\\u0308ru\\u0308s\\u0327-1-196x300.jpeg 196w, https:\\\/\\\/www.greenpeace.org\\\/static\\\/planet4-turkey-stateless\\\/2022\\\/07\\\/e7646f5e-ttb-go\\u0308ru\\u0308s\\u0327-1-667x1024.jpeg 667w, https:\\\/\\\/www.greenpeace.org\\\/static\\\/planet4-turkey-stateless\\\/2022\\\/07\\\/e7646f5e-ttb-go\\u0308ru\\u0308s\\u0327-1-768x1178.jpeg 768w, https:\\\/\\\/www.greenpeace.org\\\/static\\\/planet4-turkey-stateless\\\/2022\\\/07\\\/e7646f5e-ttb-go\\u0308ru\\u0308s\\u0327-1-1001x1536.jpeg 1001w, https:\\\/\\\/www.greenpeace.org\\\/static\\\/planet4-turkey-stateless\\\/2022\\\/07\\\/e7646f5e-ttb-go\\u0308ru\\u0308s\\u0327-1-890x1366.jpeg 890w, https:\\\/\\\/www.greenpeace.org\\\/static\\\/planet4-turkey-stateless\\\/2022\\\/07\\\/e7646f5e-ttb-go\\u0308ru\\u0308s\\u0327-1-222x340.jpeg 222w&quot;,&quot;image_sizes&quot;:false,&quot;alt_text&quot;:&quot;&quot;,&quot;caption&quot;:&quot;&quot;,&quot;focus_image&quot;:&quot;&quot;,&quot;credits&quot;:&quot;&quot;},{&quot;image_src&quot;:&quot;https:\\\/\\\/www.greenpeace.org\\\/static\\\/planet4-turkey-stateless\\\/2022\\\/07\\\/cccff222-ttb-go\\u0308ru\\u0308s\\u0327-2.jpeg&quot;,&quot;image_srcset&quot;:&quot;https:\\\/\\\/www.greenpeace.org\\\/static\\\/planet4-turkey-stateless\\\/2022\\\/07\\\/cccff222-ttb-go\\u0308ru\\u0308s\\u0327-2.jpeg 1080w, https:\\\/\\\/www.greenpeace.org\\\/static\\\/planet4-turkey-stateless\\\/2022\\\/07\\\/cccff222-ttb-go\\u0308ru\\u0308s\\u0327-2-197x300.jpeg 197w, https:\\\/\\\/www.greenpeace.org\\\/static\\\/planet4-turkey-stateless\\\/2022\\\/07\\\/cccff222-ttb-go\\u0308ru\\u0308s\\u0327-2-671x1024.jpeg 671w, https:\\\/\\\/www.greenpeace.org\\\/static\\\/planet4-turkey-stateless\\\/2022\\\/07\\\/cccff222-ttb-go\\u0308ru\\u0308s\\u0327-2-768x1171.jpeg 768w, https:\\\/\\\/www.greenpeace.org\\\/static\\\/planet4-turkey-stateless\\\/2022\\\/07\\\/cccff222-ttb-go\\u0308ru\\u0308s\\u0327-2-1007x1536.jpeg 1007w, https:\\\/\\\/www.greenpeace.org\\\/static\\\/planet4-turkey-stateless\\\/2022\\\/07\\\/cccff222-ttb-go\\u0308ru\\u0308s\\u0327-2-896x1366.jpeg 896w, https:\\\/\\\/www.greenpeace.org\\\/static\\\/planet4-turkey-stateless\\\/2022\\\/07\\\/cccff222-ttb-go\\u0308ru\\u0308s\\u0327-2-223x340.jpeg 223w&quot;,&quot;image_sizes&quot;:false,&quot;alt_text&quot;:&quot;&quot;,&quot;caption&quot;:&quot;&quot;,&quot;focus_image&quot;:&quot;&quot;,&quot;credits&quot;:&quot;&quot;},{&quot;image_src&quot;:&quot;https:\\\/\\\/www.greenpeace.org\\\/static\\\/planet4-turkey-stateless\\\/2022\\\/07\\\/07b31227-ttb-go\\u0308ru\\u0308s\\u0327-3.jpeg&quot;,&quot;image_srcset&quot;:&quot;https:\\\/\\\/www.greenpeace.org\\\/static\\\/planet4-turkey-stateless\\\/2022\\\/07\\\/07b31227-ttb-go\\u0308ru\\u0308s\\u0327-3.jpeg 1080w, https:\\\/\\\/www.greenpeace.org\\\/static\\\/planet4-turkey-stateless\\\/2022\\\/07\\\/07b31227-ttb-go\\u0308ru\\u0308s\\u0327-3-196x300.jpeg 196w, https:\\\/\\\/www.greenpeace.org\\\/static\\\/planet4-turkey-stateless\\\/2022\\\/07\\\/07b31227-ttb-go\\u0308ru\\u0308s\\u0327-3-669x1024.jpeg 669w, https:\\\/\\\/www.greenpeace.org\\\/static\\\/planet4-turkey-stateless\\\/2022\\\/07\\\/07b31227-ttb-go\\u0308ru\\u0308s\\u0327-3-768x1176.jpeg 768w, https:\\\/\\\/www.greenpeace.org\\\/static\\\/planet4-turkey-stateless\\\/2022\\\/07\\\/07b31227-ttb-go\\u0308ru\\u0308s\\u0327-3-1003x1536.jpeg 1003w, https:\\\/\\\/www.greenpeace.org\\\/static\\\/planet4-turkey-stateless\\\/2022\\\/07\\\/07b31227-ttb-go\\u0308ru\\u0308s\\u0327-3-892x1366.jpeg 892w, https:\\\/\\\/www.greenpeace.org\\\/static\\\/planet4-turkey-stateless\\\/2022\\\/07\\\/07b31227-ttb-go\\u0308ru\\u0308s\\u0327-3-222x340.jpeg 222w&quot;,&quot;image_sizes&quot;:false,&quot;alt_text&quot;:&quot;&quot;,&quot;caption&quot;:&quot;&quot;,&quot;focus_image&quot;:&quot;&quot;,&quot;credits&quot;:&quot;&quot;},{&quot;image_src&quot;:&quot;https:\\\/\\\/www.greenpeace.org\\\/static\\\/planet4-turkey-stateless\\\/2022\\\/07\\\/50fd0e12-ttb-go\\u0308ru\\u0308s\\u0327-4.jpeg&quot;,&quot;image_srcset&quot;:&quot;https:\\\/\\\/www.greenpeace.org\\\/static\\\/planet4-turkey-stateless\\\/2022\\\/07\\\/50fd0e12-ttb-go\\u0308ru\\u0308s\\u0327-4.jpeg 1080w, https:\\\/\\\/www.greenpeace.org\\\/static\\\/planet4-turkey-stateless\\\/2022\\\/07\\\/50fd0e12-ttb-go\\u0308ru\\u0308s\\u0327-4-197x300.jpeg 197w, https:\\\/\\\/www.greenpeace.org\\\/static\\\/planet4-turkey-stateless\\\/2022\\\/07\\\/50fd0e12-ttb-go\\u0308ru\\u0308s\\u0327-4-673x1024.jpeg 673w, https:\\\/\\\/www.greenpeace.org\\\/static\\\/planet4-turkey-stateless\\\/2022\\\/07\\\/50fd0e12-ttb-go\\u0308ru\\u0308s\\u0327-4-768x1168.jpeg 768w, https:\\\/\\\/www.greenpeace.org\\\/static\\\/planet4-turkey-stateless\\\/2022\\\/07\\\/50fd0e12-ttb-go\\u0308ru\\u0308s\\u0327-4-1010x1536.jpeg 1010w, https:\\\/\\\/www.greenpeace.org\\\/static\\\/planet4-turkey-stateless\\\/2022\\\/07\\\/50fd0e12-ttb-go\\u0308ru\\u0308s\\u0327-4-898x1366.jpeg 898w, https:\\\/\\\/www.greenpeace.org\\\/static\\\/planet4-turkey-stateless\\\/2022\\\/07\\\/50fd0e12-ttb-go\\u0308ru\\u0308s\\u0327-4-223x340.jpeg 223w&quot;,&quot;image_sizes&quot;:false,&quot;alt_text&quot;:&quot;&quot;,&quot;caption&quot;:&quot;&quot;,&quot;focus_image&quot;:&quot;&quot;,&quot;credits&quot;:&quot;&quot;},{&quot;image_src&quot;:&quot;https:\\\/\\\/www.greenpeace.org\\\/static\\\/planet4-turkey-stateless\\\/2022\\\/07\\\/d43d5d44-ttb-go\\u0308ru\\u0308s\\u0327-5.jpeg&quot;,&quot;image_srcset&quot;:&quot;https:\\\/\\\/www.greenpeace.org\\\/static\\\/planet4-turkey-stateless\\\/2022\\\/07\\\/d43d5d44-ttb-go\\u0308ru\\u0308s\\u0327-5.jpeg 1080w, https:\\\/\\\/www.greenpeace.org\\\/static\\\/planet4-turkey-stateless\\\/2022\\\/07\\\/d43d5d44-ttb-go\\u0308ru\\u0308s\\u0327-5-198x300.jpeg 198w, https:\\\/\\\/www.greenpeace.org\\\/static\\\/planet4-turkey-stateless\\\/2022\\\/07\\\/d43d5d44-ttb-go\\u0308ru\\u0308s\\u0327-5-677x1024.jpeg 677w, https:\\\/\\\/www.greenpeace.org\\\/static\\\/planet4-turkey-stateless\\\/2022\\\/07\\\/d43d5d44-ttb-go\\u0308ru\\u0308s\\u0327-5-768x1161.jpeg 768w, https:\\\/\\\/www.greenpeace.org\\\/static\\\/planet4-turkey-stateless\\\/2022\\\/07\\\/d43d5d44-ttb-go\\u0308ru\\u0308s\\u0327-5-1016x1536.jpeg 1016w, https:\\\/\\\/www.greenpeace.org\\\/static\\\/planet4-turkey-stateless\\\/2022\\\/07\\\/d43d5d44-ttb-go\\u0308ru\\u0308s\\u0327-5-903x1366.jpeg 903w, https:\\\/\\\/www.greenpeace.org\\\/static\\\/planet4-turkey-stateless\\\/2022\\\/07\\\/d43d5d44-ttb-go\\u0308ru\\u0308s\\u0327-5-225x340.jpeg 225w&quot;,&quot;image_sizes&quot;:false,&quot;alt_text&quot;:&quot;&quot;,&quot;caption&quot;:&quot;&quot;,&quot;focus_image&quot;:&quot;&quot;,&quot;credits&quot;:&quot;&quot;}]}}\"><\/div>\n<p>At\u0131k havuzunda ola\u011fan buharla\u015fma y\u00f6ntemiyle ortaya \u00e7\u0131kan sa\u011fl\u0131k riskleri olduk\u00e7a ciddi iken tesisi i\u015fleten <strong>firma artan ya\u011f\u0131\u015flarla at\u0131k havuzunun \u00f6mr\u00fcn\u00fc uzatmak ad\u0131na kontamine suyu atmosfere p\u00fcsk\u00fcrtecek cihazlarla toksik s\u00fcreci h\u0131zland\u0131rmaktan<\/strong> da geri durmam\u0131\u015f. Ancak bu durum \u0130li\u00e7lilerin zehir soluduklar\u0131na dair y\u00fckselen endi\u015fesi ve kamuoyu bask\u0131s\u0131 ile \u00e7evre izinlerine ra\u011fmen sona ermi\u015f. <a href=\"https:\/\/www.yenicaggazetesi.com.tr\/erzincanda-neler-oluyor-547671h.htm\"><strong>\u015eirket yetkilileri <\/strong><\/a><strong>ise bu konuda ortaya \u00e7\u0131kan \u015fikayetlerin neden oldu\u011fu denetimlerden yorulduklar\u0131 i\u00e7in cihazlar\u0131 s\u00f6kt\u00fcklerini <\/strong>belirtmi\u015f.&nbsp;&nbsp;<\/p>\n\n<h2 class=\"wp-block-heading\"><strong>Saha Ziyareti <\/strong><\/h2>\n\n<p>F\u0131rat nehri havzas\u0131na \u00e7ok yak\u0131n bir b\u00f6lgede ger\u00e7ekle\u015fen siyan\u00fcr s\u0131z\u0131nt\u0131s\u0131 sadece \u0130li\u00e7liler i\u00e7in de\u011fil t\u00fcm b\u00f6lge i\u00e7in \u00f6nemli bir tehlike buna ra\u011fmen \u00e7evre illerden gelen heyetlerin, gazetecilerin, \u00e7evre \u00f6rg\u00fctlerinin il\u00e7eye kolluk kuvvetleri e\u015fli\u011finde girmesi \u00fcz\u00fcnt\u00fc verici. Ayr\u0131ca sahada felaketin ger\u00e7ekle\u015fti\u011fi noktay\u0131 g\u00f6r\u00fcnt\u00fcleyebilecek alan\u0131n \u00e7evik kuvvet ekipleri taraf\u0131ndan kapat\u0131lmas\u0131 ise bizi hayrete d\u00fc\u015f\u00fcrd\u00fc. \u00dclkede haberdar olmayan kimse kalmam\u0131\u015fken, g\u00f6r\u00fcnt\u00fcler d\u00f6rt bir yerde yay\u0131mlanm\u0131\u015fken, bu barikat\u0131n varl\u0131\u011f\u0131n\u0131 anlamland\u0131ramad\u0131k. Ard\u0131ndan kolluk kuvvetleri de bunu fark etmi\u015f olacak ki yol, gazetecilere ve i\u015flenen \u00e7evre su\u00e7una tan\u0131kl\u0131k etmek isteyen \u00e7evre aktivistlerine a\u00e7\u0131ld\u0131. Heyette bizimle birlikte Tunceli Belediye Ba\u015fkan\u0131, Tunceli Baro Ba\u015fkan\u0131, Dersim Dernekleri Federasyonu, HDP \u0130l Y\u00f6netimi ve di\u011fer akt\u00f6rler de vard\u0131.&nbsp;<\/p>\n\n<p>Kilometrelerce \u00f6teden devasa boyutlar\u0131yla fark edilen borular tehlikenin ciddiyetini anlat\u0131yor ve siyan\u00fcr s\u0131z\u0131nt\u0131s\u0131 i\u00e7in tutanaklara ge\u00e7en rakamlar\u0131 yeniden sorgulamam\u0131za neden oluyor. At\u0131k havuzunun b\u00fcy\u00fckl\u00fc\u011f\u00fc ve duvarlar\u0131ndaki paslanm\u0131\u015f bir demir par\u00e7as\u0131n\u0131 and\u0131ran b\u00f6l\u00fcmler risk y\u00f6netimi ve \u00f6nlem mekanizmalar\u0131na atfedilen g\u00fcvence alg\u0131s\u0131n\u0131 yerle bir etmeye yetiyordu.&nbsp;<\/p>\n\n<figure class=\"wp-block-image size-large\"><img loading=\"lazy\" decoding=\"async\" width=\"1024\" height=\"683\" src=\"https:\/\/www.greenpeace.org\/static\/planet4-turkey-stateless\/2022\/07\/f81abef9-img_4201-1-1024x683.jpg\" alt=\"\" class=\"wp-image-7250\" srcset=\"https:\/\/www.greenpeace.org\/static\/planet4-turkey-stateless\/2022\/07\/f81abef9-img_4201-1-1024x683.jpg 1024w, https:\/\/www.greenpeace.org\/static\/planet4-turkey-stateless\/2022\/07\/f81abef9-img_4201-1-300x200.jpg 300w, https:\/\/www.greenpeace.org\/static\/planet4-turkey-stateless\/2022\/07\/f81abef9-img_4201-1-768x512.jpg 768w, https:\/\/www.greenpeace.org\/static\/planet4-turkey-stateless\/2022\/07\/f81abef9-img_4201-1-1536x1024.jpg 1536w, https:\/\/www.greenpeace.org\/static\/planet4-turkey-stateless\/2022\/07\/f81abef9-img_4201-1-510x340.jpg 510w, https:\/\/www.greenpeace.org\/static\/planet4-turkey-stateless\/2022\/07\/f81abef9-img_4201-1.jpg 1800w\" sizes=\"auto, (max-width: 1024px) 100vw, 1024px\" \/><\/figure>\n\n<p>Geri d\u00f6n\u00fc\u015f\u00fc olmayacak zararlar verebilecek faaliyetlere mahkum olarak ya\u015famak zorunda de\u011filiz. Saha ziyareti s\u0131ras\u0131nda, gezegenin \u00fcst\u00fcndeki ya\u015fam\u0131n bir b\u00fct\u00fcn olarak alt\u0131ndan daha de\u011ferli oldu\u011funu bir kez daha an\u0131msad\u0131k.&nbsp;<\/p>\n\n<p>\u0130li\u00e7teki yolculu\u011fumuz ilk andan itibaren bizi takip eden ekip arac\u0131n\u0131n&nbsp; il\u00e7e s\u0131n\u0131r\u0131n\u0131n son viraj\u0131nda bizden ayr\u0131lmas\u0131yla sona erdi.&nbsp;<\/p>\n\n<p>\u00c7evre, \u015eehircilik ve \u0130klim De\u011fi\u015fikli\u011fi Bakanl\u0131\u011f\u0131 ba\u015fta olmak \u00fczere ilgili b\u00fct\u00fcn otoritelerin s\u0131zan siyan\u00fcr\u00fcn miktar\u0131 ve yaratt\u0131\u011f\u0131 tahribat\u0131n boyutlar\u0131 ile ilgili bilgi ak\u0131\u015f\u0131n\u0131 a\u00e7\u0131k ve \u015feffaf \u015fekilde kamuoyu ile payla\u015fmaya davet ediyoruz.<br><br>S\u0131z\u0131nt\u0131n\u0131n tespiti i\u00e7in toplanan 27 numunenin test sonu\u00e7lar\u0131, analizi ger\u00e7ekle\u015ftiren <strong>akredite laboratuvar raporu ile yay\u0131nlanmal\u0131<\/strong>,<br><br>\u00c7evre, \u015eehircilik ve \u0130klim De\u011fi\u015fikli\u011fi Bakanl\u0131\u011f\u0131\u2019n\u0131n maden tesisine g\u00f6nderdi\u011fi denetim ekiplerinde <strong>sivil toplum \u00f6rg\u00fctleri ve meslek odalar\u0131 kat\u0131l\u0131mc\u0131l\u0131k ve \u015feffafl\u0131k ilkeleri do\u011frultusunda g\u00f6zlemci olarak yer almal\u0131<\/strong>,\u00a0\u00a0<\/p>\n\n<p>Nihai \u00c7ED Raporu yay\u0131nlanan 2. <strong>kapasite art\u0131\u015f projesi acilen durdurulmal\u0131<\/strong>.&nbsp;<\/p>\n","protected":false},"excerpt":{"rendered":"<p>F\u0131rat nehri \u00fczerine kurulan Keban baraj\u0131, y\u00fczbinlerce haneyi yerinden etmi\u015f ve onlarca k\u00f6y\u00fc sular alt\u0131nda b\u0131rakm\u0131\u015ft\u0131. Bu k\u00f6ylerden baz\u0131lar\u0131 da \u00c7emi\u015fgezek il\u00e7esinde \u015eavakl\u0131lar olarak bilinen, hayvan g\u00fctmekle u\u011fra\u015fan, vaktinde g\u00f6\u00e7er bir toplulu\u011fun ya\u015fad\u0131\u011f\u0131 Barav ve T\u0131tinik k\u00f6yleriydi.<\/p>\n","protected":false},"author":26,"featured_media":7229,"comment_status":"closed","ping_status":"closed","sticky":false,"template":"","format":"standard","meta":{"ep_exclude_from_search":false,"p4_og_title":"","p4_og_description":"","p4_og_image":"","p4_og_image_id":"","p4_seo_canonical_url":"","p4_campaign_name":"not set","p4_local_project":"not set","p4_basket_name":"not set","p4_department":"","footnotes":""},"categories":[3],"tags":[],"p4-page-type":[29],"class_list":["post-7225","post","type-post","status-publish","format-standard","has-post-thumbnail","hentry","category-biyocesitlilik-doga","p4-page-type-blog"],"_links":{"self":[{"href":"https:\/\/www.greenpeace.org\/turkey\/wp-json\/wp\/v2\/posts\/7225","targetHints":{"allow":["GET"]}}],"collection":[{"href":"https:\/\/www.greenpeace.org\/turkey\/wp-json\/wp\/v2\/posts"}],"about":[{"href":"https:\/\/www.greenpeace.org\/turkey\/wp-json\/wp\/v2\/types\/post"}],"author":[{"embeddable":true,"href":"https:\/\/www.greenpeace.org\/turkey\/wp-json\/wp\/v2\/users\/26"}],"replies":[{"embeddable":true,"href":"https:\/\/www.greenpeace.org\/turkey\/wp-json\/wp\/v2\/comments?post=7225"}],"version-history":[{"count":18,"href":"https:\/\/www.greenpeace.org\/turkey\/wp-json\/wp\/v2\/posts\/7225\/revisions"}],"predecessor-version":[{"id":9264,"href":"https:\/\/www.greenpeace.org\/turkey\/wp-json\/wp\/v2\/posts\/7225\/revisions\/9264"}],"wp:featuredmedia":[{"embeddable":true,"href":"https:\/\/www.greenpeace.org\/turkey\/wp-json\/wp\/v2\/media\/7229"}],"wp:attachment":[{"href":"https:\/\/www.greenpeace.org\/turkey\/wp-json\/wp\/v2\/media?parent=7225"}],"wp:term":[{"taxonomy":"category","embeddable":true,"href":"https:\/\/www.greenpeace.org\/turkey\/wp-json\/wp\/v2\/categories?post=7225"},{"taxonomy":"post_tag","embeddable":true,"href":"https:\/\/www.greenpeace.org\/turkey\/wp-json\/wp\/v2\/tags?post=7225"},{"taxonomy":"p4-page-type","embeddable":true,"href":"https:\/\/www.greenpeace.org\/turkey\/wp-json\/wp\/v2\/p4-page-type?post=7225"}],"curies":[{"name":"wp","href":"https:\/\/api.w.org\/{rel}","templated":true}]}}