{"id":7503,"date":"2022-11-24T11:01:42","date_gmt":"2022-11-24T08:01:42","guid":{"rendered":"https:\/\/www.greenpeace.org\/turkey\/?p=7503"},"modified":"2022-11-24T14:42:48","modified_gmt":"2022-11-24T11:42:48","slug":"cop27-ve-turkiyenin-beyani-atesten-gomlek","status":"publish","type":"post","link":"https:\/\/www.greenpeace.org\/turkey\/blog\/cop27-ve-turkiyenin-beyani-atesten-gomlek\/","title":{"rendered":"<strong>COP27 ve T\u00fcrkiye\u2019nin Beyan\u0131: Ate\u015ften G\u00f6mlek<\/strong>"},"content":{"rendered":"\n<p><em>COP27&#8217;nin Ard\u0131ndan &#8211; 1<\/em><\/p>\n\n<figure class=\"wp-block-image size-large\"><img loading=\"lazy\" decoding=\"async\" width=\"1024\" height=\"683\" src=\"https:\/\/www.greenpeace.org\/static\/planet4-turkey-stateless\/2022\/11\/152d49c6-aa-29480555_websize-1024x683.jpg\" alt=\"\" class=\"wp-image-7505\" srcset=\"https:\/\/www.greenpeace.org\/static\/planet4-turkey-stateless\/2022\/11\/152d49c6-aa-29480555_websize-1024x683.jpg 1024w, https:\/\/www.greenpeace.org\/static\/planet4-turkey-stateless\/2022\/11\/152d49c6-aa-29480555_websize-300x200.jpg 300w, https:\/\/www.greenpeace.org\/static\/planet4-turkey-stateless\/2022\/11\/152d49c6-aa-29480555_websize-768x512.jpg 768w, https:\/\/www.greenpeace.org\/static\/planet4-turkey-stateless\/2022\/11\/152d49c6-aa-29480555_websize-1536x1024.jpg 1536w, https:\/\/www.greenpeace.org\/static\/planet4-turkey-stateless\/2022\/11\/152d49c6-aa-29480555_websize-510x340.jpg 510w, https:\/\/www.greenpeace.org\/static\/planet4-turkey-stateless\/2022\/11\/152d49c6-aa-29480555_websize.jpg 1920w\" sizes=\"auto, (max-width: 1024px) 100vw, 1024px\" \/><\/figure>\n\n<p>M\u0131s\u0131r\u2019da 27.\u2019si ger\u00e7ekle\u015ftirilen K\u00fcresel \u0130klim Zirvesi ya da COP 27 (tam ad\u0131yla Birle\u015fmi\u015f Milletler \u0130klim De\u011fi\u015fikli\u011fi \u00c7er\u00e7eve S\u00f6zle\u015fmesi 27. Taraflar Konferans\u0131), yine k\u00fcresel ve ulusal iklim de\u011fi\u015fikli\u011fi g\u00fcndemlerinin masaya yat\u0131r\u0131ld\u0131\u011f\u0131, bu g\u00fcndemlere ili\u015fkin eylemi planlar\u0131n\u0131n ve ilgili mekanizmalar\u0131n tart\u0131\u015f\u0131ld\u0131\u011f\u0131 bir zirve oldu.<\/p>\n\n<p>COP27\u2019de temel olarak iki noktan\u0131n \u00f6n plana \u00e7\u0131kt\u0131\u011f\u0131n\u0131 s\u00f6yleyebiliriz. Bu iki noktadan biri, k\u00fcresel iklim krizi tazminatlar\u0131 tart\u0131\u015fmas\u0131nda \u00f6nemli bir viraj olan kay\u0131p zarar mekanizmas\u0131 iken, di\u011feri bizi \u00e7ok daha yak\u0131ndan ilgilendiren, T\u00fcrkiye\u2019nin Ulusal Katk\u0131 Beyan\u0131 (NDC; k\u00fcresel emisyon azalt\u0131m \u00e7abas\u0131ndaki ulusal katk\u0131ya ili\u015fkin taahh\u00fct), yani iklim hedefi idi.<\/p>\n\n<p><strong>T\u00fcrkiye\u2019nin iklim de\u011fi\u015fikli\u011fi m\u00fccadelesi taahh\u00fcd\u00fc: \u201cEmisyonlar\u0131 art\u0131raca\u011f\u0131z\u201d<\/strong><\/p>\n\n<figure class=\"wp-block-image size-large\"><img loading=\"lazy\" decoding=\"async\" width=\"1024\" height=\"767\" src=\"https:\/\/www.greenpeace.org\/static\/planet4-turkey-stateless\/2022\/11\/d6da60c9-aa-29447097websize-1024x767.jpg\" alt=\"\" class=\"wp-image-7507\" srcset=\"https:\/\/www.greenpeace.org\/static\/planet4-turkey-stateless\/2022\/11\/d6da60c9-aa-29447097websize-1024x767.jpg 1024w, https:\/\/www.greenpeace.org\/static\/planet4-turkey-stateless\/2022\/11\/d6da60c9-aa-29447097websize-300x225.jpg 300w, https:\/\/www.greenpeace.org\/static\/planet4-turkey-stateless\/2022\/11\/d6da60c9-aa-29447097websize-768x575.jpg 768w, https:\/\/www.greenpeace.org\/static\/planet4-turkey-stateless\/2022\/11\/d6da60c9-aa-29447097websize-454x340.jpg 454w, https:\/\/www.greenpeace.org\/static\/planet4-turkey-stateless\/2022\/11\/d6da60c9-aa-29447097websize.jpg 1266w\" sizes=\"auto, (max-width: 1024px) 100vw, 1024px\" \/><\/figure>\n\n<p>COP27 T\u00fcrkiye i\u00e7in \u00e7ok \u00f6zel bir zirveydi. T\u00fcrkiye, Paris Anla\u015fmas\u0131\u2019n\u0131 onaylad\u0131ktan sonra sunmas\u0131 gereken g\u00fcncel Ulusal Katk\u0131 Beyan\u0131n\u0131; yani T\u00fcrkiye\u2019nin 2030 projeksiyonlu g\u00fcncel iklim hedefini, bir sene gecikmeyle bu zirvede d\u00fcnyaya ilan etti. Paris Anla\u015fmas\u0131\u2019n\u0131n onaylad\u0131\u011f\u0131 g\u00fcnlerde, <em>\u00f6nemli olan eylem<\/em> diyerek taleplerimizi belirtmi\u015f ve risklere <a href=\"https:\/\/www.greenpeace.org\/turkey\/blog\/turkiye-paris-iklim-anlasmasini-onayladi-peki-simdi-ne-olacak\/\">dikkat \u00e7ekmi\u015ftik<\/a>. O g\u00fcnlerden itibaren, T\u00fcrkiye\u2019nin bir sonraki COP\u2019ta sunaca\u011f\u0131 katk\u0131 beyan\u0131yla ilgili, gerek h\u00fck\u00fcmet taraf\u0131nda gerekse toplumsal hareketler ve sivil toplum taraf\u0131nda hummal\u0131 bir \u00e7al\u0131\u015fma ba\u015flam\u0131\u015ft\u0131 ve o g\u00fcnden bug\u00fcne de h\u00fck\u00fcmetin a\u00e7\u0131klamas\u0131 merakla bekleniyordu. Zirvede nihayet bu bekleyi\u015f sonland\u0131. Ama mutlu bir son de\u011fildi bu.<\/p>\n\n<p>T\u00fcrkiye, 2030 \u201ciklim hedefi\u201d olarak a\u015fa\u011f\u0131daki iki temel say\u0131sal a\u00e7\u0131klama payla\u015ft\u0131:<br><\/p>\n\n<ol class=\"wp-block-list\">\n<li>2015\u2019te, \u201c2030 itibariyle y\u00fczde 21\u201d olarak ilan edilen art\u0131\u015ftan azalt\u0131m, y\u00fczde 41 olarak g\u00fcncellendi. Bu yolla, \u201c500 milyon ton sera gaz\u0131 azalt\u0131m\u0131 yap\u0131laca\u011f\u0131\u201d ifade edildi (bunu akl\u0131m\u0131zda tutal\u0131m: \u201cazaltaca\u011f\u0131z\u201d dediler).<\/li>\n\n\n\n<li>Sera gaz\u0131 emisyonlar\u0131n\u0131n zirveye \u00e7\u0131kaca\u011f\u0131 tarih (emisyon pik tarihi) 2038 olarak a\u00e7\u0131kland\u0131.<\/li>\n<\/ol>\n\n<p><strong>Peki bu a\u00e7\u0131klama ne anlama geliyor?<\/strong><\/p>\n\n<p>H\u00fck\u00fcmet net olarak emisyon art\u0131raca\u011f\u0131n\u0131 ilan etti. Art\u0131\u015ftan azalt\u0131m, bir azalt\u0131m de\u011fil, bir art\u0131\u015ft\u0131r. Dolay\u0131s\u0131yla T\u00fcrkiye\u2019nin iklim hedefleri, iklim krizine kar\u015f\u0131 de\u011fil, iklim krizi yarar\u0131na 500 milyon ton sera gaz\u0131 azalt\u0131m\u0131 da, ayn\u0131 \u015fekilde aslen <em>500 milyon ton daha az art\u0131raca\u011f\u0131z<\/em> anlam\u0131na geliyor. <strong>Emisyonlar azalmayacak, artacak.<\/strong><\/p>\n\n<p><strong>Ama \u201cazaltaca\u011f\u0131z\u201d demi\u015flerdi?<\/strong><\/p>\n\n<p>T\u00fcrkiye\u2019nin 2015\u2019teki a\u00e7\u0131klamas\u0131; normal \u015fartlar devam etti\u011fi takdirde 2030\u2019da 1 milyar 175 milyon tona varacak olan toplam sera gaz\u0131 emisyonunun, h\u00fck\u00fcmetin y\u00fczde 21\u2019lik art\u0131\u015ftan azalt\u0131m \u00f6nlemiyle 929 milyon tona d\u00fc\u015fece\u011fi idi. COP27\u2019deki a\u00e7\u0131klamadan ise, bu seviyenin, y\u00fczde 41\u2019e \u00e7\u0131kar\u0131lan art\u0131\u015ftan azalt\u0131m oran\u0131 sayesinde (!) 694 milyon tona \u00e7ekilece\u011fi anla\u015f\u0131l\u0131yor. T\u00fcrkiye\u2019nin g\u00fcncel toplam ulusal emisyon verisi ise 2020 tarihli ve 523,9 milyon ton. \u015eimdi, matematik bize \u015funu s\u00f6yl\u00fcyor: 2020\u2019de 523,9 milyon ton olan emisyonumuz, 2030\u2019da 694 milyon tona \u00e7\u0131k\u0131yorsa, <strong>bu, 2020 seviyesinin yakla\u015f\u0131k y\u00fczde 32\u2019sine denk gelen bir miktarda art\u0131\u015f anlam\u0131na geliyor.<\/strong><\/p>\n\n<p><strong>Yani azaltm\u0131yor, art\u0131r\u0131yorlar? Peki k\u00f6m\u00fcr?<\/strong><\/p>\n\n<p>Evet, emisyonlar art\u0131yor. Bu ayn\u0131 zamanda k\u00f6m\u00fcre de tam gaz devam demek. K\u00f6m\u00fcrl\u00fc termik santraller, T\u00fcrkiye\u2019nin en b\u00fcy\u00fck sera gaz\u0131 kayna\u011f\u0131. 2020 rakamlar\u0131na g\u00f6re \u00fclkenin toplam sera gaz\u0131n\u0131n y\u00fczde 20\u2019sini olu\u015fturuyor. Yani T\u00fcrkiye\u2019nin iklim eyleminde aslan pay\u0131 k\u00f6m\u00fcrden uzakla\u015fmakta yat\u0131yor. Oysa toplam sera gaz\u0131 miktar\u0131n\u0131 y\u00fczde 30\u2019dan fazla art\u0131rmak, k\u00f6m\u00fcre tam gaz devam etmek anlam\u0131na geliyor. Bu da, yeni santrallerin ve yeni k\u00f6m\u00fcr madenlerinin faaliyete girmesi, ye\u015fil alanlar\u0131n, tar\u0131m topraklar\u0131n\u0131n ve temiz hava hakk\u0131n\u0131n \u00fczerindeki tehdidin \u00e7ok \u00e7ok uzun y\u0131llar daha s\u00fcrmesi anlam\u0131na geliyor.<br><br>Bu sat\u0131rlar yaz\u0131l\u0131rken, T\u00fcrkiye\u2019nin iki ayr\u0131 noktas\u0131nda iki yeni k\u00f6m\u00fcr sahas\u0131 i\u00e7in daha d\u00fc\u011fmeye bas\u0131ld\u0131. Ayd\u0131n il\u00e7esi Bozdo\u011fan\u2019da, y\u0131ll\u0131k 2 milyon tonluk bir kapasiteyle linyit \u00fcretimi ger\u00e7ekle\u015ftirecek proje, hakk\u0131nda, Ayd\u0131n Valili\u011fi \u201c\u00c7ED gerekli de\u011fildir\u201d karar\u0131 verdi. \u00c7\u0131kar\u0131lan linyit Mu\u011fla\u2019daki Yata\u011fan K\u00f6m\u00fcrl\u00fc Termik Santrali\u2019nde yak\u0131lacak ve en az 10 y\u0131ll\u0131k bir faaliyet \u00f6ng\u00f6r\u00fcl\u00fcyor.&nbsp;<\/p>\n\n<p>Bir di\u011fer linyit faaliyeti geli\u015fmesi ise Kahramanmara\u015f il\u00e7esi Elbistan\u2019da ortaya \u00e7\u0131kt\u0131. 2011\u2019de meydana gelen ve 11 maden i\u015f\u00e7isinin hayat\u0131n\u0131 kaybetti\u011fi (ve hala cesetlerine ula\u015f\u0131lamad\u0131\u011f\u0131) g\u00f6\u00e7\u00fck facias\u0131ndan bu yana at\u0131l durumda olan \u00c7\u00f6llolar Maden sahas\u0131, T\u00fcrkiye K\u00f6m\u00fcr \u0130\u015fletmeleri taraf\u0131ndan \u00e7\u0131k\u0131lan ihalenin sonu\u00e7lanmas\u0131yla yeniden faaliyete ge\u00e7ecek. Bu ihale, Af\u015fin-Elbistan linyit havzas\u0131ndaki 500 milyon tonu a\u015fan linyiti, santrallerde yakma projesinin bir par\u00e7as\u0131.<\/p>\n\n<p>Bu b\u00f6lgede ayn\u0131 zamanda T\u00fcrkiye\u2019nin en b\u00fcy\u00fck k\u00f6m\u00fcrl\u00fc termik santrali de yap\u0131lmak isteniyor. Bizzat T\u00fcrkiye H\u00fck\u00fcmeti taraf\u0131ndan yap\u0131lmak istenen ve 1800 MW kurulu g\u00fcce sahip olmas\u0131 planlanan Af\u015fin C santrali, \u00c7ED raporunda payla\u015f\u0131lan bilgilere g\u00f6re, y\u0131lda 62 milyon ton karbon emisyonu yapacak. Bu rakam, T\u00fcrkiye\u2019nin 2020 tarihli en g\u00fcncel ulusal emisyon miktar\u0131n\u0131n y\u00fczde 10\u2019undan fazla. Evet, tek ba\u015f\u0131na bir santralden bahsediyoruz. Greenpeace Akdeniz olarak, kampanyalar y\u00fcr\u00fcterek, davalar a\u00e7arak t\u00fcm g\u00fcc\u00fcm\u00fczle durdurmaya \u00e7al\u0131\u015ft\u0131\u011f\u0131m\u0131z bu proje, T\u00fcrkiye\u2019nin iklim de\u011fi\u015fikli\u011fiyle m\u00fccadelede k\u00fcresel gayrete verdi\u011fimiz ulusal katk\u0131 beyan\u0131 i\u00e7erisinde yer bulabiliyor. Tuhaf zamanlar de\u011fil mi ger\u00e7ekten? Evet tuhaf, ama bu gidi\u015f de\u011fi\u015fmezse \u00f6ncelikle 2038\u2019e kadar, sonra da ba\u015fka belirsiz bir gelece\u011fe kadar s\u00fcrecek bir kabusun da i\u015faret\u00e7isi ayn\u0131 zamanda.<\/p>\n\n<p><strong>2030\u2019dan 2038\u2019e ve sonras\u0131na: bir iklim kabusu<\/strong><\/p>\n\n<p>T\u00fcm bu k\u00f6m\u00fcr i\u015ftah\u0131, asl\u0131nda a\u00e7\u0131klanan ulusal katk\u0131 beyan\u0131n\u0131n ikinci k\u0131sm\u0131 olan emisyon pik tarihi ile de kendini g\u00f6steriyor: 2038. Gezegen i\u00e7in kritik tarih olan tarihten 8 sene sonra. 2030 itibariyle k\u00fcresel ortalama s\u0131cakl\u0131k art\u0131\u015f\u0131n\u0131 1,5 derecede durduramazsak, sonun ba\u015flang\u0131c\u0131 olacak tarih. Bu tarihe kadar, T\u00fcrkiye, gezegenin mahv\u0131na sebep olacak bir emisyon politikas\u0131 izleyece\u011fini ilan etmekle kalmad\u0131, \u00fcst\u00fcne \u00fcstl\u00fck, sonras\u0131ndaki 8 y\u0131l boyunca da emisyonlar\u0131 art\u0131raca\u011f\u0131n\u0131 ilan etti.<br><br>Bakan Murat Kurum, \u201cT\u00fcrkiye, \u00e7evre ve iklim politikalar\u0131n\u0131 hayata ge\u00e7irme noktas\u0131nda g\u00fc\u00e7l\u00fc ve \u00f6nc\u00fc \u00fclkelerden biridir\u201d ulusal katk\u0131 beyan\u0131n\u0131 bu s\u00f6zlerle a\u00e7\u0131klad\u0131. Emisyon art\u0131\u015f\u0131, k\u00f6m\u00fcrden \u00e7\u0131k\u0131\u015f bir yana, yeni k\u00f6m\u00fcr yat\u0131r\u0131mlar\u0131 planlar\u0131, kritik tarihin \u00e7ok \u00e7ok \u00f6tesine verilen emisyon pik zamanlamas\u0131 da pek tabii bir \u00e7evre ve iklim politikas\u0131 say\u0131labilir. \u00d6yle ya, y\u0131k\u0131m getiren, \u00f6l\u00fcm getiren, kirlilik ve yoksulluk getiren politikalar yapmak da bir \u00f6zg\u00fcrl\u00fckt\u00fcr. Ayn\u0131 \u015fekilde, uluslararas\u0131 kamuoyunun, bu t\u00fcr bir iklim hedefine itibar etmemesi de bir \u00f6zg\u00fcrl\u00fckt\u00fcr, \u00f6yle de\u011fil mi?<\/p>\n\n<p><strong>COP27\u2019de G\u00fcn\u00fcn Fosili: T\u00fcrkiye<\/strong><\/p>\n\n<p>Zirveyi yerinde takip eden aktivistler, uzmanlar, gazeteciler, net g\u00f6zlemlerde birle\u015fiyor: T\u00fcrkiye pavilyonuna ilgi yoktu. Gerek zirve kat\u0131l\u0131mc\u0131lar\u0131, gerekse birka\u00e7 istisna d\u0131\u015f\u0131nda ulusal ve uluslararas\u0131 bas\u0131n, T\u00fcrkiye\u2019nin pavilyon faaliyetine genel olarak ilgi g\u00f6stermiyordu. T\u00fcrkiye delegeleri, m\u00fczakerelere ve oturumlarda yer al\u0131p makul g\u00f6r\u00fc\u015fler dile getiriyordu, fakat kendi \u00fclkelerinin ulusal katk\u0131 beyan\u0131ndan bahsetmiyorlard\u0131, \u00e7\u00fcnk\u00fc bu beyan\u0131 benimser g\u00f6r\u00fcnm\u00fcyorlard\u0131.<\/p>\n\n<p>Birle\u015fmi\u015f Milletler\u2019in K\u00fcresel \u0130klim Zirveleri, yani COP\u2019lar, ayn\u0131 zamanda \u00fclkeler aras\u0131nda bir etkinlik, iklim eylemi liderli\u011fi ve bir uluslararas\u0131 itibar rekabetine de sahne oluyor. M\u00fczakereleri t\u0131kayarak etkili iklim eylemi kararlar\u0131n\u0131n al\u0131nmas\u0131n\u0131 engelleyen veya T\u00fcrkiye gibi iklim krizinin ciddiyetini anlamaktan uzak hedefler a\u00e7\u0131klayan \u00fclkeler, bu konuda a\u011f\u0131r ele\u015ftiriler kadar kuvvetli mizah\u0131n da konusu oluyor.&nbsp;<br>T\u00fcrkiye de, iklim zirvesinde emisyon art\u0131\u015f\u0131n\u0131 iklim hedefi olarak ilan etmekten \u00e7ekinmeyen bir \u00fclkenin hak edi\u015fini zirvede ald\u0131. \u0130klim Eylemi A\u011f\u0131\u2019n\u0131n (Climate Action Network &#8211; CAN) COP zirvelerinde her g\u00fcn da\u011f\u0131tt\u0131\u011f\u0131 <a href=\"https:\/\/climatenetwork.org\/resource\/turkey-a-statement-of-confusion\/\">G\u00fcn\u00fcn Fosili \u00f6d\u00fcl\u00fcn\u00fcn sahibi, 15 Kas\u0131m\u2019da T\u00fcrkiye oldu<\/a>.<\/p>\n\n<figure class=\"wp-block-image size-large\"><img loading=\"lazy\" decoding=\"async\" width=\"1024\" height=\"682\" src=\"https:\/\/www.greenpeace.org\/static\/planet4-turkey-stateless\/2022\/11\/64f8ab6e-whatsapp-image-2022-11-16-at-12.23.55-pm-1024x682.jpeg\" alt=\"\" class=\"wp-image-7512\" srcset=\"https:\/\/www.greenpeace.org\/static\/planet4-turkey-stateless\/2022\/11\/64f8ab6e-whatsapp-image-2022-11-16-at-12.23.55-pm-1024x682.jpeg 1024w, https:\/\/www.greenpeace.org\/static\/planet4-turkey-stateless\/2022\/11\/64f8ab6e-whatsapp-image-2022-11-16-at-12.23.55-pm-300x200.jpeg 300w, https:\/\/www.greenpeace.org\/static\/planet4-turkey-stateless\/2022\/11\/64f8ab6e-whatsapp-image-2022-11-16-at-12.23.55-pm-768x512.jpeg 768w, https:\/\/www.greenpeace.org\/static\/planet4-turkey-stateless\/2022\/11\/64f8ab6e-whatsapp-image-2022-11-16-at-12.23.55-pm-1536x1023.jpeg 1536w, https:\/\/www.greenpeace.org\/static\/planet4-turkey-stateless\/2022\/11\/64f8ab6e-whatsapp-image-2022-11-16-at-12.23.55-pm-510x340.jpeg 510w, https:\/\/www.greenpeace.org\/static\/planet4-turkey-stateless\/2022\/11\/64f8ab6e-whatsapp-image-2022-11-16-at-12.23.55-pm.jpeg 1600w\" sizes=\"auto, (max-width: 1024px) 100vw, 1024px\" \/><\/figure>\n\n<p>Zirveleri d\u00fczenli olarak takip edenler i\u00e7in \u015fa\u015f\u0131rt\u0131c\u0131 olmayan bu geli\u015fme, T\u00fcrkiye i\u00e7in g\u00fczel haber de\u011fildi. \u00c7\u00fcnk\u00fc \u00f6d\u00fcl\u00fc alan \u00fclkeler i\u00e7in de bilhassa zirve dahilinde can s\u0131k\u0131c\u0131 bir geli\u015fme oluyor.&nbsp;<\/p>\n\n<p><br><strong>Hem g\u00fcn\u00fcn fosili, hem iklim politikas\u0131 \u00f6nc\u00fcs\u00fc<\/strong><\/p>\n\n<p>Peki, Bakan Kurum\u2019un s\u00f6z\u00fcne geri d\u00f6necek olursak, \u00e7evre ve iklim politikalar\u0131nda \u201c\u00f6nc\u00fc \u00fclkeler aras\u0131nda\u201d olmak ne demektir? Hem g\u00fcn\u00fcn fosili, hem de iklim politikalar\u0131nda \u00f6nc\u00fc olmak m\u00fcmk\u00fcn m\u00fcd\u00fcr? Bunu Avrupa\u2019daki \u00fclkelerin k\u00f6m\u00fcrden \u00e7\u0131k\u0131\u015f tarihleriyle k\u0131yaslayarak anlamaya \u00e7al\u0131\u015fal\u0131m:<\/p>\n\n<figure class=\"wp-block-image size-full\"><img loading=\"lazy\" decoding=\"async\" width=\"802\" height=\"755\" src=\"https:\/\/www.greenpeace.org\/static\/planet4-turkey-stateless\/2022\/11\/3bc349d2-screenshot.190.jpg\" alt=\"\" class=\"wp-image-7506\" srcset=\"https:\/\/www.greenpeace.org\/static\/planet4-turkey-stateless\/2022\/11\/3bc349d2-screenshot.190.jpg 802w, https:\/\/www.greenpeace.org\/static\/planet4-turkey-stateless\/2022\/11\/3bc349d2-screenshot.190-300x282.jpg 300w, https:\/\/www.greenpeace.org\/static\/planet4-turkey-stateless\/2022\/11\/3bc349d2-screenshot.190-768x723.jpg 768w, https:\/\/www.greenpeace.org\/static\/planet4-turkey-stateless\/2022\/11\/3bc349d2-screenshot.190-361x340.jpg 361w\" sizes=\"auto, (max-width: 802px) 100vw, 802px\" \/><\/figure>\n\n<p><em>Kaynak: K\u00f6m\u00fcr\u00fcn \u00d6tesinde Avrupa (Europe Beyond Coal &#8211; EBC)<\/em><\/p>\n\n<p>Avrupa\u2019da 21 \u00fclkeyi ele alan <a href=\"https:\/\/beyond-coal.eu\/wp-content\/uploads\/2021\/11\/Avrupa-Komurden-Cikis-.pdf\">bu \u00e7al\u0131\u015fma<\/a>, ile T\u00fcrkiye\u2019nin ulusal katk\u0131 beyan\u0131n\u0131 birlikte d\u00fc\u015f\u00fcnd\u00fc\u011f\u00fcm\u00fczde, Bulgaristan\u2019\u0131n verdi\u011fi ve Avrupa\u2019daki mevcut en ge\u00e7 k\u00f6m\u00fcrden \u00e7\u0131k\u0131\u015f tarihi 2040 iken, T\u00fcrkiye\u2019nin daha 2038\u2019e kadar geni\u015f geni\u015f, rahat rahat k\u00f6m\u00fcr yakaca\u011f\u0131 sonucuna var\u0131yoruz. Kabusa bir de utan\u00e7 e\u015flik etmiyor de\u011fil.<\/p>\n\n<p>\u00c7\u00fcnk\u00fc, bu bir iklim hedefi de\u011fil. Bu, bir iklim eylemi de\u011fil. T\u00fcrkiye\u2019nin \u201cUlusal Katk\u0131 Beyan\u0131\u201d, hava, toprak ve su kirlili\u011fi, kanser ba\u015fta olmak \u00fczere sa\u011fl\u0131k sorunlar\u0131, k\u00f6m\u00fcr madencileri i\u00e7in \u00f6l\u00fcm riski, santral \u00e7al\u0131\u015fanlar\u0131 ve yine madenciler i\u00e7in meslek hastal\u0131klar\u0131, y\u00fczde 100 yenilenebilir enerji d\u00f6n\u00fc\u015f\u00fcm\u00fcnde daha da gecikmekle t\u0131rmanacak ekonomik daralma ve t\u00fcm toplum i\u00e7in erken \u00f6l\u00fcm anlam\u0131na gelen mevcut sisteme devam karar\u0131d\u0131r.<\/p>\n\n<p>T\u00fcrkiye, bu karar\u0131 hangi saiklerle, hangi ak\u0131l y\u00fcr\u00fctmeyle alm\u0131\u015f olursa olsun, iklim krizinden k\u00e2r edenler ve edecekler hari\u00e7 kimsenin \u00e7\u0131kar\u0131na olmad\u0131\u011f\u0131 a\u00e7\u0131kt\u0131r. Bu beyan, bu haliyle, T\u00fcrkiyede bilhassa k\u00f6m\u00fcr yat\u0131r\u0131mc\u0131lar\u0131na \u201ct\u00fcm d\u00fcnyan\u0131n sizi terk etti\u011fi bu zor g\u00fcnlerde yan\u0131n\u0131zday\u0131z\u201d s\u00f6z\u00fc vermekten farks\u0131zd\u0131r. \u0130klim krizini t\u0131rmand\u0131racak bir gidi\u015fatta \u0131srard\u0131r. T\u00fcrkiye olarak yapmam\u0131z gereken, bu katk\u0131 beyan\u0131ndan ko\u015far ad\u0131m uzakla\u015fmak ve onu h\u0131zla revize etmektir. K\u00f6m\u00fcrden \u00e7\u0131k\u0131\u015f ve adil ge\u00e7i\u015f fonlar\u0131ndan yararlanabilece\u011fimiz, uluslararas\u0131 politikada itibar kazanabilece\u011fimiz, elektrik \u00fcretiminde fosilsizle\u015fmeyle ortaya \u00e7\u0131kacak ek kaynakla kamu sa\u011fl\u0131\u011f\u0131n\u0131 ve ye\u015fil istihdam\u0131 kuvvetlendirebilece\u011fimiz bir gelecek m\u00fcmk\u00fcnken, neden iklim krizinin kuca\u011f\u0131na ko\u015fal\u0131m?&nbsp;<\/p>\n\n<p>\u00c7\u00f6z\u00fcm, k\u00f6m\u00fcrden \u00e7\u0131k\u0131\u015f\u0131n, mutlak ve ihtirasl\u0131 bir emisyon azalt\u0131m plan\u0131n\u0131n, adil d\u00f6n\u00fc\u015f\u00fcm politikalar\u0131n\u0131n ba\u015frolde oldu\u011fu bir Ulusal Katk\u0131 Beyan\u0131\u2019d\u0131r. Bu bir hayal de\u011fil zorunluluktur. Dahas\u0131, heyecan verici ve mutlu bir gelecektir.<\/p>\n\n<p>Neden mutlu bir gelece\u011fe&nbsp; katk\u0131 sunmayal\u0131m?<\/p>\n","protected":false},"excerpt":{"rendered":"<p>M\u0131s\u0131r\u2019da 27.\u2019si ger\u00e7ekle\u015ftirilen K\u00fcresel \u0130klim Zirvesi ya da COP 27 (tam ad\u0131yla Birle\u015fmi\u015f Milletler \u0130klim De\u011fi\u015fikli\u011fi \u00c7er\u00e7eve S\u00f6zle\u015fmesi 27. Taraflar Konferans\u0131), yine k\u00fcresel ve ulusal iklim de\u011fi\u015fikli\u011fi g\u00fcndemlerinin masaya yat\u0131r\u0131ld\u0131\u011f\u0131,&hellip;<\/p>\n","protected":false},"author":26,"featured_media":7505,"comment_status":"closed","ping_status":"open","sticky":false,"template":"","format":"standard","meta":{"ep_exclude_from_search":false,"p4_og_title":"COP27 ve T\u00fcrkiye\u2019nin Beyan\u0131: Ate\u015ften G\u00f6mlek","p4_og_description":"T\u00fcrkiye\u2019nin iklim de\u011fi\u015fikli\u011fi m\u00fccadelesi taahh\u00fcd\u00fc: \u201cEmisyonlar\u0131 art\u0131raca\u011f\u0131z\u201d","p4_og_image":"","p4_og_image_id":"","p4_seo_canonical_url":"","p4_campaign_name":"not set","p4_local_project":"not set","p4_basket_name":"not set","p4_department":"","footnotes":""},"categories":[24],"tags":[6,25],"p4-page-type":[29],"class_list":["post-7503","post","type-post","status-publish","format-standard","has-post-thumbnail","hentry","category-iklim-krizi","tag-iklim-adaleti","tag-iklim-degisikligi","p4-page-type-blog"],"_links":{"self":[{"href":"https:\/\/www.greenpeace.org\/turkey\/wp-json\/wp\/v2\/posts\/7503","targetHints":{"allow":["GET"]}}],"collection":[{"href":"https:\/\/www.greenpeace.org\/turkey\/wp-json\/wp\/v2\/posts"}],"about":[{"href":"https:\/\/www.greenpeace.org\/turkey\/wp-json\/wp\/v2\/types\/post"}],"author":[{"embeddable":true,"href":"https:\/\/www.greenpeace.org\/turkey\/wp-json\/wp\/v2\/users\/26"}],"replies":[{"embeddable":true,"href":"https:\/\/www.greenpeace.org\/turkey\/wp-json\/wp\/v2\/comments?post=7503"}],"version-history":[{"count":6,"href":"https:\/\/www.greenpeace.org\/turkey\/wp-json\/wp\/v2\/posts\/7503\/revisions"}],"predecessor-version":[{"id":7515,"href":"https:\/\/www.greenpeace.org\/turkey\/wp-json\/wp\/v2\/posts\/7503\/revisions\/7515"}],"wp:featuredmedia":[{"embeddable":true,"href":"https:\/\/www.greenpeace.org\/turkey\/wp-json\/wp\/v2\/media\/7505"}],"wp:attachment":[{"href":"https:\/\/www.greenpeace.org\/turkey\/wp-json\/wp\/v2\/media?parent=7503"}],"wp:term":[{"taxonomy":"category","embeddable":true,"href":"https:\/\/www.greenpeace.org\/turkey\/wp-json\/wp\/v2\/categories?post=7503"},{"taxonomy":"post_tag","embeddable":true,"href":"https:\/\/www.greenpeace.org\/turkey\/wp-json\/wp\/v2\/tags?post=7503"},{"taxonomy":"p4-page-type","embeddable":true,"href":"https:\/\/www.greenpeace.org\/turkey\/wp-json\/wp\/v2\/p4-page-type?post=7503"}],"curies":[{"name":"wp","href":"https:\/\/api.w.org\/{rel}","templated":true}]}}