{"id":776,"date":"2018-09-19T08:57:00","date_gmt":"2018-09-19T05:57:00","guid":{"rendered":"https:\/\/master.k8s.p4.greenpeace.org\/turkey\/blog\/cennetin-kanatlari-yagmur-ormanlarindaki-tahribatin-resmini-yapabilir-misin\/"},"modified":"2019-11-06T12:09:01","modified_gmt":"2019-11-06T09:09:01","slug":"cennetin-kanatlari-yagmur-ormanlarindaki-tahribatin-resmini-yapabilir-misin","status":"publish","type":"post","link":"https:\/\/www.greenpeace.org\/turkey\/blog\/cennetin-kanatlari-yagmur-ormanlarindaki-tahribatin-resmini-yapabilir-misin\/","title":{"rendered":"Cennetin Kanatlar\u0131: Ya\u011fmur Ormanlar\u0131ndaki Tahribat\u0131n Resmini Yapabilir Misin?"},"content":{"rendered":"<div class=\"post-content\">\n<div>\n<p id=\"docs-internal-guid-f257e40b-7fff-0031-abbc-ad0f451036ef\" dir=\"ltr\">\u00c7ok uzun zamand\u0131r Endonezya ormanlar\u0131, soyu t\u00fckenen canl\u0131 t\u00fcrleri, yerinden edilen topluluklar ve yanan ya\u011fmur ormanlar\u0131yla birlikte an\u0131l\u0131yor. \u0130nsanl\u0131\u011fa ya da biyo\u00e7e\u015fitli\u011fe verdikleri zarar\u0131 umursamadan sadece kar\u0131n\u0131 d\u00fc\u015f\u00fcnen a\u00e7g\u00f6zl\u00fc palm ya\u011f\u0131 \u015firketleri bunda \u00e7ok b\u00fcy\u00fck rol oynad\u0131lar.<\/p>\n<\/p>\n<p><img decoding=\"async\" src=\"https:\/\/www.greenpeace.org\/static\/planet4-turkey-stateless\/2019\/09\/e9744440-e9744440-143791_261280.jpg\" alt=\"Cennetin Kanatlar\u0131\"><\/p>\n<p>\u00dclkenin bat\u0131s\u0131ndaki Papua b\u00f6lgesinin ormanlar\u0131nda ya\u015fayan Cennet Ku\u015flar\u0131\u2019n\u0131n muhte\u015fem g\u00fczelli\u011fi hakk\u0131nda neredeyse hi\u00e7bir \u015fey bilinmiyor. Fakat di\u011fer yandan da bug\u00fcne kadar 39 farkl\u0131 t\u00fcr\u00fc ke\u015ffedilen bu ku\u015flar, d\u00fcnyadaki en g\u00fczel canl\u0131lardan biri olarak g\u00f6steriliyor.<\/p>\n<p>Borneo ve Sumatra ormanlar\u0131n\u0131 yak\u0131p y\u0131kt\u0131ktan sonra palm ya\u011f\u0131 end\u00fcstrisi ula\u015fabilece\u011fi son s\u0131n\u0131ra ula\u015ft\u0131: Cennet Ku\u015flar\u0131\u2019n\u0131n vatan\u0131 olan Papua b\u00f6lgesi. E\u011fer bu \u015firketlere izin verirsek hem ku\u015flara hem de ormana elveda demek zorunda kalaca\u011f\u0131z.<\/p>\n<p>\u0130\u015fte tam da bu y\u00fczden Melbourne\u2019den Taipei\u2019ye, Viyana\u2019dan Los Angeles\u2019e d\u00fcnyan\u0131n d\u00f6rt bir yan\u0131ndan g\u00f6n\u00fcll\u00fcler ve sokak sanat\u00e7\u0131lar\u0131 duruma el koyuyor.<\/p>\n<p>\u00dcstlendikleri g\u00f6rev \u00e7ok basit: Bu ku\u015flar\u0131n ola\u011fan\u00fcst\u00fc renkli t\u00fcylerini, di\u015filerin ilgisini \u00e7ekmek i\u00e7in yapt\u0131klar\u0131 muhte\u015fem danslar\u0131 ve s\u0131rad\u0131\u015f\u0131 davran\u0131\u015flar\u0131n\u0131 duvarlara yapt\u0131klar\u0131 sanat eserleriyle \u015fehirlerimize ta\u015f\u0131mak!<\/p>\n<p><img decoding=\"async\" src=\"https:\/\/www.greenpeace.org\/static\/planet4-turkey-stateless\/2019\/09\/8d3ba7ec-8d3ba7ec-143794_261268.jpg\" alt=\"Cennetin Kanatlar\u0131\"><\/p>\n<p>Art\u0131k Endonezya ormanlar\u0131n\u0131n gelece\u011fi i\u00e7in hep birlikte harekete ge\u00e7menin zaman\u0131 geldi. Sanat\u00e7\u0131lar, \u00f6\u011frenciler, ku\u015f merakl\u0131lar\u0131 ya da s\u00fcpermarketlerde palm ya\u011f\u0131 \u00fcr\u00fcnlerini alan t\u00fcketiciler olarak bir araya gelmeli ve bir \u015feyler yapmal\u0131y\u0131z.<\/p>\n<p>Bu b\u00fcy\u00fck harekete kat\u0131l\u0131n. #WingsOfParadise (Cennetin Kanatlar\u0131) etiketiyle sosyal medyada payla\u015f\u0131lan sanat eserlerini inceleyin, en be\u011fendiklerinizi arkada\u015flar\u0131n\u0131zla payla\u015f\u0131n ve ormanlar\u0131n ve d\u00fcnyam\u0131z\u0131n gelece\u011fini korumak i\u00e7in neler yapabilece\u011finizi tart\u0131\u015fmaya ba\u015flay\u0131n.<\/p>\n<p><img decoding=\"async\" src=\"https:\/\/www.greenpeace.org\/static\/planet4-turkey-stateless\/2019\/09\/720e1ef9-720e1ef9-143796_261259.jpg\" alt=\"Cennetin Kanatlar\u0131\"><\/p>\n<p><img decoding=\"async\" src=\"https:\/\/www.greenpeace.org\/static\/planet4-turkey-stateless\/2019\/09\/f9b4558b-f9b4558b-143795_261263.jpg\" alt=\"Cennetin Kanatlar\u0131\"><\/p>\n<p><img decoding=\"async\" src=\"https:\/\/www.greenpeace.org\/static\/planet4-turkey-stateless\/2019\/09\/8236646d-8236646d-143790_261285.jpg\" alt=\"Cennetin Kanatlar\u0131\"><\/p>\n<p><img decoding=\"async\" src=\"https:\/\/www.greenpeace.org\/static\/planet4-turkey-stateless\/2019\/09\/a9be9cc7-a9be9cc7-143793_261271.jpg\" alt=\"Cennetin Kanatlar\u0131\"><\/p>\n<p><img decoding=\"async\" src=\"https:\/\/www.greenpeace.org\/static\/planet4-turkey-stateless\/2019\/09\/b720b5e1-b720b5e1-143786_261301.jpg\" alt=\"Cennetin Kanatlar\u0131\"><\/p>\n<p><img decoding=\"async\" src=\"https:\/\/www.greenpeace.org\/static\/planet4-turkey-stateless\/2019\/09\/47dfe3b3-47dfe3b3-143788_261295.jpg\" alt=\"Cennetin Kanatlar\u0131\"><\/p>\n<p><img decoding=\"async\" src=\"https:\/\/www.greenpeace.org\/static\/planet4-turkey-stateless\/2019\/09\/932db5a5-932db5a5-143787_261298.jpg\" alt=\"Cennetin Kanatlar\u0131\"><\/p>\n<p><img decoding=\"async\" src=\"https:\/\/www.greenpeace.org\/static\/planet4-turkey-stateless\/2019\/09\/159d4eb7-159d4eb7-143789_261290.jpg\" alt=\"Cennetin Kanatlar\u0131\">\n<\/div>\n<\/p>\n<\/div>\n","protected":false},"excerpt":{"rendered":"<p>\u00c7ok uzun zamand\u0131r Endonezya ormanlar\u0131, soyu t\u00fckenen canl\u0131 t\u00fcrleri, yerinden edilen topluluklar ve yanan ya\u011fmur ormanlar\u0131yla birlikte an\u0131l\u0131yor. \u0130nsanl\u0131\u011fa ya da biyo\u00e7e\u015fitli\u011fe verdikleri zarar\u0131 umursamadan sadece kar\u0131n\u0131 d\u00fc\u015f\u00fcnen a\u00e7g\u00f6zl\u00fc palm ya\u011f\u0131 \u015firketleri bunda \u00e7ok b\u00fcy\u00fck rol oynad\u0131lar.<\/p>\n","protected":false},"author":26,"featured_media":777,"comment_status":"closed","ping_status":"closed","sticky":false,"template":"","format":"standard","meta":{"ep_exclude_from_search":false,"p4_og_title":"","p4_og_description":"","p4_og_image":"","p4_og_image_id":"","p4_seo_canonical_url":"","p4_campaign_name":"","p4_local_project":"","p4_basket_name":"","p4_department":"","footnotes":""},"categories":[3],"tags":[30],"p4-page-type":[29],"class_list":["post-776","post","type-post","status-publish","format-standard","has-post-thumbnail","hentry","category-biyocesitlilik-doga","tag-gidatarim","p4-page-type-blog"],"_links":{"self":[{"href":"https:\/\/www.greenpeace.org\/turkey\/wp-json\/wp\/v2\/posts\/776","targetHints":{"allow":["GET"]}}],"collection":[{"href":"https:\/\/www.greenpeace.org\/turkey\/wp-json\/wp\/v2\/posts"}],"about":[{"href":"https:\/\/www.greenpeace.org\/turkey\/wp-json\/wp\/v2\/types\/post"}],"author":[{"embeddable":true,"href":"https:\/\/www.greenpeace.org\/turkey\/wp-json\/wp\/v2\/users\/26"}],"replies":[{"embeddable":true,"href":"https:\/\/www.greenpeace.org\/turkey\/wp-json\/wp\/v2\/comments?post=776"}],"version-history":[{"count":1,"href":"https:\/\/www.greenpeace.org\/turkey\/wp-json\/wp\/v2\/posts\/776\/revisions"}],"predecessor-version":[{"id":787,"href":"https:\/\/www.greenpeace.org\/turkey\/wp-json\/wp\/v2\/posts\/776\/revisions\/787"}],"wp:featuredmedia":[{"embeddable":true,"href":"https:\/\/www.greenpeace.org\/turkey\/wp-json\/wp\/v2\/media\/777"}],"wp:attachment":[{"href":"https:\/\/www.greenpeace.org\/turkey\/wp-json\/wp\/v2\/media?parent=776"}],"wp:term":[{"taxonomy":"category","embeddable":true,"href":"https:\/\/www.greenpeace.org\/turkey\/wp-json\/wp\/v2\/categories?post=776"},{"taxonomy":"post_tag","embeddable":true,"href":"https:\/\/www.greenpeace.org\/turkey\/wp-json\/wp\/v2\/tags?post=776"},{"taxonomy":"p4-page-type","embeddable":true,"href":"https:\/\/www.greenpeace.org\/turkey\/wp-json\/wp\/v2\/p4-page-type?post=776"}],"curies":[{"name":"wp","href":"https:\/\/api.w.org\/{rel}","templated":true}]}}