{"id":8488,"date":"2024-04-18T13:50:37","date_gmt":"2024-04-18T10:50:37","guid":{"rendered":"https:\/\/www.greenpeace.org\/turkey\/?p=8488"},"modified":"2024-04-19T13:55:06","modified_gmt":"2024-04-19T10:55:06","slug":"rapor-guclu-bir-plastik-anlasmasi-icin-kuresel-destek","status":"publish","type":"post","link":"https:\/\/www.greenpeace.org\/turkey\/raporlar\/rapor-guclu-bir-plastik-anlasmasi-icin-kuresel-destek\/","title":{"rendered":"[RAPOR] G\u00fc\u00e7l\u00fc Bir Plastik Anla\u015fmas\u0131 \u0130\u00e7in K\u00fcresel Destek"},"content":{"rendered":"\n<p>Plastiklerden kaynaklanan kirlilik d\u00fcnyan\u0131n her k\u00f6\u015fesinde zararl\u0131 etkisini g\u00f6steriyor. Greenpeace\u2019in 19 \u00fclkede 19 binden fazla kat\u0131l\u0131mc\u0131yla ger\u00e7ekle\u015ftirdi\u011fi anketten elde edilen sonu\u00e7lar, K\u00fcresel Plastik Anla\u015fmas\u0131 i\u00e7in g\u00fc\u00e7l\u00fc bir halk deste\u011fi oldu\u011funu kan\u0131tl\u0131yor. Ankete kat\u0131lanlar\u0131n:<\/p>\n\n<ul class=\"wp-block-list\">\n<li class=\"has-medium-font-size\">Y\u00fczde 82\u2019si plastik \u00fcretiminin azalt\u0131lmas\u0131n\u0131; y\u00fczde 80\u2019i biyo\u00e7e\u015fitlili\u011fi ve iklimi korumak i\u00e7in plastik \u00fcretiminin azalt\u0131lmas\u0131n\u0131 destekliyor.<\/li>\n\n\n\n<li class=\"has-medium-font-size\">Y\u00fczde 90\u2019\u0131 tek kullan\u0131ml\u0131k plastik ambalajlar\u0131n yerine, yeniden kullan\u0131labilir ambalajlara ge\u00e7ilmesini,<\/li>\n\n\n\n<li class=\"has-medium-font-size\">Y\u00fczde 75\u2019i tek kullan\u0131ml\u0131k plastiklerin yasaklanmas\u0131n\u0131 destekliyor.<\/li>\n<\/ul>\n\n<p>Anket sonu\u00e7lar\u0131na g\u00f6re kat\u0131l\u0131mc\u0131lar mevcut plastik kullan\u0131m\u0131ndan \u00f6t\u00fcr\u00fc ciddi endi\u015fe duyuyor. Kat\u0131lanlar\u0131n:<\/p>\n\n<ul class=\"wp-block-list\">\n<li class=\"has-medium-font-size\">Y\u00fczde <strong>80&#8217;i <\/strong>plastiklerin sevdiklerinin sa\u011fl\u0131\u011f\u0131 \u00fczerindeki etkilerinden,<\/li>\n\n\n\n<li class=\"has-medium-font-size\">Ebeveynlerin <strong>y\u00fczde 84<\/strong>&#8216;<strong>\u00fc<\/strong> bu etkilerin \u00e7ocuklar\u0131n\u0131n sa\u011fl\u0131\u011f\u0131 \u00fczerindeki etkilerinden endi\u015fe duyuyor.<\/li>\n<\/ul>\n\n<p>Anket yap\u0131lan t\u00fcm \u00fclkelerde kat\u0131l\u0131mc\u0131lar\u0131n <strong>%50\u2019si<\/strong> plastiklerle ilgili cesur eylemlere destek olduklar\u0131n\u0131 belirtirken plastik kirlili\u011fi seviyesinin daha y\u00fcksek oldu\u011fu \u00e7o\u011fu K\u00fcresel G\u00fcney \u00fclkelerinde bu destek giderek art\u0131yor.<\/p>\n\n<p>D\u00fcnya genelinden y\u00fckselen bu ses ve talepler K\u00fcresel Plastik Anla\u015fmas\u0131 m\u00fczakereleri hakk\u0131nda h\u00fck\u00fcmetlere sa\u011flam bir mesaj g\u00f6nderiyor. Siyasi liderlerin kar\u015f\u0131s\u0131nda \u00fc\u00e7 temel talep yer al\u0131yor:&nbsp;<\/p>\n\n<ul class=\"wp-block-list\">\n<li class=\"has-medium-font-size\">Plastiklerin b\u00fct\u00fcn ya\u015fam d\u00f6ng\u00fcs\u00fc boyunca olu\u015fturdu\u011fu kirlili\u011fin ele al\u0131nmas\u0131,<\/li>\n\n\n\n<li class=\"has-medium-font-size\">Plastik \u00fcretiminin azalt\u0131lmas\u0131 ve&nbsp;<\/li>\n\n\n\n<li class=\"has-medium-font-size\">Tek kullan\u0131ml\u0131k plastiklerin yasaklamas\u0131.<\/li>\n<\/ul>\n\n<p>\u0130nsanlar\u0131n yan\u0131tlar\u0131 g\u00f6steriyor ki bu taleplere kar\u015f\u0131 ba\u015far\u0131s\u0131zl\u0131k, siyasi sonu\u00e7lara neden olacak.<\/p>\n\n<figure class=\"wp-block-image size-full\"><img loading=\"lazy\" decoding=\"async\" width=\"1369\" height=\"957\" src=\"https:\/\/www.greenpeace.org\/static\/planet4-turkey-stateless\/2024\/04\/8705e163-screenshot.99.jpg\" alt=\"\" class=\"wp-image-8492\" srcset=\"https:\/\/www.greenpeace.org\/static\/planet4-turkey-stateless\/2024\/04\/8705e163-screenshot.99.jpg 1369w, https:\/\/www.greenpeace.org\/static\/planet4-turkey-stateless\/2024\/04\/8705e163-screenshot.99-300x210.jpg 300w, https:\/\/www.greenpeace.org\/static\/planet4-turkey-stateless\/2024\/04\/8705e163-screenshot.99-1024x716.jpg 1024w, https:\/\/www.greenpeace.org\/static\/planet4-turkey-stateless\/2024\/04\/8705e163-screenshot.99-768x537.jpg 768w, https:\/\/www.greenpeace.org\/static\/planet4-turkey-stateless\/2024\/04\/8705e163-screenshot.99-486x340.jpg 486w\" sizes=\"auto, (max-width: 1369px) 100vw, 1369px\" \/><\/figure>\n\n<div class=\"wp-block-buttons is-layout-flex wp-block-buttons-is-layout-flex\"><\/div>\n\n<p class=\"has-medium-font-size\"><a href=\"https:\/\/www.greenpeace.org\/static\/planet4-turkey-stateless\/2024\/04\/83b6d902-plastik_arastirma2.pdf\" data-type=\"link\" data-id=\"https:\/\/www.greenpeace.org\/static\/planet4-turkey-stateless\/2024\/04\/83b6d902-plastik_arastirma2.pdf\">Y\u00f6netici \u00d6zeti<\/a><\/p>\n\n<p><a href=\"http:\/\/greenpeace.org\/static\/planet4-turkey-stateless\/2024\/04\/900a0c6f-survey-results-global-plastics-treaty.pdf\" data-type=\"link\" data-id=\"greenpeace.org\/static\/planet4-turkey-stateless\/2024\/04\/900a0c6f-survey-results-global-plastics-treaty.pdf\">[RAPOR] (\u0130ngilizce)<\/a><\/p>\n","protected":false},"excerpt":{"rendered":"<p>Greenpeace\u2019in 19 \u00fclkede 19.000&#8217;den fazla kat\u0131l\u0131mc\u0131yla ger\u00e7ekle\u015ftirdi\u011fi ankette elde edilen sonu\u00e7lar, plastik \u00fcretiminin azalt\u0131lmas\u0131, tek kullan\u0131ml\u0131k plastiklerin sonland\u0131r\u0131lmas\u0131 ve yeniden kullan\u0131m tabanl\u0131 \u00e7\u00f6z\u00fcmlerin ilerletilmesi i\u00e7in g\u00fc\u00e7l\u00fc bir halk deste\u011fi oldu\u011funu g\u00f6stermektedir.<\/p>\n","protected":false},"author":26,"featured_media":8492,"comment_status":"closed","ping_status":"closed","sticky":false,"template":"","format":"standard","meta":{"ep_exclude_from_search":false,"p4_og_title":"[RAPOR] G\u00fc\u00e7l\u00fc Bir Plastik Anla\u015fmas\u0131 \u0130\u00e7in K\u00fcresel Destek","p4_og_description":"","p4_og_image":"","p4_og_image_id":"","p4_seo_canonical_url":"","p4_campaign_name":"not set","p4_local_project":"not set","p4_basket_name":"not set","p4_department":"","footnotes":""},"categories":[3],"tags":[23],"p4-page-type":[28],"class_list":["post-8488","post","type-post","status-publish","format-standard","has-post-thumbnail","hentry","category-biyocesitlilik-doga","tag-plastik","p4-page-type-raporlar"],"_links":{"self":[{"href":"https:\/\/www.greenpeace.org\/turkey\/wp-json\/wp\/v2\/posts\/8488","targetHints":{"allow":["GET"]}}],"collection":[{"href":"https:\/\/www.greenpeace.org\/turkey\/wp-json\/wp\/v2\/posts"}],"about":[{"href":"https:\/\/www.greenpeace.org\/turkey\/wp-json\/wp\/v2\/types\/post"}],"author":[{"embeddable":true,"href":"https:\/\/www.greenpeace.org\/turkey\/wp-json\/wp\/v2\/users\/26"}],"replies":[{"embeddable":true,"href":"https:\/\/www.greenpeace.org\/turkey\/wp-json\/wp\/v2\/comments?post=8488"}],"version-history":[{"count":4,"href":"https:\/\/www.greenpeace.org\/turkey\/wp-json\/wp\/v2\/posts\/8488\/revisions"}],"predecessor-version":[{"id":8499,"href":"https:\/\/www.greenpeace.org\/turkey\/wp-json\/wp\/v2\/posts\/8488\/revisions\/8499"}],"wp:featuredmedia":[{"embeddable":true,"href":"https:\/\/www.greenpeace.org\/turkey\/wp-json\/wp\/v2\/media\/8492"}],"wp:attachment":[{"href":"https:\/\/www.greenpeace.org\/turkey\/wp-json\/wp\/v2\/media?parent=8488"}],"wp:term":[{"taxonomy":"category","embeddable":true,"href":"https:\/\/www.greenpeace.org\/turkey\/wp-json\/wp\/v2\/categories?post=8488"},{"taxonomy":"post_tag","embeddable":true,"href":"https:\/\/www.greenpeace.org\/turkey\/wp-json\/wp\/v2\/tags?post=8488"},{"taxonomy":"p4-page-type","embeddable":true,"href":"https:\/\/www.greenpeace.org\/turkey\/wp-json\/wp\/v2\/p4-page-type?post=8488"}],"curies":[{"name":"wp","href":"https:\/\/api.w.org\/{rel}","templated":true}]}}