{"id":8523,"date":"2024-06-28T11:34:58","date_gmt":"2024-06-28T08:34:58","guid":{"rendered":"https:\/\/www.greenpeace.org\/turkey\/?p=8523"},"modified":"2025-07-02T10:42:28","modified_gmt":"2025-07-02T07:42:28","slug":"sahiller-anayasal-haklarimiza-ragmen-kiyim-kiyim","status":"publish","type":"post","link":"https:\/\/www.greenpeace.org\/turkey\/blog\/sahiller-anayasal-haklarimiza-ragmen-kiyim-kiyim\/","title":{"rendered":"SAH\u0130LLER, ANAYASAL HAKLARIMIZA RA\u011eMEN \u201cKIYIM KIYIM\u201d\u00a0"},"content":{"rendered":"\n<h3 class=\"wp-block-heading\">Anayasa\u2019ya g\u00f6re kamu yarar\u0131n\u0131n \u00f6nceliklendirilmesi gereken sahillerimizde \u00f6zel i\u015fletmeler vatanda\u015flardan fahi\u015f fiyatlar talep ediyor, korunmas\u0131 gereken noktalarda b\u00fcy\u00fck oteller in\u015fa ediliyor. K\u0131y\u0131lar\u0131m\u0131z\u0131 kaplayan t\u00fcm bu toz ve duman, bir grup ayr\u0131cal\u0131kl\u0131 kesimin hayal etti\u011fi e\u015fitsiz d\u00fcnyan\u0131n ard\u0131nda y\u00fckseliyor. Bunun kar\u015f\u0131s\u0131nda bizler k\u0131y\u0131lar\u0131m\u0131z\u0131n ger\u00e7ek sahiplerinin, yani halk\u0131n, \u00f6zg\u00fcrce eri\u015fimine a\u00e7\u0131k olmas\u0131 gerekti\u011fini savunuyoruz. \u00c7\u00fcnk\u00fc sahiller hepimizin.<\/h3>\n\n<p style=\"font-size:26px\">Anayasa\u2019ya g\u00f6re kamu yarar\u0131n\u0131n \u00f6nceliklendirilmesi gereken sahillerimizde \u00f6zel i\u015fletmeler vatanda\u015flardan fahi\u015f fiyatlar talep ediyor, korunmas\u0131 gereken noktalarda b\u00fcy\u00fck oteller in\u015fa ediliyor. K\u0131y\u0131lar\u0131m\u0131z\u0131 kaplayan t\u00fcm bu toz ve duman, bir grup ayr\u0131cal\u0131kl\u0131 kesimin hayal etti\u011fi e\u015fitsiz d\u00fcnyan\u0131n ard\u0131nda y\u00fckseliyor. Bunun kar\u015f\u0131s\u0131nda bizler k\u0131y\u0131lar\u0131m\u0131z\u0131n ger\u00e7ek sahiplerinin, yani halk\u0131n, \u00f6zg\u00fcrce eri\u015fimine a\u00e7\u0131k olmas\u0131 gerekti\u011fini savunuyoruz. \u00c7\u00fcnk\u00fc sahiller hepimizin.<\/p>\n\n<p>Sahiller, elitler ve b\u00fcy\u00fck \u015firketler taraf\u0131ndan i\u015fgal edilip \u00f6zelle\u015ftirilmekte, bu da \u00e7evre tahribat\u0131na yol a\u00e7makta ve yurtta\u015flar\u0131n sahil ve k\u0131y\u0131 \u015feritlerinden e\u015fit ve adil bir \u015fekilde yararlanmas\u0131n\u0131n \u00f6n\u00fcnde engel olu\u015fturmaktad\u0131r. Kar ve rant odakl\u0131 \u015firketler, sahil \u015feritlerini anayasaya ayk\u0131r\u0131 bir \u015fekilde i\u015fgal etmeye devam etmektedir, bu durum hem ekolojik k\u0131y\u0131m\u0131 art\u0131rmakta hem de yurtta\u015flar\u0131n sahillere \u00f6zg\u00fcr ve e\u015fit eri\u015fimini engellemektedir.<\/p>\n\n<figure class=\"wp-block-image size-large\"><img loading=\"lazy\" decoding=\"async\" width=\"1024\" height=\"768\" src=\"https:\/\/www.greenpeace.org\/static\/planet4-turkey-stateless\/2024\/06\/3b108580-01_saha-1024x768.jpg\" alt=\"\" class=\"wp-image-8525\" srcset=\"https:\/\/www.greenpeace.org\/static\/planet4-turkey-stateless\/2024\/06\/3b108580-01_saha-1024x768.jpg 1024w, https:\/\/www.greenpeace.org\/static\/planet4-turkey-stateless\/2024\/06\/3b108580-01_saha-300x225.jpg 300w, https:\/\/www.greenpeace.org\/static\/planet4-turkey-stateless\/2024\/06\/3b108580-01_saha-768x576.jpg 768w, https:\/\/www.greenpeace.org\/static\/planet4-turkey-stateless\/2024\/06\/3b108580-01_saha-1536x1152.jpg 1536w, https:\/\/www.greenpeace.org\/static\/planet4-turkey-stateless\/2024\/06\/3b108580-01_saha-2048x1536.jpg 2048w, https:\/\/www.greenpeace.org\/static\/planet4-turkey-stateless\/2024\/06\/3b108580-01_saha-1821x1366.jpg 1821w, https:\/\/www.greenpeace.org\/static\/planet4-turkey-stateless\/2024\/06\/3b108580-01_saha-453x340.jpg 453w\" sizes=\"auto, (max-width: 1024px) 100vw, 1024px\" \/><\/figure>\n\n<p>Greenpeace Akdeniz olarak, T\u00fcrkiye&#8217;nin d\u00f6rt bir yan\u0131ndaki k\u0131y\u0131 hareketleri ve yurtta\u015flarla birlikte <a href=\"http:\/\/imza.greenpeace.org\/sahiller-hepimizin\">&#8220;Sahiller Hepimizin&#8221;<\/a> kampanyas\u0131n\u0131 ba\u015flatarak, sahillerin \u00f6zg\u00fcr ve e\u015fit olarak herkesin kullan\u0131m\u0131na a\u00e7\u0131lmas\u0131 ve ekolojik k\u0131y\u0131m\u0131n son bulmas\u0131 i\u00e7in \u00e7al\u0131\u015f\u0131yoruz. Sahiller Hepimizin kampanyas\u0131 i\u00e7in yapt\u0131\u011f\u0131m\u0131z saha \u00e7al\u0131\u015fmas\u0131nda, \u00f6zel \u015firketler, oteller ve k\u00fc\u00e7\u00fck bir az\u0131nl\u0131\u011f\u0131n kulland\u0131\u011f\u0131 i\u015fletmeler taraf\u0131ndan ger\u00e7ekle\u015ftirilen sahil i\u015fgallerini belgeledik ve belgelemeye devam ediyoruz.<\/p>\n\n<figure class=\"wp-block-image size-large\"><img loading=\"lazy\" decoding=\"async\" width=\"1024\" height=\"576\" src=\"https:\/\/www.greenpeace.org\/static\/planet4-turkey-stateless\/2024\/06\/b6e0bcbc-02_saha-1024x576.jpg\" alt=\"\" class=\"wp-image-8526\" srcset=\"https:\/\/www.greenpeace.org\/static\/planet4-turkey-stateless\/2024\/06\/b6e0bcbc-02_saha-1024x576.jpg 1024w, https:\/\/www.greenpeace.org\/static\/planet4-turkey-stateless\/2024\/06\/b6e0bcbc-02_saha-300x169.jpg 300w, https:\/\/www.greenpeace.org\/static\/planet4-turkey-stateless\/2024\/06\/b6e0bcbc-02_saha-768x432.jpg 768w, https:\/\/www.greenpeace.org\/static\/planet4-turkey-stateless\/2024\/06\/b6e0bcbc-02_saha-1536x864.jpg 1536w, https:\/\/www.greenpeace.org\/static\/planet4-turkey-stateless\/2024\/06\/b6e0bcbc-02_saha-2048x1152.jpg 2048w, https:\/\/www.greenpeace.org\/static\/planet4-turkey-stateless\/2024\/06\/b6e0bcbc-02_saha-510x287.jpg 510w\" sizes=\"auto, (max-width: 1024px) 100vw, 1024px\" \/><\/figure>\n\n<h3 class=\"wp-block-heading\"><strong>MARMAR\u0130S<\/strong><\/h3>\n\n<p>Marmaris, k\u0131y\u0131 i\u015fgallerini belgelemeye ba\u015flad\u0131\u011f\u0131m\u0131z ilk yer oldu. Bu b\u00f6lge, genellikle \u015fezlong ve \u015femsiye kiralamalar\u0131n\u0131n yayg\u0131n olarak ve y\u00fcksek fiyatlara yap\u0131ld\u0131\u011f\u0131 bir yer. Kamusal olarak kullan\u0131labilecek plajlar ya \u00e7ok s\u0131n\u0131rl\u0131 ya da bu plajlarda du\u015f, tuvalet gibi temel hizmetler \u00fccretsiz olarak sunulmuyor. Bu durum, insanlar\u0131 fiilen \u00fccretli ve i\u015fgal edilmi\u015f alanlara y\u00f6nlendirerek kamusal hizmetlerden mahrum b\u0131rakarak, i\u015fgal edilmi\u015f plajlar\u0131 kullanmaya zorluyor.<\/p>\n\n<p>Marmaris&#8217;e \u00f6zg\u00fc olmayan bu durum, neredeyse T\u00fcrkiye genelinde sahil ve k\u0131y\u0131 i\u015fgallerinin yayg\u0131n bir tablosunu olu\u015fturuyor. Halk plajlar\u0131, genellikle temel hizmetlerden yoksun b\u0131rak\u0131larak \u00fccretli plajlara do\u011fru y\u00f6nlendiriliyor ve bu durum \u00fccretli plajlar\u0131n pop\u00fcler hale gelmesine yol a\u00e7\u0131yor.<br>Ancak daha b\u00fcy\u00fck k\u0131y\u0131 i\u015fgalleri her zaman oldu\u011fu gibi b\u00fcy\u00fck sermaye gruplar\u0131n\u0131n kullan\u0131m\u0131na anayasaya ayk\u0131r\u0131 bir \u015fekilde a\u00e7\u0131lm\u0131\u015f durumda. \u00d6rne\u011fin, Marmaris\u2019in muhte\u015fem do\u011fal g\u00fczelli\u011fe sahip bir koyunu \u015fantiye alan\u0131na \u00e7eviren <strong>Wellness Resort Sinpa\u015f GYO<\/strong>, koyun giri\u015fine demir bir kap\u0131 koyarak ve g\u00fcvenlik g\u00f6revlileri arac\u0131l\u0131\u011f\u0131yla koya giri\u015f ve \u00e7\u0131k\u0131\u015f\u0131 engellemekten hi\u00e7 \u00e7ekinmiyor. Bu koyu belgelemeye \u00e7al\u0131\u015f\u0131rken, yan\u0131m\u0131za gelen g\u00fcvenlik g\u00f6revlisi \u00e7ekti\u011fimiz foto\u011fraflar\u0131 silmemizi istiyor.<\/p>\n<div data-hydrate=\"planet4-blocks\/gallery\" data-attributes=\"{&quot;attributes&quot;:{&quot;gallery_block_title&quot;:&quot;Koylar i\\u015fgal alt\\u0131nda&quot;,&quot;gallery_block_description&quot;:&quot;&lt;em&gt;Marmaris koylar\\u0131n\\u0131 \\u015fantiye alan\\u0131na \\u00e7eviren in\\u015faatlar&lt;\\\/em&gt;&quot;,&quot;multiple_image&quot;:&quot;8527,8528,8529&quot;,&quot;image_data&quot;:[{&quot;url&quot;:&quot;https:\\\/\\\/www.greenpeace.org\\\/static\\\/planet4-turkey-stateless\\\/2024\\\/06\\\/f9647bbc-03_saha-scaled.jpg&quot;,&quot;focalPoint&quot;:{&quot;x&quot;:0.5,&quot;y&quot;:0.5},&quot;id&quot;:8527},{&quot;url&quot;:&quot;https:\\\/\\\/www.greenpeace.org\\\/static\\\/planet4-turkey-stateless\\\/2024\\\/06\\\/6a386d53-04_saha.jpg&quot;,&quot;focalPoint&quot;:{&quot;x&quot;:0.5,&quot;y&quot;:0.5},&quot;id&quot;:8528},{&quot;url&quot;:&quot;https:\\\/\\\/www.greenpeace.org\\\/static\\\/planet4-turkey-stateless\\\/2024\\\/06\\\/d375ae7e-05_saha.jpg&quot;,&quot;focalPoint&quot;:{&quot;x&quot;:0.5,&quot;y&quot;:0.5},&quot;id&quot;:8529}],&quot;className&quot;:&quot;is-style-slider&quot;,&quot;gallery_block_style&quot;:0,&quot;gallery_block_focus_points&quot;:&quot;&quot;,&quot;images&quot;:[{&quot;image_src&quot;:&quot;https:\\\/\\\/www.greenpeace.org\\\/static\\\/planet4-turkey-stateless\\\/2024\\\/06\\\/f9647bbc-03_saha-scaled.jpg&quot;,&quot;image_srcset&quot;:&quot;https:\\\/\\\/www.greenpeace.org\\\/static\\\/planet4-turkey-stateless\\\/2024\\\/06\\\/f9647bbc-03_saha-scaled.jpg 2560w, https:\\\/\\\/www.greenpeace.org\\\/static\\\/planet4-turkey-stateless\\\/2024\\\/06\\\/f9647bbc-03_saha-300x168.jpg 300w, https:\\\/\\\/www.greenpeace.org\\\/static\\\/planet4-turkey-stateless\\\/2024\\\/06\\\/f9647bbc-03_saha-1024x572.jpg 1024w, https:\\\/\\\/www.greenpeace.org\\\/static\\\/planet4-turkey-stateless\\\/2024\\\/06\\\/f9647bbc-03_saha-768x429.jpg 768w, https:\\\/\\\/www.greenpeace.org\\\/static\\\/planet4-turkey-stateless\\\/2024\\\/06\\\/f9647bbc-03_saha-1536x858.jpg 1536w, https:\\\/\\\/www.greenpeace.org\\\/static\\\/planet4-turkey-stateless\\\/2024\\\/06\\\/f9647bbc-03_saha-2048x1144.jpg 2048w, https:\\\/\\\/www.greenpeace.org\\\/static\\\/planet4-turkey-stateless\\\/2024\\\/06\\\/f9647bbc-03_saha-510x285.jpg 510w&quot;,&quot;image_sizes&quot;:false,&quot;alt_text&quot;:&quot;&quot;,&quot;caption&quot;:&quot;&quot;,&quot;focus_image&quot;:&quot;&quot;,&quot;credits&quot;:&quot;&quot;},{&quot;image_src&quot;:&quot;https:\\\/\\\/www.greenpeace.org\\\/static\\\/planet4-turkey-stateless\\\/2024\\\/06\\\/6a386d53-04_saha.jpg&quot;,&quot;image_srcset&quot;:&quot;https:\\\/\\\/www.greenpeace.org\\\/static\\\/planet4-turkey-stateless\\\/2024\\\/06\\\/6a386d53-04_saha.jpg 1424w, https:\\\/\\\/www.greenpeace.org\\\/static\\\/planet4-turkey-stateless\\\/2024\\\/06\\\/6a386d53-04_saha-181x300.jpg 181w, https:\\\/\\\/www.greenpeace.org\\\/static\\\/planet4-turkey-stateless\\\/2024\\\/06\\\/6a386d53-04_saha-618x1024.jpg 618w, https:\\\/\\\/www.greenpeace.org\\\/static\\\/planet4-turkey-stateless\\\/2024\\\/06\\\/6a386d53-04_saha-768x1273.jpg 768w, https:\\\/\\\/www.greenpeace.org\\\/static\\\/planet4-turkey-stateless\\\/2024\\\/06\\\/6a386d53-04_saha-927x1536.jpg 927w, https:\\\/\\\/www.greenpeace.org\\\/static\\\/planet4-turkey-stateless\\\/2024\\\/06\\\/6a386d53-04_saha-1236x2048.jpg 1236w, https:\\\/\\\/www.greenpeace.org\\\/static\\\/planet4-turkey-stateless\\\/2024\\\/06\\\/6a386d53-04_saha-824x1366.jpg 824w, https:\\\/\\\/www.greenpeace.org\\\/static\\\/planet4-turkey-stateless\\\/2024\\\/06\\\/6a386d53-04_saha-205x340.jpg 205w&quot;,&quot;image_sizes&quot;:false,&quot;alt_text&quot;:&quot;&quot;,&quot;caption&quot;:&quot;&quot;,&quot;focus_image&quot;:&quot;&quot;,&quot;credits&quot;:&quot;&quot;},{&quot;image_src&quot;:&quot;https:\\\/\\\/www.greenpeace.org\\\/static\\\/planet4-turkey-stateless\\\/2024\\\/06\\\/d375ae7e-05_saha.jpg&quot;,&quot;image_srcset&quot;:&quot;https:\\\/\\\/www.greenpeace.org\\\/static\\\/planet4-turkey-stateless\\\/2024\\\/06\\\/d375ae7e-05_saha.jpg 1432w, https:\\\/\\\/www.greenpeace.org\\\/static\\\/planet4-turkey-stateless\\\/2024\\\/06\\\/d375ae7e-05_saha-168x300.jpg 168w, https:\\\/\\\/www.greenpeace.org\\\/static\\\/planet4-turkey-stateless\\\/2024\\\/06\\\/d375ae7e-05_saha-574x1024.jpg 574w, https:\\\/\\\/www.greenpeace.org\\\/static\\\/planet4-turkey-stateless\\\/2024\\\/06\\\/d375ae7e-05_saha-768x1370.jpg 768w, https:\\\/\\\/www.greenpeace.org\\\/static\\\/planet4-turkey-stateless\\\/2024\\\/06\\\/d375ae7e-05_saha-861x1536.jpg 861w, https:\\\/\\\/www.greenpeace.org\\\/static\\\/planet4-turkey-stateless\\\/2024\\\/06\\\/d375ae7e-05_saha-1148x2048.jpg 1148w, https:\\\/\\\/www.greenpeace.org\\\/static\\\/planet4-turkey-stateless\\\/2024\\\/06\\\/d375ae7e-05_saha-766x1366.jpg 766w, https:\\\/\\\/www.greenpeace.org\\\/static\\\/planet4-turkey-stateless\\\/2024\\\/06\\\/d375ae7e-05_saha-191x340.jpg 191w&quot;,&quot;image_sizes&quot;:false,&quot;alt_text&quot;:&quot;&quot;,&quot;caption&quot;:&quot;&quot;,&quot;focus_image&quot;:&quot;&quot;,&quot;credits&quot;:&quot;&quot;}]}}\"><section class=\"block carousel-wrap is-style-slider\"><header><h2 class=\"page-section-header\">Koylar i\u015fgal alt\u0131nda<\/h2><\/header><p class=\"page-section-description\"><em>Marmaris koylar\u0131n\u0131 \u015fantiye alan\u0131na \u00e7eviren in\u015faatlar<\/em><\/p><\/section><\/div>\n<h3 class=\"wp-block-heading\"><strong>BODRUM<\/strong><\/h3>\n\n<p>Bodrum ve \u00c7e\u015fme gibi b\u00f6lgelerde de durum farks\u0131z. Bir\u00e7ok otel, villa ve di\u011fer i\u015fletmeler, k\u0131y\u0131lar\u0131 i\u015fgal ederek yurtta\u015flar\u0131n sahillere \u00f6zg\u00fcrce eri\u015fimini engelliyor veya k\u0131y\u0131 ve sahilleri \u00e7itleyerek yurtta\u015flar\u0131n anayasal olarak sahile eri\u015fim hakk\u0131n\u0131 tamamen gasp ediyor. \u00d6rne\u011fin, <strong>The Bo Viera Rezidans, Otel ve Villa projesi,<\/strong> muhte\u015fem bir koyu kamusal eri\u015fime tamamen kapatm\u0131\u015f ve hatta reklam\u0131nda <strong>&#8216;Hayal Et, \u00c7\u00fcnk\u00fc Herkes G\u00f6remez&#8217; <\/strong>diyerek sadece ayr\u0131cal\u0131kl\u0131 bir kesim i\u00e7in projeler \u00fcretti\u011fini a\u00e7\u0131k\u00e7a belirtiyor.<\/p>\n<div data-hydrate=\"planet4-blocks\/gallery\" data-attributes=\"{&quot;attributes&quot;:{&quot;gallery_block_title&quot;:&quot;Hayal et \\u00e7\\u00fcnk\\u00fc herkes g\\u00f6remez&quot;,&quot;gallery_block_description&quot;:&quot;Oteller, villalar, restoranlar.&quot;,&quot;multiple_image&quot;:&quot;8530,8531,8532&quot;,&quot;image_data&quot;:[{&quot;url&quot;:&quot;https:\\\/\\\/www.greenpeace.org\\\/static\\\/planet4-turkey-stateless\\\/2024\\\/06\\\/a2a886c3-06_saha.jpg&quot;,&quot;focalPoint&quot;:{&quot;x&quot;:0.5,&quot;y&quot;:0.5},&quot;id&quot;:8530},{&quot;url&quot;:&quot;https:\\\/\\\/www.greenpeace.org\\\/static\\\/planet4-turkey-stateless\\\/2024\\\/06\\\/32d5d60a-07_saha-scaled.jpg&quot;,&quot;focalPoint&quot;:{&quot;x&quot;:0.5,&quot;y&quot;:0.5},&quot;id&quot;:8531},{&quot;url&quot;:&quot;https:\\\/\\\/www.greenpeace.org\\\/static\\\/planet4-turkey-stateless\\\/2024\\\/06\\\/5e96dac1-08_saha-scaled.jpg&quot;,&quot;focalPoint&quot;:{&quot;x&quot;:0.5,&quot;y&quot;:0.5},&quot;id&quot;:8532}],&quot;gallery_block_style&quot;:0,&quot;gallery_block_focus_points&quot;:&quot;&quot;,&quot;images&quot;:[{&quot;image_src&quot;:&quot;https:\\\/\\\/www.greenpeace.org\\\/static\\\/planet4-turkey-stateless\\\/2024\\\/06\\\/a2a886c3-06_saha.jpg&quot;,&quot;image_srcset&quot;:&quot;https:\\\/\\\/www.greenpeace.org\\\/static\\\/planet4-turkey-stateless\\\/2024\\\/06\\\/a2a886c3-06_saha.jpg 2022w, https:\\\/\\\/www.greenpeace.org\\\/static\\\/planet4-turkey-stateless\\\/2024\\\/06\\\/a2a886c3-06_saha-300x282.jpg 300w, https:\\\/\\\/www.greenpeace.org\\\/static\\\/planet4-turkey-stateless\\\/2024\\\/06\\\/a2a886c3-06_saha-1024x961.jpg 1024w, https:\\\/\\\/www.greenpeace.org\\\/static\\\/planet4-turkey-stateless\\\/2024\\\/06\\\/a2a886c3-06_saha-768x721.jpg 768w, https:\\\/\\\/www.greenpeace.org\\\/static\\\/planet4-turkey-stateless\\\/2024\\\/06\\\/a2a886c3-06_saha-1536x1442.jpg 1536w, https:\\\/\\\/www.greenpeace.org\\\/static\\\/planet4-turkey-stateless\\\/2024\\\/06\\\/a2a886c3-06_saha-1455x1366.jpg 1455w, https:\\\/\\\/www.greenpeace.org\\\/static\\\/planet4-turkey-stateless\\\/2024\\\/06\\\/a2a886c3-06_saha-362x340.jpg 362w&quot;,&quot;image_sizes&quot;:false,&quot;alt_text&quot;:&quot;&quot;,&quot;caption&quot;:&quot;&quot;,&quot;focus_image&quot;:&quot;&quot;,&quot;credits&quot;:&quot;&quot;},{&quot;image_src&quot;:&quot;https:\\\/\\\/www.greenpeace.org\\\/static\\\/planet4-turkey-stateless\\\/2024\\\/06\\\/32d5d60a-07_saha-scaled.jpg&quot;,&quot;image_srcset&quot;:&quot;https:\\\/\\\/www.greenpeace.org\\\/static\\\/planet4-turkey-stateless\\\/2024\\\/06\\\/32d5d60a-07_saha-scaled.jpg 2560w, https:\\\/\\\/www.greenpeace.org\\\/static\\\/planet4-turkey-stateless\\\/2024\\\/06\\\/32d5d60a-07_saha-300x225.jpg 300w, https:\\\/\\\/www.greenpeace.org\\\/static\\\/planet4-turkey-stateless\\\/2024\\\/06\\\/32d5d60a-07_saha-1024x768.jpg 1024w, https:\\\/\\\/www.greenpeace.org\\\/static\\\/planet4-turkey-stateless\\\/2024\\\/06\\\/32d5d60a-07_saha-768x576.jpg 768w, https:\\\/\\\/www.greenpeace.org\\\/static\\\/planet4-turkey-stateless\\\/2024\\\/06\\\/32d5d60a-07_saha-1536x1152.jpg 1536w, https:\\\/\\\/www.greenpeace.org\\\/static\\\/planet4-turkey-stateless\\\/2024\\\/06\\\/32d5d60a-07_saha-2048x1536.jpg 2048w, https:\\\/\\\/www.greenpeace.org\\\/static\\\/planet4-turkey-stateless\\\/2024\\\/06\\\/32d5d60a-07_saha-1821x1366.jpg 1821w, https:\\\/\\\/www.greenpeace.org\\\/static\\\/planet4-turkey-stateless\\\/2024\\\/06\\\/32d5d60a-07_saha-453x340.jpg 453w&quot;,&quot;image_sizes&quot;:false,&quot;alt_text&quot;:&quot;&quot;,&quot;caption&quot;:&quot;&quot;,&quot;focus_image&quot;:&quot;&quot;,&quot;credits&quot;:&quot;&quot;},{&quot;image_src&quot;:&quot;https:\\\/\\\/www.greenpeace.org\\\/static\\\/planet4-turkey-stateless\\\/2024\\\/06\\\/5e96dac1-08_saha-scaled.jpg&quot;,&quot;image_srcset&quot;:&quot;https:\\\/\\\/www.greenpeace.org\\\/static\\\/planet4-turkey-stateless\\\/2024\\\/06\\\/5e96dac1-08_saha-scaled.jpg 2560w, https:\\\/\\\/www.greenpeace.org\\\/static\\\/planet4-turkey-stateless\\\/2024\\\/06\\\/5e96dac1-08_saha-300x225.jpg 300w, https:\\\/\\\/www.greenpeace.org\\\/static\\\/planet4-turkey-stateless\\\/2024\\\/06\\\/5e96dac1-08_saha-1024x768.jpg 1024w, https:\\\/\\\/www.greenpeace.org\\\/static\\\/planet4-turkey-stateless\\\/2024\\\/06\\\/5e96dac1-08_saha-768x576.jpg 768w, https:\\\/\\\/www.greenpeace.org\\\/static\\\/planet4-turkey-stateless\\\/2024\\\/06\\\/5e96dac1-08_saha-1536x1152.jpg 1536w, https:\\\/\\\/www.greenpeace.org\\\/static\\\/planet4-turkey-stateless\\\/2024\\\/06\\\/5e96dac1-08_saha-2048x1536.jpg 2048w, https:\\\/\\\/www.greenpeace.org\\\/static\\\/planet4-turkey-stateless\\\/2024\\\/06\\\/5e96dac1-08_saha-1821x1366.jpg 1821w, https:\\\/\\\/www.greenpeace.org\\\/static\\\/planet4-turkey-stateless\\\/2024\\\/06\\\/5e96dac1-08_saha-453x340.jpg 453w&quot;,&quot;image_sizes&quot;:false,&quot;alt_text&quot;:&quot;&quot;,&quot;caption&quot;:&quot;&quot;,&quot;focus_image&quot;:&quot;&quot;,&quot;credits&quot;:&quot;&quot;}]}}\"><section class=\"block carousel-wrap \"><header><h2 class=\"page-section-header\">Hayal et \u00e7\u00fcnk\u00fc herkes g\u00f6remez<\/h2><\/header><p class=\"page-section-description\">Oteller, villalar, restoranlar.<\/p><\/section><\/div>\n<p>T\u00fcm bu toz ve duman, bir grup ayr\u0131cal\u0131kl\u0131 kesimin hayal etti\u011fi e\u015fitsiz d\u00fcnyan\u0131n ard\u0131nda y\u00fckseliyor. K\u0131y\u0131lar\u0131m\u0131zda hunharca yaratt\u0131klar\u0131 ekolojik tahribat\u0131n sonucu olarak havaya savruluyor. Hi\u00e7 ku\u015fkusuz, bu b\u00fcy\u00fck \u00f6l\u00e7ekli in\u015faat ve otel firmalar\u0131, hepimizin ve t\u00fcm yetkili kurumlar\u0131n g\u00f6z\u00fc \u00f6n\u00fcnde anayasal su\u00e7 i\u015fliyor.<\/p>\n\n<figure class=\"wp-block-image size-large\"><img loading=\"lazy\" decoding=\"async\" width=\"1024\" height=\"768\" src=\"https:\/\/www.greenpeace.org\/static\/planet4-turkey-stateless\/2024\/06\/8b6b58b8-09_saha-1024x768.jpg\" alt=\"\" class=\"wp-image-8533\" srcset=\"https:\/\/www.greenpeace.org\/static\/planet4-turkey-stateless\/2024\/06\/8b6b58b8-09_saha-1024x768.jpg 1024w, https:\/\/www.greenpeace.org\/static\/planet4-turkey-stateless\/2024\/06\/8b6b58b8-09_saha-300x225.jpg 300w, https:\/\/www.greenpeace.org\/static\/planet4-turkey-stateless\/2024\/06\/8b6b58b8-09_saha-768x576.jpg 768w, https:\/\/www.greenpeace.org\/static\/planet4-turkey-stateless\/2024\/06\/8b6b58b8-09_saha-1536x1152.jpg 1536w, https:\/\/www.greenpeace.org\/static\/planet4-turkey-stateless\/2024\/06\/8b6b58b8-09_saha-2048x1536.jpg 2048w, https:\/\/www.greenpeace.org\/static\/planet4-turkey-stateless\/2024\/06\/8b6b58b8-09_saha-1821x1366.jpg 1821w, https:\/\/www.greenpeace.org\/static\/planet4-turkey-stateless\/2024\/06\/8b6b58b8-09_saha-453x340.jpg 453w\" sizes=\"auto, (max-width: 1024px) 100vw, 1024px\" \/><\/figure>\n\n<p>T\u00fcm bu i\u015fgalleri belgelemeye \u00e7al\u0131\u015f\u0131rken, \u0130stanbul Bo\u011faz\u0131&#8217;ndaki k\u0131y\u0131 i\u015fgallerinden de bildi\u011fimiz <strong>Asta\u015f Holding<\/strong>&#8216;in sahip oldu\u011fu <strong>Mandarin Oriental Bodrum<\/strong> \u00f6rne\u011fiyle kar\u015f\u0131la\u015f\u0131yoruz. Bu b\u00f6lgede sahilden \u00f6zg\u00fcrce denize girmeyi b\u0131rak\u0131n, otelin \u00f6n\u00fcnden ge\u00e7erken bile g\u00fcvenlik \u00f6nlemleri etraf\u0131n\u0131z\u0131 sarm\u0131\u015f durumda.<\/p>\n\n<figure class=\"wp-block-image size-large\"><img loading=\"lazy\" decoding=\"async\" width=\"1024\" height=\"768\" src=\"https:\/\/www.greenpeace.org\/static\/planet4-turkey-stateless\/2024\/06\/aaf8ef5f-10_saha-1024x768.jpg\" alt=\"\" class=\"wp-image-8534\" srcset=\"https:\/\/www.greenpeace.org\/static\/planet4-turkey-stateless\/2024\/06\/aaf8ef5f-10_saha-1024x768.jpg 1024w, https:\/\/www.greenpeace.org\/static\/planet4-turkey-stateless\/2024\/06\/aaf8ef5f-10_saha-300x225.jpg 300w, https:\/\/www.greenpeace.org\/static\/planet4-turkey-stateless\/2024\/06\/aaf8ef5f-10_saha-768x576.jpg 768w, https:\/\/www.greenpeace.org\/static\/planet4-turkey-stateless\/2024\/06\/aaf8ef5f-10_saha-1536x1152.jpg 1536w, https:\/\/www.greenpeace.org\/static\/planet4-turkey-stateless\/2024\/06\/aaf8ef5f-10_saha-2048x1536.jpg 2048w, https:\/\/www.greenpeace.org\/static\/planet4-turkey-stateless\/2024\/06\/aaf8ef5f-10_saha-1822x1366.jpg 1822w, https:\/\/www.greenpeace.org\/static\/planet4-turkey-stateless\/2024\/06\/aaf8ef5f-10_saha-453x340.jpg 453w\" sizes=\"auto, (max-width: 1024px) 100vw, 1024px\" \/><\/figure>\n\n<h3 class=\"wp-block-heading\"><strong>\u00c7E\u015eME<\/strong><\/h3>\n\n<p>Rotam\u0131z \u00c7e\u015fme\u2019ye geldi\u011finde ise bizi \u00e7ok daha fazla \u015fa\u015f\u0131rtan bir manzara kar\u015f\u0131l\u0131yor. Harika bir kumsala s\u0131ralanm\u0131\u015f \u015fezlong ve \u015femsiyelerden \u00fccret talep ediliyor. Bu al\u0131\u015f\u0131lm\u0131\u015f manzaray\u0131 \u015fa\u015f\u0131rt\u0131c\u0131 k\u0131lan \u015fey ise <strong>K\u00fclt\u00fcr ve Turizm Bakanl\u0131\u011f\u0131<\/strong>\u2019n\u0131n bu \u00fccreti talep etmesi. Di\u011fer taraftan <strong>\u00c7evre, \u015eehircilik ve \u0130klim De\u011fi\u015fikli\u011fi Bakanl\u0131\u011f\u0131<\/strong>\u2019n\u0131n sahil i\u015fgallerine izin vermeyece\u011fi ve k\u0131y\u0131lar\u0131n t\u00fcm yurtta\u015flara a\u00e7\u0131laca\u011f\u0131 a\u00e7\u0131klamas\u0131 d\u00fc\u015f\u00fcnd\u00fcr\u00fcc\u00fc.S\u0131ras\u0131 gelmi\u015fken soral\u0131m; Biz hangi bakanl\u0131\u011f\u0131n yurtta\u015flar\u0131y\u0131z? Cevab\u0131 <strong>\u00c7e\u015fme<\/strong><strong>P\u0131rlanta Plaj\u0131<\/strong>&#8216;n\u0131n kocaman tabelas\u0131n\u0131n son maddesinde buluyoruz: <strong>&#8216;P\u0131rlanta Plaj\u0131 \u00f6zel insanlar i\u00e7indir.&#8217;<\/strong> 600 TL kar\u015f\u0131l\u0131\u011f\u0131nda siz de \u00f6zel insanlar stat\u00fcs\u00fcne kavu\u015fabilirsiniz.<\/p>\n<div data-hydrate=\"planet4-blocks\/gallery\" data-attributes=\"{&quot;attributes&quot;:{&quot;gallery_block_title&quot;:&quot;\\u00d6zel insanlar i\\u00e7in plaj&quot;,&quot;gallery_block_description&quot;:&quot;600 TL giri\\u015f \\u00fccreti var&quot;,&quot;multiple_image&quot;:&quot;8535,8536,8537&quot;,&quot;image_data&quot;:[{&quot;url&quot;:&quot;https:\\\/\\\/www.greenpeace.org\\\/static\\\/planet4-turkey-stateless\\\/2024\\\/06\\\/23927297-11_saha-scaled.jpg&quot;,&quot;focalPoint&quot;:{&quot;x&quot;:0.5,&quot;y&quot;:0.5},&quot;id&quot;:8535},{&quot;url&quot;:&quot;https:\\\/\\\/www.greenpeace.org\\\/static\\\/planet4-turkey-stateless\\\/2024\\\/06\\\/2e4f086f-12_saha-scaled.jpg&quot;,&quot;focalPoint&quot;:{&quot;x&quot;:0.5,&quot;y&quot;:0.5},&quot;id&quot;:8536},{&quot;url&quot;:&quot;https:\\\/\\\/www.greenpeace.org\\\/static\\\/planet4-turkey-stateless\\\/2024\\\/06\\\/14aa983e-13_saha-scaled.jpg&quot;,&quot;focalPoint&quot;:{&quot;x&quot;:0.5,&quot;y&quot;:0.5},&quot;id&quot;:8537}],&quot;gallery_block_style&quot;:0,&quot;gallery_block_focus_points&quot;:&quot;&quot;,&quot;images&quot;:[{&quot;image_src&quot;:&quot;https:\\\/\\\/www.greenpeace.org\\\/static\\\/planet4-turkey-stateless\\\/2024\\\/06\\\/23927297-11_saha-scaled.jpg&quot;,&quot;image_srcset&quot;:&quot;https:\\\/\\\/www.greenpeace.org\\\/static\\\/planet4-turkey-stateless\\\/2024\\\/06\\\/23927297-11_saha-scaled.jpg 2560w, https:\\\/\\\/www.greenpeace.org\\\/static\\\/planet4-turkey-stateless\\\/2024\\\/06\\\/23927297-11_saha-300x225.jpg 300w, https:\\\/\\\/www.greenpeace.org\\\/static\\\/planet4-turkey-stateless\\\/2024\\\/06\\\/23927297-11_saha-1024x768.jpg 1024w, https:\\\/\\\/www.greenpeace.org\\\/static\\\/planet4-turkey-stateless\\\/2024\\\/06\\\/23927297-11_saha-768x576.jpg 768w, https:\\\/\\\/www.greenpeace.org\\\/static\\\/planet4-turkey-stateless\\\/2024\\\/06\\\/23927297-11_saha-1536x1152.jpg 1536w, https:\\\/\\\/www.greenpeace.org\\\/static\\\/planet4-turkey-stateless\\\/2024\\\/06\\\/23927297-11_saha-2048x1536.jpg 2048w, https:\\\/\\\/www.greenpeace.org\\\/static\\\/planet4-turkey-stateless\\\/2024\\\/06\\\/23927297-11_saha-1821x1366.jpg 1821w, https:\\\/\\\/www.greenpeace.org\\\/static\\\/planet4-turkey-stateless\\\/2024\\\/06\\\/23927297-11_saha-453x340.jpg 453w&quot;,&quot;image_sizes&quot;:false,&quot;alt_text&quot;:&quot;&quot;,&quot;caption&quot;:&quot;&quot;,&quot;focus_image&quot;:&quot;&quot;,&quot;credits&quot;:&quot;&quot;},{&quot;image_src&quot;:&quot;https:\\\/\\\/www.greenpeace.org\\\/static\\\/planet4-turkey-stateless\\\/2024\\\/06\\\/2e4f086f-12_saha-scaled.jpg&quot;,&quot;image_srcset&quot;:&quot;https:\\\/\\\/www.greenpeace.org\\\/static\\\/planet4-turkey-stateless\\\/2024\\\/06\\\/2e4f086f-12_saha-scaled.jpg 2560w, https:\\\/\\\/www.greenpeace.org\\\/static\\\/planet4-turkey-stateless\\\/2024\\\/06\\\/2e4f086f-12_saha-300x169.jpg 300w, https:\\\/\\\/www.greenpeace.org\\\/static\\\/planet4-turkey-stateless\\\/2024\\\/06\\\/2e4f086f-12_saha-1024x576.jpg 1024w, https:\\\/\\\/www.greenpeace.org\\\/static\\\/planet4-turkey-stateless\\\/2024\\\/06\\\/2e4f086f-12_saha-768x432.jpg 768w, https:\\\/\\\/www.greenpeace.org\\\/static\\\/planet4-turkey-stateless\\\/2024\\\/06\\\/2e4f086f-12_saha-1536x864.jpg 1536w, https:\\\/\\\/www.greenpeace.org\\\/static\\\/planet4-turkey-stateless\\\/2024\\\/06\\\/2e4f086f-12_saha-2048x1152.jpg 2048w, https:\\\/\\\/www.greenpeace.org\\\/static\\\/planet4-turkey-stateless\\\/2024\\\/06\\\/2e4f086f-12_saha-510x287.jpg 510w&quot;,&quot;image_sizes&quot;:false,&quot;alt_text&quot;:&quot;&quot;,&quot;caption&quot;:&quot;&quot;,&quot;focus_image&quot;:&quot;&quot;,&quot;credits&quot;:&quot;&quot;},{&quot;image_src&quot;:&quot;https:\\\/\\\/www.greenpeace.org\\\/static\\\/planet4-turkey-stateless\\\/2024\\\/06\\\/14aa983e-13_saha-scaled.jpg&quot;,&quot;image_srcset&quot;:&quot;https:\\\/\\\/www.greenpeace.org\\\/static\\\/planet4-turkey-stateless\\\/2024\\\/06\\\/14aa983e-13_saha-scaled.jpg 2560w, https:\\\/\\\/www.greenpeace.org\\\/static\\\/planet4-turkey-stateless\\\/2024\\\/06\\\/14aa983e-13_saha-300x169.jpg 300w, https:\\\/\\\/www.greenpeace.org\\\/static\\\/planet4-turkey-stateless\\\/2024\\\/06\\\/14aa983e-13_saha-1024x576.jpg 1024w, https:\\\/\\\/www.greenpeace.org\\\/static\\\/planet4-turkey-stateless\\\/2024\\\/06\\\/14aa983e-13_saha-768x432.jpg 768w, https:\\\/\\\/www.greenpeace.org\\\/static\\\/planet4-turkey-stateless\\\/2024\\\/06\\\/14aa983e-13_saha-1536x864.jpg 1536w, https:\\\/\\\/www.greenpeace.org\\\/static\\\/planet4-turkey-stateless\\\/2024\\\/06\\\/14aa983e-13_saha-2048x1152.jpg 2048w, https:\\\/\\\/www.greenpeace.org\\\/static\\\/planet4-turkey-stateless\\\/2024\\\/06\\\/14aa983e-13_saha-510x287.jpg 510w&quot;,&quot;image_sizes&quot;:false,&quot;alt_text&quot;:&quot;&quot;,&quot;caption&quot;:&quot;&quot;,&quot;focus_image&quot;:&quot;&quot;,&quot;credits&quot;:&quot;&quot;}]}}\"><section class=\"block carousel-wrap \"><header><h2 class=\"page-section-header\">\u00d6zel insanlar i\u00e7in plaj<\/h2><\/header><p class=\"page-section-description\">600 TL giri\u015f \u00fccreti var<\/p><\/section><\/div>\n<h3 class=\"wp-block-heading\"><strong>KARABURUN<\/strong> VE FO\u00c7A<\/h3>\n\n<p>Karaburun ve Fo\u00e7a hatt\u0131nda da benzer i\u015fgallerin \u00e7e\u015fitlili\u011fiyle kar\u015f\u0131la\u015f\u0131yoruz. Villa, \u00f6zel konut ve oteller, yurtta\u015flar\u0131n k\u0131y\u0131ya \u00f6zg\u00fcrce eri\u015fim haklar\u0131n\u0131 gasp ediyor ve do\u011fal alanlar\u0131n devasa in\u015faat projeleriyle tahrip edilmesine neden oluyor. <strong>Karaburun\u2019da, k\u00fc\u00e7\u00fck bir bal\u0131k\u00e7\u0131 k\u00f6y\u00fcn\u00fcn devasa bir villa projesine d\u00f6n\u00fc\u015ft\u00fc\u011f\u00fcn\u00fc g\u00f6r\u00fcyoruz.<\/strong><\/p>\n\n<p>Fo\u00e7a\u2019da \u00e7itlenmi\u015f, sadece m\u00fclk sahiplerinin kullan\u0131m\u0131na ayr\u0131lm\u0131\u015f l\u00fcks villa arazileri neredeyse ola\u011fan hale gelmi\u015f durumda. Di\u011fer yandan Beach Clublar\u0131n kap\u0131 g\u00f6revlileri, fahi\u015f \u00fccretlerini neredeyse bir indirim kampanyas\u0131 gibi sunmaktan geri durmuyorlar. \u0130\u00e7eride alkoll\u00fc veya alkols\u00fcz bir i\u00e7ki de \u201c\u00fccretsizmi\u015f.\u201d Bu ki\u015filere do\u011frudan \u201cbiz sadece plaj\u0131 kullanaca\u011f\u0131z, sizin herhangi bir hizmetinizi kullanmak istemiyoruz\u201d demek hi\u00e7 de kolay de\u011fil; bir anda ortam gerginle\u015febiliyor. Biraz dinlenmek ve nefes almak i\u00e7in geldi\u011finiz deniz kenar\u0131, mafya benzeri ki\u015filerin tehditlerine maruz kald\u0131\u011f\u0131n\u0131z bir yere d\u00f6n\u00fc\u015febiliyor.<\/p>\n<div data-hydrate=\"planet4-blocks\/gallery\" data-attributes=\"{&quot;attributes&quot;:{&quot;gallery_block_title&quot;:&quot;Karaburun - Fo\\u00e7a \\u0130\\u015fgalleri&quot;,&quot;multiple_image&quot;:&quot;8538,8539,8540,8541&quot;,&quot;image_data&quot;:[{&quot;url&quot;:&quot;https:\\\/\\\/www.greenpeace.org\\\/static\\\/planet4-turkey-stateless\\\/2024\\\/06\\\/f47ff006-14_saha-scaled.jpg&quot;,&quot;focalPoint&quot;:{&quot;x&quot;:0.5,&quot;y&quot;:0.5},&quot;id&quot;:8538},{&quot;url&quot;:&quot;https:\\\/\\\/www.greenpeace.org\\\/static\\\/planet4-turkey-stateless\\\/2024\\\/06\\\/055cfcf8-15_saha-scaled.jpg&quot;,&quot;focalPoint&quot;:{&quot;x&quot;:0.5,&quot;y&quot;:0.5},&quot;id&quot;:8539},{&quot;url&quot;:&quot;https:\\\/\\\/www.greenpeace.org\\\/static\\\/planet4-turkey-stateless\\\/2024\\\/06\\\/54d2bef3-16_saha-scaled.jpg&quot;,&quot;focalPoint&quot;:{&quot;x&quot;:0.5,&quot;y&quot;:0.5},&quot;id&quot;:8540},{&quot;url&quot;:&quot;https:\\\/\\\/www.greenpeace.org\\\/static\\\/planet4-turkey-stateless\\\/2024\\\/06\\\/cc929a8c-17_saha-scaled.jpg&quot;,&quot;focalPoint&quot;:{&quot;x&quot;:0.5,&quot;y&quot;:0.5},&quot;id&quot;:8541}],&quot;gallery_block_style&quot;:0,&quot;gallery_block_description&quot;:&quot;&quot;,&quot;gallery_block_focus_points&quot;:&quot;&quot;,&quot;images&quot;:[{&quot;image_src&quot;:&quot;https:\\\/\\\/www.greenpeace.org\\\/static\\\/planet4-turkey-stateless\\\/2024\\\/06\\\/f47ff006-14_saha-scaled.jpg&quot;,&quot;image_srcset&quot;:&quot;https:\\\/\\\/www.greenpeace.org\\\/static\\\/planet4-turkey-stateless\\\/2024\\\/06\\\/f47ff006-14_saha-scaled.jpg 2560w, https:\\\/\\\/www.greenpeace.org\\\/static\\\/planet4-turkey-stateless\\\/2024\\\/06\\\/f47ff006-14_saha-300x225.jpg 300w, https:\\\/\\\/www.greenpeace.org\\\/static\\\/planet4-turkey-stateless\\\/2024\\\/06\\\/f47ff006-14_saha-1024x768.jpg 1024w, https:\\\/\\\/www.greenpeace.org\\\/static\\\/planet4-turkey-stateless\\\/2024\\\/06\\\/f47ff006-14_saha-768x576.jpg 768w, https:\\\/\\\/www.greenpeace.org\\\/static\\\/planet4-turkey-stateless\\\/2024\\\/06\\\/f47ff006-14_saha-1536x1152.jpg 1536w, https:\\\/\\\/www.greenpeace.org\\\/static\\\/planet4-turkey-stateless\\\/2024\\\/06\\\/f47ff006-14_saha-2048x1536.jpg 2048w, https:\\\/\\\/www.greenpeace.org\\\/static\\\/planet4-turkey-stateless\\\/2024\\\/06\\\/f47ff006-14_saha-1821x1366.jpg 1821w, https:\\\/\\\/www.greenpeace.org\\\/static\\\/planet4-turkey-stateless\\\/2024\\\/06\\\/f47ff006-14_saha-453x340.jpg 453w&quot;,&quot;image_sizes&quot;:false,&quot;alt_text&quot;:&quot;&quot;,&quot;caption&quot;:&quot;&quot;,&quot;focus_image&quot;:&quot;&quot;,&quot;credits&quot;:&quot;&quot;},{&quot;image_src&quot;:&quot;https:\\\/\\\/www.greenpeace.org\\\/static\\\/planet4-turkey-stateless\\\/2024\\\/06\\\/055cfcf8-15_saha-scaled.jpg&quot;,&quot;image_srcset&quot;:&quot;https:\\\/\\\/www.greenpeace.org\\\/static\\\/planet4-turkey-stateless\\\/2024\\\/06\\\/055cfcf8-15_saha-scaled.jpg 2560w, https:\\\/\\\/www.greenpeace.org\\\/static\\\/planet4-turkey-stateless\\\/2024\\\/06\\\/055cfcf8-15_saha-300x225.jpg 300w, https:\\\/\\\/www.greenpeace.org\\\/static\\\/planet4-turkey-stateless\\\/2024\\\/06\\\/055cfcf8-15_saha-1024x768.jpg 1024w, https:\\\/\\\/www.greenpeace.org\\\/static\\\/planet4-turkey-stateless\\\/2024\\\/06\\\/055cfcf8-15_saha-768x576.jpg 768w, https:\\\/\\\/www.greenpeace.org\\\/static\\\/planet4-turkey-stateless\\\/2024\\\/06\\\/055cfcf8-15_saha-1536x1152.jpg 1536w, https:\\\/\\\/www.greenpeace.org\\\/static\\\/planet4-turkey-stateless\\\/2024\\\/06\\\/055cfcf8-15_saha-2048x1536.jpg 2048w, https:\\\/\\\/www.greenpeace.org\\\/static\\\/planet4-turkey-stateless\\\/2024\\\/06\\\/055cfcf8-15_saha-1821x1366.jpg 1821w, https:\\\/\\\/www.greenpeace.org\\\/static\\\/planet4-turkey-stateless\\\/2024\\\/06\\\/055cfcf8-15_saha-453x340.jpg 453w&quot;,&quot;image_sizes&quot;:false,&quot;alt_text&quot;:&quot;&quot;,&quot;caption&quot;:&quot;&quot;,&quot;focus_image&quot;:&quot;&quot;,&quot;credits&quot;:&quot;&quot;},{&quot;image_src&quot;:&quot;https:\\\/\\\/www.greenpeace.org\\\/static\\\/planet4-turkey-stateless\\\/2024\\\/06\\\/54d2bef3-16_saha-scaled.jpg&quot;,&quot;image_srcset&quot;:&quot;https:\\\/\\\/www.greenpeace.org\\\/static\\\/planet4-turkey-stateless\\\/2024\\\/06\\\/54d2bef3-16_saha-scaled.jpg 2560w, https:\\\/\\\/www.greenpeace.org\\\/static\\\/planet4-turkey-stateless\\\/2024\\\/06\\\/54d2bef3-16_saha-300x225.jpg 300w, https:\\\/\\\/www.greenpeace.org\\\/static\\\/planet4-turkey-stateless\\\/2024\\\/06\\\/54d2bef3-16_saha-1024x768.jpg 1024w, https:\\\/\\\/www.greenpeace.org\\\/static\\\/planet4-turkey-stateless\\\/2024\\\/06\\\/54d2bef3-16_saha-768x576.jpg 768w, https:\\\/\\\/www.greenpeace.org\\\/static\\\/planet4-turkey-stateless\\\/2024\\\/06\\\/54d2bef3-16_saha-1536x1152.jpg 1536w, https:\\\/\\\/www.greenpeace.org\\\/static\\\/planet4-turkey-stateless\\\/2024\\\/06\\\/54d2bef3-16_saha-2048x1536.jpg 2048w, https:\\\/\\\/www.greenpeace.org\\\/static\\\/planet4-turkey-stateless\\\/2024\\\/06\\\/54d2bef3-16_saha-1821x1366.jpg 1821w, https:\\\/\\\/www.greenpeace.org\\\/static\\\/planet4-turkey-stateless\\\/2024\\\/06\\\/54d2bef3-16_saha-453x340.jpg 453w&quot;,&quot;image_sizes&quot;:false,&quot;alt_text&quot;:&quot;&quot;,&quot;caption&quot;:&quot;&quot;,&quot;focus_image&quot;:&quot;&quot;,&quot;credits&quot;:&quot;&quot;},{&quot;image_src&quot;:&quot;https:\\\/\\\/www.greenpeace.org\\\/static\\\/planet4-turkey-stateless\\\/2024\\\/06\\\/cc929a8c-17_saha-scaled.jpg&quot;,&quot;image_srcset&quot;:&quot;https:\\\/\\\/www.greenpeace.org\\\/static\\\/planet4-turkey-stateless\\\/2024\\\/06\\\/cc929a8c-17_saha-scaled.jpg 2560w, https:\\\/\\\/www.greenpeace.org\\\/static\\\/planet4-turkey-stateless\\\/2024\\\/06\\\/cc929a8c-17_saha-300x225.jpg 300w, https:\\\/\\\/www.greenpeace.org\\\/static\\\/planet4-turkey-stateless\\\/2024\\\/06\\\/cc929a8c-17_saha-1024x768.jpg 1024w, https:\\\/\\\/www.greenpeace.org\\\/static\\\/planet4-turkey-stateless\\\/2024\\\/06\\\/cc929a8c-17_saha-768x576.jpg 768w, https:\\\/\\\/www.greenpeace.org\\\/static\\\/planet4-turkey-stateless\\\/2024\\\/06\\\/cc929a8c-17_saha-1536x1152.jpg 1536w, https:\\\/\\\/www.greenpeace.org\\\/static\\\/planet4-turkey-stateless\\\/2024\\\/06\\\/cc929a8c-17_saha-2048x1536.jpg 2048w, https:\\\/\\\/www.greenpeace.org\\\/static\\\/planet4-turkey-stateless\\\/2024\\\/06\\\/cc929a8c-17_saha-1821x1366.jpg 1821w, https:\\\/\\\/www.greenpeace.org\\\/static\\\/planet4-turkey-stateless\\\/2024\\\/06\\\/cc929a8c-17_saha-453x340.jpg 453w&quot;,&quot;image_sizes&quot;:false,&quot;alt_text&quot;:&quot;&quot;,&quot;caption&quot;:&quot;&quot;,&quot;focus_image&quot;:&quot;&quot;,&quot;credits&quot;:&quot;&quot;}]}}\"><section class=\"block carousel-wrap \"><header><h2 class=\"page-section-header\">Karaburun &#8211; Fo\u00e7a \u0130\u015fgalleri<\/h2><\/header><\/section><\/div>\n<h3 class=\"wp-block-heading\"><strong>AYVALIK<\/strong><\/h3>\n\n<p>Sar\u0131msakl\u0131 ve Ayval\u0131k, T\u00fcrkiye\u2019nin en uzun plajlar\u0131ndan birine sahip olmalar\u0131na ra\u011fmen, durum pek de\u011fi\u015fmiyor. <strong>7 kilometre uzunlu\u011fundaki plajda<\/strong> oteller ve beach clublar hemen hemen her yerde bulunuyorlar. Yine de bu plajlarda havlunuzu serip g\u00fcne\u015flenebilece\u011finiz yerler mevcut.<br>Ancak yerel y\u00f6netim taraf\u0131ndan plajda \u00e7evre d\u00fczenlemesi \u00e7al\u0131\u015fmalar\u0131 devam ediyor. Bu b\u00f6lgede g\u00f6r\u00fc\u015ft\u00fc\u011f\u00fcm\u00fcz \u00e7evre davalar\u0131 takip\u00e7isi ve <strong>Ayval\u0131k K\u00fclt\u00fcr ve Tabiat Varl\u0131klar\u0131n\u0131 Koruma Giri\u015fiminden<\/strong> Avukat Tuba Aysun T\u00fcrk\u00f6zen, kumsala yap\u0131lan \u00e7evre d\u00fczenlemelerinde beton d\u00f6k\u00fcld\u00fc\u011f\u00fcn\u00fc ve kumdaki baz\u0131 endemik bitki t\u00fcrlerinin bu d\u00fczenlemeye kurban edildi\u011fini belirtiyor.<\/p>\n\n<figure class=\"wp-block-embed is-type-video is-provider-youtube wp-block-embed-youtube wp-embed-aspect-16-9 wp-has-aspect-ratio\"><div class=\"wp-block-embed__wrapper\">\n<iframe loading=\"lazy\" title=\"Av. Tuba Aysun T\u00fcrk\u00f6zen R\u00f6portaj\" width=\"500\" height=\"281\" src=\"https:\/\/www.youtube.com\/embed\/6foPYxf_dUU?feature=oembed\" frameborder=\"0\" allow=\"accelerometer; autoplay; clipboard-write; encrypted-media; gyroscope; picture-in-picture; web-share\" referrerpolicy=\"strict-origin-when-cross-origin\" allowfullscreen><\/iframe>\n<\/div><\/figure>\n<div data-hydrate=\"planet4-blocks\/gallery\" data-attributes=\"{&quot;attributes&quot;:{&quot;gallery_block_title&quot;:&quot;Endemik t\\u00fcrler \\u00e7evre d\\u00fczenlemelerine kurban ediliyor.&quot;,&quot;multiple_image&quot;:&quot;8542,8543,8544&quot;,&quot;image_data&quot;:[{&quot;url&quot;:&quot;https:\\\/\\\/www.greenpeace.org\\\/static\\\/planet4-turkey-stateless\\\/2024\\\/06\\\/3835acca-18_saha-scaled.jpg&quot;,&quot;focalPoint&quot;:{&quot;x&quot;:0.5,&quot;y&quot;:0.5},&quot;id&quot;:8542},{&quot;url&quot;:&quot;https:\\\/\\\/www.greenpeace.org\\\/static\\\/planet4-turkey-stateless\\\/2024\\\/06\\\/26992424-19_saha-scaled.jpg&quot;,&quot;focalPoint&quot;:{&quot;x&quot;:0.5,&quot;y&quot;:0.5},&quot;id&quot;:8543},{&quot;url&quot;:&quot;https:\\\/\\\/www.greenpeace.org\\\/static\\\/planet4-turkey-stateless\\\/2024\\\/06\\\/27a66d08-20_saha-scaled.jpg&quot;,&quot;focalPoint&quot;:{&quot;x&quot;:0.5,&quot;y&quot;:0.5},&quot;id&quot;:8544}],&quot;gallery_block_style&quot;:0,&quot;gallery_block_description&quot;:&quot;&quot;,&quot;gallery_block_focus_points&quot;:&quot;&quot;,&quot;images&quot;:[{&quot;image_src&quot;:&quot;https:\\\/\\\/www.greenpeace.org\\\/static\\\/planet4-turkey-stateless\\\/2024\\\/06\\\/3835acca-18_saha-scaled.jpg&quot;,&quot;image_srcset&quot;:&quot;https:\\\/\\\/www.greenpeace.org\\\/static\\\/planet4-turkey-stateless\\\/2024\\\/06\\\/3835acca-18_saha-scaled.jpg 2560w, https:\\\/\\\/www.greenpeace.org\\\/static\\\/planet4-turkey-stateless\\\/2024\\\/06\\\/3835acca-18_saha-300x225.jpg 300w, https:\\\/\\\/www.greenpeace.org\\\/static\\\/planet4-turkey-stateless\\\/2024\\\/06\\\/3835acca-18_saha-1024x768.jpg 1024w, https:\\\/\\\/www.greenpeace.org\\\/static\\\/planet4-turkey-stateless\\\/2024\\\/06\\\/3835acca-18_saha-768x576.jpg 768w, https:\\\/\\\/www.greenpeace.org\\\/static\\\/planet4-turkey-stateless\\\/2024\\\/06\\\/3835acca-18_saha-1536x1152.jpg 1536w, https:\\\/\\\/www.greenpeace.org\\\/static\\\/planet4-turkey-stateless\\\/2024\\\/06\\\/3835acca-18_saha-2048x1536.jpg 2048w, https:\\\/\\\/www.greenpeace.org\\\/static\\\/planet4-turkey-stateless\\\/2024\\\/06\\\/3835acca-18_saha-1821x1366.jpg 1821w, https:\\\/\\\/www.greenpeace.org\\\/static\\\/planet4-turkey-stateless\\\/2024\\\/06\\\/3835acca-18_saha-453x340.jpg 453w&quot;,&quot;image_sizes&quot;:false,&quot;alt_text&quot;:&quot;&quot;,&quot;caption&quot;:&quot;&quot;,&quot;focus_image&quot;:&quot;&quot;,&quot;credits&quot;:&quot;&quot;},{&quot;image_src&quot;:&quot;https:\\\/\\\/www.greenpeace.org\\\/static\\\/planet4-turkey-stateless\\\/2024\\\/06\\\/26992424-19_saha-scaled.jpg&quot;,&quot;image_srcset&quot;:&quot;https:\\\/\\\/www.greenpeace.org\\\/static\\\/planet4-turkey-stateless\\\/2024\\\/06\\\/26992424-19_saha-scaled.jpg 2560w, https:\\\/\\\/www.greenpeace.org\\\/static\\\/planet4-turkey-stateless\\\/2024\\\/06\\\/26992424-19_saha-300x225.jpg 300w, https:\\\/\\\/www.greenpeace.org\\\/static\\\/planet4-turkey-stateless\\\/2024\\\/06\\\/26992424-19_saha-1024x768.jpg 1024w, https:\\\/\\\/www.greenpeace.org\\\/static\\\/planet4-turkey-stateless\\\/2024\\\/06\\\/26992424-19_saha-768x576.jpg 768w, https:\\\/\\\/www.greenpeace.org\\\/static\\\/planet4-turkey-stateless\\\/2024\\\/06\\\/26992424-19_saha-1536x1152.jpg 1536w, https:\\\/\\\/www.greenpeace.org\\\/static\\\/planet4-turkey-stateless\\\/2024\\\/06\\\/26992424-19_saha-2048x1536.jpg 2048w, https:\\\/\\\/www.greenpeace.org\\\/static\\\/planet4-turkey-stateless\\\/2024\\\/06\\\/26992424-19_saha-1821x1366.jpg 1821w, https:\\\/\\\/www.greenpeace.org\\\/static\\\/planet4-turkey-stateless\\\/2024\\\/06\\\/26992424-19_saha-453x340.jpg 453w&quot;,&quot;image_sizes&quot;:false,&quot;alt_text&quot;:&quot;&quot;,&quot;caption&quot;:&quot;&quot;,&quot;focus_image&quot;:&quot;&quot;,&quot;credits&quot;:&quot;&quot;},{&quot;image_src&quot;:&quot;https:\\\/\\\/www.greenpeace.org\\\/static\\\/planet4-turkey-stateless\\\/2024\\\/06\\\/27a66d08-20_saha-scaled.jpg&quot;,&quot;image_srcset&quot;:&quot;https:\\\/\\\/www.greenpeace.org\\\/static\\\/planet4-turkey-stateless\\\/2024\\\/06\\\/27a66d08-20_saha-scaled.jpg 2560w, https:\\\/\\\/www.greenpeace.org\\\/static\\\/planet4-turkey-stateless\\\/2024\\\/06\\\/27a66d08-20_saha-300x169.jpg 300w, https:\\\/\\\/www.greenpeace.org\\\/static\\\/planet4-turkey-stateless\\\/2024\\\/06\\\/27a66d08-20_saha-1024x576.jpg 1024w, https:\\\/\\\/www.greenpeace.org\\\/static\\\/planet4-turkey-stateless\\\/2024\\\/06\\\/27a66d08-20_saha-768x432.jpg 768w, https:\\\/\\\/www.greenpeace.org\\\/static\\\/planet4-turkey-stateless\\\/2024\\\/06\\\/27a66d08-20_saha-1536x864.jpg 1536w, https:\\\/\\\/www.greenpeace.org\\\/static\\\/planet4-turkey-stateless\\\/2024\\\/06\\\/27a66d08-20_saha-2048x1152.jpg 2048w, https:\\\/\\\/www.greenpeace.org\\\/static\\\/planet4-turkey-stateless\\\/2024\\\/06\\\/27a66d08-20_saha-510x287.jpg 510w&quot;,&quot;image_sizes&quot;:false,&quot;alt_text&quot;:&quot;&quot;,&quot;caption&quot;:&quot;&quot;,&quot;focus_image&quot;:&quot;&quot;,&quot;credits&quot;:&quot;&quot;}]}}\"><section class=\"block carousel-wrap \"><header><h2 class=\"page-section-header\">Endemik t\u00fcrler \u00e7evre d\u00fczenlemelerine kurban ediliyor.<\/h2><\/header><\/section><\/div>\n<p>Di\u011fer bir sorun ise halk plaj\u0131 olarak d\u00fczenlenen sahillere eri\u015fim probleminin olmas\u0131. Bu sorunu Bal\u0131kesir\u2019in Edremit il\u00e7esine ba\u011fl\u0131 Alt\u0131noluk halk plaj\u0131nda g\u00f6rmekteyiz, bu plajlara engellilerin, ya\u015fl\u0131lar\u0131n ve \u00e7ocuklu ailelerin eri\u015febilmesi ciddi zorluklar bar\u0131nd\u0131rmakta. \u00c7o\u011funlukla beton d\u00fczenlemeye sahip olan Alt\u0131noluk halk plaj\u0131nda sadece bir tane engelli rampas\u0131 bulunuyor ve kumsala eri\u015fmek i\u00e7in epey y\u00fcksek bir beton duvar\u0131 a\u015fabilmeniz gerekiyor.<\/p>\n<div data-hydrate=\"planet4-blocks\/gallery\" data-attributes=\"{&quot;attributes&quot;:{&quot;multiple_image&quot;:&quot;8545,8546,8547&quot;,&quot;image_data&quot;:[{&quot;url&quot;:&quot;https:\\\/\\\/www.greenpeace.org\\\/static\\\/planet4-turkey-stateless\\\/2024\\\/06\\\/e3e8e269-21_saha-scaled.jpg&quot;,&quot;focalPoint&quot;:{&quot;x&quot;:0.5,&quot;y&quot;:0.5},&quot;id&quot;:8545},{&quot;url&quot;:&quot;https:\\\/\\\/www.greenpeace.org\\\/static\\\/planet4-turkey-stateless\\\/2024\\\/06\\\/7e6cd226-22_saha-scaled.jpg&quot;,&quot;focalPoint&quot;:{&quot;x&quot;:0.5,&quot;y&quot;:0.5},&quot;id&quot;:8546},{&quot;url&quot;:&quot;https:\\\/\\\/www.greenpeace.org\\\/static\\\/planet4-turkey-stateless\\\/2024\\\/06\\\/fdd6bf05-23_saha-scaled.jpg&quot;,&quot;focalPoint&quot;:{&quot;x&quot;:0.5,&quot;y&quot;:0.5},&quot;id&quot;:8547}],&quot;gallery_block_style&quot;:0,&quot;gallery_block_title&quot;:&quot;&quot;,&quot;gallery_block_description&quot;:&quot;&quot;,&quot;gallery_block_focus_points&quot;:&quot;&quot;,&quot;images&quot;:[{&quot;image_src&quot;:&quot;https:\\\/\\\/www.greenpeace.org\\\/static\\\/planet4-turkey-stateless\\\/2024\\\/06\\\/e3e8e269-21_saha-scaled.jpg&quot;,&quot;image_srcset&quot;:&quot;https:\\\/\\\/www.greenpeace.org\\\/static\\\/planet4-turkey-stateless\\\/2024\\\/06\\\/e3e8e269-21_saha-scaled.jpg 2560w, https:\\\/\\\/www.greenpeace.org\\\/static\\\/planet4-turkey-stateless\\\/2024\\\/06\\\/e3e8e269-21_saha-300x225.jpg 300w, https:\\\/\\\/www.greenpeace.org\\\/static\\\/planet4-turkey-stateless\\\/2024\\\/06\\\/e3e8e269-21_saha-1024x768.jpg 1024w, https:\\\/\\\/www.greenpeace.org\\\/static\\\/planet4-turkey-stateless\\\/2024\\\/06\\\/e3e8e269-21_saha-768x576.jpg 768w, https:\\\/\\\/www.greenpeace.org\\\/static\\\/planet4-turkey-stateless\\\/2024\\\/06\\\/e3e8e269-21_saha-1536x1152.jpg 1536w, https:\\\/\\\/www.greenpeace.org\\\/static\\\/planet4-turkey-stateless\\\/2024\\\/06\\\/e3e8e269-21_saha-2048x1536.jpg 2048w, https:\\\/\\\/www.greenpeace.org\\\/static\\\/planet4-turkey-stateless\\\/2024\\\/06\\\/e3e8e269-21_saha-1821x1366.jpg 1821w, https:\\\/\\\/www.greenpeace.org\\\/static\\\/planet4-turkey-stateless\\\/2024\\\/06\\\/e3e8e269-21_saha-453x340.jpg 453w&quot;,&quot;image_sizes&quot;:false,&quot;alt_text&quot;:&quot;&quot;,&quot;caption&quot;:&quot;&quot;,&quot;focus_image&quot;:&quot;&quot;,&quot;credits&quot;:&quot;&quot;},{&quot;image_src&quot;:&quot;https:\\\/\\\/www.greenpeace.org\\\/static\\\/planet4-turkey-stateless\\\/2024\\\/06\\\/7e6cd226-22_saha-scaled.jpg&quot;,&quot;image_srcset&quot;:&quot;https:\\\/\\\/www.greenpeace.org\\\/static\\\/planet4-turkey-stateless\\\/2024\\\/06\\\/7e6cd226-22_saha-scaled.jpg 2560w, https:\\\/\\\/www.greenpeace.org\\\/static\\\/planet4-turkey-stateless\\\/2024\\\/06\\\/7e6cd226-22_saha-300x225.jpg 300w, https:\\\/\\\/www.greenpeace.org\\\/static\\\/planet4-turkey-stateless\\\/2024\\\/06\\\/7e6cd226-22_saha-1024x768.jpg 1024w, https:\\\/\\\/www.greenpeace.org\\\/static\\\/planet4-turkey-stateless\\\/2024\\\/06\\\/7e6cd226-22_saha-768x576.jpg 768w, https:\\\/\\\/www.greenpeace.org\\\/static\\\/planet4-turkey-stateless\\\/2024\\\/06\\\/7e6cd226-22_saha-1536x1152.jpg 1536w, https:\\\/\\\/www.greenpeace.org\\\/static\\\/planet4-turkey-stateless\\\/2024\\\/06\\\/7e6cd226-22_saha-2048x1536.jpg 2048w, https:\\\/\\\/www.greenpeace.org\\\/static\\\/planet4-turkey-stateless\\\/2024\\\/06\\\/7e6cd226-22_saha-1821x1366.jpg 1821w, https:\\\/\\\/www.greenpeace.org\\\/static\\\/planet4-turkey-stateless\\\/2024\\\/06\\\/7e6cd226-22_saha-453x340.jpg 453w&quot;,&quot;image_sizes&quot;:false,&quot;alt_text&quot;:&quot;&quot;,&quot;caption&quot;:&quot;&quot;,&quot;focus_image&quot;:&quot;&quot;,&quot;credits&quot;:&quot;&quot;},{&quot;image_src&quot;:&quot;https:\\\/\\\/www.greenpeace.org\\\/static\\\/planet4-turkey-stateless\\\/2024\\\/06\\\/fdd6bf05-23_saha-scaled.jpg&quot;,&quot;image_srcset&quot;:&quot;https:\\\/\\\/www.greenpeace.org\\\/static\\\/planet4-turkey-stateless\\\/2024\\\/06\\\/fdd6bf05-23_saha-scaled.jpg 2560w, https:\\\/\\\/www.greenpeace.org\\\/static\\\/planet4-turkey-stateless\\\/2024\\\/06\\\/fdd6bf05-23_saha-300x204.jpg 300w, https:\\\/\\\/www.greenpeace.org\\\/static\\\/planet4-turkey-stateless\\\/2024\\\/06\\\/fdd6bf05-23_saha-1024x697.jpg 1024w, https:\\\/\\\/www.greenpeace.org\\\/static\\\/planet4-turkey-stateless\\\/2024\\\/06\\\/fdd6bf05-23_saha-768x523.jpg 768w, https:\\\/\\\/www.greenpeace.org\\\/static\\\/planet4-turkey-stateless\\\/2024\\\/06\\\/fdd6bf05-23_saha-1536x1046.jpg 1536w, https:\\\/\\\/www.greenpeace.org\\\/static\\\/planet4-turkey-stateless\\\/2024\\\/06\\\/fdd6bf05-23_saha-2048x1395.jpg 2048w, https:\\\/\\\/www.greenpeace.org\\\/static\\\/planet4-turkey-stateless\\\/2024\\\/06\\\/fdd6bf05-23_saha-2006x1366.jpg 2006w, https:\\\/\\\/www.greenpeace.org\\\/static\\\/planet4-turkey-stateless\\\/2024\\\/06\\\/fdd6bf05-23_saha-499x340.jpg 499w&quot;,&quot;image_sizes&quot;:false,&quot;alt_text&quot;:&quot;&quot;,&quot;caption&quot;:&quot;&quot;,&quot;focus_image&quot;:&quot;&quot;,&quot;credits&quot;:&quot;&quot;}]}}\"><section class=\"block carousel-wrap \"><\/section><\/div>\n<p>Saha gezimizde, k\u0131y\u0131 i\u015fgallerinin irili ufakl\u0131 bir\u00e7ok katman\u0131 oldu\u011funu g\u00f6rd\u00fck. Holdinglerden lokal i\u015fletmelere kadar, k\u0131y\u0131 eri\u015fim hakk\u0131n\u0131 engelleyen bir\u00e7ok fiili uygulamay\u0131 g\u00f6zlemledik ve belgeledik.<\/p>\n\n<p>Greenpeace Akdeniz olarak, ekonomik durumu ne olursa olsun, herkesin k\u0131y\u0131 alanlar\u0131ndan faydalanabilmesi gerekti\u011fine inan\u0131yoruz. \u015eehirlerin karakterini ve ruhunu, orada ya\u015fayan insanlar belirler. Ancak b\u00fcy\u00fck \u015firketlerin k\u0131y\u0131lar\u0131 yasa d\u0131\u015f\u0131 i\u015fgal etmesi, hem bu b\u00f6lgelerin ekonomisini hem de sosyal yap\u0131s\u0131n\u0131 bozuyor. Oysa K\u0131y\u0131 Kanunu&#8217;nun as\u0131l amac\u0131, k\u0131y\u0131 b\u00f6lgelerinin kamu yarar\u0131na kullan\u0131lmas\u0131n\u0131 sa\u011flamakt\u0131r. Bu hedefi ger\u00e7ekle\u015ftirmek i\u00e7in, sahillerin herkesin hakk\u0131 oldu\u011funu hat\u0131rlatmal\u0131 ve bu bilin\u00e7le hareket etmeliyiz. Sahil i\u015fgallerinin normalle\u015fmesini istemiyoruz; k\u0131y\u0131lar\u0131m\u0131z\u0131n ger\u00e7ek sahiplerinin, yani halk\u0131n, \u00f6zg\u00fcrce eri\u015fimine a\u00e7\u0131k olmas\u0131 gerekti\u011fini savunuyoruz.&nbsp;<\/p>\n\n<p>Sahiller hepimizin.<\/p>\n\n<figure class=\"wp-block-image size-large\"><img loading=\"lazy\" decoding=\"async\" width=\"1024\" height=\"576\" src=\"https:\/\/www.greenpeace.org\/static\/planet4-turkey-stateless\/2024\/06\/04439590-24_saha-1024x576.jpg\" alt=\"\" class=\"wp-image-8548\" srcset=\"https:\/\/www.greenpeace.org\/static\/planet4-turkey-stateless\/2024\/06\/04439590-24_saha-1024x576.jpg 1024w, https:\/\/www.greenpeace.org\/static\/planet4-turkey-stateless\/2024\/06\/04439590-24_saha-300x169.jpg 300w, https:\/\/www.greenpeace.org\/static\/planet4-turkey-stateless\/2024\/06\/04439590-24_saha-768x432.jpg 768w, https:\/\/www.greenpeace.org\/static\/planet4-turkey-stateless\/2024\/06\/04439590-24_saha-1536x864.jpg 1536w, https:\/\/www.greenpeace.org\/static\/planet4-turkey-stateless\/2024\/06\/04439590-24_saha-2048x1152.jpg 2048w, https:\/\/www.greenpeace.org\/static\/planet4-turkey-stateless\/2024\/06\/04439590-24_saha-510x287.jpg 510w\" sizes=\"auto, (max-width: 1024px) 100vw, 1024px\" \/><\/figure>\n","protected":false},"excerpt":{"rendered":"<p>Sahiller, elitler ve b\u00fcy\u00fck \u015firketler taraf\u0131ndan i\u015fgal edilip \u00f6zelle\u015ftirilmekte, bu da \u00e7evre tahribat\u0131na yol a\u00e7makta ve yurtta\u015flar\u0131n sahil ve k\u0131y\u0131 \u015feritlerinden e\u015fit ve adil bir \u015fekilde yararlanmas\u0131n\u0131n \u00f6n\u00fcnde engel olu\u015fturmaktad\u0131r.<\/p>\n","protected":false},"author":26,"featured_media":8525,"comment_status":"closed","ping_status":"open","sticky":false,"template":"","format":"standard","meta":{"ep_exclude_from_search":false,"p4_og_title":"SAH\u0130LLER, ANAYASAL HAKLARIMIZA RA\u011eMEN \u201cKIYIM KIYIM\u201d\u00a0","p4_og_description":"Sahiller, elitler ve b\u00fcy\u00fck \u015firketler taraf\u0131ndan i\u015fgal edilip \u00f6zelle\u015ftirilmekte, bu da \u00e7evre tahribat\u0131na yol a\u00e7makta ve yurtta\u015flar\u0131n sahil ve k\u0131y\u0131 \u015feritlerinden e\u015fit ve adil bir \u015fekilde yararlanmas\u0131n\u0131n \u00f6n\u00fcnde engel olu\u015fturmaktad\u0131r.","p4_og_image":"","p4_og_image_id":"","p4_seo_canonical_url":"","p4_campaign_name":"not set","p4_local_project":"not set","p4_basket_name":"not set","p4_department":"","footnotes":""},"categories":[4],"tags":[49],"p4-page-type":[29],"class_list":["post-8523","post","type-post","status-publish","format-standard","has-post-thumbnail","hentry","category-yerel-hareketler","tag-biyocesitlilik","p4-page-type-blog"],"_links":{"self":[{"href":"https:\/\/www.greenpeace.org\/turkey\/wp-json\/wp\/v2\/posts\/8523","targetHints":{"allow":["GET"]}}],"collection":[{"href":"https:\/\/www.greenpeace.org\/turkey\/wp-json\/wp\/v2\/posts"}],"about":[{"href":"https:\/\/www.greenpeace.org\/turkey\/wp-json\/wp\/v2\/types\/post"}],"author":[{"embeddable":true,"href":"https:\/\/www.greenpeace.org\/turkey\/wp-json\/wp\/v2\/users\/26"}],"replies":[{"embeddable":true,"href":"https:\/\/www.greenpeace.org\/turkey\/wp-json\/wp\/v2\/comments?post=8523"}],"version-history":[{"count":11,"href":"https:\/\/www.greenpeace.org\/turkey\/wp-json\/wp\/v2\/posts\/8523\/revisions"}],"predecessor-version":[{"id":9258,"href":"https:\/\/www.greenpeace.org\/turkey\/wp-json\/wp\/v2\/posts\/8523\/revisions\/9258"}],"wp:featuredmedia":[{"embeddable":true,"href":"https:\/\/www.greenpeace.org\/turkey\/wp-json\/wp\/v2\/media\/8525"}],"wp:attachment":[{"href":"https:\/\/www.greenpeace.org\/turkey\/wp-json\/wp\/v2\/media?parent=8523"}],"wp:term":[{"taxonomy":"category","embeddable":true,"href":"https:\/\/www.greenpeace.org\/turkey\/wp-json\/wp\/v2\/categories?post=8523"},{"taxonomy":"post_tag","embeddable":true,"href":"https:\/\/www.greenpeace.org\/turkey\/wp-json\/wp\/v2\/tags?post=8523"},{"taxonomy":"p4-page-type","embeddable":true,"href":"https:\/\/www.greenpeace.org\/turkey\/wp-json\/wp\/v2\/p4-page-type?post=8523"}],"curies":[{"name":"wp","href":"https:\/\/api.w.org\/{rel}","templated":true}]}}