{"id":8808,"date":"2024-11-13T15:53:34","date_gmt":"2024-11-13T12:53:34","guid":{"rendered":"https:\/\/www.greenpeace.org\/turkey\/?p=8808"},"modified":"2024-11-13T16:00:07","modified_gmt":"2024-11-13T13:00:07","slug":"cop29da-greenpeacein-sorusunu-yanitlayan-bakan-kurum-ilk-kez-fosilden-cikis-aciklamasi-yapti-greenpeace-net-bir-tarih-istiyor","status":"publish","type":"post","link":"https:\/\/www.greenpeace.org\/turkey\/basin-bultenleri\/cop29da-greenpeacein-sorusunu-yanitlayan-bakan-kurum-ilk-kez-fosilden-cikis-aciklamasi-yapti-greenpeace-net-bir-tarih-istiyor\/","title":{"rendered":"COP29\u2019da Greenpeace\u2019in Sorusunu Yan\u0131tlayan Bakan Kurum \u0130lk Kez Fosilden \u00c7\u0131k\u0131\u015f A\u00e7\u0131klamas\u0131 Yapt\u0131, Greenpeace Net Bir Tarih \u0130stiyor"},"content":{"rendered":"\n<p><strong>13.11.2024, Bak\u00fc &#8211; <\/strong>&nbsp;\u00c7evre, \u015eehircilik ve \u0130klim De\u011fi\u015fikli\u011fi Bakan\u0131 Murat Kurum, Bak\u00fc\u2019de ger\u00e7ekle\u015fen Birle\u015fmi\u015f Milletler \u0130klim De\u011fi\u015fikli\u011fi \u00c7er\u00e7eve S\u00f6zle\u015fmesi (UNFCCC) Taraflar Konferans\u0131 COP29\u2019da ilk kez fosil yak\u0131tlardan \u00e7\u0131k\u0131\u015fa dair a\u00e7\u0131klama yapt\u0131.<\/p>\n\n<p>Bakan Kurum, bug\u00fcn COP29\u2019daki \u00f6zel oturumda, T\u00fcrkiye\u2019nin 2053 net s\u0131f\u0131r hedefine y\u00f6nelik Uzun D\u00f6nemli \u0130klim De\u011fi\u015fikli\u011fi Stratejisi belgesini a\u00e7\u0131klad\u0131. S\u00f6z konusu yol haritas\u0131 2053 y\u0131l\u0131nda y\u00fczde 50 yenilenebilir enerji ve y\u00fczde 30 n\u00fckleer enerji hedefinde bulunuyor. Fosil yak\u0131tlardan \u00e7\u0131k\u0131\u015f hedefi belirtilmezken, metinde k\u00f6m\u00fcr kelimesi dahi yer alm\u0131yor.&nbsp;<\/p>\n\n<p>Kurum\u2019un 2053 T\u00fcrkiye\u2019nin Uzun D\u00f6nemli \u0130klim De\u011fi\u015fikli\u011fi Stratejisi sunumunun ard\u0131ndan Greenpeace T\u00fcrkiye Program Direkt\u00f6r\u00fc<strong> Berkan \u00d6zyer<\/strong>, \u201cUzun vadeli hedefte k\u00f6m\u00fcr ve genel olarak fosil yak\u0131tlardan \u00e7\u0131k\u0131\u015fa y\u00f6nelik hi\u00e7bir hedefin yer almamas\u0131na\u201d dair bir soruyu do\u011frudan Bakan Kurum\u2019a y\u00f6neltti.&nbsp;<\/p>\n\n<p>Kurum bunun \u00fczerine 2053 yenilenebilir hedeflerini tekrar dile getirdikten sonra \u201cZaman i\u00e7erisinde fosil yak\u0131tlardan bu s\u00fcre\u00e7te \u00e7\u0131km\u0131\u015f olaca\u011f\u0131z. Emisyon \u00fcretmeyen enerji tesis edecek ad\u0131mlar\u0131 da in\u015fallah atmaya devam edece\u011fiz\u201d yan\u0131t\u0131n\u0131 verdi. B\u00f6ylece Bakan Kurum, ilk defa fosil yak\u0131tlardan \u00e7\u0131k\u0131\u015f hedefini dile getirmi\u015f oldu.&nbsp;<\/p>\n\n<h4 class=\"wp-block-heading\"><strong>\u00d6zyer, Bakan Kurum\u2019un a\u00e7\u0131klamas\u0131na dair \u015fu de\u011ferlendirmede bulundu:<\/strong><\/h4>\n\n<p>\u201cFosil yak\u0131tlardan \u00e7\u0131k\u0131\u015f a\u00e7\u0131klamas\u0131n\u0131 bakan\u0131n a\u011fz\u0131ndan ilk defa duymak \u00f6nemli bir ad\u0131m. Daha ge\u00e7en sene \u2018Fosil yak\u0131t kullan\u0131m\u0131n\u0131 azaltaca\u011f\u0131z\u2019 a\u00e7\u0131klamas\u0131n\u0131 yapm\u0131\u015ft\u0131. Ancak fosil yak\u0131tlardan \u00e7\u0131k\u0131\u015f, net bir hedef koymak ve planlama yapmakla m\u00fcmk\u00fcn olabilir. Bu nedenle acilen fosil yak\u0131tlardan kademeli \u00e7\u0131k\u0131\u015f i\u00e7in iddial\u0131 bir tarih belirlenmelidir. Bu niyetin ilk ad\u0131m\u0131 da Af\u015fin-Elbistan A Termik Santrali\u2019ne, yeni bir santral b\u00fcy\u00fckl\u00fc\u011f\u00fcnde, 688 MW\u2019l\u0131k ek \u00fcnite yap\u0131lmas\u0131n\u0131n iptali olmal\u0131d\u0131r. \u2018<a href=\"https:\/\/www.greenpeace.org\/static\/planet4-turkey-stateless\/2024\/11\/2c1e0130-komurden-cikis-2030_1124.pdf\">Karbon N\u00f6tr T\u00fcrkiye Yolunda \u0130lk Ad\u0131m: K\u00f6m\u00fcrden \u00c7\u0131k\u0131\u015f 2030\u2019 <\/a>raporu k\u00f6m\u00fcrden adil bir \u00e7\u0131k\u0131\u015f\u0131n 2030 y\u0131l\u0131nda yap\u0131lmas\u0131n\u0131n m\u00fcmk\u00fcn oldu\u011funu g\u00f6steriyor. \u015eimdi hem \u00c7evre, \u015eehircilik ve \u0130klim De\u011fi\u015fikli\u011fi Bakanl\u0131\u011f\u0131\u2019na hem de Enerji ve Tabii Kaynaklar Bakanl\u0131\u011f\u0131\u2019na soruyoruz: Fosil yak\u0131tlardan \u00e7\u0131k\u0131\u015f i\u00e7in net tarih ne zaman?\u201d<\/p>\n\n<h4 class=\"wp-block-heading\"><strong>\u0130klim politikalar\u0131 ile ilgili iki \u00f6nemli belge<\/strong><\/h4>\n\n<p>Bakan\u2019\u0131n COP29\u2019da sundu\u011fu 2053 T\u00fcrkiye\u2019nin Uzun D\u00f6nemli \u0130klim De\u011fi\u015fikli\u011fi Stratejisi (<a href=\"https:\/\/unfccc.int\/sites\/default\/files\/resource\/Turkiye_Long_Term_Climate_Strategy.pdf\">Long-term Low Emission Development Strategy &#8211; LTS<\/a>), 2053 net s\u0131f\u0131r emisyon hedefine ula\u015fabilmek i\u00e7in sekt\u00f6rel stratejik hedefleri, farkl\u0131 sekt\u00f6rlere y\u00f6nelik temel politikalar\u0131 belirliyor ve yol haritas\u0131n\u0131 olu\u015fturuyor. Bunun yan\u0131nda T\u00fcrkiye\u2019nin iklim politikalar\u0131na dair bir ba\u015fka belge de Enerji ve Tabii Kaynaklar Bakanl\u0131\u011f\u0131\u2019nca 12 Kas\u0131m\u2019da a\u00e7\u0131klanan <a href=\"https:\/\/enerji.gov.tr\/Media\/Dizin\/SGB\/tr\/Kurumsal_Politikalar\/ETKB_2024-2028_Stratejik_Plani.pdf\">2024-2028 Stratejik Plan\u0131<\/a>. 2024-2028 Stratejik Plan\u0131\u2019nda da petrol ve do\u011falgaz altyap\u0131s\u0131n\u0131n g\u00fc\u00e7lendirilece\u011fi, petrol ve do\u011falgaz arama ve \u00fcretiminin art\u0131r\u0131laca\u011f\u0131, yerli k\u00f6m\u00fcr arama ve \u00fcretiminin art\u0131r\u0131laca\u011f\u0131 belirtiliyor.&nbsp;<\/p>\n\n<p>Greenpeace T\u00fcrkiye \u0130klim ve Enerji Kampanya Sorumlusu <strong>Emel T\u00fcrker Alpay<\/strong> iki belge ile ilgili \u015fu de\u011ferlendirmede bulundu:<\/p>\n\n<p>\u201cUzun D\u00f6nemli \u0130klim De\u011fi\u015fikli\u011fi Stratejisi\u2019nde iklim de\u011fi\u015fikli\u011finin en b\u00fcy\u00fck nedenlerinden biri olan k\u00f6m\u00fcre dair herhangi bir plan yer alm\u0131yor. Enerji d\u0131\u015f\u0131ndaki pek \u00e7ok sekt\u00f6r i\u00e7in de tatmin edici azalt\u0131m hedefleri \u00f6ng\u00f6r\u00fclm\u00fcyor. Belgede yer verilen n\u00fckleer enerji ise iklim de\u011fi\u015fikli\u011fi ile m\u00fccadelede k\u00fcresel s\u0131f\u0131r emisyon hedefine katk\u0131 sa\u011flamada etkisiz ve pahal\u0131 bir yat\u0131r\u0131m. N\u00fckleer kazalarda g\u00f6rd\u00fc\u011f\u00fcm\u00fcz gibi pek \u00e7ok g\u00fcvenlik sorununu beraberinde getiriyor ve n\u00fckleer at\u0131k sorunu hala \u00e7\u00f6z\u00fclebilmi\u015f de\u011fil.&nbsp;<\/p>\n\n<p>\u201c\u0130klim de\u011fi\u015fikli\u011fi i\u00e7in h\u0131zl\u0131, ucuz ve g\u00fcvenli bir \u00e7\u00f6z\u00fcme ihtiyac\u0131m\u0131z var. Bu uzun d\u00f6nemli iklim de\u011fi\u015fikli\u011fi stratejisi ve Enerji Bakanl\u0131\u011f\u0131 stratejik plan\u0131 ile T\u00fcrkiye\u2019nin \u00f6n\u00fcne koydu\u011fu 2053 net s\u0131f\u0131r hedefini kar\u015f\u0131lamas\u0131 m\u00fcmk\u00fcn g\u00f6r\u00fcnm\u00fcyor. \u0130klim de\u011fi\u015fikli\u011fi ile m\u00fccadelede yap\u0131lmas\u0131 gereken a\u00e7\u0131k ve net: Fosil yak\u0131tlardan vazge\u00e7mek ve bizi bu a\u00e7\u0131k hedeften uzakla\u015ft\u0131racak n\u00fckleer gibi \u00e7\u00f6z\u00fcm \u00f6nerilerine yana\u015fmamak. Emisyonlar\u0131n\u0131n %20-25\u2019i k\u00f6m\u00fcrl\u00fc termik santrallerden kaynaklanan T\u00fcrkiye\u2019nin iddial\u0131 bir iklim hedefi i\u00e7in yeni k\u00f6m\u00fcrl\u00fc termik santral yapmama karar\u0131 almas\u0131 ve kademeli olarak k\u00f6m\u00fcrden \u00e7\u0131k\u0131\u015f\u0131 planlamas\u0131 gerekiyor.\u201d<\/p>\n\n<p><strong><span style=\"text-decoration: underline;\">Detayl\u0131 bilgi i\u00e7in;\u00a0<\/span><\/strong><\/p>\n\n<p><strong>Berkan \u00d6zyer, <\/strong>Greenpeace T\u00fcrkiye Program Direkt\u00f6r\u00fc<br>berkan.ozyer@greenpeace.org\u00a0<\/p>\n\n<p><strong>Emel T\u00fcrker Alpay,<\/strong> Greenpeace T\u00fcrkiye \u0130klim ve Enerji Kampanya Sorumlusu<br>emel.turker@greenpeace.org\u00a0<\/p>\n\n<p><strong>Beyza Kural<\/strong>, Greenpeace T\u00fcrkiye \u0130leti\u015fim Sorumlusu<br>bkural@greenpeace.org<\/p>\n","protected":false},"excerpt":{"rendered":"<p>13.11.2024, Bak\u00fc &#8211; &nbsp;\u00c7evre, \u015eehircilik ve \u0130klim De\u011fi\u015fikli\u011fi Bakan\u0131 Murat Kurum, Bak\u00fc\u2019de ger\u00e7ekle\u015fen Birle\u015fmi\u015f Milletler \u0130klim De\u011fi\u015fikli\u011fi \u00c7er\u00e7eve S\u00f6zle\u015fmesi (UNFCCC) Taraflar Konferans\u0131 COP29\u2019da ilk kez fosil yak\u0131tlardan \u00e7\u0131k\u0131\u015fa dair a\u00e7\u0131klama&hellip;<\/p>\n","protected":false},"author":26,"featured_media":8812,"comment_status":"closed","ping_status":"open","sticky":false,"template":"","format":"standard","meta":{"ep_exclude_from_search":false,"p4_og_title":"","p4_og_description":"","p4_og_image":"","p4_og_image_id":"","p4_seo_canonical_url":"","p4_campaign_name":"","p4_local_project":"","p4_basket_name":"","p4_department":"","footnotes":""},"categories":[55],"tags":[],"p4-page-type":[14],"class_list":["post-8808","post","type-post","status-publish","format-standard","has-post-thumbnail","hentry","category-cop29","p4-page-type-basin-bultenleri"],"_links":{"self":[{"href":"https:\/\/www.greenpeace.org\/turkey\/wp-json\/wp\/v2\/posts\/8808","targetHints":{"allow":["GET"]}}],"collection":[{"href":"https:\/\/www.greenpeace.org\/turkey\/wp-json\/wp\/v2\/posts"}],"about":[{"href":"https:\/\/www.greenpeace.org\/turkey\/wp-json\/wp\/v2\/types\/post"}],"author":[{"embeddable":true,"href":"https:\/\/www.greenpeace.org\/turkey\/wp-json\/wp\/v2\/users\/26"}],"replies":[{"embeddable":true,"href":"https:\/\/www.greenpeace.org\/turkey\/wp-json\/wp\/v2\/comments?post=8808"}],"version-history":[{"count":1,"href":"https:\/\/www.greenpeace.org\/turkey\/wp-json\/wp\/v2\/posts\/8808\/revisions"}],"predecessor-version":[{"id":8810,"href":"https:\/\/www.greenpeace.org\/turkey\/wp-json\/wp\/v2\/posts\/8808\/revisions\/8810"}],"wp:featuredmedia":[{"embeddable":true,"href":"https:\/\/www.greenpeace.org\/turkey\/wp-json\/wp\/v2\/media\/8812"}],"wp:attachment":[{"href":"https:\/\/www.greenpeace.org\/turkey\/wp-json\/wp\/v2\/media?parent=8808"}],"wp:term":[{"taxonomy":"category","embeddable":true,"href":"https:\/\/www.greenpeace.org\/turkey\/wp-json\/wp\/v2\/categories?post=8808"},{"taxonomy":"post_tag","embeddable":true,"href":"https:\/\/www.greenpeace.org\/turkey\/wp-json\/wp\/v2\/tags?post=8808"},{"taxonomy":"p4-page-type","embeddable":true,"href":"https:\/\/www.greenpeace.org\/turkey\/wp-json\/wp\/v2\/p4-page-type?post=8808"}],"curies":[{"name":"wp","href":"https:\/\/api.w.org\/{rel}","templated":true}]}}