{"id":9007,"date":"2025-05-01T10:46:37","date_gmt":"2025-05-01T07:46:37","guid":{"rendered":"https:\/\/www.greenpeace.org\/turkey\/?p=9007"},"modified":"2025-05-01T10:46:40","modified_gmt":"2025-05-01T07:46:40","slug":"iscileri-ve-iklimi-koruyan-adil-bir-donusum-mumkun","status":"publish","type":"post","link":"https:\/\/www.greenpeace.org\/turkey\/blog\/iscileri-ve-iklimi-koruyan-adil-bir-donusum-mumkun\/","title":{"rendered":"\u0130\u015f\u00e7ileri ve iklimi koruyan adil bir d\u00f6n\u00fc\u015f\u00fcm m\u00fcmk\u00fcn"},"content":{"rendered":"\n<p>\u0130klim ve \u00e7evre alan\u0131nda \u00e7al\u0131\u015fan sivil toplum kurulu\u015flar\u0131 olarak, T\u00fcrkiye\u2019deki binlerce k\u00f6m\u00fcr madeni ve santral i\u015f\u00e7isinin, bug\u00fcn oldu\u011fu gibi yak\u0131n gelecekte de i\u015fsiz kalmamas\u0131 i\u00e7in hem iklimi hem de i\u015f\u00e7ileri koruyan adil bir d\u00f6n\u00fc\u015f\u00fcm talep ediyoruz.&nbsp;<\/p>\n\n<p>\u0130klim krizine kar\u015f\u0131 m\u00fccadele, ba\u015fta k\u00f6m\u00fcr olmak \u00fczere fosil yak\u0131tlara dayal\u0131 i\u015f kollar\u0131n\u0131 yeniden \u015fekillendiriyor ve yeni istihdam alanlar\u0131 ortaya \u00e7\u0131kar\u0131yor. Ancak bu d\u00f6n\u00fc\u015f\u00fcm, haz\u0131rl\u0131ks\u0131z ve plans\u0131z ger\u00e7ekle\u015fti\u011finde i\u015f\u00e7ileri g\u00fcvencesizli\u011fe mahk\u00fbm ediyor.<\/p>\n\n<p>Ne yaz\u0131k ki, son bir y\u0131lda k\u00f6m\u00fcr madeni ve santral i\u015f\u00e7ileri, bu plans\u0131zl\u0131\u011f\u0131n yol a\u00e7t\u0131\u011f\u0131 ciddi hak ihlalleriyle kar\u015f\u0131 kar\u015f\u0131ya kald\u0131. \u00d6nce <a href=\"https:\/\/www.sozcu.com.tr\/yatagan-termik-santralinde-184-kisi-isten-cikarildi-p82872\">Mu\u011fla Yata\u011fan<\/a> k\u00f6m\u00fcrl\u00fc termik santralinden 184 i\u015f\u00e7i ard\u0131ndan <a href=\"https:\/\/www.evrensel.net\/haber\/545136\/cayirhan-iscileri-eylemlerine-yer-ustunde-devam-edecek\">Ankara \u00c7ay\u0131rhan <\/a>k\u00f6m\u00fcrl\u00fc termik santrali ve maden oca\u011f\u0131n\u0131n \u00f6zelle\u015ftirilme s\u00fcrecinde 500 i\u015f\u00e7i, i\u015fsiz kalma tehdidine kar\u015f\u0131 kendilerini madene kapatmak dahil bir\u00e7ok eylem yapt\u0131.&nbsp;<\/p>\n\n<p>\u0130\u015f\u00e7ilerin ya\u015fad\u0131\u011f\u0131 bu s\u00fcre\u00e7, adil d\u00f6n\u00fc\u015f\u00fcm planlar\u0131 yap\u0131lmadan, piyasa ko\u015fullar\u0131na terk edilmi\u015f k\u00f6m\u00fcr sekt\u00f6r\u00fcnde ya\u015fanabilecek i\u015f\u00e7i haklar\u0131 ihlallerini \u00e7ok ac\u0131 bir \u015fekilde g\u00f6zler \u00f6n\u00fcne serdi. Oysa bilimsel verilere dayanarak haz\u0131rlad\u0131\u011f\u0131m\u0131z <a href=\"https:\/\/www.wwf.org.tr\/?11400\/karbon-notr-Turkiye-yolunda-ilk-adm-komurden-cikis-2030\">\u00e7al\u0131\u015fmalar<\/a>, k\u00f6m\u00fcrden elektrik \u00fcretiminin ekonomik olarak s\u00fcrd\u00fcr\u00fclemez oldu\u011funu ve sonlanmas\u0131n\u0131n ka\u00e7\u0131n\u0131lmaz oldu\u011funu ortaya koyuyor.<\/p>\n\n<p>Bu bir yol ayr\u0131m\u0131: Ya \u00e7evreye, sa\u011fl\u0131\u011fa ve iklime zarar veren santralleri ya\u015fatmak i\u00e7in kamu kaynaklar\u0131n\u0131 fosil yak\u0131t \u015firketlerine aktarmaya devam edece\u011fiz ya da i\u015f\u00e7ilerin ge\u00e7im g\u00fcvencesini sa\u011flayan, toplumsal cinsiyet e\u015fitli\u011fini g\u00f6zeten, insan onuruna yak\u0131\u015f\u0131r iklim dostu i\u015fler yarataca\u011f\u0131z. T\u00fcrkiye\u2019de acilen kimsenin geride kalmad\u0131\u011f\u0131 bir adil d\u00f6n\u00fc\u015f\u00fcm plan\u0131 haz\u0131rlanmal\u0131.&nbsp;<\/p>\n\n<p>Uluslararas\u0131 Birlik, M\u00fccadele ve Dayan\u0131\u015fma G\u00fcn\u00fc 1 May\u0131s\u2019ta emek m\u00fccadelesi ile dayan\u0131\u015fmam\u0131z\u0131 payla\u015f\u0131yor, i\u015f\u00e7ilerin taleplerini merkeze alan, demokratik, adil ve hakkaniyetli bir enerji d\u00f6n\u00fc\u015f\u00fcm\u00fcyle, fosil yak\u0131tlar\u0131 geride b\u0131rakt\u0131\u011f\u0131m\u0131z bir gelecek talep ediyoruz.&nbsp;<\/p>\n\n<p><strong>\u0130mzac\u0131 kurumlar:<\/strong><\/p>\n\n<p>Avrupa \u0130klim Eylem A\u011f\u0131, Bu\u011fday Ekolojik Ya\u015fam\u0131 Destekleme Derne\u011fi, Fosil Yak\u0131tlar\u0131n \u00d6tesi, Greenpeace T\u00fcrkiye, Gen\u00e7 D\u00fc\u015f\u00fcnce Enstit\u00fcs\u00fc, Hukuk, Do\u011fa ve Toplum Vakf\u0131 &#8211; HUDOTO, \u0130klim \u0130\u00e7in 350 Derne\u011fi, Mekanda Adalet Derne\u011fi, T\u00fcretim Ekonomisi Derne\u011fi, S\u00fcrd\u00fcr\u00fclebilir Ekonomi ve Finans Ara\u015ft\u0131rmalar\u0131 Derne\u011fi, WWF-T\u00fcrkiye (Do\u011fal Hayat\u0131 Koruma Vakf\u0131), Ye\u015fil D\u00fc\u015f\u00fcnce Derne\u011fi&nbsp;<\/p>\n","protected":false},"excerpt":{"rendered":"<p>\u0130klim ve \u00e7evre alan\u0131nda \u00e7al\u0131\u015fan sivil toplum kurulu\u015flar\u0131 olarak, T\u00fcrkiye\u2019deki binlerce k\u00f6m\u00fcr madeni ve santral i\u015f\u00e7isinin, bug\u00fcn oldu\u011fu gibi yak\u0131n gelecekte de i\u015fsiz kalmamas\u0131 i\u00e7in hem iklimi hem de i\u015f\u00e7ileri&hellip;<\/p>\n","protected":false},"author":41,"featured_media":9008,"comment_status":"closed","ping_status":"open","sticky":false,"template":"","format":"standard","meta":{"ep_exclude_from_search":false,"p4_og_title":"","p4_og_description":"","p4_og_image":"","p4_og_image_id":"","p4_seo_canonical_url":"","p4_campaign_name":"","p4_local_project":"","p4_basket_name":"","p4_department":"","footnotes":""},"categories":[24],"tags":[6],"p4-page-type":[29],"class_list":["post-9007","post","type-post","status-publish","format-standard","has-post-thumbnail","hentry","category-iklim-krizi","tag-iklim-adaleti","p4-page-type-blog"],"_links":{"self":[{"href":"https:\/\/www.greenpeace.org\/turkey\/wp-json\/wp\/v2\/posts\/9007","targetHints":{"allow":["GET"]}}],"collection":[{"href":"https:\/\/www.greenpeace.org\/turkey\/wp-json\/wp\/v2\/posts"}],"about":[{"href":"https:\/\/www.greenpeace.org\/turkey\/wp-json\/wp\/v2\/types\/post"}],"author":[{"embeddable":true,"href":"https:\/\/www.greenpeace.org\/turkey\/wp-json\/wp\/v2\/users\/41"}],"replies":[{"embeddable":true,"href":"https:\/\/www.greenpeace.org\/turkey\/wp-json\/wp\/v2\/comments?post=9007"}],"version-history":[{"count":1,"href":"https:\/\/www.greenpeace.org\/turkey\/wp-json\/wp\/v2\/posts\/9007\/revisions"}],"predecessor-version":[{"id":9009,"href":"https:\/\/www.greenpeace.org\/turkey\/wp-json\/wp\/v2\/posts\/9007\/revisions\/9009"}],"wp:featuredmedia":[{"embeddable":true,"href":"https:\/\/www.greenpeace.org\/turkey\/wp-json\/wp\/v2\/media\/9008"}],"wp:attachment":[{"href":"https:\/\/www.greenpeace.org\/turkey\/wp-json\/wp\/v2\/media?parent=9007"}],"wp:term":[{"taxonomy":"category","embeddable":true,"href":"https:\/\/www.greenpeace.org\/turkey\/wp-json\/wp\/v2\/categories?post=9007"},{"taxonomy":"post_tag","embeddable":true,"href":"https:\/\/www.greenpeace.org\/turkey\/wp-json\/wp\/v2\/tags?post=9007"},{"taxonomy":"p4-page-type","embeddable":true,"href":"https:\/\/www.greenpeace.org\/turkey\/wp-json\/wp\/v2\/p4-page-type?post=9007"}],"curies":[{"name":"wp","href":"https:\/\/api.w.org\/{rel}","templated":true}]}}