{"id":9051,"date":"2025-06-09T17:24:32","date_gmt":"2025-06-09T14:24:32","guid":{"rendered":"https:\/\/www.greenpeace.org\/turkey\/?p=9051"},"modified":"2025-06-09T17:24:39","modified_gmt":"2025-06-09T14:24:39","slug":"greenpeace-madleen-yardim-gemisinin-serbest-birakilmasi-icin-uluslararasi-eylem-cagrisinda-bulunuyor","status":"publish","type":"post","link":"https:\/\/www.greenpeace.org\/turkey\/blog\/greenpeace-madleen-yardim-gemisinin-serbest-birakilmasi-icin-uluslararasi-eylem-cagrisinda-bulunuyor\/","title":{"rendered":"Greenpeace, Madleen yard\u0131m gemisinin serbest b\u0131rak\u0131lmas\u0131 i\u00e7in uluslararas\u0131 eylem \u00e7a\u011fr\u0131s\u0131nda bulunuyor"},"content":{"rendered":"\n<p>Greenpeace, uluslararas\u0131 toplumu acilen uluslararas\u0131 hukuka uymaya ve \u00d6zg\u00fcrl\u00fck Filosu insani yard\u0131m gemisi Madleen&#8217;in m\u00fcrettebat\u0131yla birlikte derhal serbest b\u0131rak\u0131lmas\u0131n\u0131 sa\u011flamaya \u00e7a\u011f\u0131r\u0131yor.<\/p>\n\n<p>Gazze\u2019ye y\u00f6nelik hayati \u00f6nemdeki yard\u0131m ve g\u0131da malzemelerinin ula\u015ft\u0131r\u0131lmas\u0131n\u0131 uzun s\u00fcredir engelleyen ablukay\u0131 deniz yoluyla k\u0131rmaya \u00e7al\u0131\u015fan gemi, Gazze a\u00e7\u0131klar\u0131nda uluslararas\u0131 sularda \u0130srail g\u00fc\u00e7leri taraf\u0131ndan yasad\u0131\u015f\u0131 olarak al\u0131konuldu.<\/p>\n\n<p>\u0130srail h\u00fck\u00fcmeti, uluslararas\u0131 kurulu\u015flardan gelen yard\u0131m ve g\u0131da malzemelerinin kara ve deniz yoluyla ula\u015fmas\u0131n\u0131 tamamen engellemeye devam ederek, halihaz\u0131rda felaket boyutlar\u0131na ula\u015fm\u0131\u015f insani krizi daha da a\u011f\u0131rla\u015ft\u0131r\u0131yor. Yard\u0131mlar\u0131n engellenmesi ve bu yard\u0131mlar\u0131 ula\u015ft\u0131ranlar\u0131n hedef al\u0131nmas\u0131 uluslararas\u0131 hukukun a\u011f\u0131r bir ihlalidir.<\/p>\n\n<p>Gazze halk\u0131 toplu cezaland\u0131rman\u0131n y\u0131k\u0131c\u0131 eylemlerinden kaynaklanan ac\u0131lar\u0131 ya\u015famaya devam ederken, uluslararas\u0131 toplum gerekli ahlaki aciliyet ve tutarl\u0131l\u0131kla kar\u015f\u0131l\u0131k vermekte tamamen ba\u015far\u0131s\u0131z oldu. Onlar\u0131n eylemsizli\u011fi tarafs\u0131zl\u0131k de\u011fildir. Su\u00e7 ortakl\u0131\u011f\u0131d\u0131r.<\/p>\n\n<p>Yard\u0131m\u0131n silah olarak kullan\u0131lmas\u0131, iki milyondan fazla ki\u015fiyi k\u0131tl\u0131\u011f\u0131n e\u015fi\u011fine getirmi\u015f olup, bu ki\u015filerin \u00e7o\u011funun ya acil durum ya da felaket boyutunda g\u0131da yoksunlu\u011fu ve yetersiz beslenme i\u00e7inde oldu\u011fu kabul edilmektedir.&nbsp;<\/p>\n\n<p>Kur\u015funlar\u0131n ve bombalar\u0131n yol a\u00e7t\u0131\u011f\u0131 \u00f6l\u00fcmlerin say\u0131s\u0131, ekmek ve ila\u00e7 tedarikinin kesilmesi sonucu olarak kaybedilen masum hayatlar\u0131n yan\u0131nda g\u00f6lgede kalacakt\u0131r! K\u0131tl\u0131k ancak ku\u015fatman\u0131n derhal sona erdirilmesi ve s\u0131n\u0131rda biriken t\u00fcm Birle\u015fmi\u015f Milletler (BM) yard\u0131m konvoylar\u0131n\u0131n serbest b\u0131rak\u0131lmas\u0131yla \u00f6nlenebilir.<\/p>\n\n<p>Greenpeace\u2019in talepleri:<\/p>\n\n<ul class=\"wp-block-list\">\n<li>Sivillere ve \u00e7evreye y\u00f6nelik sald\u0131r\u0131lar\u0131n durdurulmas\u0131 i\u00e7in derhal, ko\u015fulsuz ve kal\u0131c\u0131 bir ate\u015fkes.<\/li>\n\n\n\n<li>Hamas taraf\u0131ndan t\u00fcm rehinelerin serbest b\u0131rak\u0131lmas\u0131.<\/li>\n\n\n\n<li>\u0130srail taraf\u0131ndan yasad\u0131\u015f\u0131 olarak g\u00f6zalt\u0131na al\u0131nan t\u00fcm Filistinlilerin serbest b\u0131rak\u0131lmas\u0131.<\/li>\n\n\n\n<li>Hedefe y\u00f6nelik yapt\u0131r\u0131mlar\u0131n uygulanmas\u0131 ve uluslararas\u0131 toplum taraf\u0131ndan uygulanacak kapsaml\u0131 bir silah ambargosu.<\/li>\n\n\n\n<li>BM ve di\u011fer insani yard\u0131m kurulu\u015flar\u0131 taraf\u0131ndan sa\u011flanan yard\u0131mlar\u0131n engellenmeden ula\u015ft\u0131r\u0131lmas\u0131.<\/li>\n\n\n\n<li>Filistin&#8217;in yasad\u0131\u015f\u0131 i\u015fgaline son verilmesi.\u00a0<\/li>\n<\/ul>\n\n<p>Greenpeace, \u0130srail ve Filistin&#8217;in bar\u0131\u015f i\u00e7inde, uluslararas\u0131 hukuka ve ilgili BM kararlar\u0131na uygun olarak tan\u0131nm\u0131\u015f s\u0131n\u0131rlar i\u00e7inde yan yana ya\u015fad\u0131\u011f\u0131 bir gelece\u011fi desteklemektedir.<\/p>\n\n<p>Etnik temizlik, sava\u015f su\u00e7lar\u0131 ve insanl\u0131\u011fa kar\u015f\u0131 su\u00e7lar artarken uluslararas\u0131 toplum somut ad\u0131mlar atmadan beklemeye devam ederse, bir soyk\u0131r\u0131ma yard\u0131m ve yatakl\u0131k etmenin hesab\u0131n\u0131 vermek zorunda kalacakt\u0131r. \u015eimdi vakit, harekete ge\u00e7me vaktidir!<\/p>\n","protected":false},"excerpt":{"rendered":"<p>Greenpeace, uluslararas\u0131 toplumu acilen uluslararas\u0131 hukuka uymaya ve \u00d6zg\u00fcrl\u00fck Filosu insani yard\u0131m gemisi Madleen&#8217;in m\u00fcrettebat\u0131yla birlikte derhal serbest b\u0131rak\u0131lmas\u0131n\u0131 sa\u011flamaya \u00e7a\u011f\u0131r\u0131yor.<\/p>\n","protected":false},"author":41,"featured_media":9052,"comment_status":"closed","ping_status":"open","sticky":false,"template":"","format":"standard","meta":{"ep_exclude_from_search":false,"p4_og_title":"","p4_og_description":"","p4_og_image":"","p4_og_image_id":"","p4_seo_canonical_url":"","p4_campaign_name":"","p4_local_project":"","p4_basket_name":"","p4_department":"","footnotes":""},"categories":[1],"tags":[],"p4-page-type":[29],"class_list":["post-9051","post","type-post","status-publish","format-standard","has-post-thumbnail","hentry","category-uncategorized","p4-page-type-blog"],"_links":{"self":[{"href":"https:\/\/www.greenpeace.org\/turkey\/wp-json\/wp\/v2\/posts\/9051","targetHints":{"allow":["GET"]}}],"collection":[{"href":"https:\/\/www.greenpeace.org\/turkey\/wp-json\/wp\/v2\/posts"}],"about":[{"href":"https:\/\/www.greenpeace.org\/turkey\/wp-json\/wp\/v2\/types\/post"}],"author":[{"embeddable":true,"href":"https:\/\/www.greenpeace.org\/turkey\/wp-json\/wp\/v2\/users\/41"}],"replies":[{"embeddable":true,"href":"https:\/\/www.greenpeace.org\/turkey\/wp-json\/wp\/v2\/comments?post=9051"}],"version-history":[{"count":1,"href":"https:\/\/www.greenpeace.org\/turkey\/wp-json\/wp\/v2\/posts\/9051\/revisions"}],"predecessor-version":[{"id":9053,"href":"https:\/\/www.greenpeace.org\/turkey\/wp-json\/wp\/v2\/posts\/9051\/revisions\/9053"}],"wp:featuredmedia":[{"embeddable":true,"href":"https:\/\/www.greenpeace.org\/turkey\/wp-json\/wp\/v2\/media\/9052"}],"wp:attachment":[{"href":"https:\/\/www.greenpeace.org\/turkey\/wp-json\/wp\/v2\/media?parent=9051"}],"wp:term":[{"taxonomy":"category","embeddable":true,"href":"https:\/\/www.greenpeace.org\/turkey\/wp-json\/wp\/v2\/categories?post=9051"},{"taxonomy":"post_tag","embeddable":true,"href":"https:\/\/www.greenpeace.org\/turkey\/wp-json\/wp\/v2\/tags?post=9051"},{"taxonomy":"p4-page-type","embeddable":true,"href":"https:\/\/www.greenpeace.org\/turkey\/wp-json\/wp\/v2\/p4-page-type?post=9051"}],"curies":[{"name":"wp","href":"https:\/\/api.w.org\/{rel}","templated":true}]}}