{"id":9325,"date":"2025-07-12T18:29:59","date_gmt":"2025-07-12T15:29:59","guid":{"rendered":"https:\/\/www.greenpeace.org\/turkey\/?p=9325"},"modified":"2026-01-08T11:59:11","modified_gmt":"2026-01-08T08:59:11","slug":"10-soruda-dunyada-ve-turkiyede-iklim-kanunu","status":"publish","type":"post","link":"https:\/\/www.greenpeace.org\/turkey\/blog\/10-soruda-dunyada-ve-turkiyede-iklim-kanunu\/","title":{"rendered":"10 Soruda D\u00fcnyada ve T\u00fcrkiye\u2019de \u0130klim Kanunu"},"content":{"rendered":"\n<p><strong>\u0130klim Kanunu Meclis\u2019te kabul edildi. Peki bu kanun iklim kanunu olma \u00f6zelli\u011fini ta\u015f\u0131yor mu, T\u00fcrkiye\u2019nin ihtiyac\u0131 ne, bundan sonra ne olacak? \u0130\u015fte 10 soruda iklim kanunu.<\/strong><\/p>\n\n<p>T\u00fcrkiye\u2019de \u0130klim Kanunu, Greenpeace\u2019in de aralar\u0131nda oldu\u011fu sivil toplum \u00f6rg\u00fctlerinin itirazlar\u0131na kar\u015f\u0131n Meclis\u2019te kabul edildi. \u0130klim kanunu nedir, T\u00fcrkiye\u2019nin b\u00f6yle bir kanuna ihtiyac\u0131 var m\u0131, nas\u0131l bir iklim kanunu olmal\u0131?<\/p>\n\n<ol class=\"wp-block-list\">\n<li><strong>\u0130klim kanunu nedir?&nbsp;<\/strong><\/li>\n<\/ol>\n\n<p>\u0130klim kanunlar\u0131, \u00fclkelerin iklim de\u011fi\u015fikli\u011fiyle m\u00fccadele politikalar\u0131n\u0131 yasal bir zemine oturtan d\u00fczenlemeler b\u00fct\u00fcn\u00fcd\u00fcr. Temel amac\u0131, iklim de\u011fi\u015fikli\u011finin nedeni olan sera gaz\u0131 emisyonlar\u0131n\u0131 azaltmak, iklim de\u011fi\u015fikli\u011finin olumsuz etkilerine uyumu sa\u011flamak ve iklim de\u011fi\u015fikli\u011fi ile m\u00fccadelede ulusal hedeflere ula\u015fmak i\u00e7in bir yol haritas\u0131 sunar. Bu amaca ula\u015fmak i\u00e7in uzun vadeli hedefler belirler, kurumsal yap\u0131lanmalar\u0131 tan\u0131mlar ve bu hedeflere ula\u015fmak i\u00e7in kullan\u0131lacak \u00e7e\u015fitli ara\u00e7lar\u0131 belirler.&nbsp;<\/p>\n\n<ol start=\"2\" class=\"wp-block-list\">\n<li><strong>D\u00fcnyada iklim kanunu \u00f6rnekleri var m\u0131?&nbsp;<\/strong><\/li>\n<\/ol>\n\n<p>Evet, d\u00fcnyada \u0130ngiltere (2008), Yunanistan (2022), Almanya, G\u00fcney Afrika, Zambia, Avrupa Birli\u011fi gibi \u00f6rnekleri verilebilecek pek \u00e7ok \u00fclkede iklim kanunlar\u0131 bulunuyor. \u00d6rne\u011fin, Avrupa Birli\u011fi\u2019nin Avrupa \u0130klim Yasas\u0131 2050 y\u0131l\u0131na kadar net s\u0131f\u0131r emisyon hedefi koyarak emisyon azalt\u0131m hedefini yasal olarak ba\u011flay\u0131c\u0131 hale getiriyor. D\u00fcnyan\u0131n \u0130klim De\u011fi\u015fikli\u011fi Kanunlar\u0131 veri taban\u0131na g\u00f6re d\u00fcnyada \u015fu anda iklim de\u011fi\u015fikli\u011fine ili\u015fkin \u00e7e\u015fitli kapsamlarda 72 kanun bulunuyor.&nbsp;<\/p>\n\n<ol start=\"3\" class=\"wp-block-list\">\n<li><strong>D\u00fcnyada iklim kanunlar\u0131na neden ihtiya\u00e7 duyuldu?<\/strong><\/li>\n<\/ol>\n\n<p>\u0130klim krizinin etkilerinin her ge\u00e7en g\u00fcn ciddiyetini art\u0131rd\u0131\u011f\u0131 bir d\u00fcnyada iklim kanunlar\u0131 bir gereklilik haline geldi. Paris Anla\u015fmas\u0131 gibi uluslararas\u0131 iklim anla\u015fmalar\u0131 ve d\u00fczenlemeleri kapsam\u0131nda \u00fclkelerin verdikleri taahh\u00fctleri yasal olarak ba\u011flay\u0131c\u0131 hale getirerek garanti alt\u0131na almas\u0131 gerekiyor. \u0130klim de\u011fi\u015fikli\u011fi ile m\u00fccadele edebilmek i\u00e7in uzun vadeli, kapsaml\u0131 ve tutarl\u0131 politikalar gerekiyor. Yukar\u0131da belirtildi\u011fi gibi iklim kanunlar\u0131 bu politikalar\u0131n \u00e7er\u00e7evesini \u00e7iziyor. Hedefler yasal olarak ba\u011flay\u0131c\u0131 hale getirildi\u011fi i\u00e7in h\u00fck\u00fcmetleri hesap verebilir k\u0131lar ve topluma da bu taahh\u00fctleri takip etme imkan\u0131 tan\u0131r. \u0130klim de\u011fi\u015fikli\u011fi ile m\u00fccadelenin politikas\u0131 yan\u0131nda \u00e7e\u015fitli kurum ve kurulu\u015flar taraf\u0131ndan uygulama ara\u00e7lar\u0131 da tan\u0131mland\u0131\u011f\u0131 i\u00e7in iklim de\u011fi\u015fikli\u011fi ile m\u00fccadele daha geni\u015f kesimler taraf\u0131ndan takip edilebilece\u011fi toplumsal fark\u0131ndal\u0131k artar. \u0130klim de\u011fi\u015fikli\u011fi ile m\u00fccadelenin sera gaz\u0131 azalt\u0131mlar\u0131 yan\u0131ndaki aya\u011f\u0131 uyumdur. \u0130klim kanunu ile iklim de\u011fi\u015fikli\u011finin neden oldu\u011fu sel, kurakl\u0131k, a\u015f\u0131r\u0131 s\u0131caklar gibi afetlere kar\u015f\u0131 uyum ve diren\u00e7 planlar\u0131n\u0131 yasal zemine oturtulur. Ayn\u0131 zamanda iklim hedeflerine uyumlu yat\u0131r\u0131mlar konusunda \u00f6zel sekt\u00f6r a\u00e7\u0131s\u0131ndan da \u00f6ng\u00f6r\u00fclebilirlik ve g\u00fcven sa\u011flanm\u0131\u015f olur.&nbsp;<\/p>\n\n<ol start=\"4\" class=\"wp-block-list\">\n<li><strong>T\u00fcrkiye\u2019nin bir iklim kanununa ihtiya\u00e7 var m\u0131? Neden?<\/strong><\/li>\n<\/ol>\n\n<p>D\u00fcnyada iklim kanununa ihtiya\u00e7 duyulmas\u0131n\u0131n nedenleri T\u00fcrkiye i\u00e7in de ge\u00e7erlidir. T\u00fcrkiye, Akdeniz havzas\u0131ndaki konumu nedeniyle de iklim krizinden en \u00e7ok etkilenecek \u00fclkelerden biri. \u0130klim de\u011fi\u015fikli\u011finin sonu\u00e7lar\u0131 olan orman yang\u0131n\u0131, kurakl\u0131k ve sel gibi a\u015f\u0131r\u0131 hava olaylar\u0131 T\u00fcrkiye\u2019de de s\u0131kl\u0131\u011f\u0131n\u0131 ve \u015fiddetini art\u0131r\u0131yor. B\u00fct\u00fcn bu etkiler biyo\u00e7e\u015fitlili\u011fi ve do\u011fal varl\u0131klar\u0131 da tehdit ediyor. T\u00fcrkiye 2021 y\u0131l\u0131nda Paris Anla\u015fmas\u0131&#8217;n\u0131 onaylad\u0131 ve 2053 net s\u0131f\u0131r emisyon hedefi ile 2038 y\u0131l\u0131nda sera gaz\u0131 emisyonlar\u0131n\u0131 art\u0131\u015ftan %41 azaltma taahh\u00fcd\u00fcnde bulundu. Bu enerji kaynaklar\u0131ndan sanayide \u00fcretime \u00fclke ekonomisinin b\u00fcy\u00fck bir de\u011fi\u015fim ge\u00e7irmesini gerektiriyor. \u0130klim de\u011fi\u015fikli\u011finin etkileriyle m\u00fccadele edebilmek, iklim de\u011fi\u015fikli\u011fine kar\u015f\u0131 k\u0131r\u0131lgan gruplar\u0131 ve do\u011fal varl\u0131klar\u0131m\u0131z\u0131 koruyabilmek, taahh\u00fctleri yerine getirmek ve d\u00f6n\u00fc\u015f\u00fcm\u00fc do\u011fru \u015fekilde ger\u00e7ekle\u015ftirebilmek i\u00e7in iklim kanunu gerekli.&nbsp;<\/p>\n\n<ol start=\"5\" class=\"wp-block-list\">\n<li><strong>Onaylanan iklim kanunu bu ihtiyac\u0131 kar\u015f\u0131layabilir mi?<\/strong><\/li>\n<\/ol>\n\n<p>\u0130klim kanunu bir ihtiya\u00e7 ancak Meclis\u2019te onaylanan iklim kanunu bu ihtiyac\u0131 kar\u015f\u0131lam\u0131yor. Bir iklim kanunu i\u00e7in en kritik olan mutlak azalt\u0131m hedefi, fosil yak\u0131tlardan \u00e7\u0131k\u0131\u015f plan\u0131, adil ge\u00e7i\u015f mekanizmas\u0131 gibi konular kanunda yer alm\u0131yor.<\/p>\n\n<ol start=\"6\" class=\"wp-block-list\">\n<li><strong>Greenpeace T\u00fcrkiye\u2019ye g\u00f6re, onaylanan \u0130klim Kanunu\u2019ndaki eksikler neler?<\/strong><\/li>\n<\/ol>\n\n<p>\u00d6ncelikle kanunun yap\u0131m \u015fekli kat\u0131l\u0131mc\u0131l\u0131k ve \u015feffafl\u0131ktan uzak \u015fekilde ger\u00e7ekle\u015fti. Teklifin haz\u0131rlanmas\u0131 s\u00fcrecinde sivil toplum kurulu\u015flar\u0131 ve toplumun g\u00f6r\u00fc\u015f verebilece\u011fi kat\u0131l\u0131mc\u0131 ve \u015feffaf bir s\u00fcre\u00e7 i\u015fletilmedi. Kanunun kendisine bakt\u0131\u011f\u0131m\u0131zda pek \u00e7ok eksik g\u00f6r\u00fcyoruz.&nbsp;<\/p>\n\n<p>\u0130klim krizi ile m\u00fccadelenin ilk \u00f6nemli ad\u0131m\u0131 sera gaz\u0131 sal\u0131mlar\u0131n\u0131n azalt\u0131m\u0131 i\u00e7in ba\u011flay\u0131c\u0131 hedefler konulmas\u0131. Ancak kanunda 2053 net s\u0131f\u0131r hedefi ve buna ula\u015fmay\u0131 sa\u011flayacak ara d\u00f6nem hedeflerine yer verilmiyor. Bu hedefe ula\u015fmak i\u00e7in k\u00f6m\u00fcr ba\u015fta olmak \u00fczere fosil yak\u0131tlardan \u00e7\u0131k\u0131\u015f i\u00e7in bir takvim belirlenmesi gerekiyor. Kanunda b\u00f6yle bir taahh\u00fct ya da \u00e7\u0131k\u0131\u015f plan\u0131 yok. Fosil yak\u0131tlardan \u00e7\u0131k\u0131\u015f s\u00fcrecinde etkilenecek i\u015f\u00e7iler ve iklim de\u011fi\u015fikli\u011fine kar\u015f\u0131 k\u0131r\u0131lgan gruplar i\u00e7in bir mekanizma olu\u015fturulmas\u0131 gerekirken adil ge\u00e7i\u015fe y\u00f6nelik herhangi bir mekanizma kanunda yer alm\u0131yor. Meclis g\u00f6r\u00fc\u015fmeleri s\u0131ras\u0131nda kanuna eklenen emisyon ticaret sistemi (ETS) gelirlerinin %10\u2019unun adil ge\u00e7i\u015fe ayr\u0131lmas\u0131 konusu mekanizman\u0131n ve adil ge\u00e7i\u015f faaliyetlerinin tan\u0131mlanmamas\u0131 nedeniyle havada kal\u0131yor. Biyo\u00e7e\u015fitlili\u011fin korunmas\u0131 ve korunan alanlar\u0131n art\u0131r\u0131lmas\u0131 \u00f6zellikle iklim de\u011fi\u015fikli\u011fine uyum konusunda b\u00fcy\u00fck \u00f6neme sahip. Bu nedenle iklim kanununun bu ba\u011flamda da somut hedefler i\u00e7ermesi gerekir, ancak biyo\u00e7e\u015fitlili\u011fe ili\u015fkin herhangi bir hedef kanunda yer alm\u0131yor. Hedeflerin, politikalar\u0131n ve politika ara\u00e7lar\u0131n\u0131n belirlenmesinde, izleme ve de\u011ferlendirme s\u00fcre\u00e7lerinde kritik \u00f6neme sahip ba\u011f\u0131ms\u0131z bir bilimsel dan\u0131\u015fma kurulu kanunda bulunmuyor. Di\u011fer yandan kanunun \u00f6ne \u00e7\u0131kan d\u00fczenlemesi olan ve emisyonlar\u0131n azalt\u0131lmas\u0131 hedefini ta\u015f\u0131yan emisyon ticaret sistemi de azalt\u0131m hedefine de\u011fil sistemin ticari i\u015fleyi\u015fine odaklan\u0131yor.&nbsp;<\/p>\n\n<ol start=\"7\" class=\"wp-block-list\">\n<li><strong>Onaylanan \u0130klim Kanunu\u2019nun etkileri ne olacak?<\/strong><\/li>\n<\/ol>\n\n<p>Mecliste onaylanan haliyle iklim kanunu yetersiz ve belirsiz hedef ve uygulamalar nedeniyle iklim krizi ile m\u00fccadele etmekten uzak oldu\u011fu a\u00e7\u0131k. O nedenle iklim politikalar\u0131nda ve etkilerinde b\u00fcy\u00fck ve h\u0131zl\u0131 bir de\u011fi\u015fim olmayacak. Ancak kanun \u0130l \u0130klim De\u011fi\u015fikli\u011fi Koordinasyon Kurallar\u0131, yerel iklim de\u011fi\u015fikli\u011fi eylem planlar\u0131, Emisyon Ticaret Sistemi ve S\u0131n\u0131rda Karbon D\u00fczenleme Mekanizmas\u0131 gibi planlama ve uygulama ara\u00e7lar\u0131 tan\u0131ml\u0131yor. Fakat hem kanunda bu ara\u00e7larla ilgili net d\u00fczenlemeler ve mekanizmalar yok hem de mutlak azalt\u0131m hedefi ve fosil yak\u0131tlardan \u00e7\u0131k\u0131\u015f plan\u0131 gibi temel eksiklerin alt\u0131nda bu ara\u00e7lar\u0131n nas\u0131l \u00e7al\u0131\u015faca\u011f\u0131n\u0131 ilgili y\u00f6netmelik ve d\u00fczenlemeler olmadan tam olarak anlamam\u0131z m\u00fcmk\u00fcn g\u00f6r\u00fcnm\u00fcyor. Bu nedenle kanunun y\u00fcr\u00fcrl\u00fc\u011fe girmesiyle birlikte b\u00fct\u00fcn bunlar i\u00e7in s\u0131k\u0131 bir takip yap\u0131lmas\u0131 gerekiyor.&nbsp;<\/p>\n\n<ol start=\"8\" class=\"wp-block-list\">\n<li><strong>Kanunun \u00f6ne \u00e7\u0131kan y\u00f6n\u00fc olan Emisyon Ticaret Sistemi (ETS) nedir? Emisyonlar\u0131n azalt\u0131lmas\u0131nda etkili olabilir mi?&nbsp;<\/strong><\/li>\n<\/ol>\n\n<p>ETS, h\u00fck\u00fcmetlerin enerji santralleri, a\u011f\u0131r sanayi gibi b\u00fcy\u00fck emisyon kaynaklar\u0131n\u0131 i\u00e7eren belirli sekt\u00f6rlerdeki toplam sera gaz\u0131 emisyonlar\u0131na bir \u00fcst s\u0131n\u0131r koymas\u0131 ve izin verilen emisyonlar\u0131n tahsisatlar yoluyla bu \u015firketlere da\u011f\u0131t\u0131lmas\u0131na dayanan bir piyasa mekanizmas\u0131. Buna g\u00f6re koyulan \u00fcst s\u0131n\u0131r\u0131n kademeli olarak azalt\u0131lmas\u0131 yoluyla toplam emisyonlar\u0131n d\u00fc\u015f\u00fcr\u00fclmesi hedefleniyor. E\u011fer bir \u015firket emisyonlar\u0131n\u0131 belirlenen tahsisat miktar\u0131n\u0131n alt\u0131nda tutabilirse, artan tahsisatlar\u0131n\u0131 emisyonlar\u0131n\u0131 a\u015fan di\u011fer \u015firketlere satabilir. Tersine, e\u011fer bir \u015firket tahsisatlar\u0131ndan daha fazla emisyon sal\u0131yorsa, piyasadan ek tahsisat sat\u0131n almak zorunda. Bu al\u0131m sat\u0131m s\u00fcreci de bir &#8220;karbon piyasas\u0131&#8221; olu\u015fturuyor. \u015eirketler, y\u0131l sonunda sald\u0131klar\u0131 sera gaz\u0131 emisyonlar\u0131n\u0131 do\u011frulatmak ve bu emisyonlara kar\u015f\u0131l\u0131k gelen tahsisatlar\u0131 yetkili kuruma teslim etmek zorunda. Yeterli tahsisat\u0131 olmayan \u015firketlere ise cezalar uygulan\u0131yor.<\/p>\n\n<p>\u0130klim kanununda yer alan ETS sisteminin amac\u0131na uygun \u00e7al\u0131\u015fmas\u0131 eksikleri nedeniyle m\u00fcmk\u00fcn g\u00f6r\u00fcnm\u00fcyor. Kanunda zaten bir mutlak emisyon azalt\u0131m\u0131 ve fosil yak\u0131tlardan \u00e7\u0131k\u0131\u015fa dair bir hedefin yer almamas\u0131 ETS\u2019nin temel \u00e7al\u0131\u015fma mant\u0131\u011f\u0131na uygun de\u011fil. Kanunda kim olduklar\u0131 belli olmayan \u015firketlere \u00fccretsiz tahsilat verilmesine ve karbon denkle\u015ftirmeye izin vererek emisyon azalt\u0131m\u0131 hedefini ger\u00e7ekle\u015ftiremiyor. Kanunun kendisi gibi ETS s\u00fcreci de \u015feffafl\u0131k ve kat\u0131m\u0131lc\u0131l\u0131ktan uzak. Ayr\u0131ca bu sistemden elde edilecek gelirlerin ne \u015fekilde kullan\u0131laca\u011f\u0131 belirsiz. Avrupa Birli\u011fi \u00f6rne\u011finden hareketle ETS\u2019lerin g\u00fc\u00e7l\u00fc ve zorlay\u0131c\u0131 kamu politikalar\u0131 olmaks\u0131z\u0131n etkili olmad\u0131\u011f\u0131n\u0131 biliyoruz. Bu nedenlerle, ETS sisteminin, kanundaki mevcut d\u00fczenlemesi ile ger\u00e7ek emisyon azalt\u0131m\u0131 iddias\u0131n\u0131 ger\u00e7ekle\u015ftirmesi m\u00fcmk\u00fcn g\u00f6r\u00fcnm\u00fcyor.<\/p>\n\n<p>Di\u011fer yandan ETS ortaya \u00e7\u0131kt\u0131\u011f\u0131 ilk g\u00fcnden itibaren \u015firketlere kirletme hakk\u0131 sunmas\u0131, atmosferi metala\u015ft\u0131rmas\u0131, piyasa temelli bir sistem olmas\u0131, ger\u00e7ek emisyon azalt\u0131m\u0131na hizmet etmemesi ve iklim adaletini sa\u011flamaktan uzak olmas\u0131 gibi y\u00f6nleriyle ele\u015ftiriliyor.&nbsp;<\/p>\n\n<ol start=\"9\" class=\"wp-block-list\">\n<li><strong>Kamuoyunda iklim kanununun yapay g\u0131dalar\u0131 te\u015fvik edece\u011fi, tar\u0131ma ciddi s\u0131n\u0131rlamalar getirece\u011fi, vatanda\u015flara yeni vergiler konulaca\u011f\u0131 ve suya eri\u015fimi yasaklayaca\u011f\u0131 gibi s\u00f6ylemler yer ald\u0131. Bu iddialar ger\u00e7ekleri yans\u0131t\u0131yor mu, kanun ger\u00e7ekten bu t\u00fcr d\u00fczenlemeler i\u00e7eriyor mu?<\/strong><\/li>\n<\/ol>\n\n<p>\u0130klim Kanunu, bu konularda herhangi bir spesifik d\u00fczenleme i\u00e7ermiyor. Kanun, iklim de\u011fi\u015fikli\u011fiyle m\u00fccadele kapsam\u0131nda tar\u0131m\u0131n s\u00fcrd\u00fcr\u00fclebilirli\u011finin sa\u011flanmas\u0131 i\u00e7in ekosistem temelli uyum yakla\u015f\u0131m\u0131, do\u011fa temelli \u00e7\u00f6z\u00fcmler ve su b\u00fct\u00e7esini dikkate alan planlama ara\u00e7lar\u0131 gibi uygulamalar \u00f6ng\u00f6r\u00fcyor. Kanunda yer alan karbon fiyatland\u0131rma y\u00f6ntemi olan ETS, bireylere de\u011fil \u015firketlere y\u00f6nelik bir emisyon bedeli \u00f6deme sistemi. Ayr\u0131ca su kaynaklar\u0131n\u0131n s\u00fcrd\u00fcr\u00fclebilir y\u00f6netimi, su verimlili\u011fi ve su tasarrufu gibi konulara at\u0131f yaparak uyum ve diren\u00e7 kapasitesi kapsam\u0131nda d\u00fczenlemeler \u00f6ng\u00f6ren maddeler i\u00e7eriyor. Fakat kanunda bu d\u00fczenlemeler ve uygulamalar belirtilmiyor.&nbsp;<\/p>\n\n<ol start=\"10\" class=\"wp-block-list\">\n<li><strong>\u0130klim Kanunu onayland\u0131. Greenpeace T\u00fcrkiye bundan sonra bu kapsamda ne yapacak?<\/strong><\/li>\n<\/ol>\n\n<p>\u0130klim kanunun eksikleri oldu\u011fu tart\u0131\u015fmas\u0131z. Ancak T\u00fcrkiye\u2019nin iklim de\u011fi\u015fikli\u011fi ile m\u00fccadelede bir iklim kanununa olan ihtiyac\u0131 a\u00e7\u0131k. Bizim iklim kanunundan beklentilerimiz \u015fu 12 maddeyi kapsamas\u0131yd\u0131:<\/p>\n\n<ol class=\"wp-block-list\">\n<li>\u015eeffaf, kat\u0131l\u0131mc\u0131 ve hesap verebilir s\u00fcre\u00e7ler<\/li>\n\n\n\n<li>Uyum planlar\u0131 (seller, yang\u0131n, a\u015f\u0131r\u0131 s\u0131cak vs.)<\/li>\n\n\n\n<li>Sa\u011fl\u0131k sistemi d\u00fczenlemeleri<\/li>\n\n\n\n<li>\u0130klim adaleti, nesiller aras\u0131 ve cinsiyet e\u015fitli\u011fi g\u00f6zetimi<\/li>\n\n\n\n<li>Biyolojik \u00e7e\u015fitlilik ve %30 korunan alan hedefi<\/li>\n\n\n\n<li>Adil ge\u00e7i\u015f mekanizmalar\u0131<\/li>\n\n\n\n<li>2053 net s\u0131f\u0131r hedefinin yasala\u015fmas\u0131<\/li>\n\n\n\n<li>1,5 \u00b0C uyumlu emisyon azalt\u0131m\u0131<\/li>\n\n\n\n<li>Yenilenebilir enerji potansiyelinin d\u00f6rt kat art\u0131r\u0131lmas\u0131<\/li>\n\n\n\n<li>Bireysel enerji \u00fcretimine destek<\/li>\n\n\n\n<li>2030\u2019a kadar k\u00f6m\u00fcrden \u00e7\u0131k\u0131\u015f<\/li>\n\n\n\n<li>Enerji verimlili\u011fi ve tasarrufu hedefleri<\/li>\n<\/ol>\n\n<p>Kanun, bu talepleri kar\u015f\u0131lamaktan uzak. Ancak bundan sonra kanunda \u00e7izilen \u00e7er\u00e7eve i\u00e7in ba\u015fta ETS olmak \u00fczere kanuna ba\u011fl\u0131 y\u00f6netmelik ve d\u00fczenlemeler yap\u0131lacak. Bu nedenle bu s\u00fcre\u00e7leri yak\u0131ndan takip etmeye devam edece\u011fiz.<\/p>\n\n<div class=\"wp-block-group has-beige-100-background-color has-background is-layout-constrained wp-container-core-group-is-layout-afb388fb wp-block-group-is-layout-constrained\" style=\"padding-top:var(--wp--preset--spacing--60);padding-right:var(--wp--preset--spacing--60);padding-bottom:var(--wp--preset--spacing--60);padding-left:var(--wp--preset--spacing--60)\">\n<div class=\"wp-block-group is-vertical is-layout-flex wp-container-core-group-is-layout-8cf370e7 wp-block-group-is-layout-flex\">\n<h2 class=\"wp-block-heading has-green-500-color has-text-color has-link-color wp-elements-92387b9e5072d8f85bc5c80bde231fa3\">Greenpeace destek\u00e7isi ol!<\/h2>\n\n\n\n<p><strong>Greenpeace&#8217;in ba\u011f\u0131ms\u0131z ve cesur kampanyalar y\u00fcr\u00fctmesini sa\u011flayan tek g\u00fc\u00e7 sensin. Ba\u011f\u0131\u015f\u0131nla sesimizi daha g\u00fc\u00e7l\u00fc k\u0131l, d\u00fcnyan\u0131n gelece\u011fine birlikte y\u00f6n verelim!<br><br>Senin deste\u011finle daha g\u00fc\u00e7l\u00fc, daha etkili ve daha cesuruz. \u015eimdi bize kat\u0131l!<\/strong><\/p>\n\n\n\n<p><\/p>\n<\/div>\n\n\n\n<!-- Script'i dahil et -->\n<script src=\"https:\/\/bagis.greenpeace-destek.org\/embed\/donation-form\/widget.js\"><\/script>\n\n<!-- Widget container'\u0131n\u0131 ekle -->\n<div class=\"donation-widget\" \n     data-title=\"Greenpeace Ba\u011f\u0131\u015f Formu\">\n    <div class=\"loading-indicator\">Ba\u011f\u0131\u015f Formu Y\u00fckleniyor&#8230;<\/div>\n<\/div>\n<\/div>\n","protected":false},"excerpt":{"rendered":"<p>\u0130klim Kanunu Meclis\u2019te kabul edildi. Peki bu kanun iklim kanunu olma \u00f6zelli\u011fini ta\u015f\u0131yor mu, T\u00fcrkiye\u2019nin ihtiyac\u0131 ne, bundan sonra ne olacak? \u0130\u015fte 10 soruda iklim kanunu.<\/p>\n","protected":false},"author":41,"featured_media":9326,"comment_status":"closed","ping_status":"open","sticky":false,"template":"","format":"standard","meta":{"ep_exclude_from_search":false,"p4_og_title":"","p4_og_description":"","p4_og_image":"","p4_og_image_id":"","p4_seo_canonical_url":"","p4_campaign_name":"","p4_local_project":"","p4_basket_name":"","p4_department":"","footnotes":""},"categories":[24],"tags":[25],"p4-page-type":[29],"class_list":["post-9325","post","type-post","status-publish","format-standard","has-post-thumbnail","hentry","category-iklim-krizi","tag-iklim-degisikligi","p4-page-type-blog"],"_links":{"self":[{"href":"https:\/\/www.greenpeace.org\/turkey\/wp-json\/wp\/v2\/posts\/9325","targetHints":{"allow":["GET"]}}],"collection":[{"href":"https:\/\/www.greenpeace.org\/turkey\/wp-json\/wp\/v2\/posts"}],"about":[{"href":"https:\/\/www.greenpeace.org\/turkey\/wp-json\/wp\/v2\/types\/post"}],"author":[{"embeddable":true,"href":"https:\/\/www.greenpeace.org\/turkey\/wp-json\/wp\/v2\/users\/41"}],"replies":[{"embeddable":true,"href":"https:\/\/www.greenpeace.org\/turkey\/wp-json\/wp\/v2\/comments?post=9325"}],"version-history":[{"count":3,"href":"https:\/\/www.greenpeace.org\/turkey\/wp-json\/wp\/v2\/posts\/9325\/revisions"}],"predecessor-version":[{"id":9932,"href":"https:\/\/www.greenpeace.org\/turkey\/wp-json\/wp\/v2\/posts\/9325\/revisions\/9932"}],"wp:featuredmedia":[{"embeddable":true,"href":"https:\/\/www.greenpeace.org\/turkey\/wp-json\/wp\/v2\/media\/9326"}],"wp:attachment":[{"href":"https:\/\/www.greenpeace.org\/turkey\/wp-json\/wp\/v2\/media?parent=9325"}],"wp:term":[{"taxonomy":"category","embeddable":true,"href":"https:\/\/www.greenpeace.org\/turkey\/wp-json\/wp\/v2\/categories?post=9325"},{"taxonomy":"post_tag","embeddable":true,"href":"https:\/\/www.greenpeace.org\/turkey\/wp-json\/wp\/v2\/tags?post=9325"},{"taxonomy":"p4-page-type","embeddable":true,"href":"https:\/\/www.greenpeace.org\/turkey\/wp-json\/wp\/v2\/p4-page-type?post=9325"}],"curies":[{"name":"wp","href":"https:\/\/api.w.org\/{rel}","templated":true}]}}