{"id":9428,"date":"2025-08-11T18:49:35","date_gmt":"2025-08-11T15:49:35","guid":{"rendered":"https:\/\/www.greenpeace.org\/turkey\/?p=9428"},"modified":"2025-08-11T18:49:39","modified_gmt":"2025-08-11T15:49:39","slug":"plastik-anlasmasi-muzakerelerinin-surdugu-cenevrenin-havasi-mikroplastik-dolu","status":"publish","type":"post","link":"https:\/\/www.greenpeace.org\/turkey\/blog\/plastik-anlasmasi-muzakerelerinin-surdugu-cenevrenin-havasi-mikroplastik-dolu\/","title":{"rendered":"Plastik Anla\u015fmas\u0131 M\u00fczakerelerinin S\u00fcrd\u00fc\u011f\u00fc Cenevre\u2019nin Havas\u0131 Mikroplastik Dolu"},"content":{"rendered":"\n<p><strong>Cenevre&#8217;de yapt\u0131\u011f\u0131m\u0131z ara\u015ft\u0131rmada, havada mikroplastikler tespit ettik.<\/strong><\/p>\n\n<p>Greenpeace International&#8217;\u0131n a\u00e7\u0131k havada ve kafeler, toplu ta\u015f\u0131ma ara\u00e7lar\u0131 ile ma\u011fazalar gibi kapal\u0131 alanlarda yap\u0131lan \u00f6rneklemeleri i\u00e7eren ara\u015ft\u0131rmas\u0131, Cenevre&#8217;nin havas\u0131nda mikroplastiklerin bulundu\u011funu g\u00f6sterdi. H\u00fck\u00fcmet temsilcileri taraf\u0131ndan s\u00fcrd\u00fcr\u00fclen K\u00fcresel Plastik Anla\u015fmas\u0131 m\u00fczakereleri ikinci haftas\u0131na girerken, bu ara\u015ft\u0131rma plastik kirlili\u011fi krizinin g\u00f6r\u00fcnmez ancak yayg\u0131n bir y\u00f6n\u00fcn\u00fc ortaya koyuyor.<\/p>\n\n<p>Cenevre&#8217;deki mikroplastik kirlili\u011finin havaya etkisini ara\u015ft\u0131rmak i\u00e7in, bir Greenpeace ara\u015ft\u0131rmac\u0131s\u0131, 17 Temmuz 2025 tarihinde 8 saat boyunca, hava kaynakl\u0131 mikroplastikleri toplamak i\u00e7in modifiye edilmi\u015f bir PDR-1500 ki\u015fisel hava kalitesi monit\u00f6r\u00fc takt\u0131. \u00c7al\u0131\u015fma, herhangi bir noktadaki&nbsp; hava kalitesini de\u011ferlendirmek yerine havadaki mikroplastiklerin genel varl\u0131\u011f\u0131n\u0131 g\u00f6sterdi.<\/p>\n\n<p>Ara\u015ft\u0131rmada elde edilen \u00f6nemli bulgular \u015funlar:<\/p>\n\n<ul class=\"wp-block-list\">\n<li>Y\u00fcksek b\u00fcy\u00fctme ve k\u0131z\u0131l\u00f6tesi spektroskopi ile analiz edilen toplam 165 par\u00e7ac\u0131k bulundu. Bunlar i\u00e7erisinde;\n<ul class=\"wp-block-list\">\n<li>94 par\u00e7ac\u0131k, (\u00e7o\u011fu 20 mikrondan k\u00fc\u00e7\u00fck \u2014 \u00e7\u0131plak g\u00f6zle g\u00f6r\u00fclemeyecek kadar k\u00fc\u00e7\u00fck)<\/li>\n\n\n\n<li>71 lif, (uzunluk ve \u00e7aplar\u0131 de\u011fi\u015fken, \u00e7o\u011fu sel\u00fcloz veya modifiye edilmi\u015f do\u011fal malzemelerden yap\u0131lm\u0131\u015f)<\/li>\n\n\n\n<li>12 adet do\u011frulanm\u0131\u015f mikroplastik par\u00e7ac\u0131k (6 lif, 6 par\u00e7a) ve 3 adet daha sentetik polimer olarak ge\u00e7ici olarak tan\u0131mlanm\u0131\u015f par\u00e7ac\u0131k.<\/li>\n<\/ul>\n<\/li>\n\n\n\n<li>Do\u011frulanm\u0131\u015f mikroplastikler aras\u0131nda polyester, naylon, polietilen, vinil kopolimerler ve sel\u00fcloz asetat yer ald\u0131. Bunlar giyim, ambalaj ve mobilya \u00fcr\u00fcnlerinde yayg\u0131n olarak kullan\u0131lan malzemeler.<\/li>\n<\/ul>\n\n<p>Bu par\u00e7ac\u0131klar, 1,7 m\u00b3 \u00f6rnek hacmiyle 8 saat boyunca topland\u0131; bir ki\u015fi ayn\u0131 s\u00fcrede genellikle \u00e7ok daha fazla hava solur. Ara\u015ft\u0131rmada yaln\u0131zca 10 mikrondan b\u00fcy\u00fck par\u00e7ac\u0131klar analiz edildi; son ara\u015ft\u0131rmalar, \u00e7ok daha k\u00fc\u00e7\u00fck mikroplastiklerin (1\u201310 \u00b5m) daha da b\u00fcy\u00fck miktarlarda mevcut olabilece\u011fini ve bunlar\u0131n akci\u011ferlerin derinliklerine n\u00fcfuz edecek kadar k\u00fc\u00e7\u00fck oldu\u011funu, bu durumun da ciddi sa\u011fl\u0131k sorunlar\u0131na yol a\u00e7abilece\u011fini ortaya koyuyor.<\/p>\n\n<p>\u0130svi\u00e7re, at\u0131k y\u00f6netiminde d\u00fcnya \u00e7ap\u0131nda 8. s\u0131rada yer al\u0131yor, buna ra\u011fmen Cenevre&#8217;nin havas\u0131nda mikroplastik kirlili\u011fi bulunuyor. Bu durum, \u00e7evreye sal\u0131nd\u0131\u011f\u0131nda plasti\u011fin ne kadar yayg\u0131n ve kontrol edilemez hale geldi\u011fini ortaya koyuyor. Plastik \u00fcretimi artmaya devam ettik\u00e7e, bu kirlili\u011fin boyutu ve ciddiyeti de artacakt\u0131r.<\/p>\n\n<p>Greenpeace ABD K\u00fcresel Plastik Kampanyas\u0131 Lideri ve K\u00fcresel Plastik Anla\u015fmas\u0131 m\u00fczakereleri Greenpeace Delegasyon Ba\u015fkan\u0131 Graham Forbes \u015funlar\u0131 s\u00f6yledi:&nbsp;<\/p>\n\n<p>&#8220;Bu t\u00fcr ara\u015ft\u0131rmalar, plastik \u00fcretimini kayna\u011f\u0131nda azaltmam\u0131z gerekti\u011fini g\u00f6steriyor. Ancak petrokimya end\u00fcstrisi, 2060 y\u0131l\u0131na kadar \u00fc\u00e7 kat\u0131na \u00e7\u0131kabilecek plastik \u00fcretiminde b\u00fcy\u00fck bir geni\u015fleme i\u00e7in bask\u0131 yapmaya devam ediyor. Fosil yak\u0131t ve petrokimya lobicileri, \u015fehirlerinde dola\u015f\u0131rken \u00fcrettikleri plastikleri soluyorlar ve kendilerine potansiyel sa\u011fl\u0131k sorunlar\u0131 yarat\u0131yorlar &#8211; bu, anla\u015fmay\u0131 m\u00fczakere ettikleri Cenevre&#8217;de de ge\u00e7erli.&#8221;<\/p>\n\n<p>Konferans\u0131 Cenevre&#8217;de takip eden Greenpeace T\u00fcrkiye\u2019den G\u00fcl\u015fah G\u00f6zek ise \u015f\u00f6yle konu\u015ftu: \u201cAra\u015ft\u0131rma verileri mikroplastiklerin hayat\u0131m\u0131za nas\u0131l n\u00fcfus etti\u011fini bir kez daha g\u00f6sterdi. Plastik \u00fcretimini s\u00fcrd\u00fcrd\u00fc\u011f\u00fcm\u00fcz her an daha fazla plasti\u011fe maruz kal\u0131yoruz. Plastik kirlili\u011fini \u00f6nlemenin tek yolu plastik \u00fcretiminin azalt\u0131lmas\u0131. Bunun i\u00e7in g\u00fc\u00e7l\u00fc bir Plastik Anla\u015fmas\u0131\u2019na ihtiyac\u0131m\u0131z var.\u201d<\/p>\n\n<p>Greenpeace, 2040 y\u0131l\u0131na kadar plastik \u00fcretimini en az %75 oran\u0131nda azaltacak yasal olarak ba\u011flay\u0131c\u0131 bir anla\u015fma \u00e7a\u011fr\u0131s\u0131nda bulunuyor. \u015eu anda petrokimya end\u00fcstrisi, 2060 y\u0131l\u0131na kadar \u00fc\u00e7 kat\u0131na \u00e7\u0131kabilecek plastik \u00fcretiminde b\u00fcy\u00fck bir geni\u015fleme i\u00e7in bask\u0131 yapmaya devam ediyor. Bunun b\u00fcy\u00fck bir k\u0131sm\u0131, tek kullan\u0131ml\u0131k ambalajlar ve h\u0131zl\u0131 moda gibi k\u0131sa \u00f6m\u00fcrl\u00fc \u00fcr\u00fcnler i\u00e7in. Bu da nas\u0131l y\u00f6netilir veya geri d\u00f6n\u00fc\u015ft\u00fcr\u00fcl\u00fcrse d\u00f6n\u00fc\u015ft\u00fcr\u00fcls\u00fcn plastik at\u0131klar\u0131n ve mikroplastik maruziyetinin artaca\u011f\u0131 bir gelece\u011fe yol a\u00e7acak.<\/p>\n\n<div class=\"wp-block-group has-grey-200-background-color has-background is-layout-constrained wp-container-core-group-is-layout-b0d9e6a0 wp-block-group-is-layout-constrained\" style=\"padding-top:var(--wp--preset--spacing--20);padding-right:var(--wp--preset--spacing--40);padding-bottom:var(--wp--preset--spacing--20);padding-left:var(--wp--preset--spacing--40)\">\n<h2 class=\"wp-block-heading\">Destek ver<\/h2>\n\n\n\n<p class=\"has-grey-200-background-color has-background\"><strong>Kampanyalar\u0131 y\u00fcr\u00fct\u00fcrken ba\u011f\u0131ms\u0131zl\u0131k ilkemiz \u0131\u015f\u0131\u011f\u0131nda hi\u00e7bir \u015firket veya h\u00fck\u00fcmetten destek kabul etmiyor, senin gibi bireylerin destekleriyle \u00e7al\u0131\u015f\u0131yoruz. <\/strong><a href=\"https:\/\/bagis.greenpeace-destek.org\/?utm_source=Mainpage\" data-type=\"link\" data-id=\"https:\/\/bagis.greenpeace-destek.org\"><strong>Sen de arkam\u0131zdaki g\u00fc\u00e7 olmak istersen t\u0131kla<\/strong>.<\/a><\/p>\n\n\n\n<div class=\"wp-block-buttons is-layout-flex wp-block-buttons-is-layout-flex\">\n<div class=\"wp-block-button has-custom-width wp-block-button__width-100 is-style-cta\"><a class=\"wp-block-button__link wp-element-button\" href=\"https:\/\/bagis.greenpeace-destek.org\/?utm_source=Mainpage\">DESTEK VER<\/a><\/div>\n<\/div>\n<\/div>\n","protected":false},"excerpt":{"rendered":"<p>Cenevre&#8217;de yapt\u0131\u011f\u0131m\u0131z ara\u015ft\u0131rmada, havada mikroplastikler tespit ettik.<\/p>\n","protected":false},"author":41,"featured_media":9430,"comment_status":"closed","ping_status":"open","sticky":false,"template":"","format":"standard","meta":{"ep_exclude_from_search":false,"p4_og_title":"","p4_og_description":"","p4_og_image":"","p4_og_image_id":"","p4_seo_canonical_url":"","p4_campaign_name":"","p4_local_project":"","p4_basket_name":"","p4_department":"","footnotes":""},"categories":[3,5],"tags":[23],"p4-page-type":[29],"class_list":["post-9428","post","type-post","status-publish","format-standard","has-post-thumbnail","hentry","category-biyocesitlilik-doga","category-sorunlar-ve-cozumler","tag-plastik","p4-page-type-blog"],"_links":{"self":[{"href":"https:\/\/www.greenpeace.org\/turkey\/wp-json\/wp\/v2\/posts\/9428","targetHints":{"allow":["GET"]}}],"collection":[{"href":"https:\/\/www.greenpeace.org\/turkey\/wp-json\/wp\/v2\/posts"}],"about":[{"href":"https:\/\/www.greenpeace.org\/turkey\/wp-json\/wp\/v2\/types\/post"}],"author":[{"embeddable":true,"href":"https:\/\/www.greenpeace.org\/turkey\/wp-json\/wp\/v2\/users\/41"}],"replies":[{"embeddable":true,"href":"https:\/\/www.greenpeace.org\/turkey\/wp-json\/wp\/v2\/comments?post=9428"}],"version-history":[{"count":1,"href":"https:\/\/www.greenpeace.org\/turkey\/wp-json\/wp\/v2\/posts\/9428\/revisions"}],"predecessor-version":[{"id":9431,"href":"https:\/\/www.greenpeace.org\/turkey\/wp-json\/wp\/v2\/posts\/9428\/revisions\/9431"}],"wp:featuredmedia":[{"embeddable":true,"href":"https:\/\/www.greenpeace.org\/turkey\/wp-json\/wp\/v2\/media\/9430"}],"wp:attachment":[{"href":"https:\/\/www.greenpeace.org\/turkey\/wp-json\/wp\/v2\/media?parent=9428"}],"wp:term":[{"taxonomy":"category","embeddable":true,"href":"https:\/\/www.greenpeace.org\/turkey\/wp-json\/wp\/v2\/categories?post=9428"},{"taxonomy":"post_tag","embeddable":true,"href":"https:\/\/www.greenpeace.org\/turkey\/wp-json\/wp\/v2\/tags?post=9428"},{"taxonomy":"p4-page-type","embeddable":true,"href":"https:\/\/www.greenpeace.org\/turkey\/wp-json\/wp\/v2\/p4-page-type?post=9428"}],"curies":[{"name":"wp","href":"https:\/\/api.w.org\/{rel}","templated":true}]}}