{"id":9433,"date":"2025-08-15T11:44:38","date_gmt":"2025-08-15T08:44:38","guid":{"rendered":"https:\/\/www.greenpeace.org\/turkey\/?p=9433"},"modified":"2025-08-15T16:11:47","modified_gmt":"2025-08-15T13:11:47","slug":"iklim-krizinin-kavurdugu-2025ten-yaz-manzaralari","status":"publish","type":"post","link":"https:\/\/www.greenpeace.org\/turkey\/blog\/iklim-krizinin-kavurdugu-2025ten-yaz-manzaralari\/","title":{"rendered":"\u0130klim Krizinin Kavurdu\u011fu 2025\u2019ten Yaz Manzaralar\u0131"},"content":{"rendered":"\n<p><strong>Kurakl\u0131klar ve yang\u0131nlar tesad\u00fcfen ya\u015fanm\u0131yor. \u0130klim krizini derinle\u015ftiren unsurlar ortada. Peki ne yapmal\u0131?<\/strong><\/p>\n\n<p>Yaz mevsiminden manzaralar denince, deniz ya da g\u00f6l kenar\u0131nda ge\u00e7irilen bir g\u00fcn, ye\u015fillikler i\u00e7inde bir piknik, a\u00e7\u0131k havada sevdiklerimizle olmak gibi karelerin akl\u0131m\u0131za geldi\u011fi y\u0131llar, eski ve hat\u0131rlamas\u0131 zor an\u0131lara d\u00f6n\u00fc\u015ft\u00fc.<\/p>\n\n<p>Son y\u0131llarda yaz mevsimi, ya\u015fad\u0131\u011f\u0131m\u0131z sosyal ve ekonomik sorunlara ilave olarak ekolojik krizlerle yak\u0131ndan y\u00fczle\u015fti\u011fimiz d\u00f6nemler halini ald\u0131. Bu y\u0131l da pek farkl\u0131 ge\u00e7miyor. Kelimenin tam anlam\u0131yla kavurucu bir yaz ya\u015f\u0131yoruz. Kurakl\u0131k ve yang\u0131nlar korkun\u00e7 boyutlara ula\u015ft\u0131. \u00d6yle ki, sosyal medya uygulamalar\u0131na her giri\u015fimizde ya da haber platformlar\u0131na her bakt\u0131\u011f\u0131m\u0131zda onlarca ili etkileyen yang\u0131n ve kurakl\u0131k haberleriyle kar\u015f\u0131la\u015f\u0131r hale geldik.&nbsp;<\/p>\n\n<p>Elbette bunlar tesad\u00fcfen ya\u015fanm\u0131yor ve g\u00fcndemimize de ilk kez girmiyor. Tar\u0131mda, madencilikte a\u015f\u0131r\u0131 su kullan\u0131m\u0131n\u0131n kurakl\u0131k bask\u0131s\u0131n\u0131 art\u0131rd\u0131\u011f\u0131 ya da fosil yak\u0131tlara dayal\u0131 enerji \u00fcretimi gibi yo\u011fun karbon sal\u0131m\u0131na neden olan sekt\u00f6rlerin iklim krizini derinle\u015ftirdi\u011fini y\u0131llardan beri biliyoruz. Bu yaz\u0131da da mevcut durumu yaratan bu sorunlar\u0131 k\u0131saca ele almak ve zaten bilinen \u00e7\u00f6z\u00fcmleri yeniden hat\u0131rlatmak istiyoruz.&nbsp;<\/p>\n\n<h2 class=\"wp-block-heading\"><strong>Kurakl\u0131k g\u00fcnl\u00fck ya\u015fam\u0131 etkiliyor<\/strong><\/h2>\n\n<p>Yava\u015f ilerleyen ancak etkisi \u00e7ok derinden hissedilen bir meteorolojik afet olan kurakl\u0131\u011f\u0131 bug\u00fcne kadar genellikle tar\u0131msal boyutuyla dikkate al\u0131yorduk. G\u00fcnl\u00fck ya\u015fam\u0131 etkileyen su kesintileri, uzun bir s\u00fcredir b\u00f6lgesel ve ge\u00e7ici olarak ya\u015fan\u0131yordu. Bu yaz bu durum da bir kez daha de\u011fi\u015fti. \u0130zmir\u2019in yo\u011fun su kullan\u0131m\u0131 olan be\u015f b\u00f6lgesinde planl\u0131 ve d\u00f6n\u00fc\u015f\u00fcml\u00fc olarak su kesintileri uygulan\u0131yor. \u0130ZSU taraf\u0131ndan yap\u0131lan a\u00e7\u0131klamada k\u00fcresel iklim krizine ba\u011fl\u0131 olarak ya\u015fanan kurakl\u0131k ve azalan su kaynaklar\u0131na dikkat \u00e7ekiliyor<sup>.1<\/sup>&nbsp; \u00c7e\u015fme de ise durum daha vahim, il\u00e7eye su sa\u011flayan Kutlu Akta\u015f Baraj\u0131&#8217;ndaki su doluluk oran\u0131n\u0131n y\u00fczde 5\u2019in alt\u0131na d\u00fc\u015fmesi nedeniyle her gece 10 saatlik kesintiler yap\u0131l\u0131yor.<sup>2<\/sup><\/p>\n\n<figure class=\"wp-block-image size-large\"><img loading=\"lazy\" decoding=\"async\" width=\"1024\" height=\"606\" src=\"https:\/\/www.greenpeace.org\/static\/planet4-turkey-stateless\/2025\/08\/a52b7665-kuraklik-blog_1-1024x606.jpg\" alt=\"\" class=\"wp-image-9437\" srcset=\"https:\/\/www.greenpeace.org\/static\/planet4-turkey-stateless\/2025\/08\/a52b7665-kuraklik-blog_1-1024x606.jpg 1024w, https:\/\/www.greenpeace.org\/static\/planet4-turkey-stateless\/2025\/08\/a52b7665-kuraklik-blog_1-300x178.jpg 300w, https:\/\/www.greenpeace.org\/static\/planet4-turkey-stateless\/2025\/08\/a52b7665-kuraklik-blog_1-768x455.jpg 768w, https:\/\/www.greenpeace.org\/static\/planet4-turkey-stateless\/2025\/08\/a52b7665-kuraklik-blog_1-510x302.jpg 510w, https:\/\/www.greenpeace.org\/static\/planet4-turkey-stateless\/2025\/08\/a52b7665-kuraklik-blog_1.jpg 1500w\" sizes=\"auto, (max-width: 1024px) 100vw, 1024px\" \/><figcaption class=\"wp-element-caption\">\u00c7e\u015fme Kutlu Akta\u015f baraj g\u00f6l\u00fc | Kaynak: copernicus.eu<\/figcaption><\/figure>\n\n<p><em>Sadece \u0130zmir de\u011fil, benzer haberler Edirne, Hatay ve Mu\u011fla gibi baz\u0131 iller ve bu illerdeki il\u00e7eler i\u00e7in de yap\u0131l\u0131yor.&nbsp;<\/em><\/p>\n\n<h2 class=\"wp-block-heading\"><strong>Yang\u0131nlar ormanlar\u0131 k\u00fcl ediyor, canlar\u0131 ya\u015famdan kopar\u0131yor<\/strong><\/h2>\n\n<p>Kurakl\u0131k derinle\u015firken orman yang\u0131nlar\u0131 da buna ba\u011fl\u0131 olarak h\u0131zlan\u0131yor. OGM\u2019in 11 A\u011fustos\u2019ta sosyal medya hesab\u0131ndan yapt\u0131\u011f\u0131 a\u00e7\u0131klamaya g\u00f6re bu y\u0131l OGM taraf\u0131ndan 5 binden fazla yang\u0131na m\u00fcdahale edilmi\u015f. Bu yang\u0131nlar\u0131n b\u00fcy\u00fck \u00e7o\u011funlu\u011fu h\u0131zl\u0131 m\u00fcdahale ile s\u00f6nd\u00fcr\u00fclm\u00fc\u015f, 20 tanesi ise b\u00fcy\u00fcyerek daha fazla alana zarar vermi\u015f.<sup>3<\/sup>&nbsp;<\/p>\n\n<figure class=\"wp-block-image size-large\"><img loading=\"lazy\" decoding=\"async\" width=\"1024\" height=\"408\" src=\"https:\/\/www.greenpeace.org\/static\/planet4-turkey-stateless\/2025\/08\/0d6dbe8c-yanan-alan-ha-1024x408.png\" alt=\"\" class=\"wp-image-9441\" srcset=\"https:\/\/www.greenpeace.org\/static\/planet4-turkey-stateless\/2025\/08\/0d6dbe8c-yanan-alan-ha-1024x408.png 1024w, https:\/\/www.greenpeace.org\/static\/planet4-turkey-stateless\/2025\/08\/0d6dbe8c-yanan-alan-ha-300x120.png 300w, https:\/\/www.greenpeace.org\/static\/planet4-turkey-stateless\/2025\/08\/0d6dbe8c-yanan-alan-ha-768x306.png 768w, https:\/\/www.greenpeace.org\/static\/planet4-turkey-stateless\/2025\/08\/0d6dbe8c-yanan-alan-ha-1536x612.png 1536w, https:\/\/www.greenpeace.org\/static\/planet4-turkey-stateless\/2025\/08\/0d6dbe8c-yanan-alan-ha-510x203.png 510w, https:\/\/www.greenpeace.org\/static\/planet4-turkey-stateless\/2025\/08\/0d6dbe8c-yanan-alan-ha.png 2048w\" sizes=\"auto, (max-width: 1024px) 100vw, 1024px\" \/><\/figure>\n\n<p>Avrupa Orman Yang\u0131n\u0131 Bilgi Sistemi (EFFIS)\u2019a g\u00f6re de, T\u00fcrkiye\u2019de 2025 y\u0131l\u0131 i\u00e7erisinde 13 A\u011fustos tarihine kadar, 30 hektar ve \u00fczeri alan\u0131 etkileyen 184 yang\u0131n \u00e7\u0131km\u0131\u015f.<sup>4<\/sup> Yukar\u0131daki tablodan y\u0131ll\u0131k bazda \u00e7\u0131kan yang\u0131n say\u0131lar\u0131 ve yanan alan miktarlar\u0131 g\u00f6r\u00fclebilir. Ayr\u0131ca yang\u0131nlar\u0131n \u00e7\u0131k\u0131\u015f sebeplerine ve ormanlar\u0131n tahribat\u0131na ili\u015fkin \u00f6nemli verilere, T\u00fcrkiye\u2019deki ormanc\u0131l\u0131k istatistiklerinin anlam\u0131n\u0131 de\u011ferlendirdi\u011fimiz blog yaz\u0131m\u0131zdan da eri\u015filebilir.<sup>5<\/sup><\/p>\n\n<p>Say\u0131lar elbette bize \u00e7ok \u00f6nemli \u015feyler anlat\u0131yor. Ama istatistiklerin \u00f6tesine ge\u00e7mek ve ya\u015fanan her bir olayda hissedilen \u00e7aresizlik ve ac\u0131y\u0131 dikkate almak gerekiyor. Kaybetti\u011fimiz canlar\u0131n geri gelmeyecek oldu\u011funu bilmek ise elbette \u00fcz\u00fcnt\u00fcm\u00fcz\u00fc daha da derinle\u015ftiriyor.&nbsp;<\/p>\n\n<figure class=\"wp-block-video\"><video controls src=\"https:\/\/www.greenpeace.org\/static\/planet4-turkey-stateless\/2025\/08\/914cdd0d-seferihisar-01-ocak-11-agustos-2025.mp4\"><\/video><figcaption class=\"wp-element-caption\">\u0130zmir Seferihisar |\u00a0Kaynak: copernicus.eu<\/figcaption><\/figure>\n\n<figure class=\"wp-block-video\"><video controls src=\"https:\/\/www.greenpeace.org\/static\/planet4-turkey-stateless\/2025\/08\/d24a1a7f-seyitgazi-18-ocak-11-agustos-2025.mp4\"><\/video><figcaption class=\"wp-element-caption\">Eski\u015fehir Seyitgazi |\u00a0Kaynak: copernicus.eu<\/figcaption><\/figure>\n\n<p>Yang\u0131nlar ya da kurakl\u0131k elbette sadece \u00fclkemizde ya\u015fanm\u0131yor. \u00d6zellikle Akdeniz havzas\u0131nda yer alan \u00fclkelerin \u00e7o\u011fu bizimle benzer sorunlarla y\u00fczle\u015fiyor. Amazonlardan Kanada\u2019ya d\u00fcnyan\u0131n farkl\u0131 b\u00f6lgelerinde afetler ya insan eliyle ba\u015fl\u0131yor ya da insan faaliyetleri sonucunda h\u0131zlan\u0131yor ve birer felaket haline geliyor.&nbsp;<\/p>\n\n<h2 class=\"wp-block-heading\"><strong>T\u00fcm bunlar neden ya\u015fan\u0131yor?<\/strong><\/h2>\n\n<p>Ba\u015ftan s\u00f6yleyelim; bu felaketleri, kirleten sekt\u00f6rlerin neden oldu\u011fu iklim krizi k\u00f6r\u00fckl\u00fcyor. Fosil yak\u0131t kullan\u0131m\u0131ndan vazge\u00e7ilmemesi, madencilik gibi ormanlar\u0131 ve su varl\u0131klar\u0131n\u0131 yok eden faaliyetlerin giderek h\u0131zlanmas\u0131 geri d\u00f6n\u00fc\u015f\u00fc zor bir tahribat yarat\u0131yor. T\u00fcm bu tahribat yang\u0131nlar\u0131 daha b\u00fcy\u00fck hale getiriyor, yay\u0131lma h\u0131z\u0131n\u0131 art\u0131r\u0131yor, ola\u011fan\u00fcst\u00fc kurakl\u0131klar ve rekor k\u0131ran s\u0131cak dalgalar\u0131 gibi a\u015f\u0131r\u0131 hava olaylar\u0131 yoluyla hem do\u011frudan g\u00fcnl\u00fck ya\u015fam\u0131 etkiliyor hem de yang\u0131n sezonunu uzat\u0131yor. 2023 y\u0131l\u0131nda Kaliforniya \u00f6zelinde yap\u0131lan bir ara\u015ft\u0131rmada, ara\u015ft\u0131rmac\u0131lar son yar\u0131m y\u00fczy\u0131lda g\u00f6zlemlenen yanm\u0131\u015f alanlardaki art\u0131\u015f\u0131n neredeyse tamam\u0131n\u0131n insan kaynakl\u0131 iklim de\u011fi\u015fikli\u011finden kaynakland\u0131\u011f\u0131 sonucuna varm\u0131\u015flard\u0131r.<sup>6<\/sup>&nbsp;<\/p>\n\n<p>Ancak elbette bu tespit bize su\u00e7u iklimin kendisine atma imkan\u0131 vermiyor. Ne de olsa yang\u0131n iklim de\u011fi\u015fikli\u011fi eliyle ba\u015flam\u0131yor.<sup>7<\/sup> <strong>Son 10 y\u0131lda yang\u0131nlar\u0131n sadece %13\u2019\u00fc do\u011fal sebeplere ba\u015flad\u0131<\/strong>. Kalan <strong>%87\u2019lik k\u0131s\u0131m ise ihmal ve dikkatsizlik, kas\u0131t, kaza gibi do\u011frudan insan faaliyetleri ile bilinmeyen nedenlerden<\/strong> kaynakland\u0131.<sup>8<\/sup> Bu say\u0131lar da g\u00f6steriyor ki, ormanlar\u0131n yanmas\u0131na sebep olanlar da, su varl\u0131klar\u0131n\u0131 yok edenler de, iklim krizini derinle\u015ftirenler de yine biz insanlar\u0131n aras\u0131ndan \u00e7\u0131k\u0131yor.&nbsp;<\/p>\n\n<h2 class=\"wp-block-heading\"><strong>Ne yapmal\u0131?<\/strong><\/h2>\n\n<p>En ba\u015fta kurakl\u0131\u011f\u0131 derinle\u015ftiren, s\u0131cak dalgalar\u0131n\u0131n say\u0131s\u0131n\u0131 ve s\u0131kl\u0131\u011f\u0131n\u0131 art\u0131ran, yang\u0131nlar\u0131 k\u00f6r\u00fckleyen iklim krizine neden olan fosil yak\u0131tlardan a\u015famal\u0131 olarak \u00e7\u0131kmam\u0131z gerekiyor. Petrol, k\u00f6m\u00fcr ve gaz yakmaya devam etmek hem su varl\u0131\u011f\u0131m\u0131z\u0131 tehdit ediyor hem de iklim krizini k\u00f6r\u00fckleyerek bizi kavurucu bir gelece\u011fe s\u00fcr\u00fckl\u00fcyor. Bu konuda bir \u00f6rnek, 2016 y\u0131l\u0131nda Greenpeace Uluslararas\u0131 taraf\u0131ndan <a href=\"https:\/\/www.greenpeace.org\/static\/planet4-turkey-stateless\/2016\/05\/253feb88-buyuk_su_gaspi.pdf\">yap\u0131lan bir ara\u015ft\u0131rma. Buna<\/a> g\u00f6re, 500 MW\u2019l\u0131k bir k\u00f6m\u00fcrl\u00fc termik santral a\u00e7\u0131k devre so\u011futma kulland\u0131\u011f\u0131nda kabaca her \u00fc\u00e7 dakikada bir, olimpik bir y\u00fczme havuzunu bo\u015faltacak kadar su \u00e7ekiyor.<\/p>\n\n<p>S\u0131cak dalgalar\u0131 ve rekor k\u0131ran orman yang\u0131nlar\u0131 evlerimizi, ge\u00e7im kaynaklar\u0131m\u0131z\u0131 ve sa\u011fl\u0131\u011f\u0131m\u0131z\u0131 tehdit etmeye devam ederken, fosil yak\u0131tlar\u0131 a\u015famal\u0131 olarak kald\u0131rmak i\u00e7in uzak zaman \u00e7izelgelerini art\u0131k g\u00f6ze alamay\u0131z. H\u00fck\u00fcmetler yeni fosil yak\u0131t projelerine izin vermeyi durdurmak i\u00e7in hemen harekete ge\u00e7meli ve bu s\u00fcre\u00e7te topluluklar\u0131 ve i\u015f\u00e7ileri korumak i\u00e7in adil bir ge\u00e7i\u015fe yat\u0131r\u0131m yapmal\u0131d\u0131r.<\/p>\n\n<p>Sadece fosil yak\u0131tlar da de\u011fil elbette, kirleten sekt\u00f6rlerin ba\u015f\u0131nda gelen madencili\u011fin kontrol alt\u0131na al\u0131nmas\u0131 konusunda da at\u0131lmas\u0131 gereken ad\u0131mlar var. Ama biz tam tersi bir y\u00f6nde gidiyoruz. Temmuz 2025\u2019te y\u00fcr\u00fcrl\u00fc\u011fe giren <strong>7554 say\u0131l\u0131 Baz\u0131 Kanunlarda De\u011fi\u015fiklik Yap\u0131lmas\u0131na Dair Kanun<\/strong>, madencilik ve enerji yat\u0131r\u0131mlar\u0131na \u201cs\u00fcper izin\u201d getirerek \u00c7ED s\u00fcre\u00e7lerini h\u0131zland\u0131rd\u0131, zeytinlik, mera ve orman alanlar\u0131n\u0131 madencili\u011fe a\u00e7t\u0131. Bu d\u00fczenleme, madencilik faaliyetlerinin su t\u00fcketimini ve ormans\u0131zla\u015fmay\u0131 art\u0131rma riski ta\u015f\u0131yor; dahas\u0131 orman ve do\u011fal alan kayb\u0131 su d\u00f6ng\u00fcs\u00fcn\u00fc, yeralt\u0131 sular\u0131n\u0131 ve ekosistem dengesini de olumsuz etkileyecektir.&nbsp;<\/p>\n\n<p>Burada ge\u00e7mi\u015ften ama \u00e7ok iyi bildi\u011fimiz bir \u00f6rne\u011fi hat\u0131rlayal\u0131m, Kazda\u011flar\u0131\u2019ndaki Kirazl\u0131 alt\u0131n madeni projesinde yakla\u015f\u0131k <strong>201 hektarl\u0131k<\/strong> ormanl\u0131k alanda <strong>69.600 ile 115.992<\/strong> aras\u0131nda a\u011fa\u00e7 kesilmi\u015fti.<sup>9<\/sup> Bu say\u0131y\u0131 daha \u00e7ok hesaplayan kaynaklar oldu\u011funu da unutmayal\u0131m. E\u011fer proje tam kapasiteyle hayata ge\u00e7seydi, \u00c7ED raporunda belirtilen verilere g\u00f6re ilk iki y\u0131l boyunca y\u0131lda ortalama <strong>463.000 m\u00b3<\/strong>, sonraki y\u0131llarda ise y\u0131lda <strong>250.000 m\u00b3<\/strong> su kullan\u0131lacak; i\u015fletme s\u00fcresince toplam su t\u00fcketimi <strong>yakla\u015f\u0131k 2 milyon m\u00b3<\/strong> olacakt\u0131.<sup>10<\/sup> Bu miktar yerel ekosistemler ve tar\u0131msal \u00fcretim \u00fczerinde ciddi bask\u0131 yaratma potansiyeline sahipti. S\u00f6z konusu yasa de\u011fi\u015fikli\u011fi ile bunun gibi projelerle daha s\u0131k kar\u015f\u0131la\u015faca\u011f\u0131m\u0131z\u0131 \u00f6ng\u00f6rebiliriz. Bu nedenle madencilik faaliyetlerine y\u00f6nelik bak\u0131\u015f a\u00e7\u0131s\u0131n\u0131n maddi kazanc\u0131 de\u011fil, sosyal ve ekolojik fayday\u0131 g\u00f6zetecek \u015fekilde yeniden d\u00fczenlenmesi gerekiyor.<\/p>\n\n<p>Bir de daha ivedilikle yap\u0131labilecekler var tabii. \u00d6ncelikle bilimsel temellere dayanan \u00f6nlemler ve h\u0131zl\u0131 m\u00fcdahale konusunda \u00fclkece daha da haz\u0131rl\u0131kl\u0131 hale gelmeliyiz. A\u015f\u0131r\u0131 ve yanl\u0131\u015f su kullanan, ormanl\u0131k alanlar\u0131 tehdit eden faaliyetlerin durdurulmas\u0131; m\u00fcdahale konusunda da merkezi y\u00f6netim ile yerel y\u00f6netimler aras\u0131nda g\u00f6rev yetki ve sorumluluk s\u0131n\u0131rlar\u0131na tak\u0131lmayan tam bir i\u015fbirli\u011fi gerekiyor. \u00d6zellikle yerle\u015fim alanlar\u0131 ile ormanl\u0131k alanlar\u0131n kesi\u015fti\u011fi noktalarda bir arada uyum i\u00e7erisinde \u00e7al\u0131\u015fmak hayati \u00f6nem ta\u015f\u0131yor.&nbsp;<\/p>\n\n<p>Her durumda iklim krizinin burada ve \u015fimdi ya\u015fand\u0131\u011f\u0131n\u0131 unutmamak ve buna g\u00f6re \u00f6nlem almak gerekiyor. Bunu da sadece vatanda\u015flardan talep etmek yeterli de\u011fil, elbette ormanl\u0131k alanlarda ate\u015f yak\u0131lmas\u0131n, izmarit at\u0131lmas\u0131n, piknik yap\u0131lmas\u0131n. Ama ayn\u0131 \u015fekilde, \u00f6rne\u011fin elektrik nakil hatlar\u0131 da art\u0131k bir tehdit olu\u015fturmas\u0131n. Sorumlulu\u011fu olan t\u00fcm i\u015fletme ve kurumlar gerekli \u00f6nlemleri als\u0131n, m\u00fcdahale konusunda da tam bir uyum ve i\u015fbirli\u011fi sa\u011flans\u0131n. Kaybettiklerimiz, her birimizin can\u0131.&nbsp;<\/p>\n\n<div class=\"wp-block-group has-grey-200-background-color has-background is-layout-constrained wp-container-core-group-is-layout-b0d9e6a0 wp-block-group-is-layout-constrained\" style=\"padding-top:var(--wp--preset--spacing--20);padding-right:var(--wp--preset--spacing--40);padding-bottom:var(--wp--preset--spacing--20);padding-left:var(--wp--preset--spacing--40)\">\n<h2 class=\"wp-block-heading\">Destek ver<\/h2>\n\n\n\n<p class=\"has-grey-200-background-color has-background\"><strong>Kampanyalar\u0131 y\u00fcr\u00fct\u00fcrken ba\u011f\u0131ms\u0131zl\u0131k ilkemiz \u0131\u015f\u0131\u011f\u0131nda hi\u00e7bir \u015firket veya h\u00fck\u00fcmetten destek kabul etmiyor, senin gibi bireylerin destekleriyle \u00e7al\u0131\u015f\u0131yoruz. <\/strong><a href=\"https:\/\/bagis.greenpeace-destek.org\/?utm_source=Mainpage\" data-type=\"link\" data-id=\"https:\/\/bagis.greenpeace-destek.org\"><strong>Sen de arkam\u0131zdaki g\u00fc\u00e7 olmak istersen t\u0131kla<\/strong>.<\/a><\/p>\n\n\n\n<div class=\"wp-block-buttons is-layout-flex wp-block-buttons-is-layout-flex\">\n<div class=\"wp-block-button has-custom-width wp-block-button__width-100 is-style-cta\"><a class=\"wp-block-button__link wp-element-button\" href=\"https:\/\/bagis.greenpeace-destek.org\/?utm_source=Mainpage\">DESTEK VER<\/a><\/div>\n<\/div>\n<\/div>\n\n<hr class=\"wp-block-separator has-alpha-channel-opacity\"\/>\n\n<p class=\"has-small-font-size\">1- <a href=\"https:\/\/www.izsu.gov.tr\/tr\/Haberler\/bes-bolgede-planli-ve-donusumlu-su-kesintisi-yapilacak\/16068\">https:\/\/www.izsu.gov.tr\/tr\/Haberler\/bes-bolgede-planli-ve-donusumlu-su-kesintisi-yapilacak\/16068<\/a>. Eri\u015fim tarihi: 13.08.2025<\/p>\n\n<p class=\"has-small-font-size\">2-&nbsp; <a href=\"https:\/\/www.izsu.gov.tr\/tr\/PlanliKesintiDetay\/544\">https:\/\/www.izsu.gov.tr\/tr\/PlanliKesintiDetay\/544<\/a>. Eri\u015fim tarihi: 13.08.2025<\/p>\n\n<p class=\"has-small-font-size\">3-&nbsp; <a href=\"https:\/\/www.instagram.com\/ogmgovtr\/p\/DNOfd9MMFel\/\">https:\/\/www.instagram.com\/ogmgovtr\/p\/DNOfd9MMFel\/<\/a>. Eri\u015fim tarihi: 13.08.2025&nbsp;<\/p>\n\n<p class=\"has-small-font-size\">4-&nbsp; <a href=\"https:\/\/forest-fire.emergency.copernicus.eu\/apps\/effis.statistics\/estimates\">https:\/\/forest-fire.emergency.copernicus.eu\/apps\/effis.statistics\/estimates<\/a>. Eri\u015fim tarihi: 13.08.2025<\/p>\n\n<p class=\"has-small-font-size\">5-&nbsp; <a href=\"https:\/\/www.greenpeace.org\/turkey\/blog\/turkiyedeki-ormancilik-istatistikleri-ne-anlatiyor\/\">https:\/\/www.greenpeace.org\/turkey\/blog\/turkiyedeki-ormancilik-istatistikleri-ne-anlatiyor\/<\/a> Eri\u015fim tarihi: 13.08.2025<\/p>\n\n<p class=\"has-small-font-size\">6- <a href=\"https:\/\/www.drought.gov\/news\/study-finds-climate-change-blame-record-breaking-california-wildfires-2023-08-08\">https:\/\/www.drought.gov\/news\/study-finds-climate-change-blame-record-breaking-california-wildfires-2023-08-08<\/a>. Eri\u015fim tarihi: 14.08.2025<\/p>\n\n<p class=\"has-small-font-size\">7-&nbsp; <a href=\"https:\/\/tuba.gov.tr\/files\/yayinlar\/bilim-ve-dusun\/TUBA-978-605-2249-79-6_ch2.pdf\">https:\/\/tuba.gov.tr\/files\/yayinlar\/bilim-ve-dusun\/TUBA-978-605-2249-79-6_ch2.pdf<\/a>. Eri\u015fim tarihi: 14.08.2025<\/p>\n\n<p class=\"has-small-font-size\">8-&nbsp; <a href=\"https:\/\/www.ormancilardernegi.org\/Yangin\">https:\/\/www.ormancilardernegi.org\/Yangin<\/a>. Eri\u015fim tarihi: 15.08.2025<\/p>\n\n<p class=\"has-small-font-size\">9-&nbsp; <a href=\"https:\/\/teyit.org\/dosya\/vaka-calismasi-kirazlida-kac-agac-kesilmis-olabilir\">https:\/\/teyit.org\/dosya\/vaka-calismasi-kirazlida-kac-agac-kesilmis-olabilir<\/a>. Eri\u015fim tarihi: 14.08.2025<\/p>\n\n<p class=\"has-small-font-size\">10-&nbsp; <a href=\"https:\/\/cdn-tema.mncdn.com\/Uploads\/Cms\/siyanur-lici-ile-altin-madenciligi_3.pdf?utm_source=chatgpt.com\">https:\/\/cdn-tema.mncdn.com\/Uploads\/Cms\/siyanur-lici-ile-altin-madenciligi_3.pdf?<\/a> Eri\u015fim tarihi: 14.08.2025<\/p>\n","protected":false},"excerpt":{"rendered":"<p>Ba\u015fl\u0131k: \u0130klim Krizinin Kavurdu\u011fu 2025\u2019ten Yaz Manzaralar\u0131<\/p>\n","protected":false},"author":41,"featured_media":9437,"comment_status":"closed","ping_status":"open","sticky":false,"template":"","format":"standard","meta":{"ep_exclude_from_search":false,"p4_og_title":"","p4_og_description":"","p4_og_image":"","p4_og_image_id":"","p4_seo_canonical_url":"","p4_campaign_name":"","p4_local_project":"","p4_basket_name":"","p4_department":"","footnotes":""},"categories":[3,24],"tags":[25,19],"p4-page-type":[29],"class_list":["post-9433","post","type-post","status-publish","format-standard","has-post-thumbnail","hentry","category-biyocesitlilik-doga","category-iklim-krizi","tag-iklim-degisikligi","tag-ormanlar","p4-page-type-blog"],"_links":{"self":[{"href":"https:\/\/www.greenpeace.org\/turkey\/wp-json\/wp\/v2\/posts\/9433","targetHints":{"allow":["GET"]}}],"collection":[{"href":"https:\/\/www.greenpeace.org\/turkey\/wp-json\/wp\/v2\/posts"}],"about":[{"href":"https:\/\/www.greenpeace.org\/turkey\/wp-json\/wp\/v2\/types\/post"}],"author":[{"embeddable":true,"href":"https:\/\/www.greenpeace.org\/turkey\/wp-json\/wp\/v2\/users\/41"}],"replies":[{"embeddable":true,"href":"https:\/\/www.greenpeace.org\/turkey\/wp-json\/wp\/v2\/comments?post=9433"}],"version-history":[{"count":3,"href":"https:\/\/www.greenpeace.org\/turkey\/wp-json\/wp\/v2\/posts\/9433\/revisions"}],"predecessor-version":[{"id":9444,"href":"https:\/\/www.greenpeace.org\/turkey\/wp-json\/wp\/v2\/posts\/9433\/revisions\/9444"}],"wp:featuredmedia":[{"embeddable":true,"href":"https:\/\/www.greenpeace.org\/turkey\/wp-json\/wp\/v2\/media\/9437"}],"wp:attachment":[{"href":"https:\/\/www.greenpeace.org\/turkey\/wp-json\/wp\/v2\/media?parent=9433"}],"wp:term":[{"taxonomy":"category","embeddable":true,"href":"https:\/\/www.greenpeace.org\/turkey\/wp-json\/wp\/v2\/categories?post=9433"},{"taxonomy":"post_tag","embeddable":true,"href":"https:\/\/www.greenpeace.org\/turkey\/wp-json\/wp\/v2\/tags?post=9433"},{"taxonomy":"p4-page-type","embeddable":true,"href":"https:\/\/www.greenpeace.org\/turkey\/wp-json\/wp\/v2\/p4-page-type?post=9433"}],"curies":[{"name":"wp","href":"https:\/\/api.w.org\/{rel}","templated":true}]}}